{"id":11954,"date":"2020-07-19T04:15:54","date_gmt":"2020-07-19T04:15:54","guid":{"rendered":"https:\/\/correiodasemana.com\/site\/?p=11954"},"modified":"2020-07-19T04:15:54","modified_gmt":"2020-07-19T04:15:54","slug":"novo-marco-do-saneamento-entra-em-vigor-e-trara-avancos-economicos-na-saude-e-no-meio-ambiente-em-todo-o-pais","status":"publish","type":"post","link":"https:\/\/correiodasemana.com\/site\/novo-marco-do-saneamento-entra-em-vigor-e-trara-avancos-economicos-na-saude-e-no-meio-ambiente-em-todo-o-pais\/","title":{"rendered":"Novo Marco do Saneamento entra em vigor e trar\u00e1 avan\u00e7os econ\u00f4micos, na sa\u00fade e no meio ambiente em todo o Pa\u00eds"},"content":{"rendered":"<p>Legisla\u00e7\u00e3o que trata do setor foi sancionada nesta quarta-feira (15) pelo presidente Jair Bolsonaro. Ministro Rog\u00e9rio Marinho destaca que medida vai universalizar servi\u00e7os no territ\u00f3rio brasileiro at\u00e9 2033<\/p>\n<p>Bras\u00edlia-DF, 15\/7\/2020 \u2013 O presidente da Rep\u00fablica, Jair Bolsonaro, sancionou nesta quarta-feira (15) o novo Marco Legal do Saneamento, institu\u00eddo pelo Projeto de Lei (PL) 4.162\/2019. O principal objetivo da legisla\u00e7\u00e3o \u00e9 estruturar um ambiente de seguran\u00e7a jur\u00eddica, competividade e sustentabilidade a fim de atrair novos investimentos para universalizar e qualificar a presta\u00e7\u00e3o dos servi\u00e7os no setor. A meta do Governo Federal \u00e9 alcan\u00e7ar a universaliza\u00e7\u00e3o at\u00e9 2033, garantindo que 99% da popula\u00e7\u00e3o brasileira tenha acesso \u00e0 \u00e1gua pot\u00e1vel e 90% ao tratamento e \u00e0 coleta de esgoto.<br \/>\nSegundo o ministro do Desenvolvimento Regional, Rog\u00e9rio Marinho, o novo Marco contribuir\u00e1, tamb\u00e9m, para a revitaliza\u00e7\u00e3o de bacias hidrogr\u00e1ficas, a conserva\u00e7\u00e3o do meio ambiente e a redu\u00e7\u00e3o de perdas de \u00e1gua, al\u00e9m de proporcionar mais qualidade de vida e sa\u00fade \u00e0 popula\u00e7\u00e3o, aquecer a economia e gerar empregos.<br \/>\n\u201cEssa \u00e9 uma conquista hist\u00f3rica que torna poss\u00edvel que todo brasileiro tenha acesso \u00e0 \u00e1gua pot\u00e1vel e ao esgoto tratado. A lei vai padronizar regras e dar seguran\u00e7a jur\u00eddica, algo que investidores do mundo todo aguardavam. Precisamos de investimentos em torno de R$ 500 bilh\u00f5es a R$ 700 bilh\u00f5es em 10 anos e s\u00f3 chegaremos a esse montante se somarmos esfor\u00e7os p\u00fablicos e privados\u201d, destaca o ministro.<br \/>\nCom a amplia\u00e7\u00e3o dos servi\u00e7os de tratamento de esgoto, os despejos\u00a0in natura\u00a0em bacias, rios, c\u00f3rregos e mares ser\u00e3o reduzidos e n\u00e3o dever\u00e3o mais ocorrer em nenhuma regi\u00e3o brasileira at\u00e9 2033. \u201cTodo o Pa\u00eds ganhar\u00e1: mais sa\u00fade, preserva\u00e7\u00e3o do meio ambiente e da seguran\u00e7a h\u00eddrica, \u00e1gua de qualidade, possibilidade de crescimento da piscicultura e novas vagas de emprego\u201d, acrescenta Rog\u00e9rio Marinho.<br \/>\nA expectativa \u00e9 que a universaliza\u00e7\u00e3o dos servi\u00e7os de \u00e1gua e esgoto reduza em at\u00e9 R$ 1,45 bilh\u00e3o os custos anuais com sa\u00fade, segundo dados da Confedera\u00e7\u00e3o Nacional da Ind\u00fastria (CNI). Al\u00e9m disso, a cada R$ 1 investido em saneamento, dever\u00e1 ser gerada economia de R$ 4 gra\u00e7as \u00e0 preven\u00e7\u00e3o de doen\u00e7as causadas pela falta do servi\u00e7o, de acordo com a Organiza\u00e7\u00e3o Mundial da Sa\u00fade (OMS). No \u00e2mbito econ\u00f4mico, a cada R$ 1 destinado para o setor, s\u00e3o gerados R$ 2,5 nas cadeias associadas e a cada R$ 1 bilh\u00e3o, 60 mil empregos gerados.<br \/>\n\u201cO Marco vai destravar a primeira grande onda de investimentos, porque vamos dar sequ\u00eancia a isso com outros setores \u2013 cabotagem, setor el\u00e9trico, g\u00e1s natural e petr\u00f3leo. Vamos retomar o crescimento destravando os investimentos\u201d, afirma o ministro da Economia, Paulo Guedes.<\/p>\n<p>Meio ambiente<br \/>\nJ\u00e1 na \u00e1rea ambiental, os recursos h\u00eddricos, que hoje sofrem com o baixo \u00edndice de tratamento de esgotos, ser\u00e3o amplamente beneficiados. De acordo com o Atlas Esgotos, da Ag\u00eancia Nacional de \u00c1guas (ANA), mais de 110 mil km de trechos de rio est\u00e3o com a qualidade comprometida devido ao excesso de carga org\u00e2nica, sendo que para 83.450 km n\u00e3o \u00e9 permitida a capta\u00e7\u00e3o para abastecimento p\u00fablico devido \u00e0 polui\u00e7\u00e3o h\u00eddrica.<br \/>\nAl\u00e9m disso, o tratamento de res\u00edduos s\u00f3lidos ser\u00e1 inclu\u00eddo como vertente do saneamento b\u00e1sico pelo novo Marco. Segundo o ministro do Meio Ambiente, Ricardo Salles, o dispositivo permitir\u00e1 um grande avan\u00e7o na preserva\u00e7\u00e3o do meio ambiente em espa\u00e7os urbanos.<br \/>\n\u201cElegemos a qualidade ambiental urbana como uma das prioridades. Nesse esfor\u00e7o conjunto entre o Executivo e o Congresso Nacional, conseguimos avan\u00e7ar nessa agenda. Os res\u00edduos s\u00f3lidos s\u00e3o parte importante disso e, com esse normativo, deveremos acabar com os lix\u00f5es\u201d, salienta Ricardo Salles.<br \/>\nSegundo o ministro Rog\u00e9rio Marinho, um dos mais importantes rios do Pa\u00eds, o S\u00e3o Francisco, possui em sua \u00e1rea de abrang\u00eancia cerca de 500 cidades, das quais a maior parte ainda n\u00e3o possui tratamento de esgoto e o despeja sem qualquer tipo de tratamento no rio.<br \/>\n\u201cIsso gera um preju\u00edzo incalcul\u00e1vel para popula\u00e7\u00f5es ribeirinhas e para a pr\u00f3pria fauna. Temos mais de 3 mil lix\u00f5es, v\u00e1rios deles ao longo do per\u00edmetro dessas bacias. Isso gera assoreamento, diminui\u00e7\u00e3o da qualidade da \u00e1gua, do volume da vaz\u00e3o. A revitaliza\u00e7\u00e3o passa por preserva\u00e7\u00e3o das nascentes, recarga de aqu\u00edferos, replantar matas ciliares, mas tamb\u00e9m pelo desenvolvimento sustent\u00e1vel no entorno. Temos a possibilidade de gera\u00e7\u00e3o de emprego, renda e oportunidades com uma sinergia com universidades, ag\u00eancias de desenvolvimento, governos estaduais, prefeituras, entidades de fomento multilaterais, para que a ocupa\u00e7\u00e3o se d\u00ea de forma ordenada, sustent\u00e1vel e respeitando o meio ambiente\u201d, ressalta Marinho.<br \/>\nTamb\u00e9m participaram da cerim\u00f4nia o ministro-chefe da Casa Civil, Walter Braga Netto; o ministro-chefe da Secretaria de Governo, Luiz Eduardo Ramos; o ministro interino da Sa\u00fade, Eduardo Pazuello; a diretora-presidente da ANA, Christianne Dias; e o presidente do Banco Nacional de Desenvolvimento Social e Econ\u00f4mico (BNDES), Gustavo Montezano.<br \/>\nPrincipais pontos do Marco Legal<br \/>\nContratos de concess\u00e3o \u2013\u00a0A nova lei extingue a possibilidade de os entes realizarem novos \u2018contratos de programa\u2019, que s\u00e3o os pactuados entre os titulares (munic\u00edpios) e prestadores (empresas estaduais de saneamento) sem licita\u00e7\u00e3o. Atualmente, os titulares firmam acordos diretamente com empresas, com regras de presta\u00e7\u00e3o e tarifa\u00e7\u00e3o, mas permitem que as estatais assumam os servi\u00e7os sem concorr\u00eancia. A atualiza\u00e7\u00e3o do Marco Legal elimina esse modelo e torna obrigat\u00f3ria a abertura de licita\u00e7\u00e3o, na qual podem concorrer prestadores de servi\u00e7o p\u00fablicos ou privados. Esse fator propicia um ambiente negocial de concorr\u00eancia, baseado na efici\u00eancia de quem presta o servi\u00e7o e na sua sustentabilidade.<br \/>\nNo entanto, os contratos de programa formalizados poder\u00e3o ser mantidos pelo prazo de sua vig\u00eancia, desde que, at\u00e9 31 de mar\u00e7o de 2022, estabele\u00e7am metas para atingir a universaliza\u00e7\u00e3o, garantindo atendimento de 99% da popula\u00e7\u00e3o com \u00e1gua pot\u00e1vel e 90% com coleta e tratamento de esgoto at\u00e9 31 de dezembro de 2033. Al\u00e9m disso, devem garantir a continuidade do abastecimento, redu\u00e7\u00e3o de perdas e melhorias nos processos de tratamento. J\u00e1 os contratos que n\u00e3o tenham sido formalizados ser\u00e3o considerados irregulares e prec\u00e1rios e n\u00e3o poder\u00e3o ser mantidos.<br \/>\nA metodologia para avaliar a capacidade econ\u00f4mico-financeira das empresas \u00e9 um dos pontos que ainda ser\u00e3o definidos por Decreto da Uni\u00e3o, o que dever\u00e1 ocorrer em at\u00e9 90 dias depois da san\u00e7\u00e3o da lei. Em conjunto com o Minist\u00e9rio da Economia, a Secretaria Nacional de Saneamento (SNS) do MDR, a ANA e demais \u00f3rg\u00e3os que atuam no setor est\u00e3o discutindo o conte\u00fado deste e de outros Decretos que v\u00e3o dar corpo \u00e0 regulamenta\u00e7\u00e3o.<br \/>\nImportante salientar que o cumprimento das metas ser\u00e1 periodicamente verificado. A ANA, por meio de ato normativo, ir\u00e1 dispor dos requisitos e procedimentos que devem ser observados pelos titulares e por suas entidades reguladoras e fiscalizadoras \u2013 observadas as diretrizes para a fun\u00e7\u00e3o de regula\u00e7\u00e3o estabelecidas na Lei n. 11.445\/2007.<br \/>\nBlocos de munic\u00edpios &#8211;\u00a0O texto aprovado determina que os estados, no intuito de atender aos munic\u00edpios menores e de baixa sustentabilidade, componham grupos ou blocos de munic\u00edpios, que poder\u00e3o contratar os servi\u00e7os de forma coletiva. Cidades de um mesmo bloco n\u00e3o precisam ser vizinhos. O conjunto de localidades n\u00e3o poder\u00e1 fazer contrato de programa com estatais, nem subdelegar o servi\u00e7o sem licita\u00e7\u00e3o.<br \/>\nPlanos Municipais e Regionais\u00a0&#8211; O Marco Legal exige que os munic\u00edpios e blocos de cidades implementem planos municipais e regionais de saneamento b\u00e1sico \u2013 a Uni\u00e3o poder\u00e1 oferecer apoio t\u00e9cnico e financeiro para a execu\u00e7\u00e3o desta tarefa. No entanto, o suporte federal estar\u00e1 condicionado a uma s\u00e9rie de regras, entre as quais, a ades\u00e3o ao sistema de presta\u00e7\u00e3o regionalizada e \u00e0 concess\u00e3o ou licita\u00e7\u00e3o da presta\u00e7\u00e3o dos servi\u00e7os, com a substitui\u00e7\u00e3o dos contratos vigentes e adequa\u00e7\u00e3o de metas e uniformiza\u00e7\u00e3o dos prazos de vig\u00eancia dos contratos.<br \/>\nRecursos da Uni\u00e3o\u00a0&#8211;\u00a0Embora munic\u00edpios continuem como os entes respons\u00e1veis pela regula\u00e7\u00e3o da presta\u00e7\u00e3o dos servi\u00e7os de saneamento, a atualiza\u00e7\u00e3o do Marco Legal estipula que a aloca\u00e7\u00e3o de recursos p\u00fablicos federais e os financiamentos com recursos da Uni\u00e3o (ou com recursos geridos ou operados por \u00f3rg\u00e3os ou entidades da Uni\u00e3o) ser\u00e3o feitos em conformidade com as diretrizes e objetivos estabelecidos e condicionados \u00e0 observ\u00e2ncia das normas de refer\u00eancia para a regula\u00e7\u00e3o da presta\u00e7\u00e3o dos servi\u00e7os p\u00fablicos de saneamento b\u00e1sico expedidas pela ANA.<br \/>\nComit\u00ea Interministerial de Saneamento &#8211;\u00a0Para melhorar a articula\u00e7\u00e3o institucional entre os \u00f3rg\u00e3os federais que atuam no setor, ser\u00e1 criado o Comit\u00ea Interministerial de Saneamento B\u00e1sico (Cisb), colegiado que ter\u00e1, sob a presid\u00eancia do MDR, a finalidade de assegurar a implementa\u00e7\u00e3o da pol\u00edtica federal de saneamento b\u00e1sico (inclusive elaborando estudos t\u00e9cnicos) e\u00a0 definir a aloca\u00e7\u00e3o de recursos financeiros do setor.<\/p>\n<p>Regulamenta\u00e7\u00e3o<br \/>\nA curt\u00edssimo prazo (90 dias), devem ser publicados Decretos para instituir o Comit\u00ea Interministerial de Saneamento e a metodologia de comprova\u00e7\u00e3o econ\u00f4mico-financeira das empresas. Tamb\u00e9m devem ser realizados debates com a participa\u00e7\u00e3o de diversos atores e sociedade civil, organizados pelo MDR; deve ser definida a Agenda Regulat\u00f3ria da ANA e regulamentado o apoio t\u00e9cnico e financeiro da Uni\u00e3o.<br \/>\nA curto prazo (at\u00e9 o final de 2020), ser\u00e1 estabelecido um canal de comunica\u00e7\u00e3o e transpar\u00eancia para garantir o monitoramento da implementa\u00e7\u00e3o do novo Marco do Saneamento, al\u00e9m da realiza\u00e7\u00e3o de\u00a0roadshows; lan\u00e7amento de normas regulat\u00f3rias, metodologias para planos simplificados, revis\u00e3o de decretos, entre outras a\u00e7\u00f5es.<br \/>\nJ\u00e1 a m\u00e9dio prazo (at\u00e9 o final de 2022), devem ser disponibilizadas as informa\u00e7\u00f5es relativas \u00e0 ado\u00e7\u00e3o \u2013 pelas ag\u00eancias reguladoras de saneamento subnacionais \u2013 das normas emitidas pela ANA; publica\u00e7\u00e3o de normas refer\u00eancia e da metodologia para c\u00e1lculo de investimentos. Tamb\u00e9m ser\u00e1 implementado o Sistema Nacional de Informa\u00e7\u00f5es em Saneamento B\u00e1sico (Sinisa), que substituir\u00e1 o sistema atual SNIS; realizadas capacita\u00e7\u00f5es para gestores e reguladores municipais e estaduais; definidos blocos de refer\u00eancia; o Plano Nacional de Saneamento B\u00e1sico (Plansab) passar\u00e1 por readequa\u00e7\u00e3o, bem como os atuais programas do MDR, com a finalidade de adequ\u00e1-los \u00e0s diretrizes no novo Marco.<br \/>\nFonte: Assessoria de Comunica\u00e7\u00e3o Social &#8211; Minist\u00e9rio\u00a0do Desenvolvimento Regional<\/p>\n","protected":false},"excerpt":{"rendered":"<p>Legisla\u00e7\u00e3o que trata do setor foi sancionada nesta quarta-feira (15) pelo presidente Jair Bolsonaro. Ministro&#8230;<\/p>\n","protected":false},"author":1,"featured_media":11955,"comment_status":"open","ping_status":"open","sticky":false,"template":"","format":"standard","meta":{"_jetpack_memberships_contains_paid_content":false,"footnotes":"","jetpack_publicize_message":"","jetpack_publicize_feature_enabled":true,"jetpack_social_post_already_shared":true,"jetpack_social_options":{"image_generator_settings":{"template":"highway","default_image_id":0,"font":"","enabled":false},"version":2}},"categories":[1],"tags":[],"class_list":["post-11954","post","type-post","status-publish","format-standard","has-post-thumbnail","hentry","category-atualidade"],"jetpack_publicize_connections":[],"jetpack_featured_media_url":"https:\/\/correiodasemana.com\/site\/wp-content\/uploads\/2020\/07\/saneamento_basico_arquivo_agencia_brasil-e1460148582263-1.jpg","jetpack-related-posts":[{"id":11928,"url":"https:\/\/correiodasemana.com\/site\/bolsonaro-sanciona-lei-do-novo-marco-legal-do-saneamento-basico\/","url_meta":{"origin":11954,"position":0},"title":"Bolsonaro sanciona lei do novo Marco Legal do Saneamento B\u00e1sico","author":"","date":"Julho 16, 2020","format":false,"excerpt":"Texto prev\u00ea universaliza\u00e7\u00e3o dos servi\u00e7os de \u00e1gua e esgoto at\u00e9 2033 O presidente Jair Bolsonaro sancionou hoje (15) a lei do novo Marco Legal do Saneamento B\u00e1sico no pa\u00eds, que prev\u00ea a universaliza\u00e7\u00e3o dos servi\u00e7os de \u00e1gua e esgoto at\u00e9 2033. O texto,\u00a0aprovado no Congresso\u00a0no m\u00eas passado ap\u00f3s muita discuss\u00e3o,\u2026","rel":"","context":"In &quot;Atualidade&quot;","block_context":{"text":"Atualidade","link":"https:\/\/correiodasemana.com\/site\/category\/atualidade\/"},"img":{"alt_text":"","src":"https:\/\/i0.wp.com\/correiodasemana.com\/site\/wp-content\/uploads\/2020\/07\/15_07_2020_cerimonia_saneamento-2.jpg?resize=350%2C200&ssl=1","width":350,"height":200,"srcset":"https:\/\/i0.wp.com\/correiodasemana.com\/site\/wp-content\/uploads\/2020\/07\/15_07_2020_cerimonia_saneamento-2.jpg?resize=350%2C200&ssl=1 1x, https:\/\/i0.wp.com\/correiodasemana.com\/site\/wp-content\/uploads\/2020\/07\/15_07_2020_cerimonia_saneamento-2.jpg?resize=525%2C300&ssl=1 1.5x, https:\/\/i0.wp.com\/correiodasemana.com\/site\/wp-content\/uploads\/2020\/07\/15_07_2020_cerimonia_saneamento-2.jpg?resize=700%2C400&ssl=1 2x, https:\/\/i0.wp.com\/correiodasemana.com\/site\/wp-content\/uploads\/2020\/07\/15_07_2020_cerimonia_saneamento-2.jpg?resize=1050%2C600&ssl=1 3x"},"classes":[]},{"id":13954,"url":"https:\/\/correiodasemana.com\/site\/coleta-de-esgoto-atende-apenas-32-da-populacao-de-municipios-medios-do-pais\/","url_meta":{"origin":11954,"position":1},"title":"Coleta de esgoto atende apenas 32% da popula\u00e7\u00e3o de munic\u00edpios m\u00e9dios do pa\u00eds","author":"","date":"Outubro 7, 2020","format":false,"excerpt":"Em munic\u00edpios grandes, 73,3% da popula\u00e7\u00e3o \u00e9 atendida. Percentuais de saneamento para cidades menores tamb\u00e9m est\u00e3o abaixo das m\u00e9dias nacionais. Instituto Trata Brasil lan\u00e7a nesta quarta-feira dados individualizados de 251 munic\u00edpios, de 50 mil a 141 mil habitantes. Enquanto 73,3% da popula\u00e7\u00e3o das 100 maiores cidades do Brasil tem acesso\u2026","rel":"","context":"In &quot;Atualidade&quot;","block_context":{"text":"Atualidade","link":"https:\/\/correiodasemana.com\/site\/category\/atualidade\/"},"img":{"alt_text":"","src":"https:\/\/i0.wp.com\/correiodasemana.com\/site\/wp-content\/uploads\/2020\/10\/esgoto-saneamento.jpg?resize=350%2C200&ssl=1","width":350,"height":200,"srcset":"https:\/\/i0.wp.com\/correiodasemana.com\/site\/wp-content\/uploads\/2020\/10\/esgoto-saneamento.jpg?resize=350%2C200&ssl=1 1x, https:\/\/i0.wp.com\/correiodasemana.com\/site\/wp-content\/uploads\/2020\/10\/esgoto-saneamento.jpg?resize=525%2C300&ssl=1 1.5x, https:\/\/i0.wp.com\/correiodasemana.com\/site\/wp-content\/uploads\/2020\/10\/esgoto-saneamento.jpg?resize=700%2C400&ssl=1 2x"},"classes":[]},{"id":14128,"url":"https:\/\/correiodasemana.com\/site\/35-milhoes-de-brasileiros-nao-tem-acesso-a-rede-de-agua-potavel\/","url_meta":{"origin":11954,"position":2},"title":"35 milh\u00f5es de brasileiros n\u00e3o tem acesso \u00e0 rede de \u00e1gua pot\u00e1vel","author":"","date":"Outubro 20, 2020","format":false,"excerpt":"O levantamento \u00e9 do Instituto Trata Brasil, com base nos dados mais recentes dispon\u00edveis pelo Sistema Nacional de Informa\u00e7\u00f5es sobre Saneamento (SNIS), de 2018. Uma pesquisa com base em dados do Instituto Brasileiro de Geografia e Estat\u00edstica (IBGE) de 2018, com recorte para o n\u00famero de habitantes por cidade, revelou\u2026","rel":"","context":"In &quot;Atualidade&quot;","block_context":{"text":"Atualidade","link":"https:\/\/correiodasemana.com\/site\/category\/atualidade\/"},"img":{"alt_text":"","src":"https:\/\/i0.wp.com\/correiodasemana.com\/site\/wp-content\/uploads\/2020\/10\/b6ddb1640e40bdd68db56d48e7164c4813c0819bad11420b1fe7db253f4a5ce3-2-1.jpg?resize=350%2C200&ssl=1","width":350,"height":200},"classes":[]},{"id":14211,"url":"https:\/\/correiodasemana.com\/site\/35-milhoes-de-brasileiros-nao-tem-acesso-a-rede-de-agua-potavel-2\/","url_meta":{"origin":11954,"position":3},"title":"35 milh\u00f5es de brasileiros n\u00e3o tem acesso \u00e0 rede de \u00e1gua pot\u00e1vel","author":"","date":"Outubro 25, 2020","format":false,"excerpt":"O levantamento \u00e9 do Instituto Trata Brasil, com base nos dados mais recentes dispon\u00edveis pelo Sistema Nacional de Informa\u00e7\u00f5es sobre Saneamento (SNIS), de 2018. Uma pesquisa com base em dados do Instituto Brasileiro de Geografia e Estat\u00edstica (IBGE) de 2018, com recorte para o n\u00famero de habitantes por cidade, revelou\u2026","rel":"","context":"In &quot;Atualidade&quot;","block_context":{"text":"Atualidade","link":"https:\/\/correiodasemana.com\/site\/category\/atualidade\/"},"img":{"alt_text":"","src":"https:\/\/i0.wp.com\/correiodasemana.com\/site\/wp-content\/uploads\/2020\/07\/saneamento_basico_arquivo_agencia_brasil-e1460148582263.jpg?resize=350%2C200&ssl=1","width":350,"height":200,"srcset":"https:\/\/i0.wp.com\/correiodasemana.com\/site\/wp-content\/uploads\/2020\/07\/saneamento_basico_arquivo_agencia_brasil-e1460148582263.jpg?resize=350%2C200&ssl=1 1x, https:\/\/i0.wp.com\/correiodasemana.com\/site\/wp-content\/uploads\/2020\/07\/saneamento_basico_arquivo_agencia_brasil-e1460148582263.jpg?resize=525%2C300&ssl=1 1.5x, https:\/\/i0.wp.com\/correiodasemana.com\/site\/wp-content\/uploads\/2020\/07\/saneamento_basico_arquivo_agencia_brasil-e1460148582263.jpg?resize=700%2C400&ssl=1 2x"},"classes":[]},{"id":12262,"url":"https:\/\/correiodasemana.com\/site\/levantamento-do-ibge-aponta-que-abastecimento-de-agua-chegou-a-996-dos-municipios-mas-esgoto-a-apenas-603\/","url_meta":{"origin":11954,"position":4},"title":"Levantamento do IBGE aponta que abastecimento de \u00e1gua chegou a 99,6% dos munic\u00edpios, mas esgoto a apenas 60,3%","author":"","date":"Julho 27, 2020","format":false,"excerpt":"BRASIL\/SANEAMENTO O abastecimento de \u00e1gua por rede chegou a cerca de 99,6% dos munic\u00edpios brasileiros em 2017. \u00c9 o que aponta um levantamento do IBGE (Instituto Brasileiro de Geografia e Estat\u00edstica). Isso quer dizer que apenas 22 munic\u00edpios brasileiros n\u00e3o tinham essa disponibilidade at\u00e9 o fechamento dos dados. O \u00f3rg\u00e3o\u2026","rel":"","context":"In &quot;Atualidade&quot;","block_context":{"text":"Atualidade","link":"https:\/\/correiodasemana.com\/site\/category\/atualidade\/"},"img":{"alt_text":"","src":"https:\/\/i0.wp.com\/correiodasemana.com\/site\/wp-content\/uploads\/2020\/07\/%C3%A1gua.jpg?resize=350%2C200&ssl=1","width":350,"height":200,"srcset":"https:\/\/i0.wp.com\/correiodasemana.com\/site\/wp-content\/uploads\/2020\/07\/%C3%A1gua.jpg?resize=350%2C200&ssl=1 1x, https:\/\/i0.wp.com\/correiodasemana.com\/site\/wp-content\/uploads\/2020\/07\/%C3%A1gua.jpg?resize=525%2C300&ssl=1 1.5x, https:\/\/i0.wp.com\/correiodasemana.com\/site\/wp-content\/uploads\/2020\/07\/%C3%A1gua.jpg?resize=700%2C400&ssl=1 2x"},"classes":[]},{"id":11923,"url":"https:\/\/correiodasemana.com\/site\/davi-acusa-bolsonaro-de-descumprir-acordo-e-ameaca-derrubar-veto-em-lei-do-saneamento\/","url_meta":{"origin":11954,"position":5},"title":"Davi acusa Bolsonaro de descumprir acordo e amea\u00e7a derrubar veto em lei do saneamento","author":"","date":"Julho 16, 2020","format":false,"excerpt":"O presidente do Senado, Davi Alcolumbre (DEM-AP), se manifestou na sess\u00e3o desta quarta-feira (15) contra o\u00a0veto\u00a0do presidente Jair Bolsonaro a um trecho da lei que instaura o novo marco do saneamento b\u00e1sico. A nova lei\u00a0 facilita a entrada de empresas privadas no mercado de saneamento b\u00e1sico. O chefe do Poder\u2026","rel":"","context":"In &quot;Atualidade&quot;","block_context":{"text":"Atualidade","link":"https:\/\/correiodasemana.com\/site\/category\/atualidade\/"},"img":{"alt_text":"","src":"https:\/\/i0.wp.com\/correiodasemana.com\/site\/wp-content\/uploads\/2020\/07\/49919825801_7cbcab5941_c-e1590694286502-517x430-1.jpg?resize=350%2C200&ssl=1","width":350,"height":200},"classes":[]}],"jetpack_sharing_enabled":true,"_links":{"self":[{"href":"https:\/\/correiodasemana.com\/site\/wp-json\/wp\/v2\/posts\/11954","targetHints":{"allow":["GET"]}}],"collection":[{"href":"https:\/\/correiodasemana.com\/site\/wp-json\/wp\/v2\/posts"}],"about":[{"href":"https:\/\/correiodasemana.com\/site\/wp-json\/wp\/v2\/types\/post"}],"author":[{"embeddable":true,"href":"https:\/\/correiodasemana.com\/site\/wp-json\/wp\/v2\/users\/1"}],"replies":[{"embeddable":true,"href":"https:\/\/correiodasemana.com\/site\/wp-json\/wp\/v2\/comments?post=11954"}],"version-history":[{"count":1,"href":"https:\/\/correiodasemana.com\/site\/wp-json\/wp\/v2\/posts\/11954\/revisions"}],"predecessor-version":[{"id":11956,"href":"https:\/\/correiodasemana.com\/site\/wp-json\/wp\/v2\/posts\/11954\/revisions\/11956"}],"wp:featuredmedia":[{"embeddable":true,"href":"https:\/\/correiodasemana.com\/site\/wp-json\/wp\/v2\/media\/11955"}],"wp:attachment":[{"href":"https:\/\/correiodasemana.com\/site\/wp-json\/wp\/v2\/media?parent=11954"}],"wp:term":[{"taxonomy":"category","embeddable":true,"href":"https:\/\/correiodasemana.com\/site\/wp-json\/wp\/v2\/categories?post=11954"},{"taxonomy":"post_tag","embeddable":true,"href":"https:\/\/correiodasemana.com\/site\/wp-json\/wp\/v2\/tags?post=11954"}],"curies":[{"name":"wp","href":"https:\/\/api.w.org\/{rel}","templated":true}]}}