{"id":11957,"date":"2020-07-19T04:18:07","date_gmt":"2020-07-19T04:18:07","guid":{"rendered":"https:\/\/correiodasemana.com\/site\/?p=11957"},"modified":"2020-07-19T04:18:07","modified_gmt":"2020-07-19T04:18:07","slug":"dom-vasconcelos-celebra-missa-em-honra-a-sao-bento-na-fazenda-da-esperanca","status":"publish","type":"post","link":"https:\/\/correiodasemana.com\/site\/dom-vasconcelos-celebra-missa-em-honra-a-sao-bento-na-fazenda-da-esperanca\/","title":{"rendered":"Dom Vasconcelos celebra missa em honra a S\u00e3o Bento na Fazenda da Esperan\u00e7a"},"content":{"rendered":"<p><img fetchpriority=\"high\" decoding=\"async\" class=\"aligncenter size-full wp-image-11958\" src=\"https:\/\/correiodasemana.com\/site\/wp-content\/uploads\/2020\/07\/dom-11-07-2020-3.jpg\" alt=\"\" width=\"583\" height=\"616\" srcset=\"https:\/\/correiodasemana.com\/site\/wp-content\/uploads\/2020\/07\/dom-11-07-2020-3.jpg 583w, https:\/\/correiodasemana.com\/site\/wp-content\/uploads\/2020\/07\/dom-11-07-2020-3-284x300.jpg 284w\" sizes=\"(max-width: 583px) 100vw, 583px\" \/> <img decoding=\"async\" class=\"aligncenter size-full wp-image-11959\" src=\"https:\/\/correiodasemana.com\/site\/wp-content\/uploads\/2020\/07\/dom-11-07-2020-4.jpg\" alt=\"\" width=\"640\" height=\"558\" srcset=\"https:\/\/correiodasemana.com\/site\/wp-content\/uploads\/2020\/07\/dom-11-07-2020-4.jpg 640w, https:\/\/correiodasemana.com\/site\/wp-content\/uploads\/2020\/07\/dom-11-07-2020-4-300x262.jpg 300w\" sizes=\"(max-width: 640px) 100vw, 640px\" \/> <img decoding=\"async\" class=\"aligncenter size-full wp-image-11960\" src=\"https:\/\/correiodasemana.com\/site\/wp-content\/uploads\/2020\/07\/dom-11-07-2020-5.jpg\" alt=\"\" width=\"981\" height=\"507\" srcset=\"https:\/\/correiodasemana.com\/site\/wp-content\/uploads\/2020\/07\/dom-11-07-2020-5.jpg 981w, https:\/\/correiodasemana.com\/site\/wp-content\/uploads\/2020\/07\/dom-11-07-2020-5-300x155.jpg 300w, https:\/\/correiodasemana.com\/site\/wp-content\/uploads\/2020\/07\/dom-11-07-2020-5-768x397.jpg 768w\" sizes=\"(max-width: 981px) 100vw, 981px\" \/> <img loading=\"lazy\" decoding=\"async\" class=\"aligncenter size-full wp-image-11961\" src=\"https:\/\/correiodasemana.com\/site\/wp-content\/uploads\/2020\/07\/dom-11-07-2020.jpg\" alt=\"\" width=\"1045\" height=\"596\" srcset=\"https:\/\/correiodasemana.com\/site\/wp-content\/uploads\/2020\/07\/dom-11-07-2020.jpg 1045w, https:\/\/correiodasemana.com\/site\/wp-content\/uploads\/2020\/07\/dom-11-07-2020-300x171.jpg 300w, https:\/\/correiodasemana.com\/site\/wp-content\/uploads\/2020\/07\/dom-11-07-2020-1024x584.jpg 1024w, https:\/\/correiodasemana.com\/site\/wp-content\/uploads\/2020\/07\/dom-11-07-2020-768x438.jpg 768w\" sizes=\"(max-width: 1045px) 100vw, 1045px\" \/><\/p>\n<p>Celebra\u00e7\u00e3o eucar\u00edstica tamb\u00e9m marcou o anivers\u00e1rio de cinco anos de inaugura\u00e7\u00e3o do Santu\u00e1rio da Esperan\u00e7a<\/p>\n<p>O bispo da Diocese de Sobral, Dom Vasconcelos, esteve na Fazenda da Esperan\u00e7a S\u00e3o Bento no \u00faltimo dia 11 de julho, ocasi\u00e3o em que celebrou a missa em honra a S\u00e3o Bento, santo padroeiro da comunidade terap\u00eautica, localizada no distrito de Patriarca.<br \/>\n\u201cCelebramos hoje a mem\u00f3ria do grande patriarca monacal S\u00e3o Bento. Ora et labora, que quer dizer \u2018ora\u00e7\u00e3o e trabalho\u2019 \u00e9 um lema de S\u00e3o Bento e tamb\u00e9m \u00e9 o carisma da Fazenda da Esperan\u00e7a\u201d, destacou Dom Vasconcelos.<br \/>\nO bispo lembrou que a Fazenda da Esperan\u00e7a em Sobral foi constru\u00edda por um bispo beneditino, Dom Fernando Saburido, atual bispo da Arquidiocese de Olinda e Recife. Dom Vasconcelos tamb\u00e9m enfatizou que foi nessa mesma data, h\u00e1 cinco anos, que a igreja localizada na Fazenda da Esperan\u00e7a recebeu o t\u00edtulo de Santu\u00e1rio. A unidade da Fazenda da Esperan\u00e7a em Sobral foi pioneira no Brasil com o primeiro santu\u00e1rio erguido dentro de uma comunidade terap\u00eautica.<\/p>\n<p>A\u00e7\u00e3o de gra\u00e7as<br \/>\nDom Vasconcelos tamb\u00e9m ressaltou outro motivo de a\u00e7\u00e3o de gra\u00e7as: a inaugura\u00e7\u00e3o da Casa de Acolhida S\u00e3o Padre Pio, espa\u00e7o cedido para a Fazenda da Esperan\u00e7a e situado na Serra da Meruoca-CE. \u201cNeste tempo de pandemia, tamb\u00e9m temos a alegria de inaugurar uma casa de acolhimento para moradores de rua\u201d, comemorou o bispo de Sobral.<br \/>\nNovo projeto da Fazenda da Esperan\u00e7a em Sobral, a Casa Pe Pio visa acolher pessoas em situa\u00e7\u00e3o de vulnerabilidade e inseri-las no processo de recupera\u00e7\u00e3o das drogas que acontece na comunidade terap\u00eautica. Com capacidade para acolher 15 homens, a Casa Padre Pio tem sido mantida por doa\u00e7\u00f5es. Para ajudar o projeto, os interessados podem entrar em contato pelo fone (88) 3611-0054.<br \/>\nPor Assessoria de Comunica\u00e7\u00e3o da Fazenda da Esperan\u00e7a S\u00e3o Bento<\/p>\n","protected":false},"excerpt":{"rendered":"<p>Celebra\u00e7\u00e3o eucar\u00edstica tamb\u00e9m marcou o anivers\u00e1rio de cinco anos de inaugura\u00e7\u00e3o do Santu\u00e1rio da Esperan\u00e7a&#8230;<\/p>\n","protected":false},"author":1,"featured_media":11960,"comment_status":"open","ping_status":"open","sticky":false,"template":"","format":"standard","meta":{"_jetpack_memberships_contains_paid_content":false,"footnotes":"","jetpack_publicize_message":"","jetpack_publicize_feature_enabled":true,"jetpack_social_post_already_shared":true,"jetpack_social_options":{"image_generator_settings":{"template":"highway","default_image_id":0,"font":"","enabled":false},"version":2}},"categories":[1],"tags":[],"class_list":["post-11957","post","type-post","status-publish","format-standard","has-post-thumbnail","hentry","category-atualidade"],"jetpack_publicize_connections":[],"jetpack_featured_media_url":"https:\/\/correiodasemana.com\/site\/wp-content\/uploads\/2020\/07\/dom-11-07-2020-5.jpg","jetpack-related-posts":[{"id":29984,"url":"https:\/\/correiodasemana.com\/site\/dom-vasconcelos-celebra-missa-de-crisma-dos-acolhidos-da-fazenda-da-esperanca-sao-bento\/","url_meta":{"origin":11957,"position":0},"title":"Dom Vasconcelos celebra missa de Crisma dos acolhidos da Fazenda da Esperan\u00e7a S\u00e3o Bento","author":"adminredacao","date":"Julho 16, 2024","format":false,"excerpt":"S\u00e3o Bento \u00e9 considerado \u201co pai dos monges\u201d, fundador da Ordem dos Beneditinos, ao qual \u00e9 atribu\u00edda a organiza\u00e7\u00e3o das atividades da vida mon\u00e1stica, vivia no convento, longe do conv\u00edvio social por convic\u00e7\u00e3o religiosa. S\u00e3o Bento tem um legado muito grande com a intimidade da Palavra de Deus. Ele realmente\u2026","rel":"","context":"In &quot;Atualidade&quot;","block_context":{"text":"Atualidade","link":"https:\/\/correiodasemana.com\/site\/category\/atualidade\/"},"img":{"alt_text":"","src":"https:\/\/i0.wp.com\/correiodasemana.com\/site\/wp-content\/uploads\/2024\/07\/WhatsApp-Image-2024-07-13-at-09.36.01-3.jpeg?resize=350%2C200&ssl=1","width":350,"height":200,"srcset":"https:\/\/i0.wp.com\/correiodasemana.com\/site\/wp-content\/uploads\/2024\/07\/WhatsApp-Image-2024-07-13-at-09.36.01-3.jpeg?resize=350%2C200&ssl=1 1x, https:\/\/i0.wp.com\/correiodasemana.com\/site\/wp-content\/uploads\/2024\/07\/WhatsApp-Image-2024-07-13-at-09.36.01-3.jpeg?resize=525%2C300&ssl=1 1.5x, https:\/\/i0.wp.com\/correiodasemana.com\/site\/wp-content\/uploads\/2024\/07\/WhatsApp-Image-2024-07-13-at-09.36.01-3.jpeg?resize=700%2C400&ssl=1 2x, https:\/\/i0.wp.com\/correiodasemana.com\/site\/wp-content\/uploads\/2024\/07\/WhatsApp-Image-2024-07-13-at-09.36.01-3.jpeg?resize=1050%2C600&ssl=1 3x"},"classes":[]},{"id":30040,"url":"https:\/\/correiodasemana.com\/site\/dom-fernando-saburido-celebra-santa-missa-na-fazenda-da-esperanca-sao-bento\/","url_meta":{"origin":11957,"position":1},"title":"Dom Fernando Saburido celebra Santa Missa na Fazenda da Esperan\u00e7a S\u00e3o Bento","author":"adminredacao","date":"Julho 22, 2024","format":false,"excerpt":"No dia 17 de julho Dom Fernando Saburido conheceu a Fazenda da Esperan\u00e7a Santa Clara na Meruoca. Foi recepcionado pela presidente Selene Melo, a respons\u00e1vel Edna Maria, as acolhidas e alguns moradores vizinhos. Na oportunidade houve apresenta\u00e7\u00e3o de toda hist\u00f3ria de cria\u00e7\u00e3o dessa Obra de Deus com foco maior na\u2026","rel":"","context":"In &quot;Atualidade&quot;","block_context":{"text":"Atualidade","link":"https:\/\/correiodasemana.com\/site\/category\/atualidade\/"},"img":{"alt_text":"","src":"https:\/\/i0.wp.com\/correiodasemana.com\/site\/wp-content\/uploads\/2024\/07\/WhatsApp-Image-2024-07-18-at-07.43.34.jpeg?resize=350%2C200&ssl=1","width":350,"height":200,"srcset":"https:\/\/i0.wp.com\/correiodasemana.com\/site\/wp-content\/uploads\/2024\/07\/WhatsApp-Image-2024-07-18-at-07.43.34.jpeg?resize=350%2C200&ssl=1 1x, https:\/\/i0.wp.com\/correiodasemana.com\/site\/wp-content\/uploads\/2024\/07\/WhatsApp-Image-2024-07-18-at-07.43.34.jpeg?resize=525%2C300&ssl=1 1.5x, https:\/\/i0.wp.com\/correiodasemana.com\/site\/wp-content\/uploads\/2024\/07\/WhatsApp-Image-2024-07-18-at-07.43.34.jpeg?resize=700%2C400&ssl=1 2x, https:\/\/i0.wp.com\/correiodasemana.com\/site\/wp-content\/uploads\/2024\/07\/WhatsApp-Image-2024-07-18-at-07.43.34.jpeg?resize=1050%2C600&ssl=1 3x"},"classes":[]},{"id":13770,"url":"https:\/\/correiodasemana.com\/site\/dia-de-sao-padre-pio-e-celebrado-na-fazenda-da-esperanca-com-missa-na-nova-casa-de-acolhida\/","url_meta":{"origin":11957,"position":2},"title":"Dia de S\u00e3o Padre Pio \u00e9 celebrado na Fazenda da Esperan\u00e7a com missa na nova Casa de Acolhida","author":"","date":"Setembro 29, 2020","format":false,"excerpt":"No \u00faltimo dia 23 de setembro, data da Festa Lit\u00fargica de S\u00e3o Padre Pio de Pietrelcina, a Fazenda da Esperan\u00e7a S\u00e3o Bento celebrou os feitos de Deus pela intercess\u00e3o desse santo, que tamb\u00e9m \u00e9 patrono da Casa de Acolhida S\u00e3o Padre Pio, novo espa\u00e7o administrado pela entidade na Serra da\u2026","rel":"","context":"In &quot;Diocese&quot;","block_context":{"text":"Diocese","link":"https:\/\/correiodasemana.com\/site\/category\/diocese\/"},"img":{"alt_text":"","src":"https:\/\/i0.wp.com\/correiodasemana.com\/site\/wp-content\/uploads\/2020\/09\/Foto-1_1.jpg?resize=350%2C200&ssl=1","width":350,"height":200,"srcset":"https:\/\/i0.wp.com\/correiodasemana.com\/site\/wp-content\/uploads\/2020\/09\/Foto-1_1.jpg?resize=350%2C200&ssl=1 1x, https:\/\/i0.wp.com\/correiodasemana.com\/site\/wp-content\/uploads\/2020\/09\/Foto-1_1.jpg?resize=525%2C300&ssl=1 1.5x, https:\/\/i0.wp.com\/correiodasemana.com\/site\/wp-content\/uploads\/2020\/09\/Foto-1_1.jpg?resize=700%2C400&ssl=1 2x, https:\/\/i0.wp.com\/correiodasemana.com\/site\/wp-content\/uploads\/2020\/09\/Foto-1_1.jpg?resize=1050%2C600&ssl=1 3x"},"classes":[]},{"id":27801,"url":"https:\/\/correiodasemana.com\/site\/fazenda-da-esperanca-celebra-15-anos-de-fundacao-com-celebracoes-e-evento-beneficente\/","url_meta":{"origin":11957,"position":3},"title":"Fazenda da Esperan\u00e7a celebra 15 anos de funda\u00e7\u00e3o com celebra\u00e7\u00f5es e evento beneficente","author":"adminredacao","date":"Dezembro 19, 2023","format":false,"excerpt":"Programa\u00e7\u00e3o A unidade terap\u00eautica da Fazenda da Esperan\u00e7a S\u00e3o Bento localizada no distrito de Patriarca em Sobral iniciou no dia 10 de dezembro as celebra\u00e7\u00f5es em comemora\u00e7\u00e3o aos 15 anos da unidade terap\u00eautica. Durante toda a semana, os fundadores, colaboradores, benfeitores, acolhidos e ex acolhidos participaram de uma programa\u00e7\u00e3o intensa.\u2026","rel":"","context":"In &quot;Atualidade&quot;","block_context":{"text":"Atualidade","link":"https:\/\/correiodasemana.com\/site\/category\/atualidade\/"},"img":{"alt_text":"","src":"https:\/\/i0.wp.com\/correiodasemana.com\/site\/wp-content\/uploads\/2023\/12\/MISSA-DA-FAZENDA-DA-ESPERANCA-1-1-scaled.jpg?resize=350%2C200&ssl=1","width":350,"height":200,"srcset":"https:\/\/i0.wp.com\/correiodasemana.com\/site\/wp-content\/uploads\/2023\/12\/MISSA-DA-FAZENDA-DA-ESPERANCA-1-1-scaled.jpg?resize=350%2C200&ssl=1 1x, https:\/\/i0.wp.com\/correiodasemana.com\/site\/wp-content\/uploads\/2023\/12\/MISSA-DA-FAZENDA-DA-ESPERANCA-1-1-scaled.jpg?resize=525%2C300&ssl=1 1.5x, https:\/\/i0.wp.com\/correiodasemana.com\/site\/wp-content\/uploads\/2023\/12\/MISSA-DA-FAZENDA-DA-ESPERANCA-1-1-scaled.jpg?resize=700%2C400&ssl=1 2x, https:\/\/i0.wp.com\/correiodasemana.com\/site\/wp-content\/uploads\/2023\/12\/MISSA-DA-FAZENDA-DA-ESPERANCA-1-1-scaled.jpg?resize=1050%2C600&ssl=1 3x, https:\/\/i0.wp.com\/correiodasemana.com\/site\/wp-content\/uploads\/2023\/12\/MISSA-DA-FAZENDA-DA-ESPERANCA-1-1-scaled.jpg?resize=1400%2C800&ssl=1 4x"},"classes":[]},{"id":31922,"url":"https:\/\/correiodasemana.com\/site\/fazenda-da-esperanca-sao-bento-celebra-16-anos-com-triduo-e-reforca-o-compromisso-com-o-amor-ao-proximo\/","url_meta":{"origin":11957,"position":4},"title":"Fazenda da Esperan\u00e7a S\u00e3o Bento celebra 16 anos com Tr\u00edduo e refor\u00e7a o compromisso com o amor ao pr\u00f3ximo","author":"adminredacao","date":"Dezembro 24, 2024","format":false,"excerpt":"A Fazenda da Esperan\u00e7a S\u00e3o Bento, situada na comunidade de Lagoa Queimada, a um pouco mais de 20km de dist\u00e2ncia de Sobral, realizou de 13 a 15 de dezembro o Tr\u00edduo em comemora\u00e7\u00e3o aos 16 anos de cria\u00e7\u00e3o da obra social, com o tema: \u201cPeregrinos da Esperan\u00e7a\u201d e o lema:\u2026","rel":"","context":"In &quot;Atualidade&quot;","block_context":{"text":"Atualidade","link":"https:\/\/correiodasemana.com\/site\/category\/atualidade\/"},"img":{"alt_text":"","src":"https:\/\/i0.wp.com\/correiodasemana.com\/site\/wp-content\/uploads\/2024\/12\/fazenda-da-esperanca-6.jpg?resize=350%2C200&ssl=1","width":350,"height":200,"srcset":"https:\/\/i0.wp.com\/correiodasemana.com\/site\/wp-content\/uploads\/2024\/12\/fazenda-da-esperanca-6.jpg?resize=350%2C200&ssl=1 1x, https:\/\/i0.wp.com\/correiodasemana.com\/site\/wp-content\/uploads\/2024\/12\/fazenda-da-esperanca-6.jpg?resize=525%2C300&ssl=1 1.5x, https:\/\/i0.wp.com\/correiodasemana.com\/site\/wp-content\/uploads\/2024\/12\/fazenda-da-esperanca-6.jpg?resize=700%2C400&ssl=1 2x, https:\/\/i0.wp.com\/correiodasemana.com\/site\/wp-content\/uploads\/2024\/12\/fazenda-da-esperanca-6.jpg?resize=1050%2C600&ssl=1 3x, https:\/\/i0.wp.com\/correiodasemana.com\/site\/wp-content\/uploads\/2024\/12\/fazenda-da-esperanca-6.jpg?resize=1400%2C800&ssl=1 4x"},"classes":[]},{"id":18370,"url":"https:\/\/correiodasemana.com\/site\/fazenda-da-esperanca-sao-bento-celebra-13-anos-na-diocese-de-sobral\/","url_meta":{"origin":11957,"position":5},"title":"Fazenda da Esperan\u00e7a S\u00e3o Bento celebra 13 anos na Diocese de Sobral","author":"","date":"Dezembro 20, 2021","format":false,"excerpt":"No \u00faltimo dia 14 de dezembro, a Fazenda da Esperan\u00e7a S\u00e3o Bento, celebrou seus 13 anos de funda\u00e7\u00e3o na Diocese de Sobral. A celebra\u00e7\u00e3o contou com a presen\u00e7a do Bispo Diocesano Dom Jos\u00e9 Lu\u00eds Gomes de Vasconcelos presidindo e Pe. Jos\u00e9 Chitumba concelebrando. Na ocasi\u00e3o da festa, tamb\u00e9m foi ministrado\u2026","rel":"","context":"In &quot;Atualidade&quot;","block_context":{"text":"Atualidade","link":"https:\/\/correiodasemana.com\/site\/category\/atualidade\/"},"img":{"alt_text":"","src":"https:\/\/i0.wp.com\/correiodasemana.com\/site\/wp-content\/uploads\/2021\/12\/Crismandos-Fazenda-scaled.jpg?resize=350%2C200&ssl=1","width":350,"height":200,"srcset":"https:\/\/i0.wp.com\/correiodasemana.com\/site\/wp-content\/uploads\/2021\/12\/Crismandos-Fazenda-scaled.jpg?resize=350%2C200&ssl=1 1x, https:\/\/i0.wp.com\/correiodasemana.com\/site\/wp-content\/uploads\/2021\/12\/Crismandos-Fazenda-scaled.jpg?resize=525%2C300&ssl=1 1.5x, https:\/\/i0.wp.com\/correiodasemana.com\/site\/wp-content\/uploads\/2021\/12\/Crismandos-Fazenda-scaled.jpg?resize=700%2C400&ssl=1 2x, https:\/\/i0.wp.com\/correiodasemana.com\/site\/wp-content\/uploads\/2021\/12\/Crismandos-Fazenda-scaled.jpg?resize=1050%2C600&ssl=1 3x, https:\/\/i0.wp.com\/correiodasemana.com\/site\/wp-content\/uploads\/2021\/12\/Crismandos-Fazenda-scaled.jpg?resize=1400%2C800&ssl=1 4x"},"classes":[]}],"jetpack_sharing_enabled":true,"_links":{"self":[{"href":"https:\/\/correiodasemana.com\/site\/wp-json\/wp\/v2\/posts\/11957","targetHints":{"allow":["GET"]}}],"collection":[{"href":"https:\/\/correiodasemana.com\/site\/wp-json\/wp\/v2\/posts"}],"about":[{"href":"https:\/\/correiodasemana.com\/site\/wp-json\/wp\/v2\/types\/post"}],"author":[{"embeddable":true,"href":"https:\/\/correiodasemana.com\/site\/wp-json\/wp\/v2\/users\/1"}],"replies":[{"embeddable":true,"href":"https:\/\/correiodasemana.com\/site\/wp-json\/wp\/v2\/comments?post=11957"}],"version-history":[{"count":1,"href":"https:\/\/correiodasemana.com\/site\/wp-json\/wp\/v2\/posts\/11957\/revisions"}],"predecessor-version":[{"id":11962,"href":"https:\/\/correiodasemana.com\/site\/wp-json\/wp\/v2\/posts\/11957\/revisions\/11962"}],"wp:featuredmedia":[{"embeddable":true,"href":"https:\/\/correiodasemana.com\/site\/wp-json\/wp\/v2\/media\/11960"}],"wp:attachment":[{"href":"https:\/\/correiodasemana.com\/site\/wp-json\/wp\/v2\/media?parent=11957"}],"wp:term":[{"taxonomy":"category","embeddable":true,"href":"https:\/\/correiodasemana.com\/site\/wp-json\/wp\/v2\/categories?post=11957"},{"taxonomy":"post_tag","embeddable":true,"href":"https:\/\/correiodasemana.com\/site\/wp-json\/wp\/v2\/tags?post=11957"}],"curies":[{"name":"wp","href":"https:\/\/api.w.org\/{rel}","templated":true}]}}