{"id":11963,"date":"2020-07-19T04:20:31","date_gmt":"2020-07-19T04:20:31","guid":{"rendered":"https:\/\/correiodasemana.com\/site\/?p=11963"},"modified":"2020-07-19T04:20:31","modified_gmt":"2020-07-19T04:20:31","slug":"sobral-shopping-prepara-medidas-para-retomar-as-atividades","status":"publish","type":"post","link":"https:\/\/correiodasemana.com\/site\/sobral-shopping-prepara-medidas-para-retomar-as-atividades\/","title":{"rendered":"Sobral Shopping prepara medidas para retomar as atividades"},"content":{"rendered":"<p>O shopping j\u00e1 se prepara para a reabertura, ainda sem data definida.<\/p>\n<p>Com o avan\u00e7o da fase de transi\u00e7\u00e3o do plano de retomada das atividades, o Sobral Shopping j\u00e1 se prepara para a reabertura, ainda sem data definida.<br \/>\nEntre as a\u00e7\u00f5es, est\u00e1 a libera\u00e7\u00e3o das cancelas que j\u00e1 n\u00e3o precisa do toque do cliente, agora a tecnologia permite que a libera\u00e7\u00e3o seja feita apenas com o sensor de aproxima\u00e7\u00e3o da m\u00e3o para obter o ticket de estacionamento.<br \/>\nO protocolo de higieniza\u00e7\u00e3o ser\u00e1 cumprido com os tapetes sanitizantes em companhia dos pontos de totens com \u00e1lcool em gel espalhados pelo espa\u00e7o que vai operar de portas abertas durante todo o funcionamento.<br \/>\nHaver\u00e1 um profissional para aferir a temperatura dos clientes e colaboradores logo na entrada. O uso obrigat\u00f3rio e o distanciamento de no m\u00ednimo dois metros de outro cliente em filas, s\u00e3o medidas cruciais para o combate da transmiss\u00e3o do coronav\u00edrus. Segundo o v\u00eddeo que circulou nas redes sociais do shopping, haver\u00e1 um equipamento de seguran\u00e7a que ir\u00e1 permitir o acompanhamento da quantidade de pessoas no mesmo.<br \/>\nAl\u00e9m disso, os elevadores ter\u00e3o limite de duas pessoas por vez, sendo um de uso exclusivo para idosos e pessoas do grupo de risco. Tamb\u00e9m haver\u00e1 placa sinalizadora com informa\u00e7\u00f5es de quantas pessoas podem se reunir em caixas e dentro das lojas. O limite varia de acordo com cada loja.<br \/>\nO servi\u00e7o de empr\u00e9stimo de carrinho de beb\u00ea tal como o de cadeira de rodas ser\u00e3o suspensos por tempo indeterminado.<br \/>\nO shopping j\u00e1 se prepara para a reabertura, ainda sem data definida.<\/p>\n<p>Por Priscila Duarte<\/p>\n","protected":false},"excerpt":{"rendered":"<p>O shopping j\u00e1 se prepara para a reabertura, ainda sem data definida. Com o avan\u00e7o&#8230;<\/p>\n","protected":false},"author":1,"featured_media":11964,"comment_status":"open","ping_status":"open","sticky":false,"template":"","format":"standard","meta":{"_jetpack_memberships_contains_paid_content":false,"footnotes":"","jetpack_publicize_message":"","jetpack_publicize_feature_enabled":true,"jetpack_social_post_already_shared":true,"jetpack_social_options":{"image_generator_settings":{"template":"highway","default_image_id":0,"font":"","enabled":false},"version":2}},"categories":[1],"tags":[],"class_list":["post-11963","post","type-post","status-publish","format-standard","has-post-thumbnail","hentry","category-atualidade"],"jetpack_publicize_connections":[],"jetpack_featured_media_url":"https:\/\/correiodasemana.com\/site\/wp-content\/uploads\/2020\/07\/sobral-shopping.jpg","jetpack-related-posts":[{"id":13085,"url":"https:\/\/correiodasemana.com\/site\/em-sobral-restaurantes-voltam-a-funcionar-com-atendimento-presencial\/","url_meta":{"origin":11963,"position":0},"title":"Em Sobral, restaurantes voltam a funcionar com atendimento presencial","author":"","date":"Agosto 24, 2020","format":false,"excerpt":"Os estabelecimentos devem seguir os protocolos sanit\u00e1rios previstos para atividade Ap\u00f3s mais uma reuni\u00e3o com o Comit\u00ea Cient\u00edfico que avalia e define as medidas adotadas nos decretos estaduais relativos \u00e0 pandemia, o governador Camilo Santana (PT) anunciou a atualiza\u00e7\u00e3o sobre a aplica\u00e7\u00e3o das etapas do Plano de Retomada Respons\u00e1vel das\u2026","rel":"","context":"In &quot;Atualidade&quot;","block_context":{"text":"Atualidade","link":"https:\/\/correiodasemana.com\/site\/category\/atualidade\/"},"img":{"alt_text":"","src":"https:\/\/i0.wp.com\/correiodasemana.com\/site\/wp-content\/uploads\/2020\/08\/restaurantes.jpg?resize=350%2C200&ssl=1","width":350,"height":200,"srcset":"https:\/\/i0.wp.com\/correiodasemana.com\/site\/wp-content\/uploads\/2020\/08\/restaurantes.jpg?resize=350%2C200&ssl=1 1x, https:\/\/i0.wp.com\/correiodasemana.com\/site\/wp-content\/uploads\/2020\/08\/restaurantes.jpg?resize=525%2C300&ssl=1 1.5x, https:\/\/i0.wp.com\/correiodasemana.com\/site\/wp-content\/uploads\/2020\/08\/restaurantes.jpg?resize=700%2C400&ssl=1 2x"},"classes":[]},{"id":12196,"url":"https:\/\/correiodasemana.com\/site\/reabertura-do-centro-comercial-provoca-aglomeracoes\/","url_meta":{"origin":11963,"position":1},"title":"Reabertura do centro comercial provoca aglomera\u00e7\u00f5es","author":"","date":"Julho 25, 2020","format":false,"excerpt":"Deu in\u00edcio na \u00faltima quarta-feira (22) a retomada do com\u00e9rcio de Sobral, de acordo com a determina\u00e7\u00e3o do Governo do Estado do Cear\u00e1. Nessa fase, os estabelecimentos do centro comercial s\u00f3 poder\u00e3o abrir a partir de 14h. No entanto, a cidade permanece em isolamento social at\u00e9 o dia 3 de\u2026","rel":"","context":"In &quot;Atualidade&quot;","block_context":{"text":"Atualidade","link":"https:\/\/correiodasemana.com\/site\/category\/atualidade\/"},"img":{"alt_text":"","src":"https:\/\/i0.wp.com\/correiodasemana.com\/site\/wp-content\/uploads\/2020\/07\/DSC0610.jpg?resize=350%2C200&ssl=1","width":350,"height":200,"srcset":"https:\/\/i0.wp.com\/correiodasemana.com\/site\/wp-content\/uploads\/2020\/07\/DSC0610.jpg?resize=350%2C200&ssl=1 1x, https:\/\/i0.wp.com\/correiodasemana.com\/site\/wp-content\/uploads\/2020\/07\/DSC0610.jpg?resize=525%2C300&ssl=1 1.5x, https:\/\/i0.wp.com\/correiodasemana.com\/site\/wp-content\/uploads\/2020\/07\/DSC0610.jpg?resize=700%2C400&ssl=1 2x"},"classes":[]},{"id":13406,"url":"https:\/\/correiodasemana.com\/site\/covid-19-retorno-de-aulas-presenciais-e-controverso-nos-estados\/","url_meta":{"origin":11963,"position":2},"title":"Covid-19: retorno de aulas presenciais \u00e9 controverso nos estados","author":"","date":"Setembro 8, 2020","format":false,"excerpt":"Amazonas saiu na frente e retomou atividades presenciais em agosto Com a redu\u00e7\u00e3o da incid\u00eancia e mortalidade pela covid-19 em parte dos estados brasileiros, a discuss\u00e3o sobre o retorno das\u00a0aulas presenciais ganha for\u00e7a. O Amazonas saiu na frente e iniciou as atividades presenciais nas escolas ainda em agosto. Mas em\u2026","rel":"","context":"In &quot;Atualidade&quot;","block_context":{"text":"Atualidade","link":"https:\/\/correiodasemana.com\/site\/category\/atualidade\/"},"img":{"alt_text":"","src":"https:\/\/i0.wp.com\/correiodasemana.com\/site\/wp-content\/uploads\/2020\/09\/mcam12032020.jpg?resize=350%2C200&ssl=1","width":350,"height":200,"srcset":"https:\/\/i0.wp.com\/correiodasemana.com\/site\/wp-content\/uploads\/2020\/09\/mcam12032020.jpg?resize=350%2C200&ssl=1 1x, https:\/\/i0.wp.com\/correiodasemana.com\/site\/wp-content\/uploads\/2020\/09\/mcam12032020.jpg?resize=525%2C300&ssl=1 1.5x, https:\/\/i0.wp.com\/correiodasemana.com\/site\/wp-content\/uploads\/2020\/09\/mcam12032020.jpg?resize=700%2C400&ssl=1 2x, https:\/\/i0.wp.com\/correiodasemana.com\/site\/wp-content\/uploads\/2020\/09\/mcam12032020.jpg?resize=1050%2C600&ssl=1 3x"},"classes":[]},{"id":16334,"url":"https:\/\/correiodasemana.com\/site\/lojistas-de-sobral-esperam-receber-clientes-com-mais-preparo-do-que-em-2020-em-reabertura-apos-lockdown\/","url_meta":{"origin":11963,"position":3},"title":"Lojistas de Sobral esperam receber clientes com mais preparo do que em 2020 em reabertura ap\u00f3s lockdown","author":"","date":"Maio 2, 2021","format":false,"excerpt":"Por Samuel Carvalho - Reda\u00e7\u00e3o Correio da Semana Sobral abriu as portas dos com\u00e9rcios na \u00faltima quarta-feira (28) e a classe dos lojistas, uma das mais afetadas pelas medidas de lockdown est\u00e1 pronta para receber os clientes. Na Princesa do Norte, o com\u00e9rcio de rua volta a funcionar com 40%\u2026","rel":"","context":"In &quot;Atualidade&quot;","block_context":{"text":"Atualidade","link":"https:\/\/correiodasemana.com\/site\/category\/atualidade\/"},"img":{"alt_text":"","src":"https:\/\/i0.wp.com\/correiodasemana.com\/site\/wp-content\/uploads\/2021\/05\/DSC0603.jpg?resize=350%2C200&ssl=1","width":350,"height":200,"srcset":"https:\/\/i0.wp.com\/correiodasemana.com\/site\/wp-content\/uploads\/2021\/05\/DSC0603.jpg?resize=350%2C200&ssl=1 1x, https:\/\/i0.wp.com\/correiodasemana.com\/site\/wp-content\/uploads\/2021\/05\/DSC0603.jpg?resize=525%2C300&ssl=1 1.5x"},"classes":[]},{"id":17126,"url":"https:\/\/correiodasemana.com\/site\/novas-regras-de-funcionamento-de-atividades-em-sobral-incluem-novidades-para-funcionamento-de-escolas-e-atividades-religiosas\/","url_meta":{"origin":11963,"position":4},"title":"Novas regras de funcionamento de atividades em Sobral incluem novidades para funcionamento de escolas e atividades religiosas","author":"","date":"Agosto 2, 2021","format":false,"excerpt":"Por Samuel Carvalho - Reda\u00e7\u00e3o Correio da Semana Foi publicado na \u00faltima segunda-feira (26) o novo decreto em Sobral, com amplia\u00e7\u00e3o no hor\u00e1rio do com\u00e9rcio, bares e restaurante, mas com duras medidas para o funcionamento de buffets. O documento tamb\u00e9m inclui novidades para datas de funcionamento de escolas privadas e\u2026","rel":"","context":"In &quot;Atualidade&quot;","block_context":{"text":"Atualidade","link":"https:\/\/correiodasemana.com\/site\/category\/atualidade\/"},"img":{"alt_text":"","src":"https:\/\/i0.wp.com\/correiodasemana.com\/site\/wp-content\/uploads\/2021\/08\/WhatsApp_Image_2021-05-16_at_155002.jpeg?resize=350%2C200&ssl=1","width":350,"height":200,"srcset":"https:\/\/i0.wp.com\/correiodasemana.com\/site\/wp-content\/uploads\/2021\/08\/WhatsApp_Image_2021-05-16_at_155002.jpeg?resize=350%2C200&ssl=1 1x, https:\/\/i0.wp.com\/correiodasemana.com\/site\/wp-content\/uploads\/2021\/08\/WhatsApp_Image_2021-05-16_at_155002.jpeg?resize=525%2C300&ssl=1 1.5x, https:\/\/i0.wp.com\/correiodasemana.com\/site\/wp-content\/uploads\/2021\/08\/WhatsApp_Image_2021-05-16_at_155002.jpeg?resize=700%2C400&ssl=1 2x, https:\/\/i0.wp.com\/correiodasemana.com\/site\/wp-content\/uploads\/2021\/08\/WhatsApp_Image_2021-05-16_at_155002.jpeg?resize=1050%2C600&ssl=1 3x"},"classes":[]},{"id":12653,"url":"https:\/\/correiodasemana.com\/site\/transporte-urbano-de-sobral-volta-a-funcionar-nesta-quarta-feira-linha-sinha-saboia-centro-e-a-novidade\/","url_meta":{"origin":11963,"position":5},"title":"Transporte Urbano de Sobral volta a funcionar nesta quarta-feira; linha Sinh\u00e1 Sab\u00f3ia\/Centro \u00e9 a novidade","author":"","date":"Agosto 10, 2020","format":false,"excerpt":"Os ve\u00edculos do Transporte Urbano de Sobral (Transsol) voltar\u00e3o a circular a partir da pr\u00f3xima quarta-feira (12\/08). Al\u00e9m da linha Renato Parente\/Centro, que j\u00e1 havia sido implantada antes do in\u00edcio da pandemia do novo coronav\u00edrus, a Prefeitura p\u00f5e em opera\u00e7\u00e3o a linha Sinh\u00e1 Sab\u00f3ia\/Centro. O servi\u00e7o funcionar\u00e1 de segunda-feira a\u2026","rel":"","context":"In &quot;Atualidade&quot;","block_context":{"text":"Atualidade","link":"https:\/\/correiodasemana.com\/site\/category\/atualidade\/"},"img":{"alt_text":"","src":"https:\/\/i0.wp.com\/correiodasemana.com\/site\/wp-content\/uploads\/2020\/08\/transporte-urbabo-de-Sobral.jpeg?resize=350%2C200&ssl=1","width":350,"height":200,"srcset":"https:\/\/i0.wp.com\/correiodasemana.com\/site\/wp-content\/uploads\/2020\/08\/transporte-urbabo-de-Sobral.jpeg?resize=350%2C200&ssl=1 1x, https:\/\/i0.wp.com\/correiodasemana.com\/site\/wp-content\/uploads\/2020\/08\/transporte-urbabo-de-Sobral.jpeg?resize=525%2C300&ssl=1 1.5x, https:\/\/i0.wp.com\/correiodasemana.com\/site\/wp-content\/uploads\/2020\/08\/transporte-urbabo-de-Sobral.jpeg?resize=700%2C400&ssl=1 2x, https:\/\/i0.wp.com\/correiodasemana.com\/site\/wp-content\/uploads\/2020\/08\/transporte-urbabo-de-Sobral.jpeg?resize=1050%2C600&ssl=1 3x"},"classes":[]}],"jetpack_sharing_enabled":true,"_links":{"self":[{"href":"https:\/\/correiodasemana.com\/site\/wp-json\/wp\/v2\/posts\/11963","targetHints":{"allow":["GET"]}}],"collection":[{"href":"https:\/\/correiodasemana.com\/site\/wp-json\/wp\/v2\/posts"}],"about":[{"href":"https:\/\/correiodasemana.com\/site\/wp-json\/wp\/v2\/types\/post"}],"author":[{"embeddable":true,"href":"https:\/\/correiodasemana.com\/site\/wp-json\/wp\/v2\/users\/1"}],"replies":[{"embeddable":true,"href":"https:\/\/correiodasemana.com\/site\/wp-json\/wp\/v2\/comments?post=11963"}],"version-history":[{"count":1,"href":"https:\/\/correiodasemana.com\/site\/wp-json\/wp\/v2\/posts\/11963\/revisions"}],"predecessor-version":[{"id":11965,"href":"https:\/\/correiodasemana.com\/site\/wp-json\/wp\/v2\/posts\/11963\/revisions\/11965"}],"wp:featuredmedia":[{"embeddable":true,"href":"https:\/\/correiodasemana.com\/site\/wp-json\/wp\/v2\/media\/11964"}],"wp:attachment":[{"href":"https:\/\/correiodasemana.com\/site\/wp-json\/wp\/v2\/media?parent=11963"}],"wp:term":[{"taxonomy":"category","embeddable":true,"href":"https:\/\/correiodasemana.com\/site\/wp-json\/wp\/v2\/categories?post=11963"},{"taxonomy":"post_tag","embeddable":true,"href":"https:\/\/correiodasemana.com\/site\/wp-json\/wp\/v2\/tags?post=11963"}],"curies":[{"name":"wp","href":"https:\/\/api.w.org\/{rel}","templated":true}]}}