{"id":11966,"date":"2020-07-19T04:22:06","date_gmt":"2020-07-19T04:22:06","guid":{"rendered":"https:\/\/correiodasemana.com\/site\/?p=11966"},"modified":"2020-07-19T04:23:06","modified_gmt":"2020-07-19T04:23:06","slug":"pesquisa-estima-que-256-mil-cearenses-tem-anticorpos-para-covid-19-em-sobral-e-em-iguatu","status":"publish","type":"post","link":"https:\/\/correiodasemana.com\/site\/pesquisa-estima-que-256-mil-cearenses-tem-anticorpos-para-covid-19-em-sobral-e-em-iguatu\/","title":{"rendered":"Pesquisa estima que 25,6 mil cearenses t\u00eam anticorpos para Covid-19 em Sobral e em Iguatu"},"content":{"rendered":"<p>As duas cidades conclu\u00edram primeira etapa da pesquisa de soropreval\u00eancia. Pesquisadores tamb\u00e9m fizeram busca ativa de pessoas contaminadas nos munic\u00edpios<\/p>\n<p>Enquanto Fortaleza inicia, nesta segunda-feira (13), a fase dois da pesquisa de soropreval\u00eancia na popula\u00e7\u00e3o, os munic\u00edpios de Sobral e Iguatu recebem os resultados da primeira fase do estudo. Ao todo, somando as duas cidades, a investiga\u00e7\u00e3o projeta que 25,6 mil pessoas podem j\u00e1 ter desenvolvido anticorpos para a Covid-19 (doen\u00e7a causada pelo coronav\u00edrus).<br \/>\nDesta vez, al\u00e9m de avaliar a parcela da popula\u00e7\u00e3o com defesas no organismo contra o v\u00edrus, o Governo do Cear\u00e1, em parceria com as secretarias municipais de sa\u00fade, Federa\u00e7\u00e3o das Ind\u00fastrias do Estado do Cear\u00e1 (Fiec) e Instituto Opnus de Pesquisa, est\u00e1 realizando a busca ativa de pessoas infectadas, com inclus\u00e3o de testes RT-PCR, que detecta a fase aguda da doen\u00e7a. Conforme a pesquisa, 57,3 mil pessoas em Sobral e em Iguatu tiveram contato com o coronav\u00edrus (incluindo as que est\u00e3o com o v\u00edrus ativo e as que j\u00e1 desenvolveram anticorpos).<br \/>\nPara chegar a esse n\u00famero, os t\u00e9cnicos aplicaram testes em 1,5 mil pessoas nas duas cidades (800 em Sobral e 700 em Iguatu) e projetaram os resultados sobre a popula\u00e7\u00e3o total (semelhante ao que ocorre em pesquisas de opini\u00e3o). A rede integrada de informa\u00e7\u00f5es entre o Estado e os munic\u00edpios j\u00e1 permite que a Secretaria da Sa\u00fade do Cear\u00e1 (Sesa) identifique os casos graves e \u00f3bitos provocados pelo coronav\u00edrus. A pesquisa de soropreval\u00eancia e busca ativa tem como foco detectar os casos com menor gravidade e os assintom\u00e1ticos.<br \/>\nDe acordo com Magda Almeida, secret\u00e1ria executiva de Vigil\u00e2ncia e Regula\u00e7\u00e3o da Sesa, \u00e0 medida que a doen\u00e7a avan\u00e7a, o Governo do Cear\u00e1 expande a pesquisa. A ideia \u00e9 que os dados cient\u00edficos sempre estejam norteando as a\u00e7\u00f5es do Estado.<br \/>\nSegundo ela, uma cidade de cada regi\u00e3o de sa\u00fade recebe a pesquisa. Fortaleza foi a primeira, por ser o epicentro da doen\u00e7a no Cear\u00e1. Na Regi\u00e3o Norte, Sobral foi escolhida. Iguatu foi selecionada por estar na Macrorregi\u00e3o do Cariri. O Sert\u00e3o Central e o Litoral Leste\/Jaguaribe, com avan\u00e7o mais lento do v\u00edrus, ainda poder\u00e3o receber o estudo.<\/p>\n<p>Sobral<br \/>\nAvaliando os n\u00fameros, Magda destaca que a pesquisa em Sobral revela com clareza a dinamicidade da doen\u00e7a. No munic\u00edpio que registrou as primeiras pessoas infectadas em meados de mar\u00e7o, h\u00e1 bairros com alta incid\u00eancias de anticorpos na popula\u00e7\u00e3o, enquanto em outras \u00e1reas \u00e9 mais comum pessoas com o v\u00edrus ativo. \u201cNem sempre o bairro com maior quantidade de pessoas afetadas com a Covid-19 \u00e9 onde o v\u00edrus est\u00e1 mais ativo, precisamos estar atentos a esse movimento\u201d, pondera.<br \/>\nEm Sobral, segundo a pesquisa, cerca de 24 mil pessoas podem j\u00e1 ter anticorpos, enquanto o v\u00edrus foi considerado ativo em 30,2 mil casos. \u201cObservamos l\u00e1 muitos pacientes com coronav\u00edrus, mas assintom\u00e1ticos. As pessoas sem sintomas precisam tomar medidas preventivas tamb\u00e9m, porque elas t\u00eam potencial de contamina\u00e7\u00e3o\u201d, ressalta.<\/p>\n<p>Iguatu<br \/>\nDe acordo com a secret\u00e1ria executiva de Vigil\u00e2ncia e Regula\u00e7\u00e3o, a pesquisa tamb\u00e9m aponta o movimento da doen\u00e7a em \u00e1reas at\u00e9 ent\u00e3o menos afetadas. No caso de Iguatu, apenas 7,71% dos testes indicaram resultado positivo. A proje\u00e7\u00e3o indica que 7,9 mil pessoas da cidade tiveram algum contato com o v\u00edrus, a maioria com o agente infeccioso ainda ativo, e s\u00f3 1,6 mil com anticorpos detectados. \u201cSignifica que a chegada da epidemia l\u00e1 ainda \u00e9 recente, as pessoas est\u00e3o sendo infectadas agora, n\u00e3o tiveram tempo nem de desenvolver anticorpos\u201d, afirma.<\/p>\n<p>Fortaleza<br \/>\nAssim como em Fortaleza, onde revelou \u2014 na primeira fase \u2014 que 370 mil pessoas podem ter anticorpos para a Covid-19, a pesquisa ter\u00e1 mais duas etapas tanto em Iguatu quanto em Sobral. As pessoas testadas s\u00e3o escolhidas por sorteio e submetidas aos testes. Os participantes tamb\u00e9m respondem a um question\u00e1rio para informar condi\u00e7\u00f5es socioecon\u00f4micas, poss\u00edveis sintomas e medidas de preven\u00e7\u00e3o.<\/p>\n<p>Pelo Jornalista Igor Cavalcante<\/p>\n","protected":false},"excerpt":{"rendered":"<p>As duas cidades conclu\u00edram primeira etapa da pesquisa de soropreval\u00eancia. Pesquisadores tamb\u00e9m fizeram busca ativa&#8230;<\/p>\n","protected":false},"author":1,"featured_media":11967,"comment_status":"open","ping_status":"open","sticky":false,"template":"","format":"standard","meta":{"_jetpack_memberships_contains_paid_content":false,"footnotes":"","jetpack_publicize_message":"","jetpack_publicize_feature_enabled":true,"jetpack_social_post_already_shared":true,"jetpack_social_options":{"image_generator_settings":{"template":"highway","default_image_id":0,"font":"","enabled":false},"version":2}},"categories":[1],"tags":[],"class_list":["post-11966","post","type-post","status-publish","format-standard","has-post-thumbnail","hentry","category-atualidade"],"jetpack_publicize_connections":[],"jetpack_featured_media_url":"https:\/\/correiodasemana.com\/site\/wp-content\/uploads\/2020\/07\/WhatsApp-Image-2020-07-16-at-15.58.11.jpeg","jetpack-related-posts":[{"id":11823,"url":"https:\/\/correiodasemana.com\/site\/sobral-e-iguatu-tem-256-mil-pessoas-com-anticorpos-para-a-covid-19-estima-pesquisa\/","url_meta":{"origin":11966,"position":0},"title":"Sobral e Iguatu t\u00eam 25,6 mil pessoas com anticorpos para a Covid-19, estima pesquisa","author":"","date":"Julho 14, 2020","format":false,"excerpt":"Somadas, as duas cidades concentram 57,3 mil pessoas em contato com o v\u00edrus, considerando-se as que t\u00eam a doen\u00e7a ativa e as que desenvolveram anticorpos, segundo estudo do Governo do Cear\u00e1 e do Instituto Opnus Um total de 25,6 mil pessoas nas cidades de Sobral e Iguatu j\u00e1 podem ter\u2026","rel":"","context":"In &quot;Atualidade&quot;","block_context":{"text":"Atualidade","link":"https:\/\/correiodasemana.com\/site\/category\/atualidade\/"},"img":{"alt_text":"","src":"https:\/\/i0.wp.com\/correiodasemana.com\/site\/wp-content\/uploads\/2020\/07\/coronavirus.jpg?resize=350%2C200&ssl=1","width":350,"height":200,"srcset":"https:\/\/i0.wp.com\/correiodasemana.com\/site\/wp-content\/uploads\/2020\/07\/coronavirus.jpg?resize=350%2C200&ssl=1 1x, https:\/\/i0.wp.com\/correiodasemana.com\/site\/wp-content\/uploads\/2020\/07\/coronavirus.jpg?resize=525%2C300&ssl=1 1.5x, https:\/\/i0.wp.com\/correiodasemana.com\/site\/wp-content\/uploads\/2020\/07\/coronavirus.jpg?resize=700%2C400&ssl=1 2x, https:\/\/i0.wp.com\/correiodasemana.com\/site\/wp-content\/uploads\/2020\/07\/coronavirus.jpg?resize=1050%2C600&ssl=1 3x, https:\/\/i0.wp.com\/correiodasemana.com\/site\/wp-content\/uploads\/2020\/07\/coronavirus.jpg?resize=1400%2C800&ssl=1 4x"},"classes":[]},{"id":16862,"url":"https:\/\/correiodasemana.com\/site\/sobral-lidera-ranking-de-cidades-mais-populosas-do-estado-em-porcentagem-de-vacinacao-contra-a-covid-19\/","url_meta":{"origin":11966,"position":1},"title":"Sobral lidera ranking de cidades mais populosas do Estado em porcentagem de vacina\u00e7\u00e3o contra a covid-19","author":"","date":"Junho 27, 2021","format":false,"excerpt":"Por Samuel Carvalho Reda\u00e7\u00e3o Correio da Semana Sobral lidera a campanha de imuniza\u00e7\u00e3o entre as dez maiores cidades do Estado do Cear\u00e1 com Com 41,2% da popula\u00e7\u00e3o vacinada com a primeira dose da vacina contra a Covid-19 de acordo com dados da plataforma Vacin\u00f4metro, da Secretaria da Sa\u00fade do Cear\u00e1\u2026","rel":"","context":"In &quot;Atualidade&quot;","block_context":{"text":"Atualidade","link":"https:\/\/correiodasemana.com\/site\/category\/atualidade\/"},"img":{"alt_text":"","src":"https:\/\/i0.wp.com\/correiodasemana.com\/site\/wp-content\/uploads\/2021\/06\/O-cadastro-e-requisito-obrigatorio-para-tomar-a-vacina-contra-a-Covid-19.jpg?resize=350%2C200&ssl=1","width":350,"height":200,"srcset":"https:\/\/i0.wp.com\/correiodasemana.com\/site\/wp-content\/uploads\/2021\/06\/O-cadastro-e-requisito-obrigatorio-para-tomar-a-vacina-contra-a-Covid-19.jpg?resize=350%2C200&ssl=1 1x, https:\/\/i0.wp.com\/correiodasemana.com\/site\/wp-content\/uploads\/2021\/06\/O-cadastro-e-requisito-obrigatorio-para-tomar-a-vacina-contra-a-Covid-19.jpg?resize=525%2C300&ssl=1 1.5x, https:\/\/i0.wp.com\/correiodasemana.com\/site\/wp-content\/uploads\/2021\/06\/O-cadastro-e-requisito-obrigatorio-para-tomar-a-vacina-contra-a-Covid-19.jpg?resize=700%2C400&ssl=1 2x, https:\/\/i0.wp.com\/correiodasemana.com\/site\/wp-content\/uploads\/2021\/06\/O-cadastro-e-requisito-obrigatorio-para-tomar-a-vacina-contra-a-Covid-19.jpg?resize=1050%2C600&ssl=1 3x"},"classes":[]},{"id":12748,"url":"https:\/\/correiodasemana.com\/site\/soros-produzidos-por-cavalos-tem-anticorpos-potentes-para-covid-19\/","url_meta":{"origin":11966,"position":2},"title":"Soros produzidos por cavalos t\u00eam anticorpos potentes para covid-19","author":"","date":"Agosto 13, 2020","format":false,"excerpt":"Estudo mostra que soro \u00e9 at\u00e9 100 vezes mais potente que v\u00edrus Trabalhos\u00a0iniciados em maio deste ano por pesquisadores brasileiros de v\u00e1rias institui\u00e7\u00f5es cient\u00edficas verificaram que soros produzidos por cavalos para o tratamento da covid-19 t\u00eam, em alguns casos, at\u00e9 100 vezes mais pot\u00eancia em termos de anticorpos neutralizantes do\u2026","rel":"","context":"In &quot;Atualidade&quot;","block_context":{"text":"Atualidade","link":"https:\/\/correiodasemana.com\/site\/category\/atualidade\/"},"img":{"alt_text":"","src":"https:\/\/i0.wp.com\/correiodasemana.com\/site\/wp-content\/uploads\/2020\/08\/cavalos_soro_0.jpg?resize=350%2C200&ssl=1","width":350,"height":200,"srcset":"https:\/\/i0.wp.com\/correiodasemana.com\/site\/wp-content\/uploads\/2020\/08\/cavalos_soro_0.jpg?resize=350%2C200&ssl=1 1x, https:\/\/i0.wp.com\/correiodasemana.com\/site\/wp-content\/uploads\/2020\/08\/cavalos_soro_0.jpg?resize=525%2C300&ssl=1 1.5x, https:\/\/i0.wp.com\/correiodasemana.com\/site\/wp-content\/uploads\/2020\/08\/cavalos_soro_0.jpg?resize=700%2C400&ssl=1 2x, https:\/\/i0.wp.com\/correiodasemana.com\/site\/wp-content\/uploads\/2020\/08\/cavalos_soro_0.jpg?resize=1050%2C600&ssl=1 3x"},"classes":[]},{"id":16893,"url":"https:\/\/correiodasemana.com\/site\/guaramiranga-e-a-primeira-cidade-do-estado-do-ceara-a-vacinar-toda-a-sua-populacao\/","url_meta":{"origin":11966,"position":3},"title":"Guaramiranga \u00e9 a primeira cidade do estado do Cear\u00e1 a vacinar toda a sua popula\u00e7\u00e3o","author":"","date":"Julho 5, 2021","format":false,"excerpt":"Por Samuel Carvalho Reda\u00e7\u00e3o Correio da Semana O munic\u00edpio de Guaramiranga, cidade do Maci\u00e7o de Baturit\u00e9 no interior do Cear\u00e1, se tornou, neste domingo (27), a primeira cidade do estado a vacinar toda a popula\u00e7\u00e3o adulta com pelo menos uma dose da vacina contra a Covid-19. O importante marco para\u2026","rel":"","context":"In &quot;Atualidade&quot;","block_context":{"text":"Atualidade","link":"https:\/\/correiodasemana.com\/site\/category\/atualidade\/"},"img":{"alt_text":"","src":"https:\/\/i0.wp.com\/correiodasemana.com\/site\/wp-content\/uploads\/2021\/06\/O-cadastro-e-requisito-obrigatorio-para-tomar-a-vacina-contra-a-Covid-19.jpg?resize=350%2C200&ssl=1","width":350,"height":200,"srcset":"https:\/\/i0.wp.com\/correiodasemana.com\/site\/wp-content\/uploads\/2021\/06\/O-cadastro-e-requisito-obrigatorio-para-tomar-a-vacina-contra-a-Covid-19.jpg?resize=350%2C200&ssl=1 1x, https:\/\/i0.wp.com\/correiodasemana.com\/site\/wp-content\/uploads\/2021\/06\/O-cadastro-e-requisito-obrigatorio-para-tomar-a-vacina-contra-a-Covid-19.jpg?resize=525%2C300&ssl=1 1.5x, https:\/\/i0.wp.com\/correiodasemana.com\/site\/wp-content\/uploads\/2021\/06\/O-cadastro-e-requisito-obrigatorio-para-tomar-a-vacina-contra-a-Covid-19.jpg?resize=700%2C400&ssl=1 2x, https:\/\/i0.wp.com\/correiodasemana.com\/site\/wp-content\/uploads\/2021\/06\/O-cadastro-e-requisito-obrigatorio-para-tomar-a-vacina-contra-a-Covid-19.jpg?resize=1050%2C600&ssl=1 3x"},"classes":[]},{"id":12028,"url":"https:\/\/correiodasemana.com\/site\/vacina-chinesa-contra-covid-19-comecara-a-ser-testada-amanha-em-sp\/","url_meta":{"origin":11966,"position":4},"title":"Vacina chinesa contra covid-19 come\u00e7ar\u00e1 a ser testada amanh\u00e3 em SP","author":"","date":"Julho 20, 2020","format":false,"excerpt":"Mais de 1 milh\u00e3o de pessoas se cadastraram para testes cl\u00ednicos A vacina chinesa contra o novo coronav\u00edrus, chamada de CoronaVac, come\u00e7ar\u00e1 a ser testada em volunt\u00e1rios brasileiros a partir de amanh\u00e3 (20). A vacina ser\u00e1 aplicada em 890 volunt\u00e1rios da \u00e1rea da sa\u00fade do Hospital das Cl\u00ednicas, na capital\u2026","rel":"","context":"In &quot;Atualidade&quot;","block_context":{"text":"Atualidade","link":"https:\/\/correiodasemana.com\/site\/category\/atualidade\/"},"img":{"alt_text":"","src":"https:\/\/i0.wp.com\/correiodasemana.com\/site\/wp-content\/uploads\/2020\/07\/20_07_2020_vacina_sao_paulo.jpg?resize=350%2C200&ssl=1","width":350,"height":200,"srcset":"https:\/\/i0.wp.com\/correiodasemana.com\/site\/wp-content\/uploads\/2020\/07\/20_07_2020_vacina_sao_paulo.jpg?resize=350%2C200&ssl=1 1x, https:\/\/i0.wp.com\/correiodasemana.com\/site\/wp-content\/uploads\/2020\/07\/20_07_2020_vacina_sao_paulo.jpg?resize=525%2C300&ssl=1 1.5x, https:\/\/i0.wp.com\/correiodasemana.com\/site\/wp-content\/uploads\/2020\/07\/20_07_2020_vacina_sao_paulo.jpg?resize=700%2C400&ssl=1 2x, https:\/\/i0.wp.com\/correiodasemana.com\/site\/wp-content\/uploads\/2020\/07\/20_07_2020_vacina_sao_paulo.jpg?resize=1050%2C600&ssl=1 3x"},"classes":[]},{"id":12968,"url":"https:\/\/correiodasemana.com\/site\/covid-19-16-dos-alunos-da-rede-municipal-paulista-foram-contaminados\/","url_meta":{"origin":11966,"position":5},"title":"Covid-19: 16% dos alunos da rede municipal paulista foram contaminados","author":"","date":"Agosto 18, 2020","format":false,"excerpt":"Estudo foi feito com 6 mil dos 676 mil estudantes da rede Pesquisa feita a partir da testagem de alunos da rede municipal de ensino de S\u00e3o Paulo indicou que 16,1% das crian\u00e7as e adolescentes entre 4 e 14 anos foram infectados pelo novo coronav\u00edrus e contra\u00edram a doen\u00e7a. O\u2026","rel":"","context":"In &quot;Atualidade&quot;","block_context":{"text":"Atualidade","link":"https:\/\/correiodasemana.com\/site\/category\/atualidade\/"},"img":{"alt_text":"","src":"https:\/\/i0.wp.com\/correiodasemana.com\/site\/wp-content\/uploads\/2020\/08\/sala-de-aula-vazia.jpg?resize=350%2C200&ssl=1","width":350,"height":200,"srcset":"https:\/\/i0.wp.com\/correiodasemana.com\/site\/wp-content\/uploads\/2020\/08\/sala-de-aula-vazia.jpg?resize=350%2C200&ssl=1 1x, https:\/\/i0.wp.com\/correiodasemana.com\/site\/wp-content\/uploads\/2020\/08\/sala-de-aula-vazia.jpg?resize=525%2C300&ssl=1 1.5x, https:\/\/i0.wp.com\/correiodasemana.com\/site\/wp-content\/uploads\/2020\/08\/sala-de-aula-vazia.jpg?resize=700%2C400&ssl=1 2x, https:\/\/i0.wp.com\/correiodasemana.com\/site\/wp-content\/uploads\/2020\/08\/sala-de-aula-vazia.jpg?resize=1050%2C600&ssl=1 3x"},"classes":[]}],"jetpack_sharing_enabled":true,"_links":{"self":[{"href":"https:\/\/correiodasemana.com\/site\/wp-json\/wp\/v2\/posts\/11966","targetHints":{"allow":["GET"]}}],"collection":[{"href":"https:\/\/correiodasemana.com\/site\/wp-json\/wp\/v2\/posts"}],"about":[{"href":"https:\/\/correiodasemana.com\/site\/wp-json\/wp\/v2\/types\/post"}],"author":[{"embeddable":true,"href":"https:\/\/correiodasemana.com\/site\/wp-json\/wp\/v2\/users\/1"}],"replies":[{"embeddable":true,"href":"https:\/\/correiodasemana.com\/site\/wp-json\/wp\/v2\/comments?post=11966"}],"version-history":[{"count":1,"href":"https:\/\/correiodasemana.com\/site\/wp-json\/wp\/v2\/posts\/11966\/revisions"}],"predecessor-version":[{"id":11968,"href":"https:\/\/correiodasemana.com\/site\/wp-json\/wp\/v2\/posts\/11966\/revisions\/11968"}],"wp:featuredmedia":[{"embeddable":true,"href":"https:\/\/correiodasemana.com\/site\/wp-json\/wp\/v2\/media\/11967"}],"wp:attachment":[{"href":"https:\/\/correiodasemana.com\/site\/wp-json\/wp\/v2\/media?parent=11966"}],"wp:term":[{"taxonomy":"category","embeddable":true,"href":"https:\/\/correiodasemana.com\/site\/wp-json\/wp\/v2\/categories?post=11966"},{"taxonomy":"post_tag","embeddable":true,"href":"https:\/\/correiodasemana.com\/site\/wp-json\/wp\/v2\/tags?post=11966"}],"curies":[{"name":"wp","href":"https:\/\/api.w.org\/{rel}","templated":true}]}}