{"id":11969,"date":"2020-07-19T04:24:44","date_gmt":"2020-07-19T04:24:44","guid":{"rendered":"https:\/\/correiodasemana.com\/site\/?p=11969"},"modified":"2020-07-19T04:25:24","modified_gmt":"2020-07-19T04:25:24","slug":"nova-unidade-de-atendimento-gratuito-para-suspeitos-de-covid-em-sobral","status":"publish","type":"post","link":"https:\/\/correiodasemana.com\/site\/nova-unidade-de-atendimento-gratuito-para-suspeitos-de-covid-em-sobral\/","title":{"rendered":"Nova Unidade de Atendimento gratuito para suspeitos de Covid em Sobral"},"content":{"rendered":"<p>Os indiv\u00edduos que apresentarem sintomas de coronav\u00edrus de tr\u00eas a oito dias poder\u00e3o ser atendidos por meio da telemedicina<\/p>\n<p>Com a parceria entre os projetos Rede Sol Vida e Shalom Amigo dos Pobres, foi aberto em Sobral uma unidade de atendimento para \u00a0suspeitos do novo coronav\u00edrus. Localizada na travessa General Tib\u00farcio, 107 &#8211; Centro, a iniciativa beneficiar\u00e1 gratuitamente pessoas que estejam apresentando sintomas da Covid-19 pelo per\u00edodo de tr\u00eas a oito dias.<br \/>\nPara agendar a consulta, os interessados precisam entrar em contato pelo n\u00famero da Central de Marca\u00e7\u00e3o, (88) 99344-7814. Tendo recebido a confirma\u00e7\u00e3o de hor\u00e1rio e data, os pacientes ser\u00e3o atendidos na Unidade \u00a0por meio de teleconsulta gratuita.<br \/>\nNa unidade, um membro da equipe de enfermagem realiza aferi\u00e7\u00e3o dos sinais vitais dos pacientes e acompanha a teleconsulta com o paciente e o m\u00e9dico. Todo o processo \u00e9 registrado em um prontu\u00e1rio eletr\u00f4nico e, conforme a prescri\u00e7\u00e3o m\u00e9dica, os medicamentos s\u00e3o entregues ao usu\u00e1rio.<\/p>\n<p>Projeto busca volunt\u00e1rios<br \/>\nA equipe que atua no Projeto est\u00e1 aceitando novos volunt\u00e1rios, que podem ser profissionais ou estudantes da \u00e1rea da sa\u00fade, os quais atuar\u00e3o nas atividades de verifica\u00e7\u00e3o de sinais vitais, atendimento e acolhimento de pessoas j\u00e1 agendadas. Quem quiser se tornar um volunt\u00e1rio, pode entrar em contato pelo fone (88) 993447814.<br \/>\nOutra forma de contribuir \u00e9 realizando doa\u00e7\u00e3o de algum valor que ser\u00e1 destinado \u00e0 compra de insumos.<\/p>\n<p>Projeto \u00a0Rede Sol Vidas<br \/>\nCriado neste tempo de Pandemia para auxiliar no enfrentamento do Covid-19, o projeto conta com a parceria de m\u00e9dicos volunt\u00e1rios de Sobral e Fortaleza. Em Sobral, a iniciativa conta tamb\u00e9m com a ades\u00e3o da Comunidade Cat\u00f3lica Rainha da Paz, que realiza atendimento no bairro Padre Palhano e na Fazenda da Esperan\u00e7a.<br \/>\nO Rede Sol Vidas segue protocolo de atendimento elaborado pelo m\u00e9dico e ex-secret\u00e1rio de Sa\u00fade do Estado do Cear\u00e1, Anast\u00e1cio Queiroz, juntamente \u00a0com equipes de m\u00e9dicos do estado do Cear\u00e1. A rede pretende atuar de forma a diminuir as poss\u00edveis complica\u00e7\u00f5es do Covid19 e assim contribuir com a dignidade humana no estado.<br \/>\nPor Socorrinha Mouta<\/p>\n","protected":false},"excerpt":{"rendered":"<p>Os indiv\u00edduos que apresentarem sintomas de coronav\u00edrus de tr\u00eas a oito dias poder\u00e3o ser atendidos&#8230;<\/p>\n","protected":false},"author":1,"featured_media":11970,"comment_status":"open","ping_status":"open","sticky":false,"template":"","format":"standard","meta":{"_jetpack_memberships_contains_paid_content":false,"footnotes":"","jetpack_publicize_message":"","jetpack_publicize_feature_enabled":true,"jetpack_social_post_already_shared":true,"jetpack_social_options":{"image_generator_settings":{"template":"highway","default_image_id":0,"font":"","enabled":false},"version":2}},"categories":[1],"tags":[],"class_list":["post-11969","post","type-post","status-publish","format-standard","has-post-thumbnail","hentry","category-atualidade"],"jetpack_publicize_connections":[],"jetpack_featured_media_url":"https:\/\/correiodasemana.com\/site\/wp-content\/uploads\/2020\/07\/WhatsApp-Image-2020-07-16-at-16.49.41.jpeg","jetpack-related-posts":[{"id":11286,"url":"https:\/\/correiodasemana.com\/site\/complexo-santa-casa-de-misericordia-de-sobral-adota-medidas-para-evitar-novo-coronavirus\/","url_meta":{"origin":11969,"position":0},"title":"Complexo Santa Casa de Miseric\u00f3rdia de Sobral adota medidas para evitar Novo Coronav\u00edrus","author":"","date":"Mar\u00e7o 24, 2020","format":false,"excerpt":"Al\u00e9m das medidas necess\u00e1rias diante do cen\u00e1rio de pandemia, o Complexo SCMS tamb\u00e9m desenvolveu seu fluxo de atendimento e condu\u00e7\u00e3o caso haja casos suspeitos ou confirmados da COVID-19. Assessoria de Comunica\u00e7\u00e3o do Complexo SCMS Sendo refer\u00eancia de sa\u00fade para Sobral e regi\u00e3o, a Santa Casa de Miseric\u00f3rdia de Sobral (SCMS),\u2026","rel":"","context":"In &quot;Atualidade&quot;","block_context":{"text":"Atualidade","link":"https:\/\/correiodasemana.com\/site\/category\/atualidade\/"},"img":{"alt_text":"","src":"https:\/\/i0.wp.com\/correiodasemana.com\/site\/wp-content\/uploads\/2020\/03\/Foto-1-2-scaled.jpg?resize=350%2C200&ssl=1","width":350,"height":200,"srcset":"https:\/\/i0.wp.com\/correiodasemana.com\/site\/wp-content\/uploads\/2020\/03\/Foto-1-2-scaled.jpg?resize=350%2C200&ssl=1 1x, https:\/\/i0.wp.com\/correiodasemana.com\/site\/wp-content\/uploads\/2020\/03\/Foto-1-2-scaled.jpg?resize=525%2C300&ssl=1 1.5x, https:\/\/i0.wp.com\/correiodasemana.com\/site\/wp-content\/uploads\/2020\/03\/Foto-1-2-scaled.jpg?resize=700%2C400&ssl=1 2x, https:\/\/i0.wp.com\/correiodasemana.com\/site\/wp-content\/uploads\/2020\/03\/Foto-1-2-scaled.jpg?resize=1050%2C600&ssl=1 3x, https:\/\/i0.wp.com\/correiodasemana.com\/site\/wp-content\/uploads\/2020\/03\/Foto-1-2-scaled.jpg?resize=1400%2C800&ssl=1 4x"},"classes":[]},{"id":11462,"url":"https:\/\/correiodasemana.com\/site\/pacientes-que-venceram-o-coronavirus-sobral-registra-456-pessoas-recuperadas\/","url_meta":{"origin":11969,"position":1},"title":"Pacientes que venceram o coronav\u00edrus; Sobral registra 456 pessoas recuperadas","author":"","date":"Maio 30, 2020","format":false,"excerpt":"A doen\u00e7a deixa assintom\u00e1ticos, casos com sintomas leves, similares aos de uma gripe, e pessoas que precisam de cuidados especiais pois apresentam sintomas graves, como insufici\u00eancia respirat\u00f3ria. Por Thais Menezes e Correio da Semana At\u00e9 o fechamento desta edi\u00e7\u00e3o, realizado na quinta-feira (28), Sobral registrava 456 casos recuperados e 60\u2026","rel":"","context":"In &quot;Santa Casa&quot;","block_context":{"text":"Santa Casa","link":"https:\/\/correiodasemana.com\/site\/category\/santa-casa\/"},"img":{"alt_text":"","src":"https:\/\/i0.wp.com\/correiodasemana.com\/site\/wp-content\/uploads\/2020\/05\/WhatsApp-Image-2020-05-28-at-19.19.08-1.jpeg?resize=350%2C200&ssl=1","width":350,"height":200,"srcset":"https:\/\/i0.wp.com\/correiodasemana.com\/site\/wp-content\/uploads\/2020\/05\/WhatsApp-Image-2020-05-28-at-19.19.08-1.jpeg?resize=350%2C200&ssl=1 1x, https:\/\/i0.wp.com\/correiodasemana.com\/site\/wp-content\/uploads\/2020\/05\/WhatsApp-Image-2020-05-28-at-19.19.08-1.jpeg?resize=525%2C300&ssl=1 1.5x, https:\/\/i0.wp.com\/correiodasemana.com\/site\/wp-content\/uploads\/2020\/05\/WhatsApp-Image-2020-05-28-at-19.19.08-1.jpeg?resize=700%2C400&ssl=1 2x"},"classes":[]},{"id":20356,"url":"https:\/\/correiodasemana.com\/site\/unidade-movel-de-testagem-da-covid-19-inicia-atendimento\/","url_meta":{"origin":11969,"position":2},"title":"Unidade M\u00f3vel de Testagem  da Covid-19 inicia atendimento","author":"","date":"Julho 11, 2022","format":false,"excerpt":"Os testes devem ser agendados online Desde quarta-feira (06\/07), uma Unidade M\u00f3vel de Testagem para realiza\u00e7\u00e3o de exames de detec\u00e7\u00e3o da Covid-19 est\u00e1 na Prefeitura de Sobral realizando testes em pessoas sintom\u00e1ticas que tenham realizado o agendamento. A unidade funcionar\u00e1 das 8h \u00e0s 12h e das 14h \u00e0s 17h. O\u2026","rel":"","context":"In &quot;Atualidade&quot;","block_context":{"text":"Atualidade","link":"https:\/\/correiodasemana.com\/site\/category\/atualidade\/"},"img":{"alt_text":"","src":"https:\/\/i0.wp.com\/correiodasemana.com\/site\/wp-content\/uploads\/2022\/07\/26937b72-e430-41e9-bae2-ca6c9b6f8672.jpg?resize=350%2C200&ssl=1","width":350,"height":200,"srcset":"https:\/\/i0.wp.com\/correiodasemana.com\/site\/wp-content\/uploads\/2022\/07\/26937b72-e430-41e9-bae2-ca6c9b6f8672.jpg?resize=350%2C200&ssl=1 1x, https:\/\/i0.wp.com\/correiodasemana.com\/site\/wp-content\/uploads\/2022\/07\/26937b72-e430-41e9-bae2-ca6c9b6f8672.jpg?resize=525%2C300&ssl=1 1.5x, https:\/\/i0.wp.com\/correiodasemana.com\/site\/wp-content\/uploads\/2022\/07\/26937b72-e430-41e9-bae2-ca6c9b6f8672.jpg?resize=700%2C400&ssl=1 2x, https:\/\/i0.wp.com\/correiodasemana.com\/site\/wp-content\/uploads\/2022\/07\/26937b72-e430-41e9-bae2-ca6c9b6f8672.jpg?resize=1050%2C600&ssl=1 3x"},"classes":[]},{"id":18877,"url":"https:\/\/correiodasemana.com\/site\/periodo-chuvoso-traz-de-volta-dengue-zika-e-chikungunya-saiba-como-evitar\/","url_meta":{"origin":11969,"position":3},"title":"Per\u00edodo chuvoso traz de volta dengue, zika e chikungunya: Saiba como evitar","author":"","date":"Fevereiro 14, 2022","format":false,"excerpt":"Por Samuel Carvalho Reda\u00e7\u00e3o Correio da Semana O periodo chuvoso do ano, que ja come\u00e7o, acaba favorecendo um ambiente mais adequado para a prolifera\u00e7\u00e3o do mosquito Aedes aegypti, que \u00e9 o principal respons\u00e1vel pela transmiss\u00e3o da dengue, zika e chikungunya. Essas doen\u00e7as s\u00e3o as principais arboviroses presentes no estado do\u2026","rel":"","context":"In &quot;Atualidade&quot;","block_context":{"text":"Atualidade","link":"https:\/\/correiodasemana.com\/site\/category\/atualidade\/"},"img":{"alt_text":"","src":"https:\/\/i0.wp.com\/correiodasemana.com\/site\/wp-content\/uploads\/2022\/02\/mosquito-1332382-1280.jpg?resize=350%2C200&ssl=1","width":350,"height":200,"srcset":"https:\/\/i0.wp.com\/correiodasemana.com\/site\/wp-content\/uploads\/2022\/02\/mosquito-1332382-1280.jpg?resize=350%2C200&ssl=1 1x, https:\/\/i0.wp.com\/correiodasemana.com\/site\/wp-content\/uploads\/2022\/02\/mosquito-1332382-1280.jpg?resize=525%2C300&ssl=1 1.5x, https:\/\/i0.wp.com\/correiodasemana.com\/site\/wp-content\/uploads\/2022\/02\/mosquito-1332382-1280.jpg?resize=700%2C400&ssl=1 2x, https:\/\/i0.wp.com\/correiodasemana.com\/site\/wp-content\/uploads\/2022\/02\/mosquito-1332382-1280.jpg?resize=1050%2C600&ssl=1 3x"},"classes":[]},{"id":29215,"url":"https:\/\/correiodasemana.com\/site\/hrn-promove-encontro-para-atualizacao-de-fluxo-de-encaminhamento-de-pacientes-com-avc\/","url_meta":{"origin":11969,"position":4},"title":"HRN promove encontro para atualiza\u00e7\u00e3o de fluxo de encaminhamento de pacientes com AVC","author":"adminredacao","date":"Maio 13, 2024","format":false,"excerpt":"O Hospital Regional Norte (HRN), unidade da Secretaria da Sa\u00fade do Cear\u00e1 (Sesa), administrada pelo Instituto de Sa\u00fade e Gest\u00e3o Hospitalar (ISGH), em Sobral, promoveu na ter\u00e7a-feira (7) o Encontro de Atualiza\u00e7\u00e3o de Fluxo de Encaminhamento de Pacientes para a unidade de atendimento a pacientes v\u00edtimas de Acidente Vascular Cerebral\u2026","rel":"","context":"In &quot;Atualidade&quot;","block_context":{"text":"Atualidade","link":"https:\/\/correiodasemana.com\/site\/category\/atualidade\/"},"img":{"alt_text":"","src":"https:\/\/i0.wp.com\/correiodasemana.com\/site\/wp-content\/uploads\/2024\/05\/a-150x150.jpg?resize=350%2C200&ssl=1","width":350,"height":200},"classes":[]},{"id":18524,"url":"https:\/\/correiodasemana.com\/site\/avanco-de-casos-positivos-para-covid-com-sintomas-leves-e-influenza-geram-alerta-em-todo-o-brasil\/","url_meta":{"origin":11969,"position":5},"title":"Avan\u00e7o de casos positivos para Covid com sintomas leves e influenza geram alerta em todo o Brasil","author":"","date":"Janeiro 10, 2022","format":false,"excerpt":"Por Samuel Carvalho Reda\u00e7\u00e3o Correio da Semana Segundo dados do Conselho Nacional de Secret\u00e1rios de Sa\u00fade (Conass), em uma semana, o n\u00famero de infec\u00e7\u00f5es pela doen\u00e7a praticamente dobrou no pa\u00eds: em 27 de dezembro, a m\u00e9dia m\u00f3vel de contamina\u00e7\u00f5es era de 4.346; nesta segunda-feira (3\/1), o indicador registrou 8.400 \u2014\u2026","rel":"","context":"In &quot;Atualidade&quot;","block_context":{"text":"Atualidade","link":"https:\/\/correiodasemana.com\/site\/category\/atualidade\/"},"img":{"alt_text":"","src":"https:\/\/i0.wp.com\/correiodasemana.com\/site\/wp-content\/uploads\/2022\/01\/7253_bae1d03d-5e41-3bd5-9f0f-83983390d543.jpg?resize=350%2C200&ssl=1","width":350,"height":200,"srcset":"https:\/\/i0.wp.com\/correiodasemana.com\/site\/wp-content\/uploads\/2022\/01\/7253_bae1d03d-5e41-3bd5-9f0f-83983390d543.jpg?resize=350%2C200&ssl=1 1x, https:\/\/i0.wp.com\/correiodasemana.com\/site\/wp-content\/uploads\/2022\/01\/7253_bae1d03d-5e41-3bd5-9f0f-83983390d543.jpg?resize=525%2C300&ssl=1 1.5x, https:\/\/i0.wp.com\/correiodasemana.com\/site\/wp-content\/uploads\/2022\/01\/7253_bae1d03d-5e41-3bd5-9f0f-83983390d543.jpg?resize=700%2C400&ssl=1 2x"},"classes":[]}],"jetpack_sharing_enabled":true,"_links":{"self":[{"href":"https:\/\/correiodasemana.com\/site\/wp-json\/wp\/v2\/posts\/11969","targetHints":{"allow":["GET"]}}],"collection":[{"href":"https:\/\/correiodasemana.com\/site\/wp-json\/wp\/v2\/posts"}],"about":[{"href":"https:\/\/correiodasemana.com\/site\/wp-json\/wp\/v2\/types\/post"}],"author":[{"embeddable":true,"href":"https:\/\/correiodasemana.com\/site\/wp-json\/wp\/v2\/users\/1"}],"replies":[{"embeddable":true,"href":"https:\/\/correiodasemana.com\/site\/wp-json\/wp\/v2\/comments?post=11969"}],"version-history":[{"count":1,"href":"https:\/\/correiodasemana.com\/site\/wp-json\/wp\/v2\/posts\/11969\/revisions"}],"predecessor-version":[{"id":11971,"href":"https:\/\/correiodasemana.com\/site\/wp-json\/wp\/v2\/posts\/11969\/revisions\/11971"}],"wp:featuredmedia":[{"embeddable":true,"href":"https:\/\/correiodasemana.com\/site\/wp-json\/wp\/v2\/media\/11970"}],"wp:attachment":[{"href":"https:\/\/correiodasemana.com\/site\/wp-json\/wp\/v2\/media?parent=11969"}],"wp:term":[{"taxonomy":"category","embeddable":true,"href":"https:\/\/correiodasemana.com\/site\/wp-json\/wp\/v2\/categories?post=11969"},{"taxonomy":"post_tag","embeddable":true,"href":"https:\/\/correiodasemana.com\/site\/wp-json\/wp\/v2\/tags?post=11969"}],"curies":[{"name":"wp","href":"https:\/\/api.w.org\/{rel}","templated":true}]}}