{"id":11972,"date":"2020-07-19T04:27:12","date_gmt":"2020-07-19T04:27:12","guid":{"rendered":"https:\/\/correiodasemana.com\/site\/?p=11972"},"modified":"2020-07-19T04:27:55","modified_gmt":"2020-07-19T04:27:55","slug":"em-tempo-40","status":"publish","type":"post","link":"https:\/\/correiodasemana.com\/site\/em-tempo-40\/","title":{"rendered":"Em Tempo"},"content":{"rendered":"<p><strong>F\u00f3ssil de dinossauro encontrado no Cear\u00e1<\/strong><br \/>\nPesquisadores da Universidade Federal de Pernambuco, do Museu Nacional e da Universidade Regional do Cariri apresentaram no dia 10 de julho,\u00a0f\u00f3ssil de dinossauro\u00a0de uma esp\u00e9cie in\u00e9dita encontrado em 2008 na unidade geol\u00f3gica Forma\u00e7\u00e3o Romualdo, no\u00a0Cear\u00e1.<br \/>\nTrata-se do Aratasaurus museunacionali, animal terrestre e carn\u00edvoro, de m\u00e9dio porte, chegando aos 3,12 metros. F\u00f3ssil tem entre 110\u00a0e 115\u00a0milh\u00f5es de anos. Apenas a pata direita traseira do animal est\u00e1 preservada. Pesquisa\u00a0foi publicada\u00a0na revista Scientific Reports.<\/p>\n<p><strong>Pr\u00eamio Euro Inova\u00e7\u00e3o em Sa\u00fade 2020<\/strong><br \/>\nUso da\u00a0pele da til\u00e1pia\u00a0para tratamento de queimaduras e outras aplica\u00e7\u00f5es na medicina, projeto do N\u00facleo de Pesquisa e Desenvolvimento de Medicamentos da\u00a0Universidade Federal do Cear\u00e1, est\u00e1 concorrendo ao primeiro lugar no\u00a0Pr\u00eamio Euro Inova\u00e7\u00e3o em Sa\u00fade 2020.<br \/>\nO estudo cearense concorre \u00e0 posi\u00e7\u00e3o ap\u00f3s disputar com mais de 1500 inscritos e ficar entre os 10 melhores. A vota\u00e7\u00e3o segue em andamento; no entanto, apenas m\u00e9dicos podem participar. \u00c9 preciso acessar o link:\u00a0https:\/\/premioeuro.com.br\/cadastro\/medico.<\/p>\n<p><strong>Expans\u00e3o do Campus da UFC Sobral<\/strong><br \/>\nFoto- Viktor Braga\/UFC<\/p>\n<p><strong>Reitor C\u00e2ndido Albuquerque, prefeito Ivo Gomes e o chefe de gabinete David Duarte<\/strong><br \/>\nReitor da Universidade Federal do Cear\u00e1, professor C\u00e2ndido Albuquerque, recebeu, em audi\u00eancia, no dia 10 de julho, o prefeito Ivo Ferreira Gomes. Na pauta, a\u00a0expans\u00e3o f\u00edsica do Campus\u00a0da UFC,\u00a0criado\u00a0em 2006, que hoje abriga\u00a0oito cursos de gradua\u00e7\u00e3o em Sobral.<br \/>\nDentre as futuras inova\u00e7\u00f5es e reformas, que devem ocorrer em breve, est\u00e1 a\u00a0constru\u00e7\u00e3o do biot\u00e9rio, que servir\u00e1 aos cursos de Medicina, Odontologia e programas de p\u00f3s-gradua\u00e7\u00e3o nas \u00e1reas de ci\u00eancias biol\u00f3gicas e de sa\u00fade. Outra prioridade \u00e9 a\u00a0conclus\u00e3o do bloco did\u00e1tico.<\/p>\n<p><strong>Resid\u00eancia M\u00e9dica em Anestesiologia<\/strong><br \/>\nO Programa de Resid\u00eancia M\u00e9dica em Anestesiologia da Santa Casa de Sobral foi reconhecido pela revista European Journal of Anaesthesiology com a publica\u00e7\u00e3o do artigo \u201cAnestesia para gestante portadora de Miastenia Gravis e Esclerodermia: Relato de caso\u201d.<br \/>\nO artigo est\u00e1 dispon\u00edvel no site:\u00a0journals.lww.com\/ejanaesthesiology\/. Foi publicado na edi\u00e7\u00e3o de junho e traz uma discuss\u00e3o sobre o caso de pacientes gestantes com miastenia gravis, uma doen\u00e7a causada por uma falha de comunica\u00e7\u00e3o entre os nervos e os m\u00fasculos.<\/p>\n<p><strong>Distribui\u00e7\u00e3o de mudas por drive thru<\/strong><br \/>\nPara continuidade \u00e0s atividades de arboriza\u00e7\u00e3o urbana em Sobral, a Ag\u00eancia Municipal do Meio Ambiente (AMA) adotou o modelo \u201cdrive thru\u201d, com o uso de e-mail, para distribui\u00e7\u00e3o de mudas. \u00c9 poss\u00edvel tamb\u00e9m o plantio de mudas em casa ou na rua do solicitante.<br \/>\nPor meio do e-mail\u00a0parquesejardins@sobral.ce.gov.br\u00a0\u00e9 poss\u00edvel solicitar uma muda e, ap\u00f3s confirma\u00e7\u00e3o de disponibilidade da esp\u00e9cie, ser\u00e3o informados data e hor\u00e1rio de retirada da muda na sede da AMA ou no Horto Municipal Jos\u00e9 Cysne Frota, no distrito do Bonfim.<\/p>\n<p><strong>Dica da Coluna<\/strong><br \/>\nLeia o Blog do Edilson (www.blogdoedilson.com.br). Cultura, educa\u00e7\u00e3o, pol\u00edtica e utilidade p\u00fablica.<\/p>\n","protected":false},"excerpt":{"rendered":"<p>F\u00f3ssil de dinossauro encontrado no Cear\u00e1 Pesquisadores da Universidade Federal de Pernambuco, do Museu Nacional&#8230;<\/p>\n","protected":false},"author":1,"featured_media":11973,"comment_status":"open","ping_status":"open","sticky":false,"template":"","format":"standard","meta":{"_jetpack_memberships_contains_paid_content":false,"footnotes":"","jetpack_publicize_message":"","jetpack_publicize_feature_enabled":true,"jetpack_social_post_already_shared":true,"jetpack_social_options":{"image_generator_settings":{"template":"highway","default_image_id":0,"font":"","enabled":false},"version":2}},"categories":[11,36],"tags":[],"class_list":["post-11972","post","type-post","status-publish","format-standard","has-post-thumbnail","hentry","category-artigos","category-em-tempo"],"jetpack_publicize_connections":[],"jetpack_featured_media_url":"https:\/\/correiodasemana.com\/site\/wp-content\/uploads\/2020\/07\/ft_200710_ivo_gomes_gr-2.png","jetpack-related-posts":[{"id":15087,"url":"https:\/\/correiodasemana.com\/site\/em-tempo-61\/","url_meta":{"origin":11972,"position":0},"title":"Em Tempo","author":"","date":"Dezembro 20, 2020","format":false,"excerpt":"Museu de Paleontologia da Urca O\u00a0f\u00f3ssil\u00a0da esp\u00e9cie de\u00a0dinossauro\u00a0Aratasaurus museunacionali, encontrado em 2008 na mina Pedra Branca, em\u00a0Santana do Cariri, no\u00a0Cear\u00e1, foi\u00a0devolvido ao\u00a0Museu de Paleontologia Pl\u00e1cido Cidade Nuvens, da Universidade Regional do Cariri (Urca), no dia 6 de dezembro. O\u00a0vest\u00edgio hist\u00f3rico\u00a0pertence \u00e0 esp\u00e9cie mais antiga de dinossauro\u00a0j\u00e1 encontrada na Bacia do\u2026","rel":"","context":"In &quot;Artigos&quot;","block_context":{"text":"Artigos","link":"https:\/\/correiodasemana.com\/site\/category\/artigos\/"},"img":{"alt_text":"","src":"https:\/\/i0.wp.com\/correiodasemana.com\/site\/wp-content\/uploads\/2019\/12\/FOTO-EDILSON-SILVA-2.jpg?resize=350%2C200&ssl=1","width":350,"height":200,"srcset":"https:\/\/i0.wp.com\/correiodasemana.com\/site\/wp-content\/uploads\/2019\/12\/FOTO-EDILSON-SILVA-2.jpg?resize=350%2C200&ssl=1 1x, https:\/\/i0.wp.com\/correiodasemana.com\/site\/wp-content\/uploads\/2019\/12\/FOTO-EDILSON-SILVA-2.jpg?resize=525%2C300&ssl=1 1.5x, https:\/\/i0.wp.com\/correiodasemana.com\/site\/wp-content\/uploads\/2019\/12\/FOTO-EDILSON-SILVA-2.jpg?resize=700%2C400&ssl=1 2x"},"classes":[]},{"id":13897,"url":"https:\/\/correiodasemana.com\/site\/em-tempo-51\/","url_meta":{"origin":11972,"position":1},"title":"Em Tempo","author":"","date":"Outubro 4, 2020","format":false,"excerpt":"Dynamite de M\u00fasica Independente Realizado pela primeira vez em 2014, o Maloca Drag\u00e3o consolidou-se como o maior festival de artes integradas do Cear\u00e1. Em sua quinta edi\u00e7\u00e3o, o festival conquistou o p\u00fablico cearense e virou refer\u00eancia de uma das mais importantes celebra\u00e7\u00f5es art\u00edsticas do Brasil. Com esse reconhecimento, Maloca Drag\u00e3o\u2026","rel":"","context":"In &quot;Artigos&quot;","block_context":{"text":"Artigos","link":"https:\/\/correiodasemana.com\/site\/category\/artigos\/"},"img":{"alt_text":"","src":"https:\/\/i0.wp.com\/correiodasemana.com\/site\/wp-content\/uploads\/2019\/12\/FOTO-EDILSON-SILVA-2.jpg?resize=350%2C200&ssl=1","width":350,"height":200,"srcset":"https:\/\/i0.wp.com\/correiodasemana.com\/site\/wp-content\/uploads\/2019\/12\/FOTO-EDILSON-SILVA-2.jpg?resize=350%2C200&ssl=1 1x, https:\/\/i0.wp.com\/correiodasemana.com\/site\/wp-content\/uploads\/2019\/12\/FOTO-EDILSON-SILVA-2.jpg?resize=525%2C300&ssl=1 1.5x, https:\/\/i0.wp.com\/correiodasemana.com\/site\/wp-content\/uploads\/2019\/12\/FOTO-EDILSON-SILVA-2.jpg?resize=700%2C400&ssl=1 2x"},"classes":[]},{"id":13642,"url":"https:\/\/correiodasemana.com\/site\/divulgados-dados-ineditos-sobre-dinossauro-brasileiro\/","url_meta":{"origin":11972,"position":2},"title":"Divulgados dados in\u00e9ditos sobre dinossauro brasileiro","author":"","date":"Setembro 21, 2020","format":false,"excerpt":"Por Joc\u00e9lio Tavares. Com informa\u00e7\u00f5es da Ag\u00eancia Brasil. Pesquisadores do Museu Nacional, no Rio de Janeiro, divulgaram, na \u00faltima ter\u00e7a-feira (15\/09), dados in\u00e9ditos de uma pesquisa sobre o crescimento \u00f3sseo da esp\u00e9cie do dinossauro Vespersaurus paranaensis. O estudo foi conduzido em parceria com Centro Paleontol\u00f3gico da Universidade do Contestado, em\u2026","rel":"","context":"In &quot;Atualidade&quot;","block_context":{"text":"Atualidade","link":"https:\/\/correiodasemana.com\/site\/category\/atualidade\/"},"img":{"alt_text":"","src":"https:\/\/i0.wp.com\/correiodasemana.com\/site\/wp-content\/uploads\/2020\/09\/atividade_de_campo_em_cruzeiro_do_oeste_coordenado_pelo_cenpaleo_e_o_museu_nacional_ufrj_2_-_credito_cenpaleo.jpg?resize=350%2C200&ssl=1","width":350,"height":200,"srcset":"https:\/\/i0.wp.com\/correiodasemana.com\/site\/wp-content\/uploads\/2020\/09\/atividade_de_campo_em_cruzeiro_do_oeste_coordenado_pelo_cenpaleo_e_o_museu_nacional_ufrj_2_-_credito_cenpaleo.jpg?resize=350%2C200&ssl=1 1x, https:\/\/i0.wp.com\/correiodasemana.com\/site\/wp-content\/uploads\/2020\/09\/atividade_de_campo_em_cruzeiro_do_oeste_coordenado_pelo_cenpaleo_e_o_museu_nacional_ufrj_2_-_credito_cenpaleo.jpg?resize=525%2C300&ssl=1 1.5x, https:\/\/i0.wp.com\/correiodasemana.com\/site\/wp-content\/uploads\/2020\/09\/atividade_de_campo_em_cruzeiro_do_oeste_coordenado_pelo_cenpaleo_e_o_museu_nacional_ufrj_2_-_credito_cenpaleo.jpg?resize=700%2C400&ssl=1 2x, https:\/\/i0.wp.com\/correiodasemana.com\/site\/wp-content\/uploads\/2020\/09\/atividade_de_campo_em_cruzeiro_do_oeste_coordenado_pelo_cenpaleo_e_o_museu_nacional_ufrj_2_-_credito_cenpaleo.jpg?resize=1050%2C600&ssl=1 3x"},"classes":[]},{"id":17601,"url":"https:\/\/correiodasemana.com\/site\/em-tempo-101\/","url_meta":{"origin":11972,"position":3},"title":"Em Tempo","author":"","date":"Setembro 26, 2021","format":false,"excerpt":"Museu recebe pterossauro O Museu de Paleontologia Pl\u00e1cido Cidade Nuvens, da Universidade Regional do Cariri (Urca), recebeu o f\u00f3ssil de um pterossauro da esp\u00e9cie\u00a0Caiuajara dobruskii, que foi coletado em 2014 no Paran\u00e1.\u00a0O f\u00f3ssil foi encontrado no munic\u00edpio de Cruzeiro do Oeste (PR). A esp\u00e9cie pertence \u00e0 fam\u00edlia\u00a0Tapejaridae, que tem representantes\u2026","rel":"","context":"In &quot;Em Tempo&quot;","block_context":{"text":"Em Tempo","link":"https:\/\/correiodasemana.com\/site\/category\/em-tempo\/"},"img":{"alt_text":"","src":"https:\/\/i0.wp.com\/correiodasemana.com\/site\/wp-content\/uploads\/2019\/12\/FOTO-EDILSON-SILVA-2.jpg?resize=350%2C200&ssl=1","width":350,"height":200,"srcset":"https:\/\/i0.wp.com\/correiodasemana.com\/site\/wp-content\/uploads\/2019\/12\/FOTO-EDILSON-SILVA-2.jpg?resize=350%2C200&ssl=1 1x, https:\/\/i0.wp.com\/correiodasemana.com\/site\/wp-content\/uploads\/2019\/12\/FOTO-EDILSON-SILVA-2.jpg?resize=525%2C300&ssl=1 1.5x, https:\/\/i0.wp.com\/correiodasemana.com\/site\/wp-content\/uploads\/2019\/12\/FOTO-EDILSON-SILVA-2.jpg?resize=700%2C400&ssl=1 2x"},"classes":[]},{"id":18826,"url":"https:\/\/correiodasemana.com\/site\/em-tempo-119\/","url_meta":{"origin":11972,"position":4},"title":"Em Tempo","author":"","date":"Fevereiro 7, 2022","format":false,"excerpt":"36 mil raios no Cear\u00e1 em janeiro A Enel, distribuidora de energia el\u00e9trica no Cear\u00e1, contabilizou no m\u00eas de janeiro\u00a036.210 raios\u00a0em todo o Estado, por meio do Sistema de Monitoramento e Alerta que registra as descargas atmosf\u00e9ricas. Entre as macrorregi\u00f5es mais afetadas, Vale do Jaguaribe lidera com 5.880 raios. At\u00e9\u2026","rel":"","context":"In &quot;Artigos&quot;","block_context":{"text":"Artigos","link":"https:\/\/correiodasemana.com\/site\/category\/artigos\/"},"img":{"alt_text":"","src":"https:\/\/i0.wp.com\/correiodasemana.com\/site\/wp-content\/uploads\/2022\/02\/Fest-Meruoca-2006-10-300x199.jpg?resize=350%2C200&ssl=1","width":350,"height":200},"classes":[]},{"id":19801,"url":"https:\/\/correiodasemana.com\/site\/em-tempo-133\/","url_meta":{"origin":11972,"position":5},"title":"Em Tempo","author":"","date":"Maio 16, 2022","format":false,"excerpt":"Concurso para professor da UVA Universidade Estadual Vale do Acara\u00fa recebe inscri\u00e7\u00f5es at\u00e9 19 de maio para o concurso p\u00fablico de professor efetivo, exclusivamente pela Internet, no endere\u00e7o\u00a0concursos.uvanet.br. S\u00e3o 145 vagas distribu\u00eddas nos campi da UVA em Sobral, S\u00e3o Benedito, Acara\u00fa e Camocim. De acordo com o cronograma divulgado, a\u2026","rel":"","context":"In &quot;Artigos&quot;","block_context":{"text":"Artigos","link":"https:\/\/correiodasemana.com\/site\/category\/artigos\/"},"img":{"alt_text":"","src":"https:\/\/i0.wp.com\/correiodasemana.com\/site\/wp-content\/uploads\/2022\/05\/DFB-Festival-2022-1-300x169.jpg?resize=350%2C200&ssl=1","width":350,"height":200},"classes":[]}],"jetpack_sharing_enabled":true,"_links":{"self":[{"href":"https:\/\/correiodasemana.com\/site\/wp-json\/wp\/v2\/posts\/11972","targetHints":{"allow":["GET"]}}],"collection":[{"href":"https:\/\/correiodasemana.com\/site\/wp-json\/wp\/v2\/posts"}],"about":[{"href":"https:\/\/correiodasemana.com\/site\/wp-json\/wp\/v2\/types\/post"}],"author":[{"embeddable":true,"href":"https:\/\/correiodasemana.com\/site\/wp-json\/wp\/v2\/users\/1"}],"replies":[{"embeddable":true,"href":"https:\/\/correiodasemana.com\/site\/wp-json\/wp\/v2\/comments?post=11972"}],"version-history":[{"count":1,"href":"https:\/\/correiodasemana.com\/site\/wp-json\/wp\/v2\/posts\/11972\/revisions"}],"predecessor-version":[{"id":11974,"href":"https:\/\/correiodasemana.com\/site\/wp-json\/wp\/v2\/posts\/11972\/revisions\/11974"}],"wp:featuredmedia":[{"embeddable":true,"href":"https:\/\/correiodasemana.com\/site\/wp-json\/wp\/v2\/media\/11973"}],"wp:attachment":[{"href":"https:\/\/correiodasemana.com\/site\/wp-json\/wp\/v2\/media?parent=11972"}],"wp:term":[{"taxonomy":"category","embeddable":true,"href":"https:\/\/correiodasemana.com\/site\/wp-json\/wp\/v2\/categories?post=11972"},{"taxonomy":"post_tag","embeddable":true,"href":"https:\/\/correiodasemana.com\/site\/wp-json\/wp\/v2\/tags?post=11972"}],"curies":[{"name":"wp","href":"https:\/\/api.w.org\/{rel}","templated":true}]}}