{"id":11975,"date":"2020-07-19T04:28:52","date_gmt":"2020-07-19T04:28:52","guid":{"rendered":"https:\/\/correiodasemana.com\/site\/?p=11975"},"modified":"2020-07-19T04:28:52","modified_gmt":"2020-07-19T04:28:52","slug":"padre-antonio-mauricio-melo","status":"publish","type":"post","link":"https:\/\/correiodasemana.com\/site\/padre-antonio-mauricio-melo\/","title":{"rendered":"PADRE ANTONIO MAUR\u00cdCIO MELO"},"content":{"rendered":"<p>Dia 10 \u00faltimo, sexta-feira, que nos remete ao Santo Sacrif\u00edcio de Nosso Senhor Jesus Cristo, \u00e0s 11 horas, faleceu o Padre Antonio Maur\u00edcio Melo, no Hospital de Guaraciaba do Norte, Cear\u00e1, em consequ\u00eancia de um c\u00e2ncer. Pe. Maur\u00edcio era o mais idoso dos sacerdotes filhos de Guaraciaba do Norte e o \u00fanico ainda vivo, ordenado na \u00e9poca em que a Par\u00f3quia de Nossa Senhora dos Prazeres pertencia \u00e0 Diocese de Sobral, no paroquiato de Mons. Antonino Cordeiro Soares, a quem Pe. Maur\u00edcio devotava respeito e admira\u00e7\u00e3o.<br \/>\nEle nasceu no dia 23\/01\/1931, na cidade de Guaraciaba do Norte, ent\u00e3o Campo Grande, filho do Cel. Adriano Ribeiro Melo e de dona Gon\u00e7ala Ribeiro do Amaral. Foi batizado, solenemente, na Matriz de Nossa Senhora dos Prazeres, pelo Pe. Nelson Nogueira Mota, no dia 08\/02\/1931.<br \/>\nEstudou as primeiras letras em Guaraciaba do Norte e, em 1945, ingressou no Semin\u00e1rio S\u00e3o Jos\u00e9, de Sobral, onde se matriculou em 8 de fevereiro, anivers\u00e1rio de seu batizado. No Semin\u00e1rio de Sobral, concluiu o Curso de Humanidades, em 1951, ingressando, no ano seguinte, no Semin\u00e1rio da Pra\u00ednha, em Fortaleza. Ali concluiu Filosofia e Teologia.<br \/>\nFoi ordenado Sacerdote por Dom Jos\u00e9 Bezerra Coutinho, ent\u00e3o Bispo Auxiliar da Diocese de Sobral, na Igreja da S\u00e9 de Sobral, no dia 08\/12\/1957. Sua primeira Missa foi cantada na Igreja Matriz de Nossa Senhora dos Prazeres, em 13\/12\/1957.<br \/>\nIniciou suas atividades sacerdotais em Nova Russas, como cooperador da Par\u00f3quia de 1958 a 1965. Com a cria\u00e7\u00e3o da Diocese de Crate\u00fas, Pe. Maur\u00edcio passou a exercer suas atividades sacerdotais em Tamboril e Sucesso, entre 1966 e 1967.<br \/>\nN\u00e3o se adaptando \u00e0s linhas pastorais da nova Diocese, retirou-se, em 1968, para Nova Russas, onde residiu por muitos anos, exercendo o magist\u00e9rio, mantendo-se fiel ao seu sacerd\u00f3cio. Prestava aux\u00edlio aos P\u00e1rocos vizinhos, notadamente de Santa Quit\u00e9ria, Ipu e, em sua terra natal, cuja celebra\u00e7\u00e3o na festa da Padroeira era sempre esperada. Foi compreensivo conselheiro na administra\u00e7\u00e3o do Sacramento da Penit\u00eancia e grande orador Sacro.<br \/>\nEm 16\/12\/ 1965 ele celebrou o casamento de meus pais, Iz\u00eddio Ribeiro Lira e Lu\u00edza de Ara\u00fajo Lira e, h\u00e1 cinco anos, celebrou as Bodas de Ouro.<br \/>\nOs primeiros conceitos de que a santidade \u00e9 d\u00e1diva a todos, eu recebi do Pe. Maur\u00edcio. Ainda menino assistindo a uma Missa de Finados, ele recordou que no dia anterior era a festa de todos os santos. Recordo-me que ele enfatizava que a festa do dia anterior era para o santo que n\u00e3o havia sido canonizado pela Igreja, mas, que morreu em santidade. E conclu\u00eda: \u201cSanto \u00e9 aquele que faz ou fez a vontade de Deus\u201d. Isso foi a base de meus estudos hagiol\u00f3gicos e aquela sua frase me marcou. Era um homem not\u00e1vel. Culto, de muitas leituras, de excelente conversa e serm\u00e3o aprofundado. Ele sabia e vivia o que pregava.<br \/>\nEra primo do Mons. Eurico de Melo Magalh\u00e3es e do Pe. Odilo Lopes Melo Galv\u00e3o.<br \/>\nPadre Maur\u00edcio recebeu a recomenda\u00e7\u00e3o digna de um sacerdote na tarde daquela sexta-feira, no patamar da Igreja de Nossa Senhora dos Prazeres, onde h\u00e1 62 anos havia sido acolhido Padre Novo e o povo osculou suas m\u00e3os ungidas de sacerdote. Naquela tarde, um sacerdote, parentes e poucos amigos se despediram dele. Foi sepultado com os paramentos sacerdotais que utilizou, com dignidade, por toda a vida.<br \/>\nRequiescat in Pace!<\/p>\n","protected":false},"excerpt":{"rendered":"<p>Dia 10 \u00faltimo, sexta-feira, que nos remete ao Santo Sacrif\u00edcio de Nosso Senhor Jesus Cristo,&#8230;<\/p>\n","protected":false},"author":1,"featured_media":8256,"comment_status":"open","ping_status":"open","sticky":false,"template":"","format":"standard","meta":{"_jetpack_memberships_contains_paid_content":false,"footnotes":"","jetpack_publicize_message":"","jetpack_publicize_feature_enabled":true,"jetpack_social_post_already_shared":true,"jetpack_social_options":{"image_generator_settings":{"template":"highway","default_image_id":0,"font":"","enabled":false},"version":2}},"categories":[11,41],"tags":[],"class_list":["post-11975","post","type-post","status-publish","format-standard","has-post-thumbnail","hentry","category-artigos","category-jose-luis-lira"],"jetpack_publicize_connections":[],"jetpack_featured_media_url":"https:\/\/correiodasemana.com\/site\/wp-content\/uploads\/2019\/07\/Jose\u0301-1.jpg","jetpack-related-posts":[{"id":17132,"url":"https:\/\/correiodasemana.com\/site\/agosto-esta-chegando\/","url_meta":{"origin":11975,"position":0},"title":"AGOSTO EST\u00c1 CHEGANDO&#8230;","author":"","date":"Agosto 2, 2021","format":false,"excerpt":"Oitavo m\u00eas do ano no calend\u00e1rio gregoriano, agosto, vem do latim\u00a0augustus, em honra do imperador romano C\u00e9sar Augusto. Neste m\u00eas em termos religiosos, celebramos, santos important\u00edssimos e a transfigura\u00e7\u00e3o do Senhor Jesus e, no dia 15, a Assun\u00e7\u00e3o de Nossa Senhora. Nascido em uma Par\u00f3quia que tem por padroeira Nossa\u2026","rel":"","context":"In &quot;Artigos&quot;","block_context":{"text":"Artigos","link":"https:\/\/correiodasemana.com\/site\/category\/artigos\/"},"img":{"alt_text":"","src":"https:\/\/i0.wp.com\/correiodasemana.com\/site\/wp-content\/uploads\/2019\/07\/Jose%CC%81-1.jpg?resize=350%2C200&ssl=1","width":350,"height":200,"srcset":"https:\/\/i0.wp.com\/correiodasemana.com\/site\/wp-content\/uploads\/2019\/07\/Jose%CC%81-1.jpg?resize=350%2C200&ssl=1 1x, https:\/\/i0.wp.com\/correiodasemana.com\/site\/wp-content\/uploads\/2019\/07\/Jose%CC%81-1.jpg?resize=525%2C300&ssl=1 1.5x, https:\/\/i0.wp.com\/correiodasemana.com\/site\/wp-content\/uploads\/2019\/07\/Jose%CC%81-1.jpg?resize=700%2C400&ssl=1 2x"},"classes":[]},{"id":12423,"url":"https:\/\/correiodasemana.com\/site\/e-a-festa-de-agosto\/","url_meta":{"origin":11975,"position":1},"title":"E A FESTA DE AGOSTO?","author":"","date":"Agosto 2, 2020","format":false,"excerpt":"Agosto chegou. Nasci e cresci na Par\u00f3quia de Guaraciaba do Norte que tem a celebra\u00e7\u00e3o de sua Padroeira, Nossa Senhora dos Prazeres, no per\u00edodo de 05 a 15 de agosto. As primeiras not\u00edcias que temos da festa \u00e9 que seu \u00e1pice se dava no dia 6 de janeiro, dia de\u2026","rel":"","context":"In &quot;Artigos&quot;","block_context":{"text":"Artigos","link":"https:\/\/correiodasemana.com\/site\/category\/artigos\/"},"img":{"alt_text":"","src":"https:\/\/i0.wp.com\/correiodasemana.com\/site\/wp-content\/uploads\/2018\/02\/Jose%CC%81-1.jpg?resize=350%2C200&ssl=1","width":350,"height":200,"srcset":"https:\/\/i0.wp.com\/correiodasemana.com\/site\/wp-content\/uploads\/2018\/02\/Jose%CC%81-1.jpg?resize=350%2C200&ssl=1 1x, https:\/\/i0.wp.com\/correiodasemana.com\/site\/wp-content\/uploads\/2018\/02\/Jose%CC%81-1.jpg?resize=525%2C300&ssl=1 1.5x, https:\/\/i0.wp.com\/correiodasemana.com\/site\/wp-content\/uploads\/2018\/02\/Jose%CC%81-1.jpg?resize=700%2C400&ssl=1 2x"},"classes":[]},{"id":27448,"url":"https:\/\/correiodasemana.com\/site\/dia-da-literatura-guaraciabense-e-criado\/","url_meta":{"origin":11975,"position":2},"title":"DIA DA LITERATURA GUARACIABENSE \u00c9 CRIADO","author":"adminredacao","date":"Dezembro 4, 2023","format":false,"excerpt":"A C\u00e2mara Municipal de Guaraciaba do Norte, em sess\u00e3o ordin\u00e1ria realizada no dia 27 de novembro \u00faltimo, sob a presid\u00eancia da Vereadora Regiane Gomes, aprovou o Projeto de Lei N\u00ba 81\/2023, de autoria da Vereadora Carla Cristiane Ara\u00fajo, que institui o Dia da Literatura Guaraciabense, por unanimidade dos vereadores presentes:\u2026","rel":"","context":"In &quot;Atualidade&quot;","block_context":{"text":"Atualidade","link":"https:\/\/correiodasemana.com\/site\/category\/atualidade\/"},"img":{"alt_text":"","src":"https:\/\/i0.wp.com\/correiodasemana.com\/site\/wp-content\/uploads\/2023\/12\/Vereadores-homenageado-seus-parentes-e-convidados-scaled.jpg?resize=350%2C200&ssl=1","width":350,"height":200,"srcset":"https:\/\/i0.wp.com\/correiodasemana.com\/site\/wp-content\/uploads\/2023\/12\/Vereadores-homenageado-seus-parentes-e-convidados-scaled.jpg?resize=350%2C200&ssl=1 1x, https:\/\/i0.wp.com\/correiodasemana.com\/site\/wp-content\/uploads\/2023\/12\/Vereadores-homenageado-seus-parentes-e-convidados-scaled.jpg?resize=525%2C300&ssl=1 1.5x, https:\/\/i0.wp.com\/correiodasemana.com\/site\/wp-content\/uploads\/2023\/12\/Vereadores-homenageado-seus-parentes-e-convidados-scaled.jpg?resize=700%2C400&ssl=1 2x, https:\/\/i0.wp.com\/correiodasemana.com\/site\/wp-content\/uploads\/2023\/12\/Vereadores-homenageado-seus-parentes-e-convidados-scaled.jpg?resize=1050%2C600&ssl=1 3x, https:\/\/i0.wp.com\/correiodasemana.com\/site\/wp-content\/uploads\/2023\/12\/Vereadores-homenageado-seus-parentes-e-convidados-scaled.jpg?resize=1400%2C800&ssl=1 4x"},"classes":[]},{"id":17266,"url":"https:\/\/correiodasemana.com\/site\/santa-mae-dos-prazeres-duzentos-e-sessenta-anos\/","url_meta":{"origin":11975,"position":3},"title":"SANTA M\u00c3E DOS PRAZERES: DUZENTOS E SESSENTA ANOS!\u00a0","author":"","date":"Agosto 16, 2021","format":false,"excerpt":"As primeiras not\u00edcias que temos da festa de Nossa Senhora dos Prazeres em Guaraciaba do Norte, \u00e9 que seu \u00e1pice se dava no dia 6 de janeiro, dia de Reis, um dos prazeres celestes de Nossa Senhora. A b\u00ean\u00e7\u00e3o da capela, realizada pelo fundador, Pe. Felipe Dias Santiago. Nesta mesma\u2026","rel":"","context":"In &quot;Artigos&quot;","block_context":{"text":"Artigos","link":"https:\/\/correiodasemana.com\/site\/category\/artigos\/"},"img":{"alt_text":"","src":"https:\/\/i0.wp.com\/correiodasemana.com\/site\/wp-content\/uploads\/2018\/02\/Jose%CC%81-1.jpg?resize=350%2C200&ssl=1","width":350,"height":200,"srcset":"https:\/\/i0.wp.com\/correiodasemana.com\/site\/wp-content\/uploads\/2018\/02\/Jose%CC%81-1.jpg?resize=350%2C200&ssl=1 1x, https:\/\/i0.wp.com\/correiodasemana.com\/site\/wp-content\/uploads\/2018\/02\/Jose%CC%81-1.jpg?resize=525%2C300&ssl=1 1.5x, https:\/\/i0.wp.com\/correiodasemana.com\/site\/wp-content\/uploads\/2018\/02\/Jose%CC%81-1.jpg?resize=700%2C400&ssl=1 2x"},"classes":[]},{"id":17039,"url":"https:\/\/correiodasemana.com\/site\/limoeiro-dos-pompeus-por-romario-alves\/","url_meta":{"origin":11975,"position":4},"title":"LIMOEIRO DOS POMPEUS POR ROM\u00c1RIO ALVES\u00a0","author":"","date":"Julho 19, 2021","format":false,"excerpt":"Por ocasi\u00e3o da Live de lan\u00e7amento do livro \u201cNossa Senhora dos Prazeres e a Hist\u00f3ria de Guaraciaba do Norte\u201d, resultado de longos anos de pesquisa, recebi o livro \u201cLimoeiro dos Pompeus: Um resgate do Passado\u201d, do historiador Rom\u00e1rio Alves. Logo na apresenta\u00e7\u00e3o diz o objetivo de trabalho: \u201ceternizar de forma\u2026","rel":"","context":"In &quot;Artigos&quot;","block_context":{"text":"Artigos","link":"https:\/\/correiodasemana.com\/site\/category\/artigos\/"},"img":{"alt_text":"","src":"https:\/\/i0.wp.com\/correiodasemana.com\/site\/wp-content\/uploads\/2018\/02\/Jose%CC%81-1.jpg?resize=350%2C200&ssl=1","width":350,"height":200,"srcset":"https:\/\/i0.wp.com\/correiodasemana.com\/site\/wp-content\/uploads\/2018\/02\/Jose%CC%81-1.jpg?resize=350%2C200&ssl=1 1x, https:\/\/i0.wp.com\/correiodasemana.com\/site\/wp-content\/uploads\/2018\/02\/Jose%CC%81-1.jpg?resize=525%2C300&ssl=1 1.5x, https:\/\/i0.wp.com\/correiodasemana.com\/site\/wp-content\/uploads\/2018\/02\/Jose%CC%81-1.jpg?resize=700%2C400&ssl=1 2x"},"classes":[]},{"id":17318,"url":"https:\/\/correiodasemana.com\/site\/diocese-de-tiangua-jubileu-de-ouro\/","url_meta":{"origin":11975,"position":5},"title":"DIOCESE DE TIANGU\u00c1: JUBILEU DE OURO","author":"","date":"Agosto 23, 2021","format":false,"excerpt":"A Diocese de Tiangu\u00e1 foi criada por S\u00e3o Paulo VI, Papa, juntamente com as Dioceses de Itapipoca e Quixad\u00e1, a 13\/03\/1971 e foi desmembrada da Diocese de Sobral, em todo o seu territ\u00f3rio. \u00c9 interessante, nesse Jubileu, destacar a import\u00e2ncia de Dom Walfrido Teixeira Vieira, Bispo de Sobral (1965-1998), na\u2026","rel":"","context":"In &quot;Artigos&quot;","block_context":{"text":"Artigos","link":"https:\/\/correiodasemana.com\/site\/category\/artigos\/"},"img":{"alt_text":"","src":"https:\/\/i0.wp.com\/correiodasemana.com\/site\/wp-content\/uploads\/2019\/07\/Jose%CC%81-1.jpg?resize=350%2C200&ssl=1","width":350,"height":200,"srcset":"https:\/\/i0.wp.com\/correiodasemana.com\/site\/wp-content\/uploads\/2019\/07\/Jose%CC%81-1.jpg?resize=350%2C200&ssl=1 1x, https:\/\/i0.wp.com\/correiodasemana.com\/site\/wp-content\/uploads\/2019\/07\/Jose%CC%81-1.jpg?resize=525%2C300&ssl=1 1.5x, https:\/\/i0.wp.com\/correiodasemana.com\/site\/wp-content\/uploads\/2019\/07\/Jose%CC%81-1.jpg?resize=700%2C400&ssl=1 2x"},"classes":[]}],"jetpack_sharing_enabled":true,"_links":{"self":[{"href":"https:\/\/correiodasemana.com\/site\/wp-json\/wp\/v2\/posts\/11975","targetHints":{"allow":["GET"]}}],"collection":[{"href":"https:\/\/correiodasemana.com\/site\/wp-json\/wp\/v2\/posts"}],"about":[{"href":"https:\/\/correiodasemana.com\/site\/wp-json\/wp\/v2\/types\/post"}],"author":[{"embeddable":true,"href":"https:\/\/correiodasemana.com\/site\/wp-json\/wp\/v2\/users\/1"}],"replies":[{"embeddable":true,"href":"https:\/\/correiodasemana.com\/site\/wp-json\/wp\/v2\/comments?post=11975"}],"version-history":[{"count":1,"href":"https:\/\/correiodasemana.com\/site\/wp-json\/wp\/v2\/posts\/11975\/revisions"}],"predecessor-version":[{"id":11976,"href":"https:\/\/correiodasemana.com\/site\/wp-json\/wp\/v2\/posts\/11975\/revisions\/11976"}],"wp:featuredmedia":[{"embeddable":true,"href":"https:\/\/correiodasemana.com\/site\/wp-json\/wp\/v2\/media\/8256"}],"wp:attachment":[{"href":"https:\/\/correiodasemana.com\/site\/wp-json\/wp\/v2\/media?parent=11975"}],"wp:term":[{"taxonomy":"category","embeddable":true,"href":"https:\/\/correiodasemana.com\/site\/wp-json\/wp\/v2\/categories?post=11975"},{"taxonomy":"post_tag","embeddable":true,"href":"https:\/\/correiodasemana.com\/site\/wp-json\/wp\/v2\/tags?post=11975"}],"curies":[{"name":"wp","href":"https:\/\/api.w.org\/{rel}","templated":true}]}}