{"id":11977,"date":"2020-07-19T04:57:16","date_gmt":"2020-07-19T04:57:16","guid":{"rendered":"https:\/\/correiodasemana.com\/site\/?p=11977"},"modified":"2020-07-19T04:57:48","modified_gmt":"2020-07-19T04:57:48","slug":"com-medidas-de-prevencao-saloes-de-beleza-reabrem-em-sobral","status":"publish","type":"post","link":"https:\/\/correiodasemana.com\/site\/com-medidas-de-prevencao-saloes-de-beleza-reabrem-em-sobral\/","title":{"rendered":"Com medidas de preven\u00e7\u00e3o, sal\u00f5es de beleza reabrem em Sobral"},"content":{"rendered":"<p>Atendimento com hora marcada e com apenas 30% de trabalhadores, por exemplo, faz parte da nova rotina dos sal\u00f5es de beleza<\/p>\n<p><img fetchpriority=\"high\" decoding=\"async\" class=\"aligncenter size-full wp-image-11978\" src=\"https:\/\/correiodasemana.com\/site\/wp-content\/uploads\/2020\/07\/WhatsApp-Image-2020-07-16-at-16.31.38.jpeg\" alt=\"\" width=\"720\" height=\"1280\" srcset=\"https:\/\/correiodasemana.com\/site\/wp-content\/uploads\/2020\/07\/WhatsApp-Image-2020-07-16-at-16.31.38.jpeg 720w, https:\/\/correiodasemana.com\/site\/wp-content\/uploads\/2020\/07\/WhatsApp-Image-2020-07-16-at-16.31.38-169x300.jpeg 169w, https:\/\/correiodasemana.com\/site\/wp-content\/uploads\/2020\/07\/WhatsApp-Image-2020-07-16-at-16.31.38-576x1024.jpeg 576w\" sizes=\"(max-width: 720px) 100vw, 720px\" \/> <img decoding=\"async\" class=\"aligncenter size-full wp-image-11979\" src=\"https:\/\/correiodasemana.com\/site\/wp-content\/uploads\/2020\/07\/WhatsApp-Image-2020-07-16-at-16.53.43.jpeg\" alt=\"\" width=\"960\" height=\"1280\" srcset=\"https:\/\/correiodasemana.com\/site\/wp-content\/uploads\/2020\/07\/WhatsApp-Image-2020-07-16-at-16.53.43.jpeg 960w, https:\/\/correiodasemana.com\/site\/wp-content\/uploads\/2020\/07\/WhatsApp-Image-2020-07-16-at-16.53.43-225x300.jpeg 225w, https:\/\/correiodasemana.com\/site\/wp-content\/uploads\/2020\/07\/WhatsApp-Image-2020-07-16-at-16.53.43-768x1024.jpeg 768w\" sizes=\"(max-width: 960px) 100vw, 960px\" \/><\/p>\n<p>Agora Sobral integra oficialmente o quadro de cidades do estado do Cear\u00e1 em fase de transi\u00e7\u00e3o do plano de retomada das atividades econ\u00f4micas. Dentre as atividades autorizadas est\u00e3o os sal\u00f5es de beleza que reabriram as portas na \u00faltima quarta-feira (15).<br \/>\nMesmo com 30% de trabalhadores em hor\u00e1rio restrito que o decreto exige, a cabeleireira Maria Miriam, considera um avan\u00e7o depois de quase quatro meses de suspens\u00e3o das atividades. A propriet\u00e1ria do sal\u00e3o relata meses preenchidos de dificuldade e tentativas de adapta\u00e7\u00f5es para conseguir sobreviver economicamente durante a pandemia. \u201cOs dois primeiros meses foi terr\u00edvel, at\u00e9 se adaptar. Tamb\u00e9m para minha equipe, pessoas que dependem tamb\u00e9m do nosso espa\u00e7o aberto\u201d, diz.<br \/>\nCom a dificuldade em manter os sal\u00e1rios dos funcion\u00e1rios e outros gastos com o espa\u00e7o, alguns propriet\u00e1rios tiveram que optar pela decis\u00e3o do desligamento de parte da equipe. Maria Miriam, por exemplo, reduziu mais do que a metade, n\u00e3o apenas pela crise econ\u00f4mica mas pelo n\u00famero de colaboradores que o decreto exige nessa fase. \u201cS\u00f3 vamos abrir com uma manicure e uma escovista. Acho que n\u00e3o vamos voltar a ser como antes, s\u00f3 quando existir uma vacina. Muitas pessoas est\u00e3o com medo\u201d, aponta Maria Miriam.<br \/>\nO per\u00edodo de quarentena tamb\u00e9m anula servi\u00e7os de maquiagem e penteado que o Sal\u00e3o Milinda oferece. \u201cPenteados e maquiagem t\u00e3o cedo vai ter, pois sem evento de casamento. Mas minha cartela de servi\u00e7o \u00e9 bem grande, gra\u00e7as a Deus. Nos \u00faltimos anos, eu tinha feito um investimento em um novo servi\u00e7o dentro do meu sal\u00e3o que foi o mega hair onde a cada dia a procura tem aumentado\u201d, concluiu.<br \/>\nPara quem gosta daquela conversa jogada fora em um sal\u00e3o de beleza lotado, j\u00e1 pode dizer pelo menos um at\u00e9 logo. Isso porque os espa\u00e7os precisam agendar o atendimento para evitar aglomera\u00e7\u00f5es. O sal\u00e3o de Miriam atendia, pelo menos, 40 pessoas diariamente. A partir das novas regras ele passa a atender duas pessoas por hora entre 10h \u00e0s 17h em salas opostas, respeitando o distanciamento.<br \/>\nInicialmente, os sal\u00f5es do centro da cidade est\u00e3o restritos a atender somente a partir das 14h. Enquanto em outras localidades \u00e9 permitido o funcionamento em hor\u00e1rio regular comercial.<br \/>\nNeste primeiro momento, o Espa\u00e7o Beth Brito, localizado no bairro do Junco, tamb\u00e9m vai atender sem ultrapassar os 30%. A dona do sal\u00e3o, Beth Brito, equipou o ambiente com pontos de \u00e1lcool em gel para clientes e colaboradores, tapete sanitizante, sinalizadores de uso obrigat\u00f3rio de m\u00e1scaras e instru\u00e7\u00f5es de distanciamento de dois metros. \u201cEstamos cumprindo as normas de seguran\u00e7a protocoladas para esse momento e tamb\u00e9m estamos atendendo por hora marcada para evitar aglomera\u00e7\u00f5es de pessoas. A doen\u00e7a \u00e9 algo novo para todo mundo. Tem ceifado a vida de muitas pessoas. Sem d\u00favidas que o medo \u00e9 inevit\u00e1vel, mas precisamos nos adequar \u00e0s normas de preven\u00e7\u00e3o contra esse v\u00edrus para a prote\u00e7\u00e3o da sa\u00fade tanto dos nossos clientes, quanto dos nossos colaboradores\u201d, disse.<br \/>\nA cabeleireira e dona do sal\u00e3o relata que a venda de produtos de beleza ajudou na despesa enquanto o lugar estava fechado, e revela que muitos clientes est\u00e3o agendado os servi\u00e7os do sal\u00e3o que j\u00e1 existe h\u00e1 mais de 20 anos.<br \/>\nPor Priscila Duarte<\/p>\n","protected":false},"excerpt":{"rendered":"<p>Atendimento com hora marcada e com apenas 30% de trabalhadores, por exemplo, faz parte da&#8230;<\/p>\n","protected":false},"author":1,"featured_media":11979,"comment_status":"open","ping_status":"open","sticky":false,"template":"","format":"standard","meta":{"_jetpack_memberships_contains_paid_content":false,"footnotes":"","jetpack_publicize_message":"","jetpack_publicize_feature_enabled":true,"jetpack_social_post_already_shared":true,"jetpack_social_options":{"image_generator_settings":{"template":"highway","default_image_id":0,"font":"","enabled":false},"version":2}},"categories":[1],"tags":[],"class_list":["post-11977","post","type-post","status-publish","format-standard","has-post-thumbnail","hentry","category-atualidade"],"jetpack_publicize_connections":[],"jetpack_featured_media_url":"https:\/\/correiodasemana.com\/site\/wp-content\/uploads\/2020\/07\/WhatsApp-Image-2020-07-16-at-16.53.43.jpeg","jetpack-related-posts":[{"id":11496,"url":"https:\/\/correiodasemana.com\/site\/camilo-santana-anuncia-plano-gradual-da-reabertura-do-comercio-lojas-de-construcao-e-saloes-de-beleza-reabrem-na-segunda\/","url_meta":{"origin":11977,"position":0},"title":"Camilo Santana anuncia plano gradual da reabertura do com\u00e9rcio; Lojas de constru\u00e7\u00e3o e sal\u00f5es de beleza reabrem na segunda","author":"","date":"Maio 30, 2020","format":false,"excerpt":"Entretanto, o Governador do estado renovou o decreto de isolamento social, com exce\u00e7\u00e3o das atividades comerciais autorizadas respeitando os percentuais estabelecidos e as normas sanit\u00e1rias Correio da Semana O Governador do Cear\u00e1, Camilo Santana (PT) anunciou nesta quinta-feira (28), um plano de reabertura da economia que ser\u00e1 dividido em quatro\u2026","rel":"","context":"In &quot;Atualidade&quot;","block_context":{"text":"Atualidade","link":"https:\/\/correiodasemana.com\/site\/category\/atualidade\/"},"img":{"alt_text":"","src":"https:\/\/i0.wp.com\/correiodasemana.com\/site\/wp-content\/uploads\/2020\/05\/Camilo-Santana.jpg?resize=350%2C200&ssl=1","width":350,"height":200,"srcset":"https:\/\/i0.wp.com\/correiodasemana.com\/site\/wp-content\/uploads\/2020\/05\/Camilo-Santana.jpg?resize=350%2C200&ssl=1 1x, https:\/\/i0.wp.com\/correiodasemana.com\/site\/wp-content\/uploads\/2020\/05\/Camilo-Santana.jpg?resize=525%2C300&ssl=1 1.5x"},"classes":[]},{"id":13406,"url":"https:\/\/correiodasemana.com\/site\/covid-19-retorno-de-aulas-presenciais-e-controverso-nos-estados\/","url_meta":{"origin":11977,"position":1},"title":"Covid-19: retorno de aulas presenciais \u00e9 controverso nos estados","author":"","date":"Setembro 8, 2020","format":false,"excerpt":"Amazonas saiu na frente e retomou atividades presenciais em agosto Com a redu\u00e7\u00e3o da incid\u00eancia e mortalidade pela covid-19 em parte dos estados brasileiros, a discuss\u00e3o sobre o retorno das\u00a0aulas presenciais ganha for\u00e7a. O Amazonas saiu na frente e iniciou as atividades presenciais nas escolas ainda em agosto. Mas em\u2026","rel":"","context":"In &quot;Atualidade&quot;","block_context":{"text":"Atualidade","link":"https:\/\/correiodasemana.com\/site\/category\/atualidade\/"},"img":{"alt_text":"","src":"https:\/\/i0.wp.com\/correiodasemana.com\/site\/wp-content\/uploads\/2020\/09\/mcam12032020.jpg?resize=350%2C200&ssl=1","width":350,"height":200,"srcset":"https:\/\/i0.wp.com\/correiodasemana.com\/site\/wp-content\/uploads\/2020\/09\/mcam12032020.jpg?resize=350%2C200&ssl=1 1x, https:\/\/i0.wp.com\/correiodasemana.com\/site\/wp-content\/uploads\/2020\/09\/mcam12032020.jpg?resize=525%2C300&ssl=1 1.5x, https:\/\/i0.wp.com\/correiodasemana.com\/site\/wp-content\/uploads\/2020\/09\/mcam12032020.jpg?resize=700%2C400&ssl=1 2x, https:\/\/i0.wp.com\/correiodasemana.com\/site\/wp-content\/uploads\/2020\/09\/mcam12032020.jpg?resize=1050%2C600&ssl=1 3x"},"classes":[]},{"id":11798,"url":"https:\/\/correiodasemana.com\/site\/especialistas-dao-dicas-de-higiene-e-protecao-para-reabertura-dos-saloes-de-beleza\/","url_meta":{"origin":11977,"position":2},"title":"ESPECIALISTAS D\u00c3O DICAS DE HIGIENE E PROTE\u00c7\u00c3O PARA REABERTURA DOS SAL\u00d5ES DE BELEZA","author":"","date":"Julho 13, 2020","format":false,"excerpt":"Com a retomada dos atendimentos nos sal\u00f5es de beleza, o cuidado com a limpeza e a higieniza\u00e7\u00e3o dos materiais precisa de aten\u00e7\u00e3o redobrada. Algumas medidas s\u00e3o essenciais para garantir a prote\u00e7\u00e3o dos funcion\u00e1rios e clientes do estabelecimento e, para ajudar, o Dr. Bact\u00e9ria, biom\u00e9dico parceiro Vertix, separou algumas dicas para\u2026","rel":"","context":"In &quot;Atualidade&quot;","block_context":{"text":"Atualidade","link":"https:\/\/correiodasemana.com\/site\/category\/atualidade\/"},"img":{"alt_text":"","src":"https:\/\/i0.wp.com\/correiodasemana.com\/site\/wp-content\/uploads\/2020\/07\/aw-creative-VjRpkGtS55w-unsplash.jpg?resize=350%2C200&ssl=1","width":350,"height":200,"srcset":"https:\/\/i0.wp.com\/correiodasemana.com\/site\/wp-content\/uploads\/2020\/07\/aw-creative-VjRpkGtS55w-unsplash.jpg?resize=350%2C200&ssl=1 1x, https:\/\/i0.wp.com\/correiodasemana.com\/site\/wp-content\/uploads\/2020\/07\/aw-creative-VjRpkGtS55w-unsplash.jpg?resize=525%2C300&ssl=1 1.5x"},"classes":[]},{"id":13985,"url":"https:\/\/correiodasemana.com\/site\/numero-de-empresas-em-funcionamento-cresce-em-2528-mil-em-um-mes\/","url_meta":{"origin":11977,"position":3},"title":"N\u00famero de empresas em funcionamento cresce em 252,8 mil em um m\u00eas","author":"","date":"Outubro 7, 2020","format":false,"excerpt":"Sal\u00f5es de beleza e com\u00e9rcio de vestu\u00e1rio registram maiores retomadas A retomada da economia est\u00e1 se refletindo no aumento do n\u00famero de empresas em funcionamento. Segundo o\u00a0Mapa de Empresas\u00a0do Minist\u00e9rio da Economia, em setembro foram abertos 252.840 neg\u00f3cios a mais do que foram fechados. Em 31 de agosto, havia 19.289.824\u2026","rel":"","context":"In &quot;Atualidade&quot;","block_context":{"text":"Atualidade","link":"https:\/\/correiodasemana.com\/site\/category\/atualidade\/"},"img":{"alt_text":"","src":"https:\/\/i0.wp.com\/correiodasemana.com\/site\/wp-content\/uploads\/2020\/10\/comercio_de_rua_e_saloes_de_beleza_reabrem20200627_0337.jpg?resize=350%2C200&ssl=1","width":350,"height":200,"srcset":"https:\/\/i0.wp.com\/correiodasemana.com\/site\/wp-content\/uploads\/2020\/10\/comercio_de_rua_e_saloes_de_beleza_reabrem20200627_0337.jpg?resize=350%2C200&ssl=1 1x, https:\/\/i0.wp.com\/correiodasemana.com\/site\/wp-content\/uploads\/2020\/10\/comercio_de_rua_e_saloes_de_beleza_reabrem20200627_0337.jpg?resize=525%2C300&ssl=1 1.5x, https:\/\/i0.wp.com\/correiodasemana.com\/site\/wp-content\/uploads\/2020\/10\/comercio_de_rua_e_saloes_de_beleza_reabrem20200627_0337.jpg?resize=700%2C400&ssl=1 2x, https:\/\/i0.wp.com\/correiodasemana.com\/site\/wp-content\/uploads\/2020\/10\/comercio_de_rua_e_saloes_de_beleza_reabrem20200627_0337.jpg?resize=1050%2C600&ssl=1 3x"},"classes":[]},{"id":20544,"url":"https:\/\/correiodasemana.com\/site\/prefeito-ivo-gomes-autoriza-reforma-e-ampliacao-do-centro-de-convencoes-de-sobral\/","url_meta":{"origin":11977,"position":4},"title":"Prefeito Ivo Gomes autoriza reforma e amplia\u00e7\u00e3o do Centro de Conven\u00e7\u00f5es de Sobral","author":"","date":"Julho 25, 2022","format":false,"excerpt":"O prefeito Ivo Gomes autorizou, na manh\u00e3 desta ter\u00e7a-feira (12\/07), a reforma e amplia\u00e7\u00e3o do Centro de Conven\u00e7\u00f5es In\u00e1cio Gomes Parente. Participaram do momento o chefe do seu gabinete, David Duarte, o secret\u00e1rio da Infraestrutura, David Bastos, o presidente da C\u00e2mara Municipal, vereador Paul\u00e3o, al\u00e9m dos representantes da construtora respons\u00e1vel\u2026","rel":"","context":"In &quot;Atualidade&quot;","block_context":{"text":"Atualidade","link":"https:\/\/correiodasemana.com\/site\/category\/atualidade\/"},"img":{"alt_text":"","src":"https:\/\/i0.wp.com\/correiodasemana.com\/site\/wp-content\/uploads\/2022\/07\/dbe2fe6e-c91f-4330-8cd5-b6eba91d9f1a1.jpg?resize=350%2C200&ssl=1","width":350,"height":200,"srcset":"https:\/\/i0.wp.com\/correiodasemana.com\/site\/wp-content\/uploads\/2022\/07\/dbe2fe6e-c91f-4330-8cd5-b6eba91d9f1a1.jpg?resize=350%2C200&ssl=1 1x, https:\/\/i0.wp.com\/correiodasemana.com\/site\/wp-content\/uploads\/2022\/07\/dbe2fe6e-c91f-4330-8cd5-b6eba91d9f1a1.jpg?resize=525%2C300&ssl=1 1.5x, https:\/\/i0.wp.com\/correiodasemana.com\/site\/wp-content\/uploads\/2022\/07\/dbe2fe6e-c91f-4330-8cd5-b6eba91d9f1a1.jpg?resize=700%2C400&ssl=1 2x, https:\/\/i0.wp.com\/correiodasemana.com\/site\/wp-content\/uploads\/2022\/07\/dbe2fe6e-c91f-4330-8cd5-b6eba91d9f1a1.jpg?resize=1050%2C600&ssl=1 3x, https:\/\/i0.wp.com\/correiodasemana.com\/site\/wp-content\/uploads\/2022\/07\/dbe2fe6e-c91f-4330-8cd5-b6eba91d9f1a1.jpg?resize=1400%2C800&ssl=1 4x"},"classes":[]},{"id":16657,"url":"https:\/\/correiodasemana.com\/site\/apos-mais-de-dois-meses-fechado-mercado-publico-de-sobral-reabre-em-nova-fase-da-retomada-de-atividades-veja-o-que-mais-funciona\/","url_meta":{"origin":11977,"position":5},"title":"Ap\u00f3s mais de dois meses fechado, Mercado P\u00fablico de Sobral reabre em nova fase da retomada de atividades; Veja o que mais funciona","author":"","date":"Junho 7, 2021","format":false,"excerpt":"Por Samuel Carvalho Reda\u00e7\u00e3o Correio da Semana O Mercado P\u00fablico Chagas Barreto ficou fechado por dois meses como medida de enfrentamento a covid-19, foi reaberto ao p\u00fablico nesta quarta-feira (02) segundo o novo decreto de n\u00ba 2.669 emitido pela Prefeitura de Sobral. Continua a manuten\u00e7\u00e3o das medidas de isolamento social\u2026","rel":"","context":"In &quot;Atualidade&quot;","block_context":{"text":"Atualidade","link":"https:\/\/correiodasemana.com\/site\/category\/atualidade\/"},"img":{"alt_text":"","src":"https:\/\/i0.wp.com\/correiodasemana.com\/site\/wp-content\/uploads\/2021\/06\/Frutas-do-mercado-de-sobral-4.jpg?resize=350%2C200&ssl=1","width":350,"height":200,"srcset":"https:\/\/i0.wp.com\/correiodasemana.com\/site\/wp-content\/uploads\/2021\/06\/Frutas-do-mercado-de-sobral-4.jpg?resize=350%2C200&ssl=1 1x, https:\/\/i0.wp.com\/correiodasemana.com\/site\/wp-content\/uploads\/2021\/06\/Frutas-do-mercado-de-sobral-4.jpg?resize=525%2C300&ssl=1 1.5x"},"classes":[]}],"jetpack_sharing_enabled":true,"_links":{"self":[{"href":"https:\/\/correiodasemana.com\/site\/wp-json\/wp\/v2\/posts\/11977","targetHints":{"allow":["GET"]}}],"collection":[{"href":"https:\/\/correiodasemana.com\/site\/wp-json\/wp\/v2\/posts"}],"about":[{"href":"https:\/\/correiodasemana.com\/site\/wp-json\/wp\/v2\/types\/post"}],"author":[{"embeddable":true,"href":"https:\/\/correiodasemana.com\/site\/wp-json\/wp\/v2\/users\/1"}],"replies":[{"embeddable":true,"href":"https:\/\/correiodasemana.com\/site\/wp-json\/wp\/v2\/comments?post=11977"}],"version-history":[{"count":1,"href":"https:\/\/correiodasemana.com\/site\/wp-json\/wp\/v2\/posts\/11977\/revisions"}],"predecessor-version":[{"id":11980,"href":"https:\/\/correiodasemana.com\/site\/wp-json\/wp\/v2\/posts\/11977\/revisions\/11980"}],"wp:featuredmedia":[{"embeddable":true,"href":"https:\/\/correiodasemana.com\/site\/wp-json\/wp\/v2\/media\/11979"}],"wp:attachment":[{"href":"https:\/\/correiodasemana.com\/site\/wp-json\/wp\/v2\/media?parent=11977"}],"wp:term":[{"taxonomy":"category","embeddable":true,"href":"https:\/\/correiodasemana.com\/site\/wp-json\/wp\/v2\/categories?post=11977"},{"taxonomy":"post_tag","embeddable":true,"href":"https:\/\/correiodasemana.com\/site\/wp-json\/wp\/v2\/tags?post=11977"}],"curies":[{"name":"wp","href":"https:\/\/api.w.org\/{rel}","templated":true}]}}