{"id":11986,"date":"2020-07-20T10:56:20","date_gmt":"2020-07-20T10:56:20","guid":{"rendered":"https:\/\/correiodasemana.com\/site\/?p=11986"},"modified":"2020-07-20T10:56:20","modified_gmt":"2020-07-20T10:56:20","slug":"maioria-dos-estados-avanca-nos-planos-de-retomada-economica","status":"publish","type":"post","link":"https:\/\/correiodasemana.com\/site\/maioria-dos-estados-avanca-nos-planos-de-retomada-economica\/","title":{"rendered":"Maioria dos estados avan\u00e7a nos planos de retomada econ\u00f4mica"},"content":{"rendered":"<p>Restri\u00e7\u00e3o varia conforme casos da doen\u00e7a e leitos de UTI dispon\u00edveis<\/p>\n<p>H\u00e1 cerca de quatro meses, desde que a pandemia do novo coronav\u00edrus imp\u00f4s o isolamento social, para tentar conter o avan\u00e7o do n\u00famero de\u00a0casos e mortes por covid-19, os governos dos 26 estados brasileiros e do Distrito Federal criaram planos que definem a retomada gradual das atividades econ\u00f4micas. A\u00a0<strong>Ag\u00eancia Brasil<\/strong>\u00a0vem acompanhando, quinzenalmente, a execu\u00e7\u00e3o desses planos. No final de junho, foi publicado o\u00a0<a href=\"https:\/\/agenciabrasil.ebc.com.br\/saude\/noticia\/2020-06\/saiba-como-estados-brasileiros-est%C3%A3o-retomando-a-atividade-economica\"><strong>primeiro levantamento<\/strong><\/a>\u00a0e, no in\u00edcio de julho, o\u00a0<a href=\"https:\/\/agenciabrasil.ebc.com.br\/saude\/noticia\/2020-07\/saiba-como-estao-os-planos-de-retomada-economica-em-cada-estado\"><strong>segundo<\/strong><\/a>.<\/p>\n<p>Em linhas gerais, nota-se que todos os planos levam em considera\u00e7\u00e3o quest\u00f5es como n\u00famero de infectados, de \u00f3bitos, de leitos de Unidade de Terapia Intensiva (UTI) dispon\u00edveis\u00a0e de respiradores. A maioria dos estados tamb\u00e9m classificou as atividades de acordo com a import\u00e2ncia ec\u00f4nomica e o risco de dissemina\u00e7\u00e3o do v\u00edrus que apresentam.<\/p>\n<p>A partir do cruzamento desses indicadores, o planos de flexibiliza\u00e7\u00e3o enquadram os munic\u00edpios em diferentes fases ou\u00a0etapas. A depender da evolu\u00e7\u00e3o dos indicadores, munic\u00edpios ou subregi\u00f5es estaduais ampliam a abertura econ\u00f4mica ou, em caso de piora nos indicadores, podem tamb\u00e9m retroceder para etapas de maior isolamento.<\/p>\n<p>Nos \u00faltimos 15 dias, por exemplo, estados como Rio de Janeiro, Pernambuco e Cear\u00e1, tiveram avan\u00e7os no cronograma seja em todo o estado seja em regi\u00f5es espec\u00edficas.<\/p>\n<p>Em Alagoas, uma nova progress\u00e3o est\u00e1 prevista para ter in\u00edcio hoje. A capital do estado, Macei\u00f3, por exemplo, entrar\u00e1 para a fase Amarela,\u00a0de\u00a0Distanciamento Social Controlado. Isso significa que bares e restaurantes poder\u00e3o funcionar com 50% da capacidade e que\u00a0<em>shoppings centers<\/em>, galerias e centros comerciais tamb\u00e9m poder\u00e3o abrir as portas. Bras\u00edlia tamb\u00e9m avan\u00e7ou na flexibiliza\u00e7\u00e3o do isolamento e reabriu bares e restaurantes, na semana passada.<\/p>\n<p>J\u00e1 no Maranh\u00e3o, por exemplo, as medidas de isolamento est\u00e3o mantidas e a previs\u00e3o \u00e9 de que n\u00e3o haja altera\u00e7\u00e3o no cen\u00e1rio\u00a0pelo menos at\u00e9 agosto. Em Sergipe, uma decis\u00e3o da Justi\u00e7a Federal, tomada no \u00faltimo dia 8, suspendeu\u00a0a primeira fase da retomada da economia. O estado afirma que recorreu da decis\u00e3o.<\/p>\n<h2>Cear\u00e1<\/h2>\n<p>O governo renovou, no \u00faltimo dia 11, o\u00a0<a href=\"https:\/\/www.ceara.gov.br\/wp-content\/uploads\/2020\/07\/do20200711p01.pdf\"><strong>decreto de isolamento<\/strong><\/a>\u00a0social para o Cear\u00e1, que prev\u00ea a\u00e7\u00f5es de preven\u00e7\u00e3o e combate \u00e0 pandemia do coronav\u00edrus. As medidas seguiram\u00a0at\u00e9 ontem (19), como previu\u00a0a publica\u00e7\u00e3o. Desde o dia 13 est\u00e1 autorizado na capital, Fortaleza, e na regi\u00e3o metropolitana, o retorno do futebol profissional sem a presen\u00e7a de p\u00fablico. Al\u00e9m disso, a reabertura de barracas de praia na capital cearense tamb\u00e9m est\u00e1 permitida, assim como as ag\u00eancias de viagens. As padarias tamb\u00e9m podem ter hor\u00e1rio de funcionamento estendido.<\/p>\n<p>Fortaleza manteve-se na Fase 3 de retomada respons\u00e1vel da economia. A regi\u00e3o Norte seguiu para a fase de transi\u00e7\u00e3o. A Macrorregi\u00e3o de Fortaleza continua na Fase 2. J\u00e1 as regi\u00f5es do Sert\u00e3o Central, do Litoral Leste e Jaguaribe permanecem na Fase 1. Na Macrorregi\u00e3o Sul, foi mantido o isolamento r\u00edgido em Iguatu, Crato, Juazeiro do Norte, Barbalha e Brejo Santo.<\/p>\n<p>No \u00faltimo dia 15, o governador, Camilo Santana, informou que, seguindo os dados do corpo t\u00e9cnico da sa\u00fade, se a estabiliza\u00e7\u00e3o e queda nos n\u00fameros da covid-19 em Fortaleza se mantiverem at\u00e9 o final da semana da semana passada, a capital poderia passar\u00a0para a Fase 4, mas com restri\u00e7\u00f5es, sem poder retomar as aulas presenciais, os cinemas, bares, academias e\u00a0<em>shows<\/em>.<\/p>\n<p>As etapas fazem parte do chamado Plano de Retomada Respons\u00e1vel das Atividades Econ\u00f4micas e Comportamentais, que come\u00e7ou a ser implementado no in\u00edcio do m\u00eas passado. O processo de libera\u00e7\u00e3o da atividade econ\u00f4mica conta com uma fase inicial de transi\u00e7\u00e3o em que est\u00e3o contemplados 17 setores, e mais quatro fases de abertura, obedecendo a crit\u00e9rios t\u00e9cnicos, sanit\u00e1rios e epidemiol\u00f3gicos.<\/p>\n<p>Por Jonas Valente, Ludmilla Souza e Mariana Tokarnia &#8211; Rep\u00f3rteres da Ag\u00eancia Brasil* &#8211; Bras\u00edlia<\/p>\n<p>&nbsp;<\/p>\n","protected":false},"excerpt":{"rendered":"<p>Restri\u00e7\u00e3o varia conforme casos da doen\u00e7a e leitos de UTI dispon\u00edveis H\u00e1 cerca de quatro&#8230;<\/p>\n","protected":false},"author":1,"featured_media":11987,"comment_status":"open","ping_status":"open","sticky":false,"template":"","format":"standard","meta":{"_jetpack_memberships_contains_paid_content":false,"footnotes":"","jetpack_publicize_message":"","jetpack_publicize_feature_enabled":true,"jetpack_social_post_already_shared":true,"jetpack_social_options":{"image_generator_settings":{"template":"highway","default_image_id":0,"font":"","enabled":false},"version":2}},"categories":[1],"tags":[],"class_list":["post-11986","post","type-post","status-publish","format-standard","has-post-thumbnail","hentry","category-atualidade"],"jetpack_publicize_connections":[],"jetpack_featured_media_url":"https:\/\/correiodasemana.com\/site\/wp-content\/uploads\/2020\/07\/16_07_2020_movimentacao_sp-3.jpg","jetpack-related-posts":[{"id":12288,"url":"https:\/\/correiodasemana.com\/site\/governo-do-ceara-vai-instalar-laboratorios-para-analise-de-testes-em-sobral-e-no-cariri\/","url_meta":{"origin":11986,"position":0},"title":"Governo do Cear\u00e1 vai instalar laborat\u00f3rios para an\u00e1lise de testes em Sobral e no Cariri","author":"","date":"Julho 28, 2020","format":false,"excerpt":"CORONAV\u00cdRUS (COVID-19) \u00a0 O Cear\u00e1 continua apresentando n\u00fameros mais animadores em rela\u00e7\u00e3o ao controle da pandemia do novo coronav\u00edrus. Mesmo a velocidade da doen\u00e7a tendo seguido ritmos diferentes nas mais variadas regi\u00f5es, devido ao grande n\u00famero de testes realizados o Governo do Cear\u00e1 tem conseguido monitorar e planejar suas a\u00e7\u00f5es\u2026","rel":"","context":"In &quot;Atualidade&quot;","block_context":{"text":"Atualidade","link":"https:\/\/correiodasemana.com\/site\/category\/atualidade\/"},"img":{"alt_text":"","src":"https:\/\/i0.wp.com\/correiodasemana.com\/site\/wp-content\/uploads\/2020\/07\/WhatsApp-Image-2020-07-27-at-19.14.52.jpeg?resize=350%2C200&ssl=1","width":350,"height":200,"srcset":"https:\/\/i0.wp.com\/correiodasemana.com\/site\/wp-content\/uploads\/2020\/07\/WhatsApp-Image-2020-07-27-at-19.14.52.jpeg?resize=350%2C200&ssl=1 1x, https:\/\/i0.wp.com\/correiodasemana.com\/site\/wp-content\/uploads\/2020\/07\/WhatsApp-Image-2020-07-27-at-19.14.52.jpeg?resize=525%2C300&ssl=1 1.5x, https:\/\/i0.wp.com\/correiodasemana.com\/site\/wp-content\/uploads\/2020\/07\/WhatsApp-Image-2020-07-27-at-19.14.52.jpeg?resize=700%2C400&ssl=1 2x, https:\/\/i0.wp.com\/correiodasemana.com\/site\/wp-content\/uploads\/2020\/07\/WhatsApp-Image-2020-07-27-at-19.14.52.jpeg?resize=1050%2C600&ssl=1 3x"},"classes":[]},{"id":15837,"url":"https:\/\/correiodasemana.com\/site\/apos-uma-semana-de-abertura-hospital-de-campanha-de-sobral-ja-registra-mais-da-metade-dos-leitos-ocupados\/","url_meta":{"origin":11986,"position":1},"title":"Ap\u00f3s uma semana de abertura Hospital de Campanha de Sobral j\u00e1 registra mais da metade dos leitos ocupados","author":"","date":"Fevereiro 28, 2021","format":false,"excerpt":"Por Samuel Carvalho - Reda\u00e7\u00e3o Correio da Semana O hospital municipal de campanha Dr. Alves reaberto no \u00faltimo dia 15, registrou 26 pacientes sendo estes 16 internados na ala cl\u00ednica e 10 em Unidade de Terapia Intensiva (UTI). Esse n\u00famero significa 52% de ocupa\u00e7\u00e3o dos leitos, que atingiu n\u00fameros preocupantes\u2026","rel":"","context":"In &quot;Atualidade&quot;","block_context":{"text":"Atualidade","link":"https:\/\/correiodasemana.com\/site\/category\/atualidade\/"},"img":{"alt_text":"","src":"https:\/\/i0.wp.com\/correiodasemana.com\/site\/wp-content\/uploads\/2021\/02\/Fachada-do-Hospital-de-Campanha-Dr.-Alves-em-Sobral.jpg?resize=350%2C200&ssl=1","width":350,"height":200,"srcset":"https:\/\/i0.wp.com\/correiodasemana.com\/site\/wp-content\/uploads\/2021\/02\/Fachada-do-Hospital-de-Campanha-Dr.-Alves-em-Sobral.jpg?resize=350%2C200&ssl=1 1x, https:\/\/i0.wp.com\/correiodasemana.com\/site\/wp-content\/uploads\/2021\/02\/Fachada-do-Hospital-de-Campanha-Dr.-Alves-em-Sobral.jpg?resize=525%2C300&ssl=1 1.5x, https:\/\/i0.wp.com\/correiodasemana.com\/site\/wp-content\/uploads\/2021\/02\/Fachada-do-Hospital-de-Campanha-Dr.-Alves-em-Sobral.jpg?resize=700%2C400&ssl=1 2x, https:\/\/i0.wp.com\/correiodasemana.com\/site\/wp-content\/uploads\/2021\/02\/Fachada-do-Hospital-de-Campanha-Dr.-Alves-em-Sobral.jpg?resize=1050%2C600&ssl=1 3x"},"classes":[]},{"id":12643,"url":"https:\/\/correiodasemana.com\/site\/norte-avanca-na-reabertura-sul-toma-medidas-mais-rigidas\/","url_meta":{"origin":11986,"position":2},"title":"Norte avan\u00e7a na reabertura; Sul toma medidas mais r\u00edgidas\u00a0","author":"","date":"Agosto 10, 2020","format":false,"excerpt":"Demais regi\u00f5es apresentam situa\u00e7\u00e3o de estabilidade ou retomada Quando a pandemia do novo coronav\u00edrus imp\u00f4s o isolamento social, para tentar conter o avan\u00e7o do n\u00famero de casos e mortes por covid-19, os governos dos 26 estados brasileiros e do Distrito Federal criaram planos que definem a retomada gradual das atividades\u2026","rel":"","context":"In &quot;Atualidade&quot;","block_context":{"text":"Atualidade","link":"https:\/\/correiodasemana.com\/site\/category\/atualidade\/"},"img":{"alt_text":"","src":"https:\/\/i0.wp.com\/correiodasemana.com\/site\/wp-content\/uploads\/2020\/08\/2020-04-27t193338z_757662744_rc27dg9eetsk_rtrmadp_3_health-coronavirus-brazil.jpg?resize=350%2C200&ssl=1","width":350,"height":200,"srcset":"https:\/\/i0.wp.com\/correiodasemana.com\/site\/wp-content\/uploads\/2020\/08\/2020-04-27t193338z_757662744_rc27dg9eetsk_rtrmadp_3_health-coronavirus-brazil.jpg?resize=350%2C200&ssl=1 1x, https:\/\/i0.wp.com\/correiodasemana.com\/site\/wp-content\/uploads\/2020\/08\/2020-04-27t193338z_757662744_rc27dg9eetsk_rtrmadp_3_health-coronavirus-brazil.jpg?resize=525%2C300&ssl=1 1.5x, https:\/\/i0.wp.com\/correiodasemana.com\/site\/wp-content\/uploads\/2020\/08\/2020-04-27t193338z_757662744_rc27dg9eetsk_rtrmadp_3_health-coronavirus-brazil.jpg?resize=700%2C400&ssl=1 2x, https:\/\/i0.wp.com\/correiodasemana.com\/site\/wp-content\/uploads\/2020\/08\/2020-04-27t193338z_757662744_rc27dg9eetsk_rtrmadp_3_health-coronavirus-brazil.jpg?resize=1050%2C600&ssl=1 3x"},"classes":[]},{"id":15721,"url":"https:\/\/correiodasemana.com\/site\/prefeitura-de-sobral-publica-decreto-com-medidas-especiais-para-o-periodo-de-carnaval\/","url_meta":{"origin":11986,"position":3},"title":"Prefeitura de Sobral publica decreto com medidas especiais para o per\u00edodo de Carnaval","author":"","date":"Fevereiro 16, 2021","format":false,"excerpt":"Por Samuel Carvalho - Reda\u00e7\u00e3o Correio da Semana Foram publicadas no Di\u00e1rio Oficial do Munic\u00edpio de Sobral as disposi\u00e7\u00f5es especiais para o per\u00edodo de Carnaval, decretos municipais que restringem as aglomera\u00e7\u00f5es e eventuais festas de carnaval como medida de combate ao avan\u00e7o do coronav\u00edrus. As determina\u00e7\u00f5es foram oficializadas no dia\u2026","rel":"","context":"In &quot;Atualidade&quot;","block_context":{"text":"Atualidade","link":"https:\/\/correiodasemana.com\/site\/category\/atualidade\/"},"img":{"alt_text":"","src":"https:\/\/i0.wp.com\/correiodasemana.com\/site\/wp-content\/uploads\/2021\/02\/prefeotura-de-sobral.jpg?resize=350%2C200&ssl=1","width":350,"height":200,"srcset":"https:\/\/i0.wp.com\/correiodasemana.com\/site\/wp-content\/uploads\/2021\/02\/prefeotura-de-sobral.jpg?resize=350%2C200&ssl=1 1x, https:\/\/i0.wp.com\/correiodasemana.com\/site\/wp-content\/uploads\/2021\/02\/prefeotura-de-sobral.jpg?resize=525%2C300&ssl=1 1.5x, https:\/\/i0.wp.com\/correiodasemana.com\/site\/wp-content\/uploads\/2021\/02\/prefeotura-de-sobral.jpg?resize=700%2C400&ssl=1 2x, https:\/\/i0.wp.com\/correiodasemana.com\/site\/wp-content\/uploads\/2021\/02\/prefeotura-de-sobral.jpg?resize=1050%2C600&ssl=1 3x"},"classes":[]},{"id":12442,"url":"https:\/\/correiodasemana.com\/site\/regioes-continuam-avancando-nas-fases-de-retomada-da-economia-aulas-presenciais-nao-retornam-em-agosto\/","url_meta":{"origin":11986,"position":4},"title":"Regi\u00f5es continuam avan\u00e7ando nas fases de retomada da economia; aulas presenciais n\u00e3o retornam em agosto","author":"","date":"Agosto 3, 2020","format":false,"excerpt":"Ao lado do prefeito de Fortaleza, Roberto Cl\u00e1udio, o governador Camilo Santana garantiu que, mesmo com a retomada das aulas presenciais, as unidades de ensino ter\u00e3o que continuar com a op\u00e7\u00e3o de aulas virtuais para aqueles que optarem por continuar com o aprendizado de forma remota Pelas redes sociais, o\u2026","rel":"","context":"In &quot;Atualidade&quot;","block_context":{"text":"Atualidade","link":"https:\/\/correiodasemana.com\/site\/category\/atualidade\/"},"img":{"alt_text":"","src":"https:\/\/i0.wp.com\/correiodasemana.com\/site\/wp-content\/uploads\/2020\/08\/WhatsApp-Image-2020-08-01-at-13.08.49.jpeg?resize=350%2C200&ssl=1","width":350,"height":200,"srcset":"https:\/\/i0.wp.com\/correiodasemana.com\/site\/wp-content\/uploads\/2020\/08\/WhatsApp-Image-2020-08-01-at-13.08.49.jpeg?resize=350%2C200&ssl=1 1x, https:\/\/i0.wp.com\/correiodasemana.com\/site\/wp-content\/uploads\/2020\/08\/WhatsApp-Image-2020-08-01-at-13.08.49.jpeg?resize=525%2C300&ssl=1 1.5x, https:\/\/i0.wp.com\/correiodasemana.com\/site\/wp-content\/uploads\/2020\/08\/WhatsApp-Image-2020-08-01-at-13.08.49.jpeg?resize=700%2C400&ssl=1 2x, https:\/\/i0.wp.com\/correiodasemana.com\/site\/wp-content\/uploads\/2020\/08\/WhatsApp-Image-2020-08-01-at-13.08.49.jpeg?resize=1050%2C600&ssl=1 3x"},"classes":[]},{"id":15957,"url":"https:\/\/correiodasemana.com\/site\/sistema-de-saude-de-sobral-e-regiao-norte-entram-em-colapso-com-100-dos-leitos-de-uti-ocupados\/","url_meta":{"origin":11986,"position":5},"title":"Sistema de sa\u00fade de Sobral e Regi\u00e3o Norte entram em colapso com 100% dos leitos de UTI ocupados","author":"","date":"Mar\u00e7o 14, 2021","format":false,"excerpt":"Por Samuel Carvalho - Reda\u00e7\u00e3o Correio da Semana Durante essa semana, a taxa de ocupa\u00e7\u00e3o de leitos de pelo menos 11 hospitais na Regi\u00e3o Norte atingiu sua totalidade. A situa\u00e7\u00e3o mais preocupante est\u00e1 na macrorregi\u00e3o de Sobral que abrange 55 munic\u00edpios, pois desde segunda-feira (8) todas as UTIs dispon\u00edveis na\u2026","rel":"","context":"In &quot;Atualidade&quot;","block_context":{"text":"Atualidade","link":"https:\/\/correiodasemana.com\/site\/category\/atualidade\/"},"img":{"alt_text":"","src":"https:\/\/i0.wp.com\/correiodasemana.com\/site\/wp-content\/uploads\/2021\/03\/hospital-de-campanha-de-sobral.jpg?resize=350%2C200&ssl=1","width":350,"height":200,"srcset":"https:\/\/i0.wp.com\/correiodasemana.com\/site\/wp-content\/uploads\/2021\/03\/hospital-de-campanha-de-sobral.jpg?resize=350%2C200&ssl=1 1x, https:\/\/i0.wp.com\/correiodasemana.com\/site\/wp-content\/uploads\/2021\/03\/hospital-de-campanha-de-sobral.jpg?resize=525%2C300&ssl=1 1.5x, https:\/\/i0.wp.com\/correiodasemana.com\/site\/wp-content\/uploads\/2021\/03\/hospital-de-campanha-de-sobral.jpg?resize=700%2C400&ssl=1 2x, https:\/\/i0.wp.com\/correiodasemana.com\/site\/wp-content\/uploads\/2021\/03\/hospital-de-campanha-de-sobral.jpg?resize=1050%2C600&ssl=1 3x"},"classes":[]}],"jetpack_sharing_enabled":true,"_links":{"self":[{"href":"https:\/\/correiodasemana.com\/site\/wp-json\/wp\/v2\/posts\/11986","targetHints":{"allow":["GET"]}}],"collection":[{"href":"https:\/\/correiodasemana.com\/site\/wp-json\/wp\/v2\/posts"}],"about":[{"href":"https:\/\/correiodasemana.com\/site\/wp-json\/wp\/v2\/types\/post"}],"author":[{"embeddable":true,"href":"https:\/\/correiodasemana.com\/site\/wp-json\/wp\/v2\/users\/1"}],"replies":[{"embeddable":true,"href":"https:\/\/correiodasemana.com\/site\/wp-json\/wp\/v2\/comments?post=11986"}],"version-history":[{"count":2,"href":"https:\/\/correiodasemana.com\/site\/wp-json\/wp\/v2\/posts\/11986\/revisions"}],"predecessor-version":[{"id":11989,"href":"https:\/\/correiodasemana.com\/site\/wp-json\/wp\/v2\/posts\/11986\/revisions\/11989"}],"wp:featuredmedia":[{"embeddable":true,"href":"https:\/\/correiodasemana.com\/site\/wp-json\/wp\/v2\/media\/11987"}],"wp:attachment":[{"href":"https:\/\/correiodasemana.com\/site\/wp-json\/wp\/v2\/media?parent=11986"}],"wp:term":[{"taxonomy":"category","embeddable":true,"href":"https:\/\/correiodasemana.com\/site\/wp-json\/wp\/v2\/categories?post=11986"},{"taxonomy":"post_tag","embeddable":true,"href":"https:\/\/correiodasemana.com\/site\/wp-json\/wp\/v2\/tags?post=11986"}],"curies":[{"name":"wp","href":"https:\/\/api.w.org\/{rel}","templated":true}]}}