{"id":11990,"date":"2020-07-20T11:12:31","date_gmt":"2020-07-20T11:12:31","guid":{"rendered":"https:\/\/correiodasemana.com\/site\/?p=11990"},"modified":"2020-07-20T11:12:31","modified_gmt":"2020-07-20T11:12:31","slug":"pandemia-mudara-conceitos-de-trabalho-e-moradia-dizem-especialistas","status":"publish","type":"post","link":"https:\/\/correiodasemana.com\/site\/pandemia-mudara-conceitos-de-trabalho-e-moradia-dizem-especialistas\/","title":{"rendered":"Pandemia mudar\u00e1 conceitos de trabalho e moradia, dizem especialistas"},"content":{"rendered":"<p>Tema ser\u00e1 discutido em congresso online nos dias 22 e 23 deste m\u00eas.<\/p>\n<p>A pandemia de covid-19 mudar\u00e1\u00a0em definitivo\u00a0a vida nas cidades. A doen\u00e7a acelerou processos que j\u00e1 vinham se desenhando h\u00e1 anos, como o uso intensivo da internet nos neg\u00f3cios, o teletrabalho e o encolhimento dos escrit\u00f3rios. E nem mesmo a descoberta de uma vacina far\u00e1 a sociedade voltar ao que era antes.<\/p>\n<p>A an\u00e1lise \u00e9 de especialistas em tecnologia e urbanismo, que discutir\u00e3o o tema dentro do conceito de cidades inteligentes, no congresso Inovacity Digital, que ser\u00e1 realizado nos dias\u00a022 e 23 pr\u00f3ximos, aberto a todos, por meio\u00a0do Youtube, com inscri\u00e7\u00e3o gratuita na\u00a0p\u00e1gina do evento.<\/p>\n<p>\u201cN\u00f3s n\u00e3o seremos mais os mesmos, definitivamente. Teremos v\u00e1rios &#8216;novos normais&#8217;. A nossa casa\u00a0n\u00e3o vai ser mais como era. N\u00f3s vamos\u00a0ter\u00a0que redesenhar os espa\u00e7os. Vamos trabalhar a partir de casa. N\u00f3s mudamos os nossos h\u00e1bitos. O digital chegou de vez para ficar. Vamos\u00a0ter\u00a0que mudar o modelo de neg\u00f3cios, a forma de produ\u00e7\u00e3o, que vai ser h\u00edbrida: f\u00edsico e digital, presencial e a\u00a0dist\u00e2ncia. A conviv\u00eancia desse modelo h\u00edbrido de gest\u00e3o do neg\u00f3cio \u00e9 o maior desafio que temos\u201d, disse o engenheiro Claudio Marinho, especializado em planejamento urbano e economia do setor p\u00fablico.<\/p>\n<p>Ex-secret\u00e1rio estadual de Tecnologia de Pernambuco, Claudio \u00e9 um dos conferencistas\u00a0do Inovacity e tamb\u00e9m um dos criadores do Porto Digital do Recife, um n\u00facleo de tecnologia que\u00a0hoje\u00a0tem 340 empresas. Funciona no antigo cais do porto da cidade e gera, segundo ele, trabalho para 11 mil pessoas, com um faturamento anual de R$ 2,250 bilh\u00f5es. Ele acredita que os centros hist\u00f3ricos das cidades brasileiras passar\u00e3o por um processo de transforma\u00e7\u00e3o, acelerado por causa\u00a0da covid-19, atraindo novos moradores, em um processo inverso ao verificado a partir dos anos 1970, quando os escrit\u00f3rios substitu\u00edram as resid\u00eancias.<\/p>\n<p>Com o conceito de teletrabalho se mostrando bem-sucedido por causa da pandemia, muitas empresas decidiram reduzir ou at\u00e9 mesmo fechar os escrit\u00f3rios, como forma de reduzir custos, colocando seus funcion\u00e1rios para trabalhar\u00a0de casa. Em sentido oposto, o mercado imobili\u00e1rio j\u00e1 come\u00e7a a planejar a transforma\u00e7\u00e3o de pr\u00e9dios comerciais em residenciais, se aproveitando da infraestrutura de transporte, saneamento e telecomunica\u00e7\u00f5es que as \u00e1reas centrais das cidades j\u00e1 possuem.<\/p>\n<p><strong>Transforma\u00e7\u00f5es<\/strong><\/p>\n<p>A tend\u00eancia de mudan\u00e7as tamb\u00e9m \u00e9 apontada pelo advogado Vin\u00edcius Casales, organizador do Inovacity, especializado em gest\u00e3o empresarial com foco em tecnologia. Segundo ele, as transforma\u00e7\u00f5es que os espa\u00e7os imobili\u00e1rios v\u00e3o sofrer nas \u00e1reas centrais das grandes cidades ser\u00e3o acelerados com a nova realidade trazida a partir da pandemia.<\/p>\n<p>\u201cMuitas empresas devolveram salas, andares inteiros, para colocar seus funcion\u00e1rios trabalhando dentro de casa. O que vai ser esse &#8216;novo comum&#8217;? Vai levar um tempo, talvez um ano, para todo mundo voltar a trabalhar nos escrit\u00f3rios. Talvez em um modelo mais flexibilizado, fazendo trabalho a\u00a0dist\u00e2ncia uma ou duas vezes por semana. Os estudantes tamb\u00e9m v\u00e3o experimentar um modelo misto, de conte\u00fado\u00a0online\u00a0de casa e conte\u00fado presencial em sala de aula\u201d, analisou Vin\u00edcius.<\/p>\n<p>Segundo ele, a sociedade estar\u00e1 passando por uma grande fase de ajustes, o que demandar\u00e1 adapta\u00e7\u00f5es pessoais de cada um: \u201cO momento que estamos vivendo \u00e9 de desafio, de reconstru\u00e7\u00e3o de tudo. De mudan\u00e7a de cultura. Para entender que o trabalhador, o empregado, para que ele seja produtivo, n\u00e3o precisa estar sob o olhar do chefe. Ele consegue ser produtivo trabalhando de casa e\u00a0ter\u00a0qualidade de vida. Estamos em um momento de revis\u00e3o e an\u00e1lise, transforma\u00e7\u00e3o e ressignifica\u00e7\u00e3o de sociedade\u201d.<\/p>\n<p><strong>Programa\u00e7\u00e3o<\/strong><\/p>\n<p>No primeiro dia, o encontro Inovacity Digital vai trazer cinco diferentes linhas de inova\u00e7\u00e3o, abrindo espa\u00e7o para exposi\u00e7\u00e3o de\u00a0startups, que apresentar\u00e3o solu\u00e7\u00f5es de neg\u00f3cios conectados com as cidades, entre produtos e servi\u00e7os. O segundo dia reunir\u00e1 especialistas e lideran\u00e7as dos setores p\u00fablico e privado em seis pain\u00e9is de debate: Urbanismo, Transforma\u00e7\u00e3o Digital, Inclus\u00e3o, Mobilidade e Gest\u00e3o e Governan\u00e7a. O evento \u00e9 gratuito, dirigido a os todos interessados, incluindo profissionais da \u00e1rea e estudantes universit\u00e1rios<\/p>\n<p>Por Vladimir Platonow &#8211; Rep\u00f3rter da Ag\u00eancia Brasil &#8211; Rio de Janeir<\/p>\n","protected":false},"excerpt":{"rendered":"<p>Tema ser\u00e1 discutido em congresso online nos dias 22 e 23 deste m\u00eas. A pandemia&#8230;<\/p>\n","protected":false},"author":1,"featured_media":11991,"comment_status":"open","ping_status":"open","sticky":false,"template":"","format":"standard","meta":{"_jetpack_memberships_contains_paid_content":false,"footnotes":"","jetpack_publicize_message":"","jetpack_publicize_feature_enabled":true,"jetpack_social_post_already_shared":true,"jetpack_social_options":{"image_generator_settings":{"template":"highway","default_image_id":0,"font":"","enabled":false},"version":2}},"categories":[1],"tags":[],"class_list":["post-11990","post","type-post","status-publish","format-standard","has-post-thumbnail","hentry","category-atualidade"],"jetpack_publicize_connections":[],"jetpack_featured_media_url":"https:\/\/correiodasemana.com\/site\/wp-content\/uploads\/2020\/07\/09_07_2020_teletrabalho-2.jpg","jetpack-related-posts":[{"id":12299,"url":"https:\/\/correiodasemana.com\/site\/eleicoes-municipais-comicios-e-eventos-com-aglomeracoes-podem-ser-proibidos-2\/","url_meta":{"origin":11990,"position":0},"title":"Elei\u00e7\u00f5es Municipais: Com\u00edcios e eventos com aglomera\u00e7\u00f5es podem ser proibidos","author":"","date":"Julho 28, 2020","format":false,"excerpt":"POL\u00cdTICA\/ELEI\u00c7\u00d5ES Projeto de Lei (PL 3602\/2020) em tramita\u00e7\u00e3o na C\u00e2mara dos Deputados prev\u00ea a proibi\u00e7\u00e3o de com\u00edcios e eventos que promovam aglomera\u00e7\u00f5es durante as elei\u00e7\u00f5es municipais deste ano. Segundo a proposta, esses eventos ficam impedidos de ocorrer enquanto durar o estado de calamidade p\u00fablica decretado por conta da pandemia do\u2026","rel":"","context":"In &quot;Atualidade&quot;","block_context":{"text":"Atualidade","link":"https:\/\/correiodasemana.com\/site\/category\/atualidade\/"},"img":{"alt_text":"","src":"https:\/\/i0.wp.com\/correiodasemana.com\/site\/wp-content\/uploads\/2020\/07\/urna-eletronica.jpg?resize=350%2C200&ssl=1","width":350,"height":200},"classes":[]},{"id":25869,"url":"https:\/\/correiodasemana.com\/site\/comunidade-mae-da-divina-providencia-realiza-congresso\/","url_meta":{"origin":11990,"position":1},"title":"Comunidade M\u00e3e da Divina  Provid\u00eancia realiza Congresso","author":"adminredacao","date":"Julho 31, 2023","format":false,"excerpt":"A Comunidade M\u00e3e da Divina Provid\u00eancia, fundada h\u00e1 10 anos na cidade de Sobral e com sede na Rua Coronel Sabino Guimar\u00e3es, tem como carisma \u201cSER SINAL VIVO DA DIVINA PROVID\u00caNCIA NA HUMANIDADE\u201d. Tem como miss\u00e3o, por gra\u00e7a de Deus, evangelizar com novos m\u00e9todos e novo ardor mission\u00e1rio por meio\u2026","rel":"","context":"In &quot;Atualidade&quot;","block_context":{"text":"Atualidade","link":"https:\/\/correiodasemana.com\/site\/category\/atualidade\/"},"img":{"alt_text":"","src":"https:\/\/i0.wp.com\/correiodasemana.com\/site\/wp-content\/uploads\/2023\/07\/WhatsApp-Image-2023-07-24-at-13.01.41.jpeg?resize=350%2C200&ssl=1","width":350,"height":200,"srcset":"https:\/\/i0.wp.com\/correiodasemana.com\/site\/wp-content\/uploads\/2023\/07\/WhatsApp-Image-2023-07-24-at-13.01.41.jpeg?resize=350%2C200&ssl=1 1x, https:\/\/i0.wp.com\/correiodasemana.com\/site\/wp-content\/uploads\/2023\/07\/WhatsApp-Image-2023-07-24-at-13.01.41.jpeg?resize=525%2C300&ssl=1 1.5x, https:\/\/i0.wp.com\/correiodasemana.com\/site\/wp-content\/uploads\/2023\/07\/WhatsApp-Image-2023-07-24-at-13.01.41.jpeg?resize=700%2C400&ssl=1 2x, https:\/\/i0.wp.com\/correiodasemana.com\/site\/wp-content\/uploads\/2023\/07\/WhatsApp-Image-2023-07-24-at-13.01.41.jpeg?resize=1050%2C600&ssl=1 3x"},"classes":[]},{"id":11998,"url":"https:\/\/correiodasemana.com\/site\/eleicoes-municipais-comicios-e-eventos-com-aglomeracoes-podem-ser-proibidos\/","url_meta":{"origin":11990,"position":2},"title":"Elei\u00e7\u00f5es Municipais: Com\u00edcios e eventos com aglomera\u00e7\u00f5es podem ser proibidos","author":"","date":"Julho 20, 2020","format":false,"excerpt":"Objetivo do Projeto de Lei do deputado federal, T\u00falio Gadelha (PDT-PE), \u00e9 evitar um aumento da incid\u00eancia da Covid-19 Projeto de Lei (PL 3602\/2020) em tramita\u00e7\u00e3o na C\u00e2mara dos Deputados prev\u00ea a proibi\u00e7\u00e3o de com\u00edcios e eventos que promovam aglomera\u00e7\u00f5es durante as elei\u00e7\u00f5es municipais deste ano. Segundo a proposta, esses\u2026","rel":"","context":"In &quot;Atualidade&quot;","block_context":{"text":"Atualidade","link":"https:\/\/correiodasemana.com\/site\/category\/atualidade\/"},"img":{"alt_text":"","src":"https:\/\/i0.wp.com\/correiodasemana.com\/site\/wp-content\/uploads\/2020\/07\/2_qSP8NGD.png?resize=350%2C200&ssl=1","width":350,"height":200,"srcset":"https:\/\/i0.wp.com\/correiodasemana.com\/site\/wp-content\/uploads\/2020\/07\/2_qSP8NGD.png?resize=350%2C200&ssl=1 1x, https:\/\/i0.wp.com\/correiodasemana.com\/site\/wp-content\/uploads\/2020\/07\/2_qSP8NGD.png?resize=525%2C300&ssl=1 1.5x, https:\/\/i0.wp.com\/correiodasemana.com\/site\/wp-content\/uploads\/2020\/07\/2_qSP8NGD.png?resize=700%2C400&ssl=1 2x"},"classes":[]},{"id":12395,"url":"https:\/\/correiodasemana.com\/site\/eleicoes-municipais-comicios-e-eventos-com-aglomeracoes-podem-ser-proibidos-3\/","url_meta":{"origin":11990,"position":3},"title":"Elei\u00e7\u00f5es Municipais: Com\u00edcios e eventos com aglomera\u00e7\u00f5es podem ser proibidos","author":"","date":"Agosto 2, 2020","format":false,"excerpt":"Objetivo do Projeto de Lei do deputado federal, T\u00falio Gadelha (PDT-PE), \u00e9 evitar um aumento da incid\u00eancia da Covid-19 Projeto de Lei (PL 3602\/2020) em tramita\u00e7\u00e3o na C\u00e2mara dos Deputados prev\u00ea a proibi\u00e7\u00e3o de com\u00edcios e eventos que promovam aglomera\u00e7\u00f5es durante as elei\u00e7\u00f5es municipais deste ano. Segundo a proposta, esses\u2026","rel":"","context":"In &quot;Atualidade&quot;","block_context":{"text":"Atualidade","link":"https:\/\/correiodasemana.com\/site\/category\/atualidade\/"},"img":{"alt_text":"","src":"https:\/\/i0.wp.com\/correiodasemana.com\/site\/wp-content\/uploads\/2019\/08\/urna_lecr-e1447217261594.jpg?resize=350%2C200&ssl=1","width":350,"height":200,"srcset":"https:\/\/i0.wp.com\/correiodasemana.com\/site\/wp-content\/uploads\/2019\/08\/urna_lecr-e1447217261594.jpg?resize=350%2C200&ssl=1 1x, https:\/\/i0.wp.com\/correiodasemana.com\/site\/wp-content\/uploads\/2019\/08\/urna_lecr-e1447217261594.jpg?resize=525%2C300&ssl=1 1.5x, https:\/\/i0.wp.com\/correiodasemana.com\/site\/wp-content\/uploads\/2019\/08\/urna_lecr-e1447217261594.jpg?resize=700%2C400&ssl=1 2x, https:\/\/i0.wp.com\/correiodasemana.com\/site\/wp-content\/uploads\/2019\/08\/urna_lecr-e1447217261594.jpg?resize=1050%2C600&ssl=1 3x, https:\/\/i0.wp.com\/correiodasemana.com\/site\/wp-content\/uploads\/2019\/08\/urna_lecr-e1447217261594.jpg?resize=1400%2C800&ssl=1 4x"},"classes":[]},{"id":9449,"url":"https:\/\/correiodasemana.com\/site\/sobral-recebe-o-ii-congresso-cearense-dos-hospitais-e-entidades-filantropicas\/","url_meta":{"origin":11990,"position":4},"title":"Sobral recebe o II Congresso Cearense dos Hospitais e Entidades Filantr\u00f3picas","author":"","date":"Outubro 14, 2019","format":false,"excerpt":"A cidade de Sobral recebe nos dias 21 e 22 de novembro o II Congresso Cearense dos Hospitais e Entidades Filantr\u00f3picas, que ocorrer\u00e1 no Centro de Conven\u00e7\u00f5es In\u00e1cio Gomes Parente. O evento \u00e9 uma realiza\u00e7\u00e3o da Federa\u00e7\u00e3o das Miseric\u00f3rdias e Entidades Filantr\u00f3picas do Cear\u00e1 (FEMICE) em parceria com a Santa\u2026","rel":"","context":"In &quot;Atualidade&quot;","block_context":{"text":"Atualidade","link":"https:\/\/correiodasemana.com\/site\/category\/atualidade\/"},"img":{"alt_text":"","src":"https:\/\/i0.wp.com\/correiodasemana.com\/site\/wp-content\/uploads\/2019\/08\/santa-casa-foto.jpg?resize=350%2C200&ssl=1","width":350,"height":200,"srcset":"https:\/\/i0.wp.com\/correiodasemana.com\/site\/wp-content\/uploads\/2019\/08\/santa-casa-foto.jpg?resize=350%2C200&ssl=1 1x, https:\/\/i0.wp.com\/correiodasemana.com\/site\/wp-content\/uploads\/2019\/08\/santa-casa-foto.jpg?resize=525%2C300&ssl=1 1.5x, https:\/\/i0.wp.com\/correiodasemana.com\/site\/wp-content\/uploads\/2019\/08\/santa-casa-foto.jpg?resize=700%2C400&ssl=1 2x"},"classes":[]},{"id":24090,"url":"https:\/\/correiodasemana.com\/site\/cerca-de-22-temas-serao-debatidos-e-encaminhados-em-22-sessoes-ao-longo-dos-10-dias-da-60a-ag-cnbb\/","url_meta":{"origin":11990,"position":5},"title":"CERCA DE 22 TEMAS SER\u00c3O DEBATIDOS E ENCAMINHADOS EM 22 SESS\u00d5ES AO LONGO DOS 10 DIAS DA 60\u00aa AG CNBB","author":"adminredacao","date":"Abril 17, 2023","format":false,"excerpt":"Fonte: CNBB No pr\u00f3ximo dia 19 de abril, \u00e0s 8h30, acontece a sess\u00e3o solene de abertura da 60\u00aa Assembleia Geral da Confer\u00eancia Nacional dos Bispos do Brasil (AG CNBB), no Centro de Conven\u00e7\u00f5es Padre V\u00edtor Coelho de Almeida do Santu\u00e1rio Nacional de Aparecida, em Aparecida (SP). O encontro do episcopado\u2026","rel":"","context":"In &quot;Atualidade&quot;","block_context":{"text":"Atualidade","link":"https:\/\/correiodasemana.com\/site\/category\/atualidade\/"},"img":{"alt_text":"","src":"https:\/\/i0.wp.com\/correiodasemana.com\/site\/wp-content\/uploads\/2023\/04\/Tema-Central-debatido-na-Assembleia.jpg?resize=350%2C200&ssl=1","width":350,"height":200,"srcset":"https:\/\/i0.wp.com\/correiodasemana.com\/site\/wp-content\/uploads\/2023\/04\/Tema-Central-debatido-na-Assembleia.jpg?resize=350%2C200&ssl=1 1x, https:\/\/i0.wp.com\/correiodasemana.com\/site\/wp-content\/uploads\/2023\/04\/Tema-Central-debatido-na-Assembleia.jpg?resize=525%2C300&ssl=1 1.5x, https:\/\/i0.wp.com\/correiodasemana.com\/site\/wp-content\/uploads\/2023\/04\/Tema-Central-debatido-na-Assembleia.jpg?resize=700%2C400&ssl=1 2x"},"classes":[]}],"jetpack_sharing_enabled":true,"_links":{"self":[{"href":"https:\/\/correiodasemana.com\/site\/wp-json\/wp\/v2\/posts\/11990","targetHints":{"allow":["GET"]}}],"collection":[{"href":"https:\/\/correiodasemana.com\/site\/wp-json\/wp\/v2\/posts"}],"about":[{"href":"https:\/\/correiodasemana.com\/site\/wp-json\/wp\/v2\/types\/post"}],"author":[{"embeddable":true,"href":"https:\/\/correiodasemana.com\/site\/wp-json\/wp\/v2\/users\/1"}],"replies":[{"embeddable":true,"href":"https:\/\/correiodasemana.com\/site\/wp-json\/wp\/v2\/comments?post=11990"}],"version-history":[{"count":2,"href":"https:\/\/correiodasemana.com\/site\/wp-json\/wp\/v2\/posts\/11990\/revisions"}],"predecessor-version":[{"id":11993,"href":"https:\/\/correiodasemana.com\/site\/wp-json\/wp\/v2\/posts\/11990\/revisions\/11993"}],"wp:featuredmedia":[{"embeddable":true,"href":"https:\/\/correiodasemana.com\/site\/wp-json\/wp\/v2\/media\/11991"}],"wp:attachment":[{"href":"https:\/\/correiodasemana.com\/site\/wp-json\/wp\/v2\/media?parent=11990"}],"wp:term":[{"taxonomy":"category","embeddable":true,"href":"https:\/\/correiodasemana.com\/site\/wp-json\/wp\/v2\/categories?post=11990"},{"taxonomy":"post_tag","embeddable":true,"href":"https:\/\/correiodasemana.com\/site\/wp-json\/wp\/v2\/tags?post=11990"}],"curies":[{"name":"wp","href":"https:\/\/api.w.org\/{rel}","templated":true}]}}