{"id":11994,"date":"2020-07-20T12:08:18","date_gmt":"2020-07-20T12:08:18","guid":{"rendered":"https:\/\/correiodasemana.com\/site\/?p=11994"},"modified":"2020-07-20T12:08:18","modified_gmt":"2020-07-20T12:08:18","slug":"manutencao-de-merenda-escolar-um-desafio-para-gestores-municipais-e-estaduais","status":"publish","type":"post","link":"https:\/\/correiodasemana.com\/site\/manutencao-de-merenda-escolar-um-desafio-para-gestores-municipais-e-estaduais\/","title":{"rendered":"Manuten\u00e7\u00e3o de merenda escolar: Um desafio para gestores municipais e estaduais"},"content":{"rendered":"<p>Para muitos alunos da rede p\u00fablica de ensino a merenda escolar \u00e9 a principal refei\u00e7\u00e3o do dia. Com a suspens\u00e3o das aulas presenciais nas escolas municipais e estaduais de todo o pa\u00eds, prefeitos e governadores est\u00e3o distribuindo kits de alimenta\u00e7\u00e3o a fam\u00edlias de alunos em situa\u00e7\u00e3o de vulnerabilidade social. O governo do Paran\u00e1, por exemplo, fornece cestas b\u00e1sicas aos estudantes inscritos em programas de assist\u00eancia social. Por l\u00e1, o kit merenda cont\u00e9m arroz, feij\u00e3o, farinha de milho, macarr\u00e3o, \u00f3leo e molho de tomate.<\/p>\n<p>No munic\u00edpio Jarinu, em S\u00e3o Paulo, alunos da rede municipal recebem uma cesta b\u00e1sica ainda mais completa. Entre os alimentos do kit, est\u00e3o frutas, verduras e vegetais produzidos por agricultores locais, sardinha, leite em p\u00f3, entre outros produtos.<\/p>\n<p>As compras de alimentos da merenda escolar s\u00e3o feitas com recursos de estados e munic\u00edpios e \u00e9 complementada com repasses do Governo Federal, realizados por meio\u00a0<a href=\"https:\/\/www.fnde.gov.br\/programas\/pnae\">Programa Nacional de Alimenta\u00e7\u00e3o Escolar (PNAE)<\/a>, coordenado pelo Fundo Nacional de Desenvolvimento da Educa\u00e7\u00e3o (FNDE).<\/p>\n<p>O presidente da Uni\u00e3o Nacional dos Dirigentes Municipais de Educa\u00e7\u00e3o (Undime), Luiz Miguel Martins Garcia, afirma que de forma geral as prefeituras do pa\u00eds t\u00eam enfrentado dificuldades durante a pandemia na aquisi\u00e7\u00e3o e distribui\u00e7\u00e3o de alimentos. Segundo ele, os kits merenda requerem mais recursos e um processo de log\u00edstica muito caro e defende uma complementa\u00e7\u00e3o dos recursos do PNAE com o fim da pandemia.<\/p>\n<p>\u201cH\u00e1 munic\u00edpios que j\u00e1 comprometeram os recursos para todo o ano em apenas dois ou tr\u00eas meses por conta dessa demanda&#8221;. Garcia alega que\u00a0&#8220;\u00e9\u00a0importante que seja discutido o processo de complementa\u00e7\u00e3o para quando as aulas presenciais voltarem, porque grande parte dos munic\u00edpios, n\u00e3o v\u00e3o ter dinheiro para alimenta\u00e7\u00e3o escolar\u201d, justifica.<\/p>\n<p>Os repasses do PNAE a estados, munic\u00edpios e escolas federais s\u00e3o realizados em 10 parcelas, conforme o n\u00famero de alunos matriculados em cada rede de ensino. Para a Educa\u00e7\u00e3o de Jovens e Adultos (EJA), o valor repassado por aluno a cada dia letivo \u00e9 de R$ 0,32. Em creches, esse valor por estudante matriculado \u00e9 de R$ 1,07.<\/p>\n<p>A legisla\u00e7\u00e3o do PNAE restringe a aquisi\u00e7\u00e3o de alguns alimentos ricos em a\u00e7\u00facar, s\u00f3dio e gorduras e imp\u00f5e limites a quantidade desses nutrientes nas prepara\u00e7\u00f5es di\u00e1rias e a oferta de doces. Al\u00e9m disso, o programa estabelece que 30% dos recursos repassados aos estados e munic\u00edpios sejam utilizados na aquisi\u00e7\u00e3o de produtos da agricultura familiar.<\/p>\n<p>Fonte: Brasil G1<\/p>\n","protected":false},"excerpt":{"rendered":"<p>Para muitos alunos da rede p\u00fablica de ensino a merenda escolar \u00e9 a principal refei\u00e7\u00e3o&#8230;<\/p>\n","protected":false},"author":1,"featured_media":11995,"comment_status":"open","ping_status":"open","sticky":false,"template":"","format":"standard","meta":{"_jetpack_memberships_contains_paid_content":false,"footnotes":"","jetpack_publicize_message":"","jetpack_publicize_feature_enabled":true,"jetpack_social_post_already_shared":true,"jetpack_social_options":{"image_generator_settings":{"template":"highway","default_image_id":0,"font":"","enabled":false},"version":2}},"categories":[1],"tags":[],"class_list":["post-11994","post","type-post","status-publish","format-standard","has-post-thumbnail","hentry","category-atualidade"],"jetpack_publicize_connections":[],"jetpack_featured_media_url":"https:\/\/correiodasemana.com\/site\/wp-content\/uploads\/2020\/07\/merenda-escolar.jpeg","jetpack-related-posts":[{"id":12102,"url":"https:\/\/correiodasemana.com\/site\/plano-de-contingencia-deve-garantir-alimentacao-e-assistencia-social-a-criancas-e-adolescentes\/","url_meta":{"origin":11994,"position":0},"title":"Plano de Conting\u00eancia deve garantir alimenta\u00e7\u00e3o e assist\u00eancia social a crian\u00e7as e adolescentes","author":"","date":"Julho 22, 2020","format":false,"excerpt":"SA\u00daDE Em comemora\u00e7\u00e3o aos 30 anos do Estatuto da Crian\u00e7a e do Adolescente (ECA), o Governo Federal apresentou novas medidas para assegurar a prote\u00e7\u00e3o dos jovens neste momento da pandemia. Em cerim\u00f4nia no Pal\u00e1cio do Planalto, a ministra da Mulher, Fam\u00edlia e Direitos Humanos, Damares Alves, apresentou o plano de\u2026","rel":"","context":"In &quot;Atualidade&quot;","block_context":{"text":"Atualidade","link":"https:\/\/correiodasemana.com\/site\/category\/atualidade\/"},"img":{"alt_text":"","src":"https:\/\/i0.wp.com\/correiodasemana.com\/site\/wp-content\/uploads\/2020\/07\/17e749ee12d7e26353fd3cc94cd3a3c8_15946748348148_864106288.jpg?resize=350%2C200&ssl=1","width":350,"height":200,"srcset":"https:\/\/i0.wp.com\/correiodasemana.com\/site\/wp-content\/uploads\/2020\/07\/17e749ee12d7e26353fd3cc94cd3a3c8_15946748348148_864106288.jpg?resize=350%2C200&ssl=1 1x, https:\/\/i0.wp.com\/correiodasemana.com\/site\/wp-content\/uploads\/2020\/07\/17e749ee12d7e26353fd3cc94cd3a3c8_15946748348148_864106288.jpg?resize=525%2C300&ssl=1 1.5x, https:\/\/i0.wp.com\/correiodasemana.com\/site\/wp-content\/uploads\/2020\/07\/17e749ee12d7e26353fd3cc94cd3a3c8_15946748348148_864106288.jpg?resize=700%2C400&ssl=1 2x"},"classes":[]},{"id":16485,"url":"https:\/\/correiodasemana.com\/site\/politica-em-evidencia-62\/","url_meta":{"origin":11994,"position":1},"title":"Pol\u00edtica em Evid\u00eancia","author":"","date":"Maio 17, 2021","format":false,"excerpt":"Dados epidemiol\u00f3gicos apresentados por especialistas em reuni\u00e3o semanal com o prefeito Ivo Gomes mostram que a taxa de contamina\u00e7\u00e3o por coronav\u00edrus diminuiu em Sobral, mas ainda se mant\u00e9m em n\u00edveis elevados e de alerta. Conforme o m\u00e9dico epidemiologista Ant\u00f4nio Lima Neto, os n\u00fameros apontam que a circula\u00e7\u00e3o do v\u00edrus ainda\u2026","rel":"","context":"In &quot;Artigos&quot;","block_context":{"text":"Artigos","link":"https:\/\/correiodasemana.com\/site\/category\/artigos\/"},"img":{"alt_text":"","src":"","width":0,"height":0},"classes":[]},{"id":12989,"url":"https:\/\/correiodasemana.com\/site\/lei-que-flexibiliza-ano-letivo-e-publicada-com-vetos\/","url_meta":{"origin":11994,"position":2},"title":"Lei que flexibiliza ano letivo \u00e9 publicada com vetos","author":"","date":"Agosto 19, 2020","format":false,"excerpt":"Os vetos ser\u00e3o analisados pelos parlamentares A Lei n\u00ba 14.040\/2020 foi publicada hoje (19) no\u00a0Di\u00e1rio Oficial da Uni\u00e3o\u00a0(DOU) com seis vetos. A medida desobriga as escolas de educa\u00e7\u00e3o b\u00e1sica e as universidades de cumprirem a quantidade m\u00ednima de dias letivos neste ano, em raz\u00e3o da pandemia da covid-19. O texto,\u2026","rel":"","context":"In &quot;Atualidade&quot;","block_context":{"text":"Atualidade","link":"https:\/\/correiodasemana.com\/site\/category\/atualidade\/"},"img":{"alt_text":"","src":"https:\/\/i0.wp.com\/correiodasemana.com\/site\/wp-content\/uploads\/2020\/08\/ensino_medio.jpg?resize=350%2C200&ssl=1","width":350,"height":200,"srcset":"https:\/\/i0.wp.com\/correiodasemana.com\/site\/wp-content\/uploads\/2020\/08\/ensino_medio.jpg?resize=350%2C200&ssl=1 1x, https:\/\/i0.wp.com\/correiodasemana.com\/site\/wp-content\/uploads\/2020\/08\/ensino_medio.jpg?resize=525%2C300&ssl=1 1.5x, https:\/\/i0.wp.com\/correiodasemana.com\/site\/wp-content\/uploads\/2020\/08\/ensino_medio.jpg?resize=700%2C400&ssl=1 2x, https:\/\/i0.wp.com\/correiodasemana.com\/site\/wp-content\/uploads\/2020\/08\/ensino_medio.jpg?resize=1050%2C600&ssl=1 3x"},"classes":[]},{"id":18857,"url":"https:\/\/correiodasemana.com\/site\/contrassenso-tombos-e-tombos\/","url_meta":{"origin":11994,"position":3},"title":"Contrassenso: Tombos e tombos","author":"","date":"Fevereiro 14, 2022","format":false,"excerpt":"Elimina\u00e7\u00e3o de barreiras arquitet\u00f3nicas continuar\u00e1 sendo uma das pautas permanentes aqui, no jornal e no r\u00e1dio, at\u00e9 porque tamb\u00e9m sou v\u00edtima desse flagrante desrespeito \u00e0s pessoas e \u00e0s leis. Uma simples busca em edi\u00e7\u00f5es do Correio da Semana de d\u00e9cadas passadas comprova-se nosso rep\u00fadio e nossa den\u00fancia. Alegrar-me-ei no dia\u2026","rel":"","context":"In &quot;Artigos&quot;","block_context":{"text":"Artigos","link":"https:\/\/correiodasemana.com\/site\/category\/artigos\/"},"img":{"alt_text":"","src":"https:\/\/i0.wp.com\/correiodasemana.com\/site\/wp-content\/uploads\/2022\/02\/Igreja-do-Menino-Deus-scaled.jpg?resize=350%2C200&ssl=1","width":350,"height":200,"srcset":"https:\/\/i0.wp.com\/correiodasemana.com\/site\/wp-content\/uploads\/2022\/02\/Igreja-do-Menino-Deus-scaled.jpg?resize=350%2C200&ssl=1 1x, https:\/\/i0.wp.com\/correiodasemana.com\/site\/wp-content\/uploads\/2022\/02\/Igreja-do-Menino-Deus-scaled.jpg?resize=525%2C300&ssl=1 1.5x, https:\/\/i0.wp.com\/correiodasemana.com\/site\/wp-content\/uploads\/2022\/02\/Igreja-do-Menino-Deus-scaled.jpg?resize=700%2C400&ssl=1 2x, https:\/\/i0.wp.com\/correiodasemana.com\/site\/wp-content\/uploads\/2022\/02\/Igreja-do-Menino-Deus-scaled.jpg?resize=1050%2C600&ssl=1 3x, https:\/\/i0.wp.com\/correiodasemana.com\/site\/wp-content\/uploads\/2022\/02\/Igreja-do-Menino-Deus-scaled.jpg?resize=1400%2C800&ssl=1 4x"},"classes":[]},{"id":16382,"url":"https:\/\/correiodasemana.com\/site\/site-da-sps-abriu-inscricao-para-o-auxilio-cesta-basica-essa-semana\/","url_meta":{"origin":11994,"position":4},"title":"Site da SPS abriu inscri\u00e7\u00e3o para o Aux\u00edlio Cesta B\u00e1sica essa semana","author":"","date":"Maio 10, 2021","format":false,"excerpt":"Por Samuel Carvalho - Reda\u00e7\u00e3o Correio da Semana Na ter\u00e7a-feira (04), a Secretaria da Prote\u00e7\u00e3o Social, Justi\u00e7a, Cidadania, Mulheres e Direitos Humanos (SPS) abriu as inscri\u00e7\u00f5es para o Aux\u00edlio Cesta B\u00e1sica que estar\u00e1 aberto at\u00e9 dia 14 de Maio. O aux\u00edlio concedido pelo Governo do Cear\u00e1 para trabalhadores de transporte\u2026","rel":"","context":"In &quot;Atualidade&quot;","block_context":{"text":"Atualidade","link":"https:\/\/correiodasemana.com\/site\/category\/atualidade\/"},"img":{"alt_text":"","src":"https:\/\/i0.wp.com\/correiodasemana.com\/site\/wp-content\/uploads\/2021\/05\/auxilio-ceara.jpg?resize=350%2C200&ssl=1","width":350,"height":200,"srcset":"https:\/\/i0.wp.com\/correiodasemana.com\/site\/wp-content\/uploads\/2021\/05\/auxilio-ceara.jpg?resize=350%2C200&ssl=1 1x, https:\/\/i0.wp.com\/correiodasemana.com\/site\/wp-content\/uploads\/2021\/05\/auxilio-ceara.jpg?resize=525%2C300&ssl=1 1.5x, https:\/\/i0.wp.com\/correiodasemana.com\/site\/wp-content\/uploads\/2021\/05\/auxilio-ceara.jpg?resize=700%2C400&ssl=1 2x, https:\/\/i0.wp.com\/correiodasemana.com\/site\/wp-content\/uploads\/2021\/05\/auxilio-ceara.jpg?resize=1050%2C600&ssl=1 3x, https:\/\/i0.wp.com\/correiodasemana.com\/site\/wp-content\/uploads\/2021\/05\/auxilio-ceara.jpg?resize=1400%2C800&ssl=1 4x"},"classes":[]},{"id":12049,"url":"https:\/\/correiodasemana.com\/site\/conheca-a-proposta-que-amplia-os-recursos-da-educacao-basica\/","url_meta":{"origin":11994,"position":5},"title":"Conhe\u00e7a a proposta que amplia os recursos da educa\u00e7\u00e3o b\u00e1sica","author":"","date":"Julho 21, 2020","format":false,"excerpt":"Mais da metade dos novos recursos do Fundeb deve ir para Bahia, Maranh\u00e3o e Cear\u00e1 Proposta de emenda \u00e0 Constitui\u00e7\u00e3o (PEC 15\/15) vai destinar mais dinheiro do governo federal ao Fundo de Manuten\u00e7\u00e3o e Desenvolvimento da Educa\u00e7\u00e3o B\u00e1sica (Fundeb). Esses recursos v\u00e3o aumentar gradativamente nos pr\u00f3ximos anos para at\u00e9 20%\u2026","rel":"","context":"In &quot;Atualidade&quot;","block_context":{"text":"Atualidade","link":"https:\/\/correiodasemana.com\/site\/category\/atualidade\/"},"img":{"alt_text":"","src":"https:\/\/i0.wp.com\/correiodasemana.com\/site\/wp-content\/uploads\/2020\/07\/1.jpg?resize=350%2C200&ssl=1","width":350,"height":200,"srcset":"https:\/\/i0.wp.com\/correiodasemana.com\/site\/wp-content\/uploads\/2020\/07\/1.jpg?resize=350%2C200&ssl=1 1x, https:\/\/i0.wp.com\/correiodasemana.com\/site\/wp-content\/uploads\/2020\/07\/1.jpg?resize=525%2C300&ssl=1 1.5x"},"classes":[]}],"jetpack_sharing_enabled":true,"_links":{"self":[{"href":"https:\/\/correiodasemana.com\/site\/wp-json\/wp\/v2\/posts\/11994","targetHints":{"allow":["GET"]}}],"collection":[{"href":"https:\/\/correiodasemana.com\/site\/wp-json\/wp\/v2\/posts"}],"about":[{"href":"https:\/\/correiodasemana.com\/site\/wp-json\/wp\/v2\/types\/post"}],"author":[{"embeddable":true,"href":"https:\/\/correiodasemana.com\/site\/wp-json\/wp\/v2\/users\/1"}],"replies":[{"embeddable":true,"href":"https:\/\/correiodasemana.com\/site\/wp-json\/wp\/v2\/comments?post=11994"}],"version-history":[{"count":2,"href":"https:\/\/correiodasemana.com\/site\/wp-json\/wp\/v2\/posts\/11994\/revisions"}],"predecessor-version":[{"id":11997,"href":"https:\/\/correiodasemana.com\/site\/wp-json\/wp\/v2\/posts\/11994\/revisions\/11997"}],"wp:featuredmedia":[{"embeddable":true,"href":"https:\/\/correiodasemana.com\/site\/wp-json\/wp\/v2\/media\/11995"}],"wp:attachment":[{"href":"https:\/\/correiodasemana.com\/site\/wp-json\/wp\/v2\/media?parent=11994"}],"wp:term":[{"taxonomy":"category","embeddable":true,"href":"https:\/\/correiodasemana.com\/site\/wp-json\/wp\/v2\/categories?post=11994"},{"taxonomy":"post_tag","embeddable":true,"href":"https:\/\/correiodasemana.com\/site\/wp-json\/wp\/v2\/tags?post=11994"}],"curies":[{"name":"wp","href":"https:\/\/api.w.org\/{rel}","templated":true}]}}