{"id":12002,"date":"2020-07-20T12:39:25","date_gmt":"2020-07-20T12:39:25","guid":{"rendered":"https:\/\/correiodasemana.com\/site\/?p=12002"},"modified":"2020-07-20T12:39:25","modified_gmt":"2020-07-20T12:39:25","slug":"fase-4-permite-funcionamento-de-igrejas-com-50-da-capacidade-catolicas-continuarao-fechadas","status":"publish","type":"post","link":"https:\/\/correiodasemana.com\/site\/fase-4-permite-funcionamento-de-igrejas-com-50-da-capacidade-catolicas-continuarao-fechadas\/","title":{"rendered":"Fase 4 permite funcionamento de igrejas com 50% da capacidade; cat\u00f3licas continuar\u00e3o fechadas"},"content":{"rendered":"<p><strong><em>Anteriormente, a quarta fase do plano de retomada no Estado previa 100% da ocupa\u00e7\u00e3o nos templos religiosos<\/em><\/strong><\/p>\n<p>Com o in\u00edcio, em Fortaleza, da\u00a0<a href=\"https:\/\/diariodonordeste.verdesmares.com.br\/negocios\/fase-4-entenda-o-que-muda-em-fortaleza-a-partir-de-segunda-20-1.2967348\">fase 4 do plano de retomada econ\u00f4mica do Estado<\/a>, as\u00a0atividades religiosas presenciais\u00a0podem acontecer com\u00a050% da capacidade em igrejas e templos, respeitando todos os crit\u00e9rios de distanciamento, a partir desta segunda-feira (20), conforme o decreto\u00a0 N\u00ba 33.684, publicado neste s\u00e1bado (18). Anteriormente, a quarta fase previa 100% da ocupa\u00e7\u00e3o dos templos.<\/p>\n<p>Apesar da autoriza\u00e7\u00e3o para metade da ocupa\u00e7\u00e3o, a assessoria de comunica\u00e7\u00e3o da Arquidiocese informou que continua com a decis\u00e3o de\u00a0esperar\u00a0at\u00e9 que as condi\u00e7\u00f5es de seguran\u00e7a sanit\u00e1ria permitam o funcionamento pleno das igrejas cat\u00f3licas.<\/p>\n<p>No dia 1\u00ba de junho, data em que o plano de retomada iniciou no Estado, o\u00a0<a href=\"https:\/\/diariodonordeste.verdesmares.com.br\/metro\/arquidiocese-mantera-igrejas-de-fortaleza-fechadas-apesar-da-autorizacao-para-reabertura-dia-22-1.2957674\">arcebispo, dom Jos\u00e9 Ant\u00f4nio Tosi Marques, afirmou, em carta circular, que ainda n\u00e3o \u00e9 o momento de reabertura<\/a>. \u201cQuem poderia escolher quem participaria das missas e quem n\u00e3o? Ademais, nosso povo t\u00e3o religioso costuma encher as igrejas para as celebra\u00e7\u00f5es. Como conter que saiam de casa apenas alguns e outros n\u00e3o?\u201d, questiona no documento.<\/p>\n<p>&nbsp;<\/p>\n<p>Apresentado pelo governador Camilo Santana no dia 28 de maio, o plano de retomada\u00a0da economia\u00a0e atividades comportamentais no Cear\u00e1 prev\u00ea que a quarta e \u00faltima fase da retomada de atividades acontece no\u00a0intervalo entre o dia 20 de julho e 2 de agosto. Somente ent\u00e3o os eventos religiosos poderiam ocorrer com 100% da capacidade, respeitando o protocolo\u00a0baseado nos\u00a0crit\u00e9rios para libera\u00e7\u00e3o. Por\u00e9m, com a publica\u00e7\u00e3o do decreto mandando que apenas 50% dos templos fiquem ocupados, o planejamento original foi desfeito.<\/p>\n<p>Os crit\u00e9rios do decreto levam em conta fatores como leitos, interna\u00e7\u00f5es, \u00f3bitos e condi\u00e7\u00f5es espec\u00edficas de cada regi\u00e3o ou cidade.\u00a0Assim como nos demais setores, o funcionamento das Igrejas e demais templos religiosos\u00a0depende do processo de monitoramento conduzido no Estado.<\/p>\n<p>Fonte: Di\u00e1rio do Nordeste<\/p>\n<p>&nbsp;<\/p>\n","protected":false},"excerpt":{"rendered":"<p>Anteriormente, a quarta fase do plano de retomada no Estado previa 100% da ocupa\u00e7\u00e3o nos&#8230;<\/p>\n","protected":false},"author":1,"featured_media":12003,"comment_status":"open","ping_status":"open","sticky":false,"template":"","format":"standard","meta":{"_jetpack_memberships_contains_paid_content":false,"footnotes":"","jetpack_publicize_message":"","jetpack_publicize_feature_enabled":true,"jetpack_social_post_already_shared":true,"jetpack_social_options":{"image_generator_settings":{"template":"highway","default_image_id":0,"font":"","enabled":false},"version":2}},"categories":[1],"tags":[],"class_list":["post-12002","post","type-post","status-publish","format-standard","has-post-thumbnail","hentry","category-atualidade"],"jetpack_publicize_connections":[],"jetpack_featured_media_url":"https:\/\/correiodasemana.com\/site\/wp-content\/uploads\/2020\/07\/28_03_2020__13_39_0497484e822eec0e20315a7381424e28e92351c_640x480.jpg","jetpack-related-posts":[{"id":13406,"url":"https:\/\/correiodasemana.com\/site\/covid-19-retorno-de-aulas-presenciais-e-controverso-nos-estados\/","url_meta":{"origin":12002,"position":0},"title":"Covid-19: retorno de aulas presenciais \u00e9 controverso nos estados","author":"","date":"Setembro 8, 2020","format":false,"excerpt":"Amazonas saiu na frente e retomou atividades presenciais em agosto Com a redu\u00e7\u00e3o da incid\u00eancia e mortalidade pela covid-19 em parte dos estados brasileiros, a discuss\u00e3o sobre o retorno das\u00a0aulas presenciais ganha for\u00e7a. O Amazonas saiu na frente e iniciou as atividades presenciais nas escolas ainda em agosto. Mas em\u2026","rel":"","context":"In &quot;Atualidade&quot;","block_context":{"text":"Atualidade","link":"https:\/\/correiodasemana.com\/site\/category\/atualidade\/"},"img":{"alt_text":"","src":"https:\/\/i0.wp.com\/correiodasemana.com\/site\/wp-content\/uploads\/2020\/09\/mcam12032020.jpg?resize=350%2C200&ssl=1","width":350,"height":200,"srcset":"https:\/\/i0.wp.com\/correiodasemana.com\/site\/wp-content\/uploads\/2020\/09\/mcam12032020.jpg?resize=350%2C200&ssl=1 1x, https:\/\/i0.wp.com\/correiodasemana.com\/site\/wp-content\/uploads\/2020\/09\/mcam12032020.jpg?resize=525%2C300&ssl=1 1.5x, https:\/\/i0.wp.com\/correiodasemana.com\/site\/wp-content\/uploads\/2020\/09\/mcam12032020.jpg?resize=700%2C400&ssl=1 2x, https:\/\/i0.wp.com\/correiodasemana.com\/site\/wp-content\/uploads\/2020\/09\/mcam12032020.jpg?resize=1050%2C600&ssl=1 3x"},"classes":[]},{"id":13367,"url":"https:\/\/correiodasemana.com\/site\/igrejas-catolicas-de-sobral-iniciam-retomada-de-missas-presenciais\/","url_meta":{"origin":12002,"position":1},"title":"Igrejas Cat\u00f3licas de Sobral iniciam retomada de missas presenciais","author":"","date":"Setembro 7, 2020","format":false,"excerpt":"Por Joc\u00e9lio Tavares. As igrejas cat\u00f3licas de Sobral (CE) retornaram, neste s\u00e1bado (05\/09), as celebra\u00e7\u00f5es de missas com a participa\u00e7\u00e3o dos fi\u00e9is. Todas as par\u00f3quias situadas no territ\u00f3rio do munic\u00edpio de Sobral est\u00e3o inclusas no plano de retomada, que retomaram as atividades com apenas 20% da capacidade permitida. Pelo plano\u2026","rel":"","context":"In &quot;Atualidade&quot;","block_context":{"text":"Atualidade","link":"https:\/\/correiodasemana.com\/site\/category\/atualidade\/"},"img":{"alt_text":"","src":"https:\/\/i0.wp.com\/correiodasemana.com\/site\/wp-content\/uploads\/2018\/02\/Igreja_Se%CC%81.jpg?resize=350%2C200&ssl=1","width":350,"height":200,"srcset":"https:\/\/i0.wp.com\/correiodasemana.com\/site\/wp-content\/uploads\/2018\/02\/Igreja_Se%CC%81.jpg?resize=350%2C200&ssl=1 1x, https:\/\/i0.wp.com\/correiodasemana.com\/site\/wp-content\/uploads\/2018\/02\/Igreja_Se%CC%81.jpg?resize=525%2C300&ssl=1 1.5x, https:\/\/i0.wp.com\/correiodasemana.com\/site\/wp-content\/uploads\/2018\/02\/Igreja_Se%CC%81.jpg?resize=700%2C400&ssl=1 2x, https:\/\/i0.wp.com\/correiodasemana.com\/site\/wp-content\/uploads\/2018\/02\/Igreja_Se%CC%81.jpg?resize=1050%2C600&ssl=1 3x, https:\/\/i0.wp.com\/correiodasemana.com\/site\/wp-content\/uploads\/2018\/02\/Igreja_Se%CC%81.jpg?resize=1400%2C800&ssl=1 4x"},"classes":[]},{"id":11986,"url":"https:\/\/correiodasemana.com\/site\/maioria-dos-estados-avanca-nos-planos-de-retomada-economica\/","url_meta":{"origin":12002,"position":2},"title":"Maioria dos estados avan\u00e7a nos planos de retomada econ\u00f4mica","author":"","date":"Julho 20, 2020","format":false,"excerpt":"Restri\u00e7\u00e3o varia conforme casos da doen\u00e7a e leitos de UTI dispon\u00edveis H\u00e1 cerca de quatro meses, desde que a pandemia do novo coronav\u00edrus imp\u00f4s o isolamento social, para tentar conter o avan\u00e7o do n\u00famero de\u00a0casos e mortes por covid-19, os governos dos 26 estados brasileiros e do Distrito Federal criaram\u2026","rel":"","context":"In &quot;Atualidade&quot;","block_context":{"text":"Atualidade","link":"https:\/\/correiodasemana.com\/site\/category\/atualidade\/"},"img":{"alt_text":"","src":"https:\/\/i0.wp.com\/correiodasemana.com\/site\/wp-content\/uploads\/2020\/07\/16_07_2020_movimentacao_sp-3.jpg?resize=350%2C200&ssl=1","width":350,"height":200,"srcset":"https:\/\/i0.wp.com\/correiodasemana.com\/site\/wp-content\/uploads\/2020\/07\/16_07_2020_movimentacao_sp-3.jpg?resize=350%2C200&ssl=1 1x, https:\/\/i0.wp.com\/correiodasemana.com\/site\/wp-content\/uploads\/2020\/07\/16_07_2020_movimentacao_sp-3.jpg?resize=525%2C300&ssl=1 1.5x, https:\/\/i0.wp.com\/correiodasemana.com\/site\/wp-content\/uploads\/2020\/07\/16_07_2020_movimentacao_sp-3.jpg?resize=700%2C400&ssl=1 2x, https:\/\/i0.wp.com\/correiodasemana.com\/site\/wp-content\/uploads\/2020\/07\/16_07_2020_movimentacao_sp-3.jpg?resize=1050%2C600&ssl=1 3x"},"classes":[]},{"id":12820,"url":"https:\/\/correiodasemana.com\/site\/diocese-de-sobral-anuncia-abertura-das-igrejas-com-participacao-dos-fieis-apenas-para-a-quarta-fase-do-plano-municipal\/","url_meta":{"origin":12002,"position":3},"title":"Diocese de Sobral anuncia abertura das igrejas com participa\u00e7\u00e3o dos fi\u00e9is apenas para a quarta fase do plano municipal","author":"","date":"Agosto 17, 2020","format":false,"excerpt":"Mesmo com as celebra\u00e7\u00f5es religiosas liberadas para 20% da capacidade, as Igrejas Cat\u00f3licas de Sobral v\u00e3o continuar fechadas Por Priscila Duarte De acordo com a nota divulgada pela Diocese de Sobral, a igreja cat\u00f3lica comemora o avan\u00e7o no combate do coronav\u00edrus, mas ressalta que a volta das celebra\u00e7\u00f5es com a\u2026","rel":"","context":"In &quot;Atualidade&quot;","block_context":{"text":"Atualidade","link":"https:\/\/correiodasemana.com\/site\/category\/atualidade\/"},"img":{"alt_text":"","src":"https:\/\/i0.wp.com\/correiodasemana.com\/site\/wp-content\/uploads\/2020\/08\/Catedral-da-Se-N.-S.-da-Conceicao-Sobral-Ceara-scaled.jpg?resize=350%2C200&ssl=1","width":350,"height":200,"srcset":"https:\/\/i0.wp.com\/correiodasemana.com\/site\/wp-content\/uploads\/2020\/08\/Catedral-da-Se-N.-S.-da-Conceicao-Sobral-Ceara-scaled.jpg?resize=350%2C200&ssl=1 1x, https:\/\/i0.wp.com\/correiodasemana.com\/site\/wp-content\/uploads\/2020\/08\/Catedral-da-Se-N.-S.-da-Conceicao-Sobral-Ceara-scaled.jpg?resize=525%2C300&ssl=1 1.5x, https:\/\/i0.wp.com\/correiodasemana.com\/site\/wp-content\/uploads\/2020\/08\/Catedral-da-Se-N.-S.-da-Conceicao-Sobral-Ceara-scaled.jpg?resize=700%2C400&ssl=1 2x, https:\/\/i0.wp.com\/correiodasemana.com\/site\/wp-content\/uploads\/2020\/08\/Catedral-da-Se-N.-S.-da-Conceicao-Sobral-Ceara-scaled.jpg?resize=1050%2C600&ssl=1 3x, https:\/\/i0.wp.com\/correiodasemana.com\/site\/wp-content\/uploads\/2020\/08\/Catedral-da-Se-N.-S.-da-Conceicao-Sobral-Ceara-scaled.jpg?resize=1400%2C800&ssl=1 4x"},"classes":[]},{"id":13537,"url":"https:\/\/correiodasemana.com\/site\/catedral-da-se-de-sobral-realiza-primeira-missa-com-presenca-de-fieis\/","url_meta":{"origin":12002,"position":4},"title":"Catedral da S\u00e9 de Sobral realiza primeira missa com presen\u00e7a de fieis","author":"","date":"Setembro 15, 2020","format":false,"excerpt":"Por Joc\u00e9lio Tavares. 'A Catedral da S\u00e9 de Sobral (CE) realizou, na noite do \u00faltimo s\u00e1bado (05\/09), sua primeira missa com a presen\u00e7a de fieis desde mar\u00e7o, quando as celebra\u00e7\u00f5es foram paralisadas por conta do isolamento social oriundo da pandemia do novo coronav\u00edrus.Todas as par\u00f3quias situadas no munic\u00edpio retomaram suas\u2026","rel":"","context":"In &quot;Atualidade&quot;","block_context":{"text":"Atualidade","link":"https:\/\/correiodasemana.com\/site\/category\/atualidade\/"},"img":{"alt_text":"","src":"https:\/\/i0.wp.com\/correiodasemana.com\/site\/wp-content\/uploads\/2020\/09\/118881130_3090747244386304_8428042606411744147_o.jpg?resize=350%2C200&ssl=1","width":350,"height":200,"srcset":"https:\/\/i0.wp.com\/correiodasemana.com\/site\/wp-content\/uploads\/2020\/09\/118881130_3090747244386304_8428042606411744147_o.jpg?resize=350%2C200&ssl=1 1x, https:\/\/i0.wp.com\/correiodasemana.com\/site\/wp-content\/uploads\/2020\/09\/118881130_3090747244386304_8428042606411744147_o.jpg?resize=525%2C300&ssl=1 1.5x, https:\/\/i0.wp.com\/correiodasemana.com\/site\/wp-content\/uploads\/2020\/09\/118881130_3090747244386304_8428042606411744147_o.jpg?resize=700%2C400&ssl=1 2x, https:\/\/i0.wp.com\/correiodasemana.com\/site\/wp-content\/uploads\/2020\/09\/118881130_3090747244386304_8428042606411744147_o.jpg?resize=1050%2C600&ssl=1 3x, https:\/\/i0.wp.com\/correiodasemana.com\/site\/wp-content\/uploads\/2020\/09\/118881130_3090747244386304_8428042606411744147_o.jpg?resize=1400%2C800&ssl=1 4x"},"classes":[]},{"id":16657,"url":"https:\/\/correiodasemana.com\/site\/apos-mais-de-dois-meses-fechado-mercado-publico-de-sobral-reabre-em-nova-fase-da-retomada-de-atividades-veja-o-que-mais-funciona\/","url_meta":{"origin":12002,"position":5},"title":"Ap\u00f3s mais de dois meses fechado, Mercado P\u00fablico de Sobral reabre em nova fase da retomada de atividades; Veja o que mais funciona","author":"","date":"Junho 7, 2021","format":false,"excerpt":"Por Samuel Carvalho Reda\u00e7\u00e3o Correio da Semana O Mercado P\u00fablico Chagas Barreto ficou fechado por dois meses como medida de enfrentamento a covid-19, foi reaberto ao p\u00fablico nesta quarta-feira (02) segundo o novo decreto de n\u00ba 2.669 emitido pela Prefeitura de Sobral. Continua a manuten\u00e7\u00e3o das medidas de isolamento social\u2026","rel":"","context":"In &quot;Atualidade&quot;","block_context":{"text":"Atualidade","link":"https:\/\/correiodasemana.com\/site\/category\/atualidade\/"},"img":{"alt_text":"","src":"https:\/\/i0.wp.com\/correiodasemana.com\/site\/wp-content\/uploads\/2021\/06\/Frutas-do-mercado-de-sobral-4.jpg?resize=350%2C200&ssl=1","width":350,"height":200,"srcset":"https:\/\/i0.wp.com\/correiodasemana.com\/site\/wp-content\/uploads\/2021\/06\/Frutas-do-mercado-de-sobral-4.jpg?resize=350%2C200&ssl=1 1x, https:\/\/i0.wp.com\/correiodasemana.com\/site\/wp-content\/uploads\/2021\/06\/Frutas-do-mercado-de-sobral-4.jpg?resize=525%2C300&ssl=1 1.5x"},"classes":[]}],"jetpack_sharing_enabled":true,"_links":{"self":[{"href":"https:\/\/correiodasemana.com\/site\/wp-json\/wp\/v2\/posts\/12002","targetHints":{"allow":["GET"]}}],"collection":[{"href":"https:\/\/correiodasemana.com\/site\/wp-json\/wp\/v2\/posts"}],"about":[{"href":"https:\/\/correiodasemana.com\/site\/wp-json\/wp\/v2\/types\/post"}],"author":[{"embeddable":true,"href":"https:\/\/correiodasemana.com\/site\/wp-json\/wp\/v2\/users\/1"}],"replies":[{"embeddable":true,"href":"https:\/\/correiodasemana.com\/site\/wp-json\/wp\/v2\/comments?post=12002"}],"version-history":[{"count":2,"href":"https:\/\/correiodasemana.com\/site\/wp-json\/wp\/v2\/posts\/12002\/revisions"}],"predecessor-version":[{"id":12005,"href":"https:\/\/correiodasemana.com\/site\/wp-json\/wp\/v2\/posts\/12002\/revisions\/12005"}],"wp:featuredmedia":[{"embeddable":true,"href":"https:\/\/correiodasemana.com\/site\/wp-json\/wp\/v2\/media\/12003"}],"wp:attachment":[{"href":"https:\/\/correiodasemana.com\/site\/wp-json\/wp\/v2\/media?parent=12002"}],"wp:term":[{"taxonomy":"category","embeddable":true,"href":"https:\/\/correiodasemana.com\/site\/wp-json\/wp\/v2\/categories?post=12002"},{"taxonomy":"post_tag","embeddable":true,"href":"https:\/\/correiodasemana.com\/site\/wp-json\/wp\/v2\/tags?post=12002"}],"curies":[{"name":"wp","href":"https:\/\/api.w.org\/{rel}","templated":true}]}}