{"id":12006,"date":"2020-07-20T12:51:50","date_gmt":"2020-07-20T12:51:50","guid":{"rendered":"https:\/\/correiodasemana.com\/site\/?p=12006"},"modified":"2020-07-20T12:51:50","modified_gmt":"2020-07-20T12:51:50","slug":"caixa-credita-saque-emergencial-do-fgts-para-nascidos-em-abril","status":"publish","type":"post","link":"https:\/\/correiodasemana.com\/site\/caixa-credita-saque-emergencial-do-fgts-para-nascidos-em-abril\/","title":{"rendered":"Caixa credita saque emergencial do FGTS para nascidos em abril"},"content":{"rendered":"<p><em><strong>Trabalhadores receber\u00e3o, no total, mais de R$ 37,8 bilh\u00f5es<\/strong><\/em><\/p>\n<p>A Caixa credita\u00a0hoje\u00a0(20)\u00a0o saque emergencial do Fundo de Garantia do Tempo de Servi\u00e7o (FGTS) para trabalhadores nascidos em abril.<\/p>\n<p>O novo saque tem como objetivo enfrentar o estado de calamidade p\u00fablica em raz\u00e3o da pandemia de\u00a0covid-19. No total, ser\u00e3o liberados, de acordo com todo o calend\u00e1rio, mais de R$ 37,8 bilh\u00f5es\u00a0para aproximadamente 60 milh\u00f5es de trabalhadores.<\/p>\n<p>O pagamento do saque emergencial ser\u00e1 feito\u00a0por meio de cr\u00e9dito na Conta Poupan\u00e7a Social Digital, aberto automaticamente pela Caixa em nome dos trabalhadores. O valor do saque \u00e9 de at\u00e9 R$ 1.045, considerando a soma dos saldos de todas as contas ativas ou inativas com saldo no FGTS.<\/p>\n<p>O calend\u00e1rio foi estabelecido com base no m\u00eas de nascimento do trabalhador.<\/p>\n<table width=\"669\">\n<thead>\n<tr>\n<td><strong>M\u00eas de nascimento<\/strong><\/td>\n<td><strong>Dia do cr\u00e9dito na conta poupan\u00e7a social digital<\/strong><\/td>\n<td><strong>data para saque em esp\u00e9cie<\/strong><\/td>\n<\/tr>\n<\/thead>\n<tbody>\n<tr>\n<td>janeiro<\/td>\n<td>29 de junho<\/td>\n<td>25 de julho<\/td>\n<\/tr>\n<tr>\n<td>fevereiro<\/td>\n<td>06 de julho<\/td>\n<td>08 de agosto<\/td>\n<\/tr>\n<tr>\n<td>mar\u00e7o<\/td>\n<td>13 de julho<\/td>\n<td>22 de agosto<\/td>\n<\/tr>\n<tr>\n<td>abril<\/td>\n<td>20 de julho<\/td>\n<td>05 de setembro<\/td>\n<\/tr>\n<tr>\n<td>maio<\/td>\n<td>27 de julho<\/td>\n<td>19 de setembro<\/td>\n<\/tr>\n<tr>\n<td>junho<\/td>\n<td>03 de agosto<\/td>\n<td>03 de outubro<\/td>\n<\/tr>\n<tr>\n<td>julho<\/td>\n<td>10 de agosto<\/td>\n<td>17 de outubro<\/td>\n<\/tr>\n<tr>\n<td>agosto<\/td>\n<td>24 de agosto<\/td>\n<td>17 de outubro<\/td>\n<\/tr>\n<tr>\n<td>setembro<\/td>\n<td>31 de agosto<\/td>\n<td>31 de outubro<\/td>\n<\/tr>\n<tr>\n<td>outubro<\/td>\n<td>08 de setembro<\/td>\n<td>31 de outubro<\/td>\n<\/tr>\n<tr>\n<td>novembro<\/td>\n<td>14 de setembro<\/td>\n<td>14 de novembro<\/td>\n<\/tr>\n<tr>\n<td>dezembro<\/td>\n<td>21 de setembro<\/td>\n<td>14 de novembro<\/td>\n<\/tr>\n<\/tbody>\n<\/table>\n<p>Caso n\u00e3o haja movimenta\u00e7\u00e3o na conta de economia social digital at\u00e9\u00a030 de novembro\u00a0deste ano, o valor ser\u00e1 devolvido \u00e0 conta do FGTS com a devida remunera\u00e7\u00e3o do per\u00edodo, sem preju\u00edzo para o trabalhador. Se ap\u00f3s esse prazo o trabalhador decidir fazer o saque emergencial, poder\u00e1 solicitar pelo Aplicativo FGTS at\u00e9\u00a031 de dezembro\u00a0de 2020.<\/p>\n<p>A Caixa disponibiliza os seguintes canais de atendimento para informa\u00e7\u00f5es sobre o saque emergencial do FGTS:\u00a0<em>site<\/em>\u00a0<a href=\"http:\/\/www.caixa.gov.br\/beneficios-trabalhador\/fgts\/Paginas\/default.aspx\"><strong>fgts.caixa.gov.br<\/strong><\/a>, Telefone 111 &#8211; op\u00e7\u00e3o 2, Internet Banking Caixa e aplicativo do FGTS.<\/p>\n<p>Por Kelly Oliveira &#8211; Rep\u00f3rter da Ag\u00eancia Brasil &#8211; Bras\u00edlia.<\/p>\n<p>&nbsp;<\/p>\n","protected":false},"excerpt":{"rendered":"<p>Trabalhadores receber\u00e3o, no total, mais de R$ 37,8 bilh\u00f5es A Caixa credita\u00a0hoje\u00a0(20)\u00a0o saque emergencial do&#8230;<\/p>\n","protected":false},"author":1,"featured_media":12007,"comment_status":"open","ping_status":"open","sticky":false,"template":"","format":"standard","meta":{"_jetpack_memberships_contains_paid_content":false,"footnotes":"","jetpack_publicize_message":"","jetpack_publicize_feature_enabled":true,"jetpack_social_post_already_shared":true,"jetpack_social_options":{"image_generator_settings":{"template":"highway","default_image_id":0,"font":"","enabled":false},"version":2}},"categories":[1],"tags":[],"class_list":["post-12006","post","type-post","status-publish","format-standard","has-post-thumbnail","hentry","category-atualidade"],"jetpack_publicize_connections":[],"jetpack_featured_media_url":"https:\/\/correiodasemana.com\/site\/wp-content\/uploads\/2020\/07\/aplicativo_fgtsabr_170820195558.jpg","jetpack-related-posts":[{"id":11770,"url":"https:\/\/correiodasemana.com\/site\/caixa-credita-saque-emergencial-do-fgts-para-nascidos-em-marco\/","url_meta":{"origin":12006,"position":0},"title":"Caixa credita saque emergencial do FGTS para nascidos em mar\u00e7o","author":"","date":"Julho 13, 2020","format":false,"excerpt":"ECONOMIA Quem quiser sacar, ter\u00e1 de esperar at\u00e9\u00a022 de agosto A Caixa credita hoje (13) saque emergencial do Fundo de Garantia do Tempo de Servi\u00e7o (FGTS) para trabalhadores nascidos em mar\u00e7o. O novo saque tem como objetivo enfrentar o estado de calamidade p\u00fablica em raz\u00e3o da pandemia de covid-19. No\u2026","rel":"","context":"In &quot;Atualidade&quot;","block_context":{"text":"Atualidade","link":"https:\/\/correiodasemana.com\/site\/category\/atualidade\/"},"img":{"alt_text":"","src":"https:\/\/i0.wp.com\/correiodasemana.com\/site\/wp-content\/uploads\/2020\/07\/280520_aplicativo_caixa_tem3276.jpg?resize=350%2C200&ssl=1","width":350,"height":200,"srcset":"https:\/\/i0.wp.com\/correiodasemana.com\/site\/wp-content\/uploads\/2020\/07\/280520_aplicativo_caixa_tem3276.jpg?resize=350%2C200&ssl=1 1x, https:\/\/i0.wp.com\/correiodasemana.com\/site\/wp-content\/uploads\/2020\/07\/280520_aplicativo_caixa_tem3276.jpg?resize=525%2C300&ssl=1 1.5x, https:\/\/i0.wp.com\/correiodasemana.com\/site\/wp-content\/uploads\/2020\/07\/280520_aplicativo_caixa_tem3276.jpg?resize=700%2C400&ssl=1 2x, https:\/\/i0.wp.com\/correiodasemana.com\/site\/wp-content\/uploads\/2020\/07\/280520_aplicativo_caixa_tem3276.jpg?resize=1050%2C600&ssl=1 3x"},"classes":[]},{"id":11642,"url":"https:\/\/correiodasemana.com\/site\/caixa-deposita-saque-emergencial-do-fgts-para-nascidos-em-fevereiro\/","url_meta":{"origin":12006,"position":1},"title":"Caixa deposita saque emergencial do FGTS para nascidos em fevereiro","author":"","date":"Julho 7, 2020","format":false,"excerpt":"Valor ser\u00e1 creditado nesta segunda-feira pelo banco A Caixa inicia, nesta segunda-feira (6), o pagamento do saque emergencial do Fundo de Garantia do Tempo de Servi\u00e7o (FGTS), para\u00a0trabalhadores nascidos em fevereiro.\u00a0O novo saque tem como objetivo enfrentar o estado de calamidade p\u00fablica em raz\u00e3o da pandemia da covid-19. No total,\u2026","rel":"","context":"In &quot;Atualidade&quot;","block_context":{"text":"Atualidade","link":"https:\/\/correiodasemana.com\/site\/category\/atualidade\/"},"img":{"alt_text":"","src":"https:\/\/i0.wp.com\/correiodasemana.com\/site\/wp-content\/uploads\/2020\/07\/caixa_economica_federal0505202673.jpg?resize=350%2C200&ssl=1","width":350,"height":200,"srcset":"https:\/\/i0.wp.com\/correiodasemana.com\/site\/wp-content\/uploads\/2020\/07\/caixa_economica_federal0505202673.jpg?resize=350%2C200&ssl=1 1x, https:\/\/i0.wp.com\/correiodasemana.com\/site\/wp-content\/uploads\/2020\/07\/caixa_economica_federal0505202673.jpg?resize=525%2C300&ssl=1 1.5x, https:\/\/i0.wp.com\/correiodasemana.com\/site\/wp-content\/uploads\/2020\/07\/caixa_economica_federal0505202673.jpg?resize=700%2C400&ssl=1 2x, https:\/\/i0.wp.com\/correiodasemana.com\/site\/wp-content\/uploads\/2020\/07\/caixa_economica_federal0505202673.jpg?resize=1050%2C600&ssl=1 3x"},"classes":[]},{"id":12434,"url":"https:\/\/correiodasemana.com\/site\/caixa-credita-hoje-saque-emergencial-do-fgts-para-nascidos-em-junho\/","url_meta":{"origin":12006,"position":2},"title":"Caixa credita hoje saque emergencial do FGTS para nascidos em junho","author":"","date":"Agosto 3, 2020","format":false,"excerpt":"Cerca de 5 milh\u00f5es de trabalhadores receber\u00e3o R$ 3,2 bilh\u00f5es Cerca de 5 milh\u00f5es de trabalhadores nascidos em junho come\u00e7am a receber\u00a0hoje\u00a0(3) o cr\u00e9dito do saque emergencial do Fundo de Garantia do Tempo de Servi\u00e7o (FGTS) de at\u00e9 R$ 1.045. Ser\u00e3o liberados R$ 3,2 bilh\u00f5es nas contas poupan\u00e7a digitais abertas\u2026","rel":"","context":"In &quot;Atualidade&quot;","block_context":{"text":"Atualidade","link":"https:\/\/correiodasemana.com\/site\/category\/atualidade\/"},"img":{"alt_text":"","src":"https:\/\/i0.wp.com\/correiodasemana.com\/site\/wp-content\/uploads\/2020\/08\/280520_aplicativo_caixa_tem3274.jpg?resize=350%2C200&ssl=1","width":350,"height":200,"srcset":"https:\/\/i0.wp.com\/correiodasemana.com\/site\/wp-content\/uploads\/2020\/08\/280520_aplicativo_caixa_tem3274.jpg?resize=350%2C200&ssl=1 1x, https:\/\/i0.wp.com\/correiodasemana.com\/site\/wp-content\/uploads\/2020\/08\/280520_aplicativo_caixa_tem3274.jpg?resize=525%2C300&ssl=1 1.5x, https:\/\/i0.wp.com\/correiodasemana.com\/site\/wp-content\/uploads\/2020\/08\/280520_aplicativo_caixa_tem3274.jpg?resize=700%2C400&ssl=1 2x, https:\/\/i0.wp.com\/correiodasemana.com\/site\/wp-content\/uploads\/2020\/08\/280520_aplicativo_caixa_tem3274.jpg?resize=1050%2C600&ssl=1 3x"},"classes":[]},{"id":12573,"url":"https:\/\/correiodasemana.com\/site\/auxilio-emergencial-caixa-credita-parcelas-para-mais-de-44-milhoes-de-beneficiarios-nesta-quarta-5\/","url_meta":{"origin":12006,"position":3},"title":"Aux\u00edlio emergencial: caixa credita parcelas para mais de 4,4 milh\u00f5es de benefici\u00e1rios nesta quarta (5)","author":"","date":"Agosto 9, 2020","format":false,"excerpt":"Pagamento abrange nascidos em maio j\u00e1 programados para receber nesta data, al\u00e9m dos nascidos de janeiro a maio da nova leva de eleg\u00edveis A CAIXA vai realizar nesta quarta-feira (5) o pagamento do Aux\u00edlio Emergencial para mais de 4,4 milh\u00f5es de benefici\u00e1rios. S\u00e3o 3,9 milh\u00f5es de pessoas nascidas em maio\u2026","rel":"","context":"In &quot;Atualidade&quot;","block_context":{"text":"Atualidade","link":"https:\/\/correiodasemana.com\/site\/category\/atualidade\/"},"img":{"alt_text":"","src":"https:\/\/i0.wp.com\/correiodasemana.com\/site\/wp-content\/uploads\/2020\/07\/auxilio-emergencial-caixa-1592266093900_v2_900x506-750x370-1.jpg?resize=350%2C200&ssl=1","width":350,"height":200,"srcset":"https:\/\/i0.wp.com\/correiodasemana.com\/site\/wp-content\/uploads\/2020\/07\/auxilio-emergencial-caixa-1592266093900_v2_900x506-750x370-1.jpg?resize=350%2C200&ssl=1 1x, https:\/\/i0.wp.com\/correiodasemana.com\/site\/wp-content\/uploads\/2020\/07\/auxilio-emergencial-caixa-1592266093900_v2_900x506-750x370-1.jpg?resize=525%2C300&ssl=1 1.5x, https:\/\/i0.wp.com\/correiodasemana.com\/site\/wp-content\/uploads\/2020\/07\/auxilio-emergencial-caixa-1592266093900_v2_900x506-750x370-1.jpg?resize=700%2C400&ssl=1 2x"},"classes":[]},{"id":19545,"url":"https:\/\/correiodasemana.com\/site\/saque-extraordinario-do-fgts-quem-tem-direito-quando-sacar-e-outras-duvidas\/","url_meta":{"origin":12006,"position":4},"title":"Saque extraordin\u00e1rio do FGTS, quem tem direito, quando sacar e outras d\u00favidas","author":"","date":"Abril 24, 2022","format":false,"excerpt":"O dinheiro estar\u00e1 dispon\u00edvel na conta do trabalhador no aplicativo CAIXA TEM O governo federal liberou nesta quarta-feira (20\/4) saques do Fundo de Garantia do Tempo de Servi\u00e7o (FGTS) de at\u00e9 R$ 1 mil por trabalhador. O pagamento \u00e9 feito de forma digital, por meio do aplicativo CAIXA TEM e\u2026","rel":"","context":"In &quot;Atualidade&quot;","block_context":{"text":"Atualidade","link":"https:\/\/correiodasemana.com\/site\/category\/atualidade\/"},"img":{"alt_text":"","src":"https:\/\/i0.wp.com\/correiodasemana.com\/site\/wp-content\/uploads\/2019\/07\/FGTS.jpg?resize=350%2C200&ssl=1","width":350,"height":200,"srcset":"https:\/\/i0.wp.com\/correiodasemana.com\/site\/wp-content\/uploads\/2019\/07\/FGTS.jpg?resize=350%2C200&ssl=1 1x, https:\/\/i0.wp.com\/correiodasemana.com\/site\/wp-content\/uploads\/2019\/07\/FGTS.jpg?resize=525%2C300&ssl=1 1.5x, https:\/\/i0.wp.com\/correiodasemana.com\/site\/wp-content\/uploads\/2019\/07\/FGTS.jpg?resize=700%2C400&ssl=1 2x, https:\/\/i0.wp.com\/correiodasemana.com\/site\/wp-content\/uploads\/2019\/07\/FGTS.jpg?resize=1050%2C600&ssl=1 3x, https:\/\/i0.wp.com\/correiodasemana.com\/site\/wp-content\/uploads\/2019\/07\/FGTS.jpg?resize=1400%2C800&ssl=1 4x"},"classes":[]},{"id":22467,"url":"https:\/\/correiodasemana.com\/site\/saque-aniversario-do-fgts-2023-disponivel\/","url_meta":{"origin":12006,"position":5},"title":"Saque-anivers\u00e1rio do FGTS &#8211; 2023 dispon\u00edvel","author":"","date":"Janeiro 2, 2023","format":false,"excerpt":"Os trabalhadores que optarem pelo saque-anivers\u00e1rio do Fundo de Garantia do Tempo de Servi\u00e7o (FGTS) aos poucos come\u00e7am a ter acesso \u00e0 cota de 2023. As retiradas ocorrem conforme o m\u00eas de anivers\u00e1rio do trabalhador. Cerca de 1,3 milh\u00e3o de cotistas nascidos em janeiro podem fazer o saque a partir\u2026","rel":"","context":"In &quot;Atualidade&quot;","block_context":{"text":"Atualidade","link":"https:\/\/correiodasemana.com\/site\/category\/atualidade\/"},"img":{"alt_text":"","src":"https:\/\/i0.wp.com\/correiodasemana.com\/site\/wp-content\/uploads\/2023\/01\/saque-do-fgts-2-100.jpg?resize=350%2C200&ssl=1","width":350,"height":200,"srcset":"https:\/\/i0.wp.com\/correiodasemana.com\/site\/wp-content\/uploads\/2023\/01\/saque-do-fgts-2-100.jpg?resize=350%2C200&ssl=1 1x, https:\/\/i0.wp.com\/correiodasemana.com\/site\/wp-content\/uploads\/2023\/01\/saque-do-fgts-2-100.jpg?resize=525%2C300&ssl=1 1.5x, https:\/\/i0.wp.com\/correiodasemana.com\/site\/wp-content\/uploads\/2023\/01\/saque-do-fgts-2-100.jpg?resize=700%2C400&ssl=1 2x, https:\/\/i0.wp.com\/correiodasemana.com\/site\/wp-content\/uploads\/2023\/01\/saque-do-fgts-2-100.jpg?resize=1050%2C600&ssl=1 3x"},"classes":[]}],"jetpack_sharing_enabled":true,"_links":{"self":[{"href":"https:\/\/correiodasemana.com\/site\/wp-json\/wp\/v2\/posts\/12006","targetHints":{"allow":["GET"]}}],"collection":[{"href":"https:\/\/correiodasemana.com\/site\/wp-json\/wp\/v2\/posts"}],"about":[{"href":"https:\/\/correiodasemana.com\/site\/wp-json\/wp\/v2\/types\/post"}],"author":[{"embeddable":true,"href":"https:\/\/correiodasemana.com\/site\/wp-json\/wp\/v2\/users\/1"}],"replies":[{"embeddable":true,"href":"https:\/\/correiodasemana.com\/site\/wp-json\/wp\/v2\/comments?post=12006"}],"version-history":[{"count":2,"href":"https:\/\/correiodasemana.com\/site\/wp-json\/wp\/v2\/posts\/12006\/revisions"}],"predecessor-version":[{"id":12010,"href":"https:\/\/correiodasemana.com\/site\/wp-json\/wp\/v2\/posts\/12006\/revisions\/12010"}],"wp:featuredmedia":[{"embeddable":true,"href":"https:\/\/correiodasemana.com\/site\/wp-json\/wp\/v2\/media\/12007"}],"wp:attachment":[{"href":"https:\/\/correiodasemana.com\/site\/wp-json\/wp\/v2\/media?parent=12006"}],"wp:term":[{"taxonomy":"category","embeddable":true,"href":"https:\/\/correiodasemana.com\/site\/wp-json\/wp\/v2\/categories?post=12006"},{"taxonomy":"post_tag","embeddable":true,"href":"https:\/\/correiodasemana.com\/site\/wp-json\/wp\/v2\/tags?post=12006"}],"curies":[{"name":"wp","href":"https:\/\/api.w.org\/{rel}","templated":true}]}}