{"id":12011,"date":"2020-07-20T13:02:31","date_gmt":"2020-07-20T13:02:31","guid":{"rendered":"https:\/\/correiodasemana.com\/site\/?p=12011"},"modified":"2020-07-20T13:02:31","modified_gmt":"2020-07-20T13:02:31","slug":"agencia-brasil-explica-como-agendar-servicos-no-meu-inss","status":"publish","type":"post","link":"https:\/\/correiodasemana.com\/site\/agencia-brasil-explica-como-agendar-servicos-no-meu-inss\/","title":{"rendered":"Ag\u00eancia Brasil explica: como agendar servi\u00e7os no Meu INSS"},"content":{"rendered":"<p><em><strong>Atendimento remoto foi prorrogado at\u00e9\u00a031 de julho<\/strong><\/em><\/p>\n<p>O atendimento presencial nas ag\u00eancias do Instituto Nacional do Seguro Social (INSS) est\u00e1 suspenso temporariamente desde mar\u00e7o, devido \u00e0 pandemia de covid-19. A data para a\u00a0<a href=\"https:\/\/agenciabrasil.ebc.com.br\/geral\/noticia\/2020-07\/reabertura-das-agencias-do-inss-e-adiada-para-dia-3-de-agosto\"><strong>abertura das ag\u00eancias<\/strong><\/a>\u00a0\u00e9 o dia\u00a03 de agosto. O atendimento exclusivo por meio de canais remotos foi prorrogado at\u00e9\u00a031 de julho\u00a0e continuar\u00e1 sendo realizado mesmo ap\u00f3s a reabertura das ag\u00eancias.<\/p>\n<p>Quando o atendimento presencial retornar, o tempo de funcionamento das ag\u00eancias ser\u00e1 parcial, com seis horas cont\u00ednuas, e\u00a0 exclusivo aos segurados e benefici\u00e1rios com pr\u00e9vio agendamento pelos canais remotos (Meu INSS e Central 135). Tamb\u00e9m ser\u00e3o retomados os servi\u00e7os que n\u00e3o possam ser realizados por meio dos canais de atendimento remotos como, por exemplo, per\u00edcias m\u00e9dicas, avalia\u00e7\u00e3o social e reabilita\u00e7\u00e3o profissional.<\/p>\n<p><em>Ag\u00eancia do Instituto Nacional do Seguro Social (INSS)\u00a0&#8211;\u00a0<\/em><strong><em>Marcelo Camargo\/Ag\u00eancia Brasil<\/em><\/strong><\/p>\n<p>O\u00a0<a href=\"https:\/\/www.inss.gov.br\/\"><strong>Meu INSS<\/strong><\/a>\u00a0pode ser acessado pela internet do seu computador ou pelo telefone celular (Android e IOS). S\u00e3o oferecidos mais de 90 servi\u00e7os, sem precisar sair de casa.<\/p>\n<p>Confira como acessar<\/p>\n<p>Para conhecer a ferramenta, digite o endere\u00e7o gov.br\/meuinss ou instale o aplicativo Meu INSS no celular. Depois \u00e9 preciso fazer um cadastro e obter uma senha.<\/p>\n<p>Tamb\u00e9m \u00e9 poss\u00edvel obter uma senha provis\u00f3ria pelo\u00a0<em>site<\/em>\u00a0de alguns bancos.<\/p>\n<p>No Banco do Brasil o caminho \u00e9: bb.com.br &gt; Servi\u00e7os &gt; Previd\u00eancia social &gt; Senha meu INSS &gt; NAI<\/p>\n<p>Na Caixa Econ\u00f4mica Federal: caixa.gov.br\/P\u00e1ginas &gt; Servi\u00e7o ao Cidad\u00e3o &gt; INSS &gt; Gerar C\u00f3digo para Servi\u00e7o INSS.<\/p>\n<p>No Banese: banese.com.br &gt; Internet Banking Banese &gt; Servi\u00e7os &gt; Gerar Senha Meu INSS &#8211; NAI.<\/p>\n<p>No Banrisul: banrisul.com.br &gt; Menu Servi\u00e7os &gt; Criar C\u00f3digo INSS.<\/p>\n<p>Bradesco: bradesco.com.br &gt; Outros Servi\u00e7os &gt; Documentos &gt; INSS \u2013 Cadastrar C\u00f3digo Inicial de Acesso ao Portal Meu INSS (NAI).<\/p>\n<p>Ita\u00fa: itau.com.br &gt;Previd\u00eancia &gt; INSS &gt; Cadastrar senha inicial de acesso ao Portal Meu INSS.<\/p>\n<p>Santander: santander.com.br &gt; Outros Produtos &gt; Demais Servi\u00e7os &gt; NAI \u2013 N\u00facleo de Autentica\u00e7\u00e3o Interbanc\u00e1ria.<\/p>\n<p>Sicoob: sicoob.com.br &gt; Outras op\u00e7\u00f5es &gt; Previd\u00eancia Social &gt; Senha Meu INSS &gt; NAI.<\/p>\n<p>Dificuldade no acesso<\/p>\n<p>No\u00a0<a href=\"http:\/\/faq-login-unico.servicos.gov.br\/en\/latest\/\"><strong><em>site<\/em><\/strong><strong>\u00a0do INSS<\/strong><\/a>\u00a0e na Central 135 (de segunda\u00a0a\u00a0s\u00e1bado, das\u00a07h \u00e0s 22h), \u00e9 poss\u00edvel tirar d\u00favidas sobre o acesso aos servi\u00e7os.<\/p>\n<p>Servi\u00e7os do Meu INSS<\/p>\n<p>No Meu INSS, o cidad\u00e3o pode enviar, por exemplo, documenta\u00e7\u00e3o digitalizada (escaneada) ou fotografada (por meio de foto tirada pelo celular). Um dos documentos que podem ser enviados pela internet \u00e9 o atestado m\u00e9dico.<\/p>\n<p>Para isso, \u00e9 preciso acessar o Meu INSS e selecionar a op\u00e7\u00e3o \u201cAgendar Per\u00edcia\u201d. Selecionar \u201cPer\u00edcia Inicial\u201d e quando aparecer a pergunta \u201cVoc\u00ea possui atestado m\u00e9dico?\u201d, responder sim e anexar no portal.<\/p>\n<p>Perguntas e respostas sobre concess\u00e3o e prorroga\u00e7\u00e3o do aux\u00edlio-doen\u00e7a<\/p>\n<p>Entres os servi\u00e7os dispon\u00edveis no Meu INSS est\u00e3o\u00a0aposentadoria por idade,\u00a0aposentadoria por tempo de contribui\u00e7\u00e3o,\u00a0sal\u00e1rio maternidade\u00a0pens\u00e3o por morte,\u00a0aux\u00edlio-doen\u00e7a,\u00a0seguro-desemprego do pescador artesanal,\u00a0benef\u00edcios assistenciais,\u00a0certid\u00e3o de tempo de contribui\u00e7\u00e3o,\u00a0alterar local ou forma de pagamento,\u00a0cadastrar ou renovar procura\u00e7\u00e3o ou representante legal, solicitar pagamento de benef\u00edcio n\u00e3o recebido,\u00a0recurso e revis\u00e3o, entre outros.<\/p>\n<p>Ap\u00f3s fazer a solicita\u00e7\u00e3o, \u00e9 poss\u00edvel acompanhar, com o n\u00famero do protocolo de requerimento, o andamento do pedido pelo Meu INSS ou telefone 135.<\/p>\n<p>Cumprimento de exig\u00eancia<\/p>\n<p>O INSS diz que quem receber um SMS (mensagem de celular) ou\u00a0<em>e-mail<\/em>\u00a0informando que existe alguma pend\u00eancia, n\u00e3o precisa se preocupar. Pelo Meu INSS \u00e9 poss\u00edvel enviar o documento fotografado ou digitalizado para dar continuidade ao processo.<\/p>\n<p>Site<\/p>\n<p>Na\u00a0<a href=\"https:\/\/www.inss.gov.br\/servicos-do-inss\/meu-inss\/\"><strong>p\u00e1gina do INSS<\/strong><\/a>\u00a0h\u00e1 mais informa\u00e7\u00f5es sobre os servi\u00e7os oferecidos na ferramenta, com v\u00eddeos explicativos.<\/p>\n<p>Por Kelly Oliveira &#8211; Rep\u00f3rter da Ag\u00eancia Brasil &#8211; Bras\u00edlia<\/p>\n<p>&nbsp;<\/p>\n","protected":false},"excerpt":{"rendered":"<p>Atendimento remoto foi prorrogado at\u00e9\u00a031 de julho O atendimento presencial nas ag\u00eancias do Instituto Nacional&#8230;<\/p>\n","protected":false},"author":1,"featured_media":12012,"comment_status":"open","ping_status":"open","sticky":false,"template":"","format":"standard","meta":{"_jetpack_memberships_contains_paid_content":false,"footnotes":"","jetpack_publicize_message":"","jetpack_publicize_feature_enabled":true,"jetpack_social_post_already_shared":true,"jetpack_social_options":{"image_generator_settings":{"template":"highway","default_image_id":0,"font":"","enabled":false},"version":2}},"categories":[1],"tags":[],"class_list":["post-12011","post","type-post","status-publish","format-standard","has-post-thumbnail","hentry","category-atualidade"],"jetpack_publicize_connections":[],"jetpack_featured_media_url":"https:\/\/correiodasemana.com\/site\/wp-content\/uploads\/2020\/07\/966943-07072015-dsc_5170.jpg","jetpack-related-posts":[{"id":11732,"url":"https:\/\/correiodasemana.com\/site\/reabertura-das-agencias-do-inss-e-adiada-para-dia-3-de-agosto-medida-foi-publicada-hoje-no-diario-oficial-da-uniao\/","url_meta":{"origin":12011,"position":0},"title":"Reabertura das ag\u00eancias do INSS \u00e9 adiada para dia 3 de agosto  Medida foi publicada hoje no Di\u00e1rio Oficial da Uni\u00e3o","author":"","date":"Julho 12, 2020","format":false,"excerpt":"O atendimento presencial nas ag\u00eancias da Previd\u00eancia Social foi adiado para 3 de agosto. O adiamento est\u00e1 na Portaria Conjunta n\u00b0 27 da Secretaria Especial de Previd\u00eancia e Trabalho do Minist\u00e9rio da Economia e do Instituto Nacional do Seguro Social (INSS), publicada hoje (8), no\u00a0Di\u00e1rio Oficial da Uni\u00e3o. O atendimento\u2026","rel":"","context":"In &quot;Atualidade&quot;","block_context":{"text":"Atualidade","link":"https:\/\/correiodasemana.com\/site\/category\/atualidade\/"},"img":{"alt_text":"","src":"https:\/\/i0.wp.com\/correiodasemana.com\/site\/wp-content\/uploads\/2020\/07\/naom_5f0595a8af737.jpg?resize=350%2C200&ssl=1","width":350,"height":200,"srcset":"https:\/\/i0.wp.com\/correiodasemana.com\/site\/wp-content\/uploads\/2020\/07\/naom_5f0595a8af737.jpg?resize=350%2C200&ssl=1 1x, https:\/\/i0.wp.com\/correiodasemana.com\/site\/wp-content\/uploads\/2020\/07\/naom_5f0595a8af737.jpg?resize=525%2C300&ssl=1 1.5x, https:\/\/i0.wp.com\/correiodasemana.com\/site\/wp-content\/uploads\/2020\/07\/naom_5f0595a8af737.jpg?resize=700%2C400&ssl=1 2x, https:\/\/i0.wp.com\/correiodasemana.com\/site\/wp-content\/uploads\/2020\/07\/naom_5f0595a8af737.jpg?resize=1050%2C600&ssl=1 3x, https:\/\/i0.wp.com\/correiodasemana.com\/site\/wp-content\/uploads\/2020\/07\/naom_5f0595a8af737.jpg?resize=1400%2C800&ssl=1 4x"},"classes":[]},{"id":13451,"url":"https:\/\/correiodasemana.com\/site\/apenas-segurados-agendados-serao-atendidos-nas-agencias-do-inss\/","url_meta":{"origin":12011,"position":1},"title":"Apenas segurados agendados ser\u00e3o atendidos nas ag\u00eancias do INSS","author":"","date":"Setembro 10, 2020","format":false,"excerpt":"A reabertura das ag\u00eancias est\u00e1 prevista para a pr\u00f3xima segunda-feira As ag\u00eancias do Instituto Nacional do Seguro Social (INSS) v\u00e3o reabrir na pr\u00f3xima segunda-feira (14), mas o atendimento ser\u00e1 exclusivo para quem fizer agendamento. Para marcar hora, o segurado deve acessar o\u00a0site\u00a0Meu INSS\u00a0e aplicativo ou ligar no 135. Segundo o\u2026","rel":"","context":"In &quot;Atualidade&quot;","block_context":{"text":"Atualidade","link":"https:\/\/correiodasemana.com\/site\/category\/atualidade\/"},"img":{"alt_text":"","src":"https:\/\/i0.wp.com\/correiodasemana.com\/site\/wp-content\/uploads\/2020\/09\/edit_previdencia_socialsantos_fc231082200890.jpg?resize=350%2C200&ssl=1","width":350,"height":200,"srcset":"https:\/\/i0.wp.com\/correiodasemana.com\/site\/wp-content\/uploads\/2020\/09\/edit_previdencia_socialsantos_fc231082200890.jpg?resize=350%2C200&ssl=1 1x, https:\/\/i0.wp.com\/correiodasemana.com\/site\/wp-content\/uploads\/2020\/09\/edit_previdencia_socialsantos_fc231082200890.jpg?resize=525%2C300&ssl=1 1.5x, https:\/\/i0.wp.com\/correiodasemana.com\/site\/wp-content\/uploads\/2020\/09\/edit_previdencia_socialsantos_fc231082200890.jpg?resize=700%2C400&ssl=1 2x, https:\/\/i0.wp.com\/correiodasemana.com\/site\/wp-content\/uploads\/2020\/09\/edit_previdencia_socialsantos_fc231082200890.jpg?resize=1050%2C600&ssl=1 3x"},"classes":[]},{"id":13525,"url":"https:\/\/correiodasemana.com\/site\/apenas-segurados-agendados-serao-atendidos-nas-agencias-do-inss-2\/","url_meta":{"origin":12011,"position":2},"title":"Apenas segurados agendados ser\u00e3o atendidos nas ag\u00eancias do INSS","author":"","date":"Setembro 15, 2020","format":false,"excerpt":"A reabertura das ag\u00eancias est\u00e1 prevista para a pr\u00f3xima segunda-feira As ag\u00eancias do Instituto Nacional do Seguro Social (INSS) v\u00e3o reabrir na pr\u00f3xima segunda-feira (14), mas o atendimento ser\u00e1 exclusivo para quem fizer agendamento. Para marcar hora, o segurado deve acessar o\u00a0site\u00a0Meu INSS\u00a0e aplicativo ou ligar no 135. Segundo o\u2026","rel":"","context":"In &quot;Atualidade&quot;","block_context":{"text":"Atualidade","link":"https:\/\/correiodasemana.com\/site\/category\/atualidade\/"},"img":{"alt_text":"","src":"https:\/\/i0.wp.com\/correiodasemana.com\/site\/wp-content\/uploads\/2020\/08\/INSS-PREDIO.jpg?resize=350%2C200&ssl=1","width":350,"height":200,"srcset":"https:\/\/i0.wp.com\/correiodasemana.com\/site\/wp-content\/uploads\/2020\/08\/INSS-PREDIO.jpg?resize=350%2C200&ssl=1 1x, https:\/\/i0.wp.com\/correiodasemana.com\/site\/wp-content\/uploads\/2020\/08\/INSS-PREDIO.jpg?resize=525%2C300&ssl=1 1.5x, https:\/\/i0.wp.com\/correiodasemana.com\/site\/wp-content\/uploads\/2020\/08\/INSS-PREDIO.jpg?resize=700%2C400&ssl=1 2x, https:\/\/i0.wp.com\/correiodasemana.com\/site\/wp-content\/uploads\/2020\/08\/INSS-PREDIO.jpg?resize=1050%2C600&ssl=1 3x"},"classes":[]},{"id":12359,"url":"https:\/\/correiodasemana.com\/site\/agencias-do-inss-e-adiada-para-24-de-agosto-reabertura-das\/","url_meta":{"origin":12011,"position":3},"title":"Reabertura das ag\u00eancias do INSS \u00e9 adiada para 24 de agosto","author":"","date":"Julho 29, 2020","format":false,"excerpt":"Retorno estava previsto para a pr\u00f3xima segunda-feira (3) O Instituto Nacional do Seguro Social (INSS) publicou hoje (29), no\u00a0Di\u00e1rio Oficial da Uni\u00e3o,\u00a0portaria que adia para o pr\u00f3ximo dia 24 a reabertura gradual de suas ag\u00eancias f\u00edsicas em todo o pa\u00eds, devido \u00e0 pandemia do novo coronav\u00edrus. A\u00a0Portaria 36\u00a0resulta de decis\u00e3o\u2026","rel":"","context":"In &quot;Atualidade&quot;","block_context":{"text":"Atualidade","link":"https:\/\/correiodasemana.com\/site\/category\/atualidade\/"},"img":{"alt_text":"","src":"https:\/\/i0.wp.com\/correiodasemana.com\/site\/wp-content\/uploads\/2020\/07\/966943-07072015-dsc_5170-2.jpg?resize=350%2C200&ssl=1","width":350,"height":200,"srcset":"https:\/\/i0.wp.com\/correiodasemana.com\/site\/wp-content\/uploads\/2020\/07\/966943-07072015-dsc_5170-2.jpg?resize=350%2C200&ssl=1 1x, https:\/\/i0.wp.com\/correiodasemana.com\/site\/wp-content\/uploads\/2020\/07\/966943-07072015-dsc_5170-2.jpg?resize=525%2C300&ssl=1 1.5x, https:\/\/i0.wp.com\/correiodasemana.com\/site\/wp-content\/uploads\/2020\/07\/966943-07072015-dsc_5170-2.jpg?resize=700%2C400&ssl=1 2x, https:\/\/i0.wp.com\/correiodasemana.com\/site\/wp-content\/uploads\/2020\/07\/966943-07072015-dsc_5170-2.jpg?resize=1050%2C600&ssl=1 3x"},"classes":[]},{"id":13471,"url":"https:\/\/correiodasemana.com\/site\/inss-retomam-atendimento-presencial-a-partir-de-hoje\/","url_meta":{"origin":12011,"position":4},"title":"INSS retomam atendimento presencial a partir de hoje","author":"","date":"Setembro 14, 2020","format":false,"excerpt":"Segurados devem agendar atendimento pela internet ou telefone As ag\u00eancias do Instituto Nacional do Seguro Social (INSS) retomam as atividades presenciais a partir de hoje (14) em todo o pa\u00eds. Nesta primeira fase de reabertura, somente os atendimentos agendados previamente ser\u00e3o realizados nas ag\u00eancias, incluindo, em alguns casos, a retomada\u2026","rel":"","context":"In &quot;Atualidade&quot;","block_context":{"text":"Atualidade","link":"https:\/\/correiodasemana.com\/site\/category\/atualidade\/"},"img":{"alt_text":"","src":"https:\/\/i0.wp.com\/correiodasemana.com\/site\/wp-content\/uploads\/2020\/09\/mc_previdencia_socialsantos_fc2108200888.jpg?resize=350%2C200&ssl=1","width":350,"height":200,"srcset":"https:\/\/i0.wp.com\/correiodasemana.com\/site\/wp-content\/uploads\/2020\/09\/mc_previdencia_socialsantos_fc2108200888.jpg?resize=350%2C200&ssl=1 1x, https:\/\/i0.wp.com\/correiodasemana.com\/site\/wp-content\/uploads\/2020\/09\/mc_previdencia_socialsantos_fc2108200888.jpg?resize=525%2C300&ssl=1 1.5x, https:\/\/i0.wp.com\/correiodasemana.com\/site\/wp-content\/uploads\/2020\/09\/mc_previdencia_socialsantos_fc2108200888.jpg?resize=700%2C400&ssl=1 2x, https:\/\/i0.wp.com\/correiodasemana.com\/site\/wp-content\/uploads\/2020\/09\/mc_previdencia_socialsantos_fc2108200888.jpg?resize=1050%2C600&ssl=1 3x"},"classes":[]},{"id":13260,"url":"https:\/\/correiodasemana.com\/site\/em-tempo-46\/","url_meta":{"origin":12011,"position":5},"title":"Em Tempo","author":"","date":"Agosto 31, 2020","format":false,"excerpt":"Obras iniciais do novo aeroporto de Sobral Governo do Cear\u00e1 assinou contrato para implanta\u00e7\u00e3o da pista de pouso e decolagem, acessos e servi\u00e7os complementares do Aeroporto Regional de Sobral. A obra ser\u00e1 feita pelo cons\u00f3rcio RF\/JZ, com as empresas R.Furlani Engenharia e JZ Engenharia e Com\u00e9rcio. A informa\u00e7\u00e3o foi divulgada\u2026","rel":"","context":"In &quot;Artigos&quot;","block_context":{"text":"Artigos","link":"https:\/\/correiodasemana.com\/site\/category\/artigos\/"},"img":{"alt_text":"","src":"https:\/\/i0.wp.com\/correiodasemana.com\/site\/wp-content\/uploads\/2019\/12\/FOTO-EDILSON-SILVA-2.jpg?resize=350%2C200&ssl=1","width":350,"height":200,"srcset":"https:\/\/i0.wp.com\/correiodasemana.com\/site\/wp-content\/uploads\/2019\/12\/FOTO-EDILSON-SILVA-2.jpg?resize=350%2C200&ssl=1 1x, https:\/\/i0.wp.com\/correiodasemana.com\/site\/wp-content\/uploads\/2019\/12\/FOTO-EDILSON-SILVA-2.jpg?resize=525%2C300&ssl=1 1.5x, https:\/\/i0.wp.com\/correiodasemana.com\/site\/wp-content\/uploads\/2019\/12\/FOTO-EDILSON-SILVA-2.jpg?resize=700%2C400&ssl=1 2x"},"classes":[]}],"jetpack_sharing_enabled":true,"_links":{"self":[{"href":"https:\/\/correiodasemana.com\/site\/wp-json\/wp\/v2\/posts\/12011","targetHints":{"allow":["GET"]}}],"collection":[{"href":"https:\/\/correiodasemana.com\/site\/wp-json\/wp\/v2\/posts"}],"about":[{"href":"https:\/\/correiodasemana.com\/site\/wp-json\/wp\/v2\/types\/post"}],"author":[{"embeddable":true,"href":"https:\/\/correiodasemana.com\/site\/wp-json\/wp\/v2\/users\/1"}],"replies":[{"embeddable":true,"href":"https:\/\/correiodasemana.com\/site\/wp-json\/wp\/v2\/comments?post=12011"}],"version-history":[{"count":2,"href":"https:\/\/correiodasemana.com\/site\/wp-json\/wp\/v2\/posts\/12011\/revisions"}],"predecessor-version":[{"id":12014,"href":"https:\/\/correiodasemana.com\/site\/wp-json\/wp\/v2\/posts\/12011\/revisions\/12014"}],"wp:featuredmedia":[{"embeddable":true,"href":"https:\/\/correiodasemana.com\/site\/wp-json\/wp\/v2\/media\/12012"}],"wp:attachment":[{"href":"https:\/\/correiodasemana.com\/site\/wp-json\/wp\/v2\/media?parent=12011"}],"wp:term":[{"taxonomy":"category","embeddable":true,"href":"https:\/\/correiodasemana.com\/site\/wp-json\/wp\/v2\/categories?post=12011"},{"taxonomy":"post_tag","embeddable":true,"href":"https:\/\/correiodasemana.com\/site\/wp-json\/wp\/v2\/tags?post=12011"}],"curies":[{"name":"wp","href":"https:\/\/api.w.org\/{rel}","templated":true}]}}