{"id":12028,"date":"2020-07-20T19:24:23","date_gmt":"2020-07-20T19:24:23","guid":{"rendered":"https:\/\/correiodasemana.com\/site\/?p=12028"},"modified":"2020-07-20T19:24:23","modified_gmt":"2020-07-20T19:24:23","slug":"vacina-chinesa-contra-covid-19-comecara-a-ser-testada-amanha-em-sp","status":"publish","type":"post","link":"https:\/\/correiodasemana.com\/site\/vacina-chinesa-contra-covid-19-comecara-a-ser-testada-amanha-em-sp\/","title":{"rendered":"Vacina chinesa contra covid-19 come\u00e7ar\u00e1 a ser testada amanh\u00e3 em SP"},"content":{"rendered":"<h3 class=\"col-10 offset-1 animated fadeInDown dealy-900 display-8 display-md-8 alt-font font-italic my-1 text-center\">Mais de 1 milh\u00e3o de pessoas se cadastraram para testes cl\u00ednicos<\/h3>\n<p>A vacina chinesa contra o novo coronav\u00edrus, chamada de CoronaVac, come\u00e7ar\u00e1 a ser testada em volunt\u00e1rios brasileiros a partir de amanh\u00e3 (20). A vacina ser\u00e1 aplicada em 890 volunt\u00e1rios da \u00e1rea da sa\u00fade do Hospital das Cl\u00ednicas, na capital paulista.<img decoding=\"async\" src=\"https:\/\/agenciabrasil.ebc.com.br\/ebc.png?id=1311901&amp;o=node\" \/><\/p>\n<p>A vacina \u00e9 aplicada em duas doses. A primeira delas come\u00e7a a ser aplicada amanh\u00e3. A outra dose ser\u00e1 aplicada ap\u00f3s 14 dias. Os pesquisadores do Hospital das Cl\u00ednicas v\u00e3o analisar os volunt\u00e1rios em consultas que s\u00e3o agendadas a cada duas semanas. A estimativa \u00e9 concluir todo o estudo da fase 3 de testes em at\u00e9 90 dias.<\/p>\n<p>Ao todo, os testes com a CoronaVac ser\u00e3o realizados em nove mil volunt\u00e1rios em centros de pesquisas de seis estados brasileiros: S\u00e3o Paulo, Bras\u00edlia, Rio de Janeiro, Minas Gerais, Rio Grande do Sul e Paran\u00e1. A pesquisa cl\u00ednica ser\u00e1 coordenada pelo Instituto Butantan e o custo da testagem \u00e9 de R$ 85 milh\u00f5es, custeados pelo governo.<\/p>\n<p>Os testes ser\u00e3o acompanhados por uma comiss\u00e3o de pesquisadores internacionais, que ter\u00e3o acesso \u00e0 plataforma cient\u00edfica para observar o andamento e garantir transpar\u00eancia em todo o processo.<\/p>\n<p>Caso seja comprovado o sucesso da vacina, ela come\u00e7ar\u00e1 a ser produzida pelo Instituto Butantan a partir do in\u00edcio do ano que vem, com mais de 120 milh\u00f5es de doses, o suficiente para vacinar cerca de 60 milh\u00f5es de brasileiros.<\/p>\n<p>\u201cA partir do fechamento do estudo, que deve acontecer em setembro, entramos na fase de acompanhamento, que \u00e9 muito cont\u00ednua. A qualquer momento, a partir da\u00ed, poderemos ter a\u00a0 abertura parcial do estudo que indique a sua efic\u00e1cia. Se esse estudo for conclu\u00eddo antes do final deste ano \u2013 e essa \u00e9 uma expectativa real \u2013 poderemos ter essa vacina dispon\u00edvel para a popula\u00e7\u00e3o brasileira j\u00e1 no in\u00edcio do pr\u00f3ximo ano\u201d, disse Dimas Covas, diretor do Instituto Butantan.<\/p>\n<p>Segundo o governador de S\u00e3o Paulo, Jo\u00e3o Doria, a vacina, caso seja aprovada, ser\u00e1 destinada a todos os brasileiros. &#8220;Isso ser\u00e1 feito atrav\u00e9s do Sistema \u00danico de Sa\u00fade, universal e gratuito a todos os brasileiros. O Instituto Butantan ter\u00e1 todo o dom\u00ednio da tecnologia. \u00c9 isto que prev\u00ea o acordo com o laborat\u00f3rio Sinovac.&#8221;<\/p>\n<p>As doses da vacina chegaram nesta madrugada no Aeroporto Internacional de Guarulhos. Esta vacina contra o coronav\u00edrus \u00e9 desenvolvida pela Sinovac, sediada na China, e tem parceria com o Instituto Butantan. A carga inicial com 20 mil doses da vacina est\u00e1 aguardando libera\u00e7\u00e3o pela alf\u00e2ndega. Depois disso, o medicamento ser\u00e1 inspecionado na sede do instituto. Em seguida, ser\u00e1 distribu\u00edda aos 12 centros de pesquisa que ser\u00e3o respons\u00e1veis pelo recrutamento, aplica\u00e7\u00e3o e acompanhamento dos volunt\u00e1rios.<\/p>\n<p>\u201cHoje \u00e9 um momento hist\u00f3rico para a ci\u00eancia brasileira. Chegaram em S\u00e3o Paulo, nesta madrugada, 20 mil doses da vacina CoronaVac, e agora elas seguem para a sede do Instituto Butantan. E a partir de amanh\u00e3, come\u00e7am a ser testadas\u201d, falou Doria.<\/p>\n<h2>CoronaVac<\/h2>\n<p>A CoronaVac \u00e9 uma das vacinas contra o novo coronav\u00edrus em fase mais adiantada de testes. Ela j\u00e1 est\u00e1 na terceira etapa, chamada de \u201cetapa cl\u00ednica\u201d, onde \u00e9 feita a testagem em humanos. O laborat\u00f3rio chin\u00eas j\u00e1 realizou testes do produto em cerca de mil volunt\u00e1rios na China nas fases 1 e 2. Antes, o modelo experimental aplicado em macacos apresentou resultados expressivos em termos de\u00a0<a href=\"https:\/\/agenciabrasil.ebc.com.br\/saude\/noticia\/2020-06\/sao-paulo-vai-produzir-vacina-contra-o-novo-coronavirus\" target=\"_blank\" rel=\"noopener noreferrer\">resposta imune contra as prote\u00ednas do v\u00edrus<\/a>.<\/p>\n<p>A vacina \u00e9 inativada, ou seja, cont\u00e9m apenas fragmentos inofensivos do v\u00edrus. Com a aplica\u00e7\u00e3o da dose, o sistema imunol\u00f3gico passaria a produzir anticorpos contra o agente causador da covid-19, a doen\u00e7a provocada pelo novo coronav\u00edrus. No teste, metade das pessoas receber\u00e3o a vacina e metade receber\u00e1 placebo, uma subst\u00e2ncia in\u00f3cua e sem efeitos qu\u00edmicos. Os volunt\u00e1rios n\u00e3o saber\u00e3o o que v\u00e3o receber. Esse m\u00e9todo de testagem \u00e9 chamado de \u201ctestagem cega\u201d, e permite saber se h\u00e1 realmente efeitos f\u00edsicos e qu\u00edmicos no uso da medica\u00e7\u00e3o ou se a melhora acontece simplesmente por a\u00e7\u00e3o do organismo.<\/p>\n<p>O diretor do Instituto Butantan, Dimas Covas, est\u00e1 bastante otimista com o sucesso da CoronaVac. \u201cPodemos ter aqui no Brasil a primeira vacina a ser usada em massa. E em termos temporais, isso \u00e9 muito favor\u00e1vel. Estamos no meio de uma epidemia, temos muitos casos e esse \u00e9 o cen\u00e1rio ideal para testarmos essa vacina\u201d, afirmou.<\/p>\n<h2>Aplica\u00e7\u00e3o da vacina<\/h2>\n<p>Os volunt\u00e1rios para o teste come\u00e7aram a ser recrutados na semana passada, com o lan\u00e7amento de uma plataforma pelo governo paulista onde eles puderam se inscrever. Apenas profissionais da sa\u00fade que ainda n\u00e3o tiveram a doen\u00e7a e que atuam com pacientes diagnosticados com covid-19 poder\u00e3o participar. Para atender aos crit\u00e9rios, esses profissionais da sa\u00fade n\u00e3o poder\u00e3o ter outras doen\u00e7as e nem estar em fase de testes para outras vacinas. As volunt\u00e1rias tamb\u00e9m n\u00e3o poder\u00e3o estar gr\u00e1vidas.<\/p>\n<p>Segundo o governo paulista, mais de 1 milh\u00e3o de pessoas se inscreveram na plataforma para participar dos testes.<\/p>\n<h4 class=\"col-10 offset-1 animated fadeInDown dealy-1100 alt-font font-italic my-2 small text-info text-center\">Por Elaine Patricia Cruz \u2013 Rep\u00f3rter da Ag\u00eancia Brasil &#8211; S\u00e3o Paulo<\/h4>\n","protected":false},"excerpt":{"rendered":"<p>Mais de 1 milh\u00e3o de pessoas se cadastraram para testes cl\u00ednicos A vacina chinesa contra&#8230;<\/p>\n","protected":false},"author":1,"featured_media":12029,"comment_status":"open","ping_status":"open","sticky":false,"template":"","format":"standard","meta":{"_jetpack_memberships_contains_paid_content":false,"footnotes":"","jetpack_publicize_message":"","jetpack_publicize_feature_enabled":true,"jetpack_social_post_already_shared":true,"jetpack_social_options":{"image_generator_settings":{"template":"highway","default_image_id":0,"font":"","enabled":false},"version":2}},"categories":[1],"tags":[],"class_list":["post-12028","post","type-post","status-publish","format-standard","has-post-thumbnail","hentry","category-atualidade"],"jetpack_publicize_connections":[],"jetpack_featured_media_url":"https:\/\/correiodasemana.com\/site\/wp-content\/uploads\/2020\/07\/20_07_2020_vacina_sao_paulo.jpg","jetpack-related-posts":[{"id":12085,"url":"https:\/\/correiodasemana.com\/site\/anvisa-aprova-mais-dois-testes-de-vacinas-contra-covid-19-no-brasil\/","url_meta":{"origin":12028,"position":0},"title":"Anvisa aprova mais dois testes de vacinas contra covid-19 no Brasil","author":"","date":"Julho 21, 2020","format":false,"excerpt":"Quatro diferentes testes de potenciais imuniza\u00e7\u00f5es contam com volunt\u00e1rios brasileiros na corrida para encontrar m\u00e9todos eficazes de combate \u00e0 pandemia. No mesmo dia em que os testes da vacina chinesa Coronavac iniciaram no estado de S\u00e3o Paulo, a Ag\u00eancia Nacional de Vigil\u00e2ncia Sanit\u00e1ria (Anvisa) aprovou mais um ensaio cl\u00ednico para\u2026","rel":"","context":"In &quot;Atualidade&quot;","block_context":{"text":"Atualidade","link":"https:\/\/correiodasemana.com\/site\/category\/atualidade\/"},"img":{"alt_text":"","src":"https:\/\/i0.wp.com\/correiodasemana.com\/site\/wp-content\/uploads\/2020\/07\/novas-descobertas.jpg?resize=350%2C200&ssl=1","width":350,"height":200,"srcset":"https:\/\/i0.wp.com\/correiodasemana.com\/site\/wp-content\/uploads\/2020\/07\/novas-descobertas.jpg?resize=350%2C200&ssl=1 1x, https:\/\/i0.wp.com\/correiodasemana.com\/site\/wp-content\/uploads\/2020\/07\/novas-descobertas.jpg?resize=525%2C300&ssl=1 1.5x, https:\/\/i0.wp.com\/correiodasemana.com\/site\/wp-content\/uploads\/2020\/07\/novas-descobertas.jpg?resize=700%2C400&ssl=1 2x"},"classes":[]},{"id":12769,"url":"https:\/\/correiodasemana.com\/site\/o-mundo-em-busca-de-uma-vacina-que-consiga-frear-a-covid-19\/","url_meta":{"origin":12028,"position":1},"title":"O mundo em busca de uma vacina que consiga frear a Covid-19","author":"","date":"Agosto 17, 2020","format":false,"excerpt":"S\u00e3o mais de 160 candidatas \u00e0 vacina Por Priscila Duarte Ap\u00f3s o primeiro caso de coronav\u00edrus ser registrado na China, em dezembro do ano passado, pesquisadores sequenciaram o genoma do v\u00edrus para detectar muta\u00e7\u00f5es e, a partir disso iniciou uma verdadeira corrida em busca da cura. Atualmente, s\u00e3o mais de\u2026","rel":"","context":"In &quot;Atualidade&quot;","block_context":{"text":"Atualidade","link":"https:\/\/correiodasemana.com\/site\/category\/atualidade\/"},"img":{"alt_text":"","src":"https:\/\/i0.wp.com\/correiodasemana.com\/site\/wp-content\/uploads\/2020\/08\/WhatsApp-Image-2020-08-13-at-21.27.45.jpeg?resize=350%2C200&ssl=1","width":350,"height":200,"srcset":"https:\/\/i0.wp.com\/correiodasemana.com\/site\/wp-content\/uploads\/2020\/08\/WhatsApp-Image-2020-08-13-at-21.27.45.jpeg?resize=350%2C200&ssl=1 1x, https:\/\/i0.wp.com\/correiodasemana.com\/site\/wp-content\/uploads\/2020\/08\/WhatsApp-Image-2020-08-13-at-21.27.45.jpeg?resize=525%2C300&ssl=1 1.5x, https:\/\/i0.wp.com\/correiodasemana.com\/site\/wp-content\/uploads\/2020\/08\/WhatsApp-Image-2020-08-13-at-21.27.45.jpeg?resize=700%2C400&ssl=1 2x, https:\/\/i0.wp.com\/correiodasemana.com\/site\/wp-content\/uploads\/2020\/08\/WhatsApp-Image-2020-08-13-at-21.27.45.jpeg?resize=1050%2C600&ssl=1 3x"},"classes":[]},{"id":14207,"url":"https:\/\/correiodasemana.com\/site\/bolsonaro-diz-que-governo-federal-nao-comprara-vacina-coronavac\/","url_meta":{"origin":12028,"position":2},"title":"Bolsonaro diz que governo federal n\u00e3o comprar\u00e1 vacina CoronaVac","author":"","date":"Outubro 21, 2020","format":false,"excerpt":"A CoronaVac prev\u00ea a administra\u00e7\u00e3o de duas doses por pessoa O presidente Jair Bolsonaro afirmou hoje (21) que o governo federal n\u00e3o comprar\u00e1 a vacina CoronaVac, que est\u00e1 sendo desenvolvida pela farmac\u00eautica chinesa Sinovac em parceria com o Instituto Butantan. De acordo com ele, antes de ser disponibilizada para a\u2026","rel":"","context":"In &quot;Atualidade&quot;","block_context":{"text":"Atualidade","link":"https:\/\/correiodasemana.com\/site\/category\/atualidade\/"},"img":{"alt_text":"","src":"https:\/\/i0.wp.com\/correiodasemana.com\/site\/wp-content\/uploads\/2020\/10\/Jair-Bolsonaro-presidente-do-Brasil.jpg?resize=350%2C200&ssl=1","width":350,"height":200,"srcset":"https:\/\/i0.wp.com\/correiodasemana.com\/site\/wp-content\/uploads\/2020\/10\/Jair-Bolsonaro-presidente-do-Brasil.jpg?resize=350%2C200&ssl=1 1x, https:\/\/i0.wp.com\/correiodasemana.com\/site\/wp-content\/uploads\/2020\/10\/Jair-Bolsonaro-presidente-do-Brasil.jpg?resize=525%2C300&ssl=1 1.5x, https:\/\/i0.wp.com\/correiodasemana.com\/site\/wp-content\/uploads\/2020\/10\/Jair-Bolsonaro-presidente-do-Brasil.jpg?resize=700%2C400&ssl=1 2x, https:\/\/i0.wp.com\/correiodasemana.com\/site\/wp-content\/uploads\/2020\/10\/Jair-Bolsonaro-presidente-do-Brasil.jpg?resize=1050%2C600&ssl=1 3x"},"classes":[]},{"id":14294,"url":"https:\/\/correiodasemana.com\/site\/procuradoria-pede-justificativa-para-cancelamento-da-compra-da-coronavac\/","url_meta":{"origin":12028,"position":3},"title":"Procuradoria pede justificativa para cancelamento da compra da Coronavac","author":"","date":"Outubro 27, 2020","format":false,"excerpt":"SA\u00daDE Bolsonaro esvaziou acordo anunciado para a compra de 46 milh\u00f5es de doses da vacina Coronavac O Minist\u00e9rio P\u00fablico Federal (MPF) pediu explica\u00e7\u00f5es ao Minist\u00e9rio da Sa\u00fade sobre as motiva\u00e7\u00f5es para privilegiar a vacina da Universidade de Oxford e da farmac\u00eautica AstraZeneca em detrimento da Coronavac, da empresa chinesa Sinovac,\u2026","rel":"","context":"In &quot;Atualidade&quot;","block_context":{"text":"Atualidade","link":"https:\/\/correiodasemana.com\/site\/category\/atualidade\/"},"img":{"alt_text":"","src":"https:\/\/i0.wp.com\/correiodasemana.com\/site\/wp-content\/uploads\/2020\/10\/vacina-covid-19-960x540..jpg?resize=350%2C200&ssl=1","width":350,"height":200,"srcset":"https:\/\/i0.wp.com\/correiodasemana.com\/site\/wp-content\/uploads\/2020\/10\/vacina-covid-19-960x540..jpg?resize=350%2C200&ssl=1 1x, https:\/\/i0.wp.com\/correiodasemana.com\/site\/wp-content\/uploads\/2020\/10\/vacina-covid-19-960x540..jpg?resize=525%2C300&ssl=1 1.5x, https:\/\/i0.wp.com\/correiodasemana.com\/site\/wp-content\/uploads\/2020\/10\/vacina-covid-19-960x540..jpg?resize=700%2C400&ssl=1 2x"},"classes":[]},{"id":13388,"url":"https:\/\/correiodasemana.com\/site\/russia-preve-primeiro-lote-de-vacina-para-setembro-e-distribuicao-em-outubro\/","url_meta":{"origin":12028,"position":4},"title":"R\u00fassia prev\u00ea primeiro lote de vacina para setembro e distribui\u00e7\u00e3o em outubro","author":"","date":"Setembro 7, 2020","format":false,"excerpt":"Por: Joc\u00e9lio Tavares. - Com informa\u00e7\u00f5es da Ag\u00eancia Brasil. N\u00e3o vai demorar muito para que o mundo entenda os potenciais efeitos negativos e positivos da pol\u00eamica vacina russa contra a\u00a0Covid-19. Mikhail Murashko, ministro da Sa\u00fade do pa\u00eds, anunciou que o primeiro lote da\u00a0Sputnik V\u00a0estar\u00e1 pronto no m\u00eas de setembro, permitindo\u2026","rel":"","context":"In &quot;Atualidade&quot;","block_context":{"text":"Atualidade","link":"https:\/\/correiodasemana.com\/site\/category\/atualidade\/"},"img":{"alt_text":"","src":"https:\/\/i0.wp.com\/correiodasemana.com\/site\/wp-content\/uploads\/2020\/09\/20200827105515_1200_675_-_vacina_russia__sputnik.jpg?resize=350%2C200&ssl=1","width":350,"height":200,"srcset":"https:\/\/i0.wp.com\/correiodasemana.com\/site\/wp-content\/uploads\/2020\/09\/20200827105515_1200_675_-_vacina_russia__sputnik.jpg?resize=350%2C200&ssl=1 1x, https:\/\/i0.wp.com\/correiodasemana.com\/site\/wp-content\/uploads\/2020\/09\/20200827105515_1200_675_-_vacina_russia__sputnik.jpg?resize=525%2C300&ssl=1 1.5x, https:\/\/i0.wp.com\/correiodasemana.com\/site\/wp-content\/uploads\/2020\/09\/20200827105515_1200_675_-_vacina_russia__sputnik.jpg?resize=700%2C400&ssl=1 2x, https:\/\/i0.wp.com\/correiodasemana.com\/site\/wp-content\/uploads\/2020\/09\/20200827105515_1200_675_-_vacina_russia__sputnik.jpg?resize=1050%2C600&ssl=1 3x"},"classes":[]},{"id":11674,"url":"https:\/\/correiodasemana.com\/site\/butantan-preve-colocar-vacina-contra-a-covid-19-a-disposicao-ate-o-fim-do-ano\/","url_meta":{"origin":12028,"position":5},"title":"Butantan prev\u00ea colocar vacina contra a Covid-19 \u00e0 disposi\u00e7\u00e3o at\u00e9 o fim do ano","author":"","date":"Julho 8, 2020","format":false,"excerpt":"Segundo o diretor do Instituto Butantan, Dimas Covas, no entanto, a aplica\u00e7\u00e3o vai depender da an\u00e1lise dos resultados dos testes que come\u00e7am neste m\u00eas em seres humanos. Em entrevista ao Jornal da CBN, ele afirmou ainda que a prote\u00e7\u00e3o oferecida pela vacina contra o coronav\u00edrus desenvolvida em parceria com o\u2026","rel":"","context":"In &quot;Atualidade&quot;","block_context":{"text":"Atualidade","link":"https:\/\/correiodasemana.com\/site\/category\/atualidade\/"},"img":{"alt_text":"","src":"https:\/\/i0.wp.com\/correiodasemana.com\/site\/wp-content\/uploads\/2020\/07\/e24a6fb8-4dfc-4a15-8477-12dca72d7b66.JPG.640x360_q75_box-021942002581_crop_detail.jpg?resize=350%2C200&ssl=1","width":350,"height":200,"srcset":"https:\/\/i0.wp.com\/correiodasemana.com\/site\/wp-content\/uploads\/2020\/07\/e24a6fb8-4dfc-4a15-8477-12dca72d7b66.JPG.640x360_q75_box-021942002581_crop_detail.jpg?resize=350%2C200&ssl=1 1x, https:\/\/i0.wp.com\/correiodasemana.com\/site\/wp-content\/uploads\/2020\/07\/e24a6fb8-4dfc-4a15-8477-12dca72d7b66.JPG.640x360_q75_box-021942002581_crop_detail.jpg?resize=525%2C300&ssl=1 1.5x"},"classes":[]}],"jetpack_sharing_enabled":true,"_links":{"self":[{"href":"https:\/\/correiodasemana.com\/site\/wp-json\/wp\/v2\/posts\/12028","targetHints":{"allow":["GET"]}}],"collection":[{"href":"https:\/\/correiodasemana.com\/site\/wp-json\/wp\/v2\/posts"}],"about":[{"href":"https:\/\/correiodasemana.com\/site\/wp-json\/wp\/v2\/types\/post"}],"author":[{"embeddable":true,"href":"https:\/\/correiodasemana.com\/site\/wp-json\/wp\/v2\/users\/1"}],"replies":[{"embeddable":true,"href":"https:\/\/correiodasemana.com\/site\/wp-json\/wp\/v2\/comments?post=12028"}],"version-history":[{"count":2,"href":"https:\/\/correiodasemana.com\/site\/wp-json\/wp\/v2\/posts\/12028\/revisions"}],"predecessor-version":[{"id":12031,"href":"https:\/\/correiodasemana.com\/site\/wp-json\/wp\/v2\/posts\/12028\/revisions\/12031"}],"wp:featuredmedia":[{"embeddable":true,"href":"https:\/\/correiodasemana.com\/site\/wp-json\/wp\/v2\/media\/12029"}],"wp:attachment":[{"href":"https:\/\/correiodasemana.com\/site\/wp-json\/wp\/v2\/media?parent=12028"}],"wp:term":[{"taxonomy":"category","embeddable":true,"href":"https:\/\/correiodasemana.com\/site\/wp-json\/wp\/v2\/categories?post=12028"},{"taxonomy":"post_tag","embeddable":true,"href":"https:\/\/correiodasemana.com\/site\/wp-json\/wp\/v2\/tags?post=12028"}],"curies":[{"name":"wp","href":"https:\/\/api.w.org\/{rel}","templated":true}]}}