{"id":12032,"date":"2020-07-20T19:43:52","date_gmt":"2020-07-20T19:43:52","guid":{"rendered":"https:\/\/correiodasemana.com\/site\/?p=12032"},"modified":"2020-07-20T19:43:52","modified_gmt":"2020-07-20T19:43:52","slug":"bolsonaro-defende-autonomia-de-medico-para-prescrever-remedio","status":"publish","type":"post","link":"https:\/\/correiodasemana.com\/site\/bolsonaro-defende-autonomia-de-medico-para-prescrever-remedio\/","title":{"rendered":"Bolsonaro defende autonomia de m\u00e9dico para prescrever rem\u00e9dio"},"content":{"rendered":"<p>Presidente, que toma hidroxicloroquina em seu tratamento contra a covid-19, postou texto da Associa\u00e7\u00e3o M\u00e9dica Brasileira sobre o medicamento<\/p>\n<p>O presidente Jair Bolsonaro postou um tu\u00edte nesta segunda-feira (20) defendendo a autonomia dos m\u00e9dicos na prescri\u00e7\u00e3o de rem\u00e9dios. Segundo ele, &#8220;\u00e9 importante lembrar que o uso off label (fora da bula) de medicamentos \u00e9 consagrado na medicina, desde que haja clara concord\u00e2ncia do paciente&#8221;.<\/p>\n<p><strong><a href=\"https:\/\/noticias.r7.com\/prisma\/r7-planalto\/apos-diagnostico-bolsonaro-publica-video-tomando-hidroxicloroquina-07072020\">Bolsonaro tem tomado\u00a0 hidroxicloroquina\u00a0<\/a><\/strong>em seu tratamento para a covid-19. Ele foi\u00a0<strong><a href=\"https:\/\/noticias.r7.com\/brasil\/resultado-de-teste-de-bolsonaro-da-positivo-para-covid-19-07072020\">diagnosticado com a doen\u00e7a\u00a0<\/a><\/strong>h\u00e1 duas semanas, no dia 7 de julho.<\/p>\n<p>Em sua postagem, o presidente compartilhou um documento da Associa\u00e7\u00e3o M\u00e9dica Brasileira (AMB) que defende a autonomia dos m\u00e9dicos na escolha dos medicamentos para doentes com a covid.<\/p>\n<p>&#8220;A avalia\u00e7\u00e3o \u00e9 de que, at\u00e9 o momento, n\u00e3o existem estudos seguros, robustos e definitivos sobre a quest\u00e3o. Mesmo nos mais recentes, especialmente os da \u00faltima semana, h\u00e1 v\u00e1rias fragilidades que impedem que sejam considerados conclusivos&#8221;, diz o documento.<\/p>\n<p>Entidades de sa\u00fade, entre as quais a OMS (Organiza\u00e7\u00e3o Mundial de Sa\u00fade), t\u00eam contraindicado os rem\u00e9dios cloroquina e hidroxicloroquina para o tratamento da covid-19 por falta de comprova\u00e7\u00e3o cient\u00edfica de sua efic\u00e1cia.<\/p>\n<p><strong>Veja o comunicado da AMB na \u00edntegra:<\/strong><\/p>\n<p>A Associa\u00e7\u00e3o M\u00e9dica Brasileira acompanha diversos estudos e pesquisas sobre a utiliza\u00e7\u00e3o de f\u00e1rmacos para tratamento ou quimioprofilaxia da Covid-19 que est\u00e3o em curso no mundo inteiro. A avalia\u00e7\u00e3o \u00e9 de que, at\u00e9 o momento, n\u00e3o existem estudos seguros, robustos e definitivos sobre a quest\u00e3o. Mesmo nos mais recentes, especialmente os da \u00faltima semana, h\u00e1 v\u00e1rias fragilidades que impedem que sejam considerados conclusivos. Limita\u00e7\u00f5es foram alertadas pelos pr\u00f3prios autores, mas solenemente ignoradas por aqueles que parecem torcer pelo coronav\u00edrus.<\/p>\n<p>Os holofotes da sociedade voltados para a pandemia, e em especial para a classe m\u00e9dica, por vezes acabam alimentando vaidades e ofuscando a percep\u00e7\u00e3o sobre a t\u00eanue fronteira entre o campo t\u00e9cnico-cient\u00edfico e o campo pol\u00edtico\/ideol\u00f3gico\/partid\u00e1rio.<\/p>\n<p>Quando, em 22 de maio, a revista The Lancet divulgou resultados de uma pesquisa que comprovaria a aparente aus\u00eancia de efeitos da hidroxicloroquina no combate \u00e0 Covid-19, causou espanto a rea\u00e7\u00e3o de algumas pessoas e entidades: estavam comemorando!!!<\/p>\n<p>Ficava claro ali que a discuss\u00e3o havia sido politizada. Afinal, o que justificaria tamanha euforia diante de not\u00edcia t\u00e3o frustrante para a sa\u00fade da popula\u00e7\u00e3o? E justamente em um momento de aus\u00eancia de tratamentos efetivos\u2026<\/p>\n<p>Dias depois, a The Lancet veio a p\u00fablico para se desculpar e informar que iria \u201cdespublicar\u201d o estudo, a pedido dos autores. As \u201ccertezas\u201d ca\u00edram por terra e o alarmismo contra o uso do f\u00e1rmaco silenciaram diante da perplexidade do caso.<\/p>\n<p>Infelizmente, pouco se aprendeu com o epis\u00f3dio. M\u00e9dicos, entidades, pol\u00edticos, influenciadores e palpiteiros seguem monitorando estudos sobre o uso de hidroxicloroquina em pacientes acometidos pela Covid-19. Uns procurando provas de que se trata da salva\u00e7\u00e3o. Outros, de que \u00e9 puro placebo. Ou pior: veneno (mesmo diante do fato de que os efeitos adversos s\u00e3o limitados e conhecidos h\u00e1 mais de cinco d\u00e9cadas). Muitos sair\u00e3o da pandemia apequenados, principalmente m\u00e9dicos e entidades m\u00e9dicas que escolherem manipular a ci\u00eancia para us\u00e1-la como arma no campo pol\u00edtico-partid\u00e1rio.<\/p>\n<p>\u00c9 bastante prov\u00e1vel que cheguemos ao final da pandemia sem evid\u00eancias consistentes sobre tratamentos. E tamb\u00e9m sobre diversos outros aspectos pr\u00f3prios de uma nova enfermidade. Pois estudos adequados e robustos s\u00e3o caros e demorados. E estamos falando de uma medica\u00e7\u00e3o barata, que, portanto, n\u00e3o tem, nem ter\u00e1 financiamento da ind\u00fastria que suporte os investimentos necess\u00e1rios para minimizar as incertezas.<\/p>\n<p>\u201cAn\u00e1lises criativas\u201d dos atuais estudos permitem quaisquer tipos de interpreta\u00e7\u00f5es. E v\u00eam sendo usados de forma irrespons\u00e1vel pelos que tentam extrair deles conclus\u00f5es que nem mesmo os autores se atreveram a patrocinar. Nesse cen\u00e1rio, os estudos recentes n\u00e3o podem ser considerados conclusivos, tampouco verdade cient\u00edfica, pois carecem de evid\u00eancias.<\/p>\n<p>O derby pol\u00edtico em torno da hidroxicloroquina deixar\u00e1 um legado sombrio para a medicina brasileira, caso a autonomia do m\u00e9dico seja restringida, como querem os que pregam a proibi\u00e7\u00e3o da prescri\u00e7\u00e3o da hidroxicloroquina. Essa restri\u00e7\u00e3o vai contra a pr\u00f3pria Declara\u00e7\u00e3o de Helsinque: \u201cNo tratamento de um paciente individual, em que n\u00e3o existem interven\u00e7\u00f5es comprovadas ou outras interven\u00e7\u00f5es conhecidas foram ineficazes, o m\u00e9dico, ap\u00f3s procurar aconselhamento especializado, com consentimento informado do paciente ou de um representante legal, pode usar uma interven\u00e7\u00e3o n\u00e3o comprovada se, no julgamento do m\u00e9dico, oferecer esperan\u00e7a de salvar vidas, restabelecer a sa\u00fade ou aliviar o sofrimento. Essa interven\u00e7\u00e3o deve ser posteriormente objeto de pesquisa, destinada a avaliar sua seguran\u00e7a e efic\u00e1cia. Em todos os casos, novas informa\u00e7\u00f5es devem ser registradas e, quando apropriado, disponibilizadas ao p\u00fablico\u201d.<\/p>\n<p>A AMB \u00e9 signat\u00e1ria da Declara\u00e7\u00e3o de Helsinque, da WMA, juntamente com associa\u00e7\u00f5es m\u00e9dicas de centenas de pa\u00edses. E tem o compromisso de defender a preserva\u00e7\u00e3o da autonomia do m\u00e9dico. Tamb\u00e9m defender\u00e1 o Parecer 4\/2020 do Conselho Federal de Medicina, que disciplina o assunto.<\/p>\n<p>\u00c9 importante lembrar que o uso off label de medicamentos \u00e9 consagrado na medicina, desde que haja clara concord\u00e2ncia do paciente. E que, sem a pr\u00e1tica do off label, diversas doen\u00e7as ainda estariam sem tratamento. N\u00e3o se trata de apologia a este ou \u00e0quele f\u00e1rmaco. Trata-se de respeito aos padr\u00f5es \u00e9ticos e cient\u00edficos constru\u00eddos ao longo dos s\u00e9culos.<\/p>\n<p>N\u00e3o podemos permitir que ideologias e vaidades, de forma intempestiva, alimentadas pelos holofotes, nos fa\u00e7am regredir em pr\u00e1ticas j\u00e1 t\u00e3o respeitadas. N\u00e3o se pode clamar por ci\u00eancia e adotar posicionamentos embasados em ideologia ou partidarismo, ignorando pr\u00e1ticas consolidadas na medicina. Isso \u00e9 um crime contra a medicina, contra os pacientes e, sobretudo, contra a pr\u00f3pria ci\u00eancia.<\/p>\n<p>Diretoria da Associa\u00e7\u00e3o M\u00e9dica Brasileira<\/p>\n<p>Por <em>Adriano Machado\/ REUTERS<\/em><\/p>\n<p>&nbsp;<\/p>\n","protected":false},"excerpt":{"rendered":"<p>Presidente, que toma hidroxicloroquina em seu tratamento contra a covid-19, postou texto da Associa\u00e7\u00e3o M\u00e9dica&#8230;<\/p>\n","protected":false},"author":1,"featured_media":12033,"comment_status":"open","ping_status":"open","sticky":false,"template":"","format":"standard","meta":{"_jetpack_memberships_contains_paid_content":false,"footnotes":"","jetpack_publicize_message":"","jetpack_publicize_feature_enabled":true,"jetpack_social_post_already_shared":true,"jetpack_social_options":{"image_generator_settings":{"template":"highway","default_image_id":0,"font":"","enabled":false},"version":2}},"categories":[1],"tags":[],"class_list":["post-12032","post","type-post","status-publish","format-standard","has-post-thumbnail","hentry","category-atualidade"],"jetpack_publicize_connections":[],"jetpack_featured_media_url":"https:\/\/correiodasemana.com\/site\/wp-content\/uploads\/2020\/07\/reuters-jair-bolsonaro-1500-20072020095803877.jpeg","jetpack-related-posts":[{"id":11637,"url":"https:\/\/correiodasemana.com\/site\/presidente-jair-bolsonaro-testa-positivo-para-covid-19\/","url_meta":{"origin":12032,"position":0},"title":"Presidente Jair Bolsonaro testa positivo para covid-19","author":"","date":"Julho 7, 2020","format":false,"excerpt":"Publicado em 07\/07\/2020 - 12:10 Por Andreia Verd\u00e9lio \u2013 Rep\u00f3rter da Ag\u00eancia Brasil - Bras\u00edlia Atualizado em 07\/07\/2020 - 13:42 O presidente Jair Bolsonaro informou hoje (7) que testou positivo para o novo coronav\u00edrus (covid-19). O resultado do exame realizado ontem (6) saiu nesta ter\u00e7a-feira por volta das 11h. Bolsonaro\u2026","rel":"","context":"In &quot;Atualidade&quot;","block_context":{"text":"Atualidade","link":"https:\/\/correiodasemana.com\/site\/category\/atualidade\/"},"img":{"alt_text":"","src":"https:\/\/i0.wp.com\/correiodasemana.com\/site\/wp-content\/uploads\/2020\/07\/07_07_2020_bolsonaro3.jpg?resize=350%2C200&ssl=1","width":350,"height":200,"srcset":"https:\/\/i0.wp.com\/correiodasemana.com\/site\/wp-content\/uploads\/2020\/07\/07_07_2020_bolsonaro3.jpg?resize=350%2C200&ssl=1 1x, https:\/\/i0.wp.com\/correiodasemana.com\/site\/wp-content\/uploads\/2020\/07\/07_07_2020_bolsonaro3.jpg?resize=525%2C300&ssl=1 1.5x, https:\/\/i0.wp.com\/correiodasemana.com\/site\/wp-content\/uploads\/2020\/07\/07_07_2020_bolsonaro3.jpg?resize=700%2C400&ssl=1 2x, https:\/\/i0.wp.com\/correiodasemana.com\/site\/wp-content\/uploads\/2020\/07\/07_07_2020_bolsonaro3.jpg?resize=1050%2C600&ssl=1 3x"},"classes":[]},{"id":11431,"url":"https:\/\/correiodasemana.com\/site\/governo-inclui-cloroquina-em-tratamento-de-casos-leves-de-covid-19\/","url_meta":{"origin":12032,"position":1},"title":"Governo inclui cloroquina em tratamento de casos leves de covid-19","author":"","date":"Maio 20, 2020","format":false,"excerpt":"O Minist\u00e9rio da Sa\u00fade incluiu hoje (20) a cloroquina, e seu derivado hidroxicloroquina, no protocolo de tratamento para pacientes com sintomas leves de covid-19. De acordo com o documento divulgado pela pasta, cabe ao m\u00e9dico a decis\u00e3o sobre prescrever ou n\u00e3o a subst\u00e2ncia, sendo necess\u00e1ria tamb\u00e9m a vontade declarada do\u2026","rel":"","context":"In &quot;Sa\u00fade&quot;","block_context":{"text":"Sa\u00fade","link":"https:\/\/correiodasemana.com\/site\/category\/saude\/"},"img":{"alt_text":"","src":"","width":0,"height":0},"classes":[]},{"id":11319,"url":"https:\/\/correiodasemana.com\/site\/luiz-henrique-mandetta-e-demitido-do-ministerio-da-saude\/","url_meta":{"origin":12032,"position":2},"title":"Luiz Henrique Mandetta \u00e9 demitido do Minist\u00e9rio da Sa\u00fade","author":"","date":"Maio 7, 2020","format":false,"excerpt":"Por meio de uma rede social, o agora ex-ministro da Sa\u00fade, Luiz Henrique Mandetta, anunciou na quinta-feira (16) ter sido demitido pelo presidente Jair Bolsonaro Correio da Semana Por meio de uma rede social, o agora ex-ministro da Sa\u00fade, Luiz Henrique Mandetta, anunciou na quinta-feira (16) ter sido demitido pelo\u2026","rel":"","context":"In &quot;Atualidade&quot;","block_context":{"text":"Atualidade","link":"https:\/\/correiodasemana.com\/site\/category\/atualidade\/"},"img":{"alt_text":"","src":"https:\/\/i0.wp.com\/correiodasemana.com\/site\/wp-content\/uploads\/2020\/05\/WhatsApp-Image-2020-04-30-at-19.02.52.jpeg?resize=350%2C200&ssl=1","width":350,"height":200,"srcset":"https:\/\/i0.wp.com\/correiodasemana.com\/site\/wp-content\/uploads\/2020\/05\/WhatsApp-Image-2020-04-30-at-19.02.52.jpeg?resize=350%2C200&ssl=1 1x, https:\/\/i0.wp.com\/correiodasemana.com\/site\/wp-content\/uploads\/2020\/05\/WhatsApp-Image-2020-04-30-at-19.02.52.jpeg?resize=525%2C300&ssl=1 1.5x, https:\/\/i0.wp.com\/correiodasemana.com\/site\/wp-content\/uploads\/2020\/05\/WhatsApp-Image-2020-04-30-at-19.02.52.jpeg?resize=700%2C400&ssl=1 2x"},"classes":[]},{"id":13173,"url":"https:\/\/correiodasemana.com\/site\/ms-cria-estrategias-para-reabastecimento-de-medicamentos-contra-covid-19\/","url_meta":{"origin":12032,"position":3},"title":"MS cria estrat\u00e9gias para reabastecimento de medicamentos contra Covid-19","author":"","date":"Agosto 26, 2020","format":false,"excerpt":"Foram divulgadas iniciativas para equilibrar os estoques em que fazem parte a compra dos rem\u00e9dios entre outras medidas Nesta ter\u00e7a-feira (25\/08\/20), o Minist\u00e9rio da Sa\u00fade anunciou estrat\u00e9gias de reabastecimento de medicamentos de intuba\u00e7\u00e3o para estados e munic\u00edpios como forma de enfrentamento \u00e0 Covid-19 por todo pa\u00eds. Foram divulgadas iniciativas para\u2026","rel":"","context":"In &quot;Atualidade&quot;","block_context":{"text":"Atualidade","link":"https:\/\/correiodasemana.com\/site\/category\/atualidade\/"},"img":{"alt_text":"","src":"https:\/\/i0.wp.com\/correiodasemana.com\/site\/wp-content\/uploads\/2020\/08\/COMISSAO.jpg?resize=350%2C200&ssl=1","width":350,"height":200},"classes":[]},{"id":13121,"url":"https:\/\/correiodasemana.com\/site\/risco-de-morte-cai-drasticamente-com-tratamento-precoce-diz-pazuello\/","url_meta":{"origin":12032,"position":4},"title":"Risco de morte cai drasticamente com tratamento precoce, diz Pazuello","author":"","date":"Agosto 24, 2020","format":false,"excerpt":"O ministro participou da inaugura\u00e7\u00e3o de unidade de sa\u00fade no Cear\u00e1 O ministro interino da Sa\u00fade, Eduardo Pazuello, afirmou hoje (24) que muitas mortes por covid-19 poderiam ter sido evitadas com o protocolo adotado agora pelo sistema de sa\u00fade, de fazer o diagn\u00f3stico e tratamento precoce da doen\u00e7a. \u201cN\u00f3s mudamos\u2026","rel":"","context":"In &quot;Atualidade&quot;","block_context":{"text":"Atualidade","link":"https:\/\/correiodasemana.com\/site\/category\/atualidade\/"},"img":{"alt_text":"","src":"https:\/\/i0.wp.com\/correiodasemana.com\/site\/wp-content\/uploads\/2020\/08\/foto_peter_ilicciev_23_0.jpg?resize=350%2C200&ssl=1","width":350,"height":200,"srcset":"https:\/\/i0.wp.com\/correiodasemana.com\/site\/wp-content\/uploads\/2020\/08\/foto_peter_ilicciev_23_0.jpg?resize=350%2C200&ssl=1 1x, https:\/\/i0.wp.com\/correiodasemana.com\/site\/wp-content\/uploads\/2020\/08\/foto_peter_ilicciev_23_0.jpg?resize=525%2C300&ssl=1 1.5x, https:\/\/i0.wp.com\/correiodasemana.com\/site\/wp-content\/uploads\/2020\/08\/foto_peter_ilicciev_23_0.jpg?resize=700%2C400&ssl=1 2x, https:\/\/i0.wp.com\/correiodasemana.com\/site\/wp-content\/uploads\/2020\/08\/foto_peter_ilicciev_23_0.jpg?resize=1050%2C600&ssl=1 3x"},"classes":[]},{"id":29773,"url":"https:\/\/correiodasemana.com\/site\/sus-tera-primeiro-medicamento-para-demencia-associada-ao-parkinson\/","url_meta":{"origin":12032,"position":5},"title":"SUS ter\u00e1 primeiro medicamento para dem\u00eancia associada ao Parkinson","author":"adminredacao","date":"Junho 24, 2024","format":false,"excerpt":"Rivastigmina \u00e9 \u00fanico rem\u00e9dio com registro no pa\u00eds para a condi\u00e7\u00e3o\u00a0 Por Ag\u00eancia Brasil - Bras\u00edlia O Minist\u00e9rio da Sa\u00fade publicou nesta sexta-feira (21) a\u00a0portaria de incorpora\u00e7\u00e3o\u00a0da rivastigmina no Sistema \u00danico de Sa\u00fade (SUS). O rem\u00e9dio \u00e9 o \u00fanico com registro em bula no pa\u00eds para tratamento de pacientes com\u2026","rel":"","context":"In &quot;Atualidade&quot;","block_context":{"text":"Atualidade","link":"https:\/\/correiodasemana.com\/site\/category\/atualidade\/"},"img":{"alt_text":"","src":"https:\/\/i0.wp.com\/correiodasemana.com\/site\/wp-content\/uploads\/2024\/06\/raf05950.webp?resize=350%2C200&ssl=1","width":350,"height":200,"srcset":"https:\/\/i0.wp.com\/correiodasemana.com\/site\/wp-content\/uploads\/2024\/06\/raf05950.webp?resize=350%2C200&ssl=1 1x, https:\/\/i0.wp.com\/correiodasemana.com\/site\/wp-content\/uploads\/2024\/06\/raf05950.webp?resize=525%2C300&ssl=1 1.5x, https:\/\/i0.wp.com\/correiodasemana.com\/site\/wp-content\/uploads\/2024\/06\/raf05950.webp?resize=700%2C400&ssl=1 2x, https:\/\/i0.wp.com\/correiodasemana.com\/site\/wp-content\/uploads\/2024\/06\/raf05950.webp?resize=1050%2C600&ssl=1 3x"},"classes":[]}],"jetpack_sharing_enabled":true,"_links":{"self":[{"href":"https:\/\/correiodasemana.com\/site\/wp-json\/wp\/v2\/posts\/12032","targetHints":{"allow":["GET"]}}],"collection":[{"href":"https:\/\/correiodasemana.com\/site\/wp-json\/wp\/v2\/posts"}],"about":[{"href":"https:\/\/correiodasemana.com\/site\/wp-json\/wp\/v2\/types\/post"}],"author":[{"embeddable":true,"href":"https:\/\/correiodasemana.com\/site\/wp-json\/wp\/v2\/users\/1"}],"replies":[{"embeddable":true,"href":"https:\/\/correiodasemana.com\/site\/wp-json\/wp\/v2\/comments?post=12032"}],"version-history":[{"count":2,"href":"https:\/\/correiodasemana.com\/site\/wp-json\/wp\/v2\/posts\/12032\/revisions"}],"predecessor-version":[{"id":12035,"href":"https:\/\/correiodasemana.com\/site\/wp-json\/wp\/v2\/posts\/12032\/revisions\/12035"}],"wp:featuredmedia":[{"embeddable":true,"href":"https:\/\/correiodasemana.com\/site\/wp-json\/wp\/v2\/media\/12033"}],"wp:attachment":[{"href":"https:\/\/correiodasemana.com\/site\/wp-json\/wp\/v2\/media?parent=12032"}],"wp:term":[{"taxonomy":"category","embeddable":true,"href":"https:\/\/correiodasemana.com\/site\/wp-json\/wp\/v2\/categories?post=12032"},{"taxonomy":"post_tag","embeddable":true,"href":"https:\/\/correiodasemana.com\/site\/wp-json\/wp\/v2\/tags?post=12032"}],"curies":[{"name":"wp","href":"https:\/\/api.w.org\/{rel}","templated":true}]}}