{"id":12049,"date":"2020-07-21T12:59:13","date_gmt":"2020-07-21T12:59:13","guid":{"rendered":"https:\/\/correiodasemana.com\/site\/?p=12049"},"modified":"2020-07-21T12:59:13","modified_gmt":"2020-07-21T12:59:13","slug":"conheca-a-proposta-que-amplia-os-recursos-da-educacao-basica","status":"publish","type":"post","link":"https:\/\/correiodasemana.com\/site\/conheca-a-proposta-que-amplia-os-recursos-da-educacao-basica\/","title":{"rendered":"Conhe\u00e7a a proposta que amplia os recursos da educa\u00e7\u00e3o b\u00e1sica"},"content":{"rendered":"<p><em><strong>Mais da metade dos novos recursos do Fundeb deve ir para Bahia, Maranh\u00e3o e Cear\u00e1<\/strong><\/em><\/p>\n<p>Proposta de emenda \u00e0 Constitui\u00e7\u00e3o (PEC 15\/15) vai destinar mais dinheiro do governo federal ao Fundo de Manuten\u00e7\u00e3o e Desenvolvimento da Educa\u00e7\u00e3o B\u00e1sica (Fundeb). Esses recursos v\u00e3o aumentar gradativamente nos pr\u00f3ximos anos para at\u00e9 20% do total em 2026. Hoje, o governo federal \u00e9 respons\u00e1vel por 10% dos recursos.<\/p>\n<p>A PEC 15\/15 vai beneficiar mais os estados que t\u00eam maior desigualdade na educa\u00e7\u00e3o. Em 2026, o governo federal deve transferir cerca de\u00a0<strong style=\"font-style: inherit;\">R$ 10,8 bilh\u00f5es<\/strong>\u00a0a mais do que em 2020 \u2013 75% para os estados e munic\u00edpios mais pobres e 25% por resultados educacionais.<\/p>\n<p>Para as transfer\u00eancias aos entes mais pobres, simula\u00e7\u00f5es realizadas com dados de 92% dos munic\u00edpios indicam que mais da metade desses novos recursos v\u00e3o para tr\u00eas estados: Bahia, Maranh\u00e3o e Cear\u00e1. Quem ganha mais \u00e9 a Bahia: de\u00a0<strong style=\"font-style: inherit;\">R$ 3,2 bilh\u00f5es\u00a0<\/strong>transferidos pelo Fundeb em 2020, passar\u00e1 a receber\u00a0<strong style=\"font-style: inherit;\">R$ 5,3 bilh\u00f5es<\/strong>\u00a0em 2026, ou seja, uma diferen\u00e7a de\u00a0<strong style=\"font-style: inherit;\">R$ 2,1 bilh\u00f5es.<\/strong><\/p>\n<p><strong>Principais mudan\u00e7as da PEC 15\/15<\/strong><\/p>\n<p>Al\u00e9m do aumento de recursos do governo federal, uma novidade \u00e9 o crit\u00e9rio de distribui\u00e7\u00e3o pelo Valor Aluno Ano Total (VAAT), que leva em a considera\u00e7\u00e3o a totalidade de recursos vinculado \u00e0 educa\u00e7\u00e3o.<\/p>\n<p>Atualmente, a distribui\u00e7\u00e3o \u00e9 feita apenas com base nas receitas do Fundeb. Essa mudan\u00e7a vai garantir mais recursos para os munic\u00edpios que hoje destinam pouco dinheiro \u00e0 educa\u00e7\u00e3o. Outros munic\u00edpios com maior arrecada\u00e7\u00e3o n\u00e3o receber\u00e3o al\u00e9m do que j\u00e1 recebem.<\/p>\n<p>Escolas estaduais e municipais tamb\u00e9m v\u00e3o ganhar recursos por resultado, a partir de um indicador de desempenho que vai ser estabelecido por lei ordin\u00e1ria.<\/p>\n<p><img fetchpriority=\"high\" decoding=\"async\" class=\"aligncenter size-full wp-image-12052\" src=\"https:\/\/correiodasemana.com\/site\/wp-content\/uploads\/2020\/07\/2.jpg\" alt=\"\" width=\"688\" height=\"369\" srcset=\"https:\/\/correiodasemana.com\/site\/wp-content\/uploads\/2020\/07\/2.jpg 688w, https:\/\/correiodasemana.com\/site\/wp-content\/uploads\/2020\/07\/2-300x161.jpg 300w\" sizes=\"(max-width: 688px) 100vw, 688px\" \/><\/p>\n<p><strong>Prazo para criar o novo Fundeb<\/strong><\/p>\n<p>O Congresso tem at\u00e9 dezembro para aprovar a PEC 15\/15 e o projeto de lei que vai regulament\u00e1-la. Isso porque de acordo com a Emenda Constitucional 53\/2006 o Fundeb atual tem validade apenas at\u00e9 o fim de 2020. Caso o novo Fundeb n\u00e3o seja aprovado, estados e munic\u00edpios v\u00e3o perder recursos para educa\u00e7\u00e3o.<\/p>\n<p><strong>Impacto do aumento de recursos federais na educa\u00e7\u00e3o b\u00e1sica<\/strong><\/p>\n<p>Com as regras atuais do Fundeb, que exigem complementa\u00e7\u00e3o da Uni\u00e3o de 10%, o valor m\u00ednimo aplicado por aluno em 2020 \u00e9 de R$ 3.427. Se as novas regras estivessem em vigor neste ano, o valor seria de R$ 3.971 por aluno para complementa\u00e7\u00e3o da Uni\u00e3o de 12,5%.<\/p>\n<p><img decoding=\"async\" class=\"aligncenter size-full wp-image-12051\" src=\"https:\/\/correiodasemana.com\/site\/wp-content\/uploads\/2020\/07\/3.jpg\" alt=\"\" width=\"689\" height=\"350\" srcset=\"https:\/\/correiodasemana.com\/site\/wp-content\/uploads\/2020\/07\/3.jpg 689w, https:\/\/correiodasemana.com\/site\/wp-content\/uploads\/2020\/07\/3-300x152.jpg 300w\" sizes=\"(max-width: 689px) 100vw, 689px\" \/><\/p>\n<p><strong>Import\u00e2ncia do Fundeb<\/strong><\/p>\n<p>Em 2019, o Fundeb distribuiu<strong>\u00a0R$ 168,5 bilh\u00f5es<\/strong>\u00a0para o ensino b\u00e1sico em redes de escolas estaduais e municipais. Hoje o Fundo garante 63% dos recursos que os munic\u00edpios investem em educa\u00e7\u00e3o. Muitos munic\u00edpios dependem das transfer\u00eancias do Fundeb porque t\u00eam uma baixa arrecada\u00e7\u00e3o de IPTU e ISS, tributos que devem ter uma parcela destinada \u00e0s escolas. O Fundeb ajuda a equilibrar a distribui\u00e7\u00e3o dos recursos para educa\u00e7\u00e3o, combatendo desigualdades regionais ao transferir a arrecada\u00e7\u00e3o de tributos da Uni\u00e3o, estados, Distrito Federal e munic\u00edpios.<\/p>\n<p>Fonte: Ag\u00eancia C\u00e2mara de Not\u00edcias<\/p>\n<p>&nbsp;<\/p>\n","protected":false},"excerpt":{"rendered":"<p>Mais da metade dos novos recursos do Fundeb deve ir para Bahia, Maranh\u00e3o e Cear\u00e1&#8230;<\/p>\n","protected":false},"author":1,"featured_media":12050,"comment_status":"open","ping_status":"open","sticky":false,"template":"","format":"standard","meta":{"_jetpack_memberships_contains_paid_content":false,"footnotes":"","jetpack_publicize_message":"","jetpack_publicize_feature_enabled":true,"jetpack_social_post_already_shared":true,"jetpack_social_options":{"image_generator_settings":{"template":"highway","default_image_id":0,"font":"","enabled":false},"version":2}},"categories":[1],"tags":[],"class_list":["post-12049","post","type-post","status-publish","format-standard","has-post-thumbnail","hentry","category-atualidade"],"jetpack_publicize_connections":[],"jetpack_featured_media_url":"https:\/\/correiodasemana.com\/site\/wp-content\/uploads\/2020\/07\/1.jpg","jetpack-related-posts":[{"id":12205,"url":"https:\/\/correiodasemana.com\/site\/camara-forca-planalto-a-ceder-e-aprova-o-novo-fundeb\/","url_meta":{"origin":12049,"position":0},"title":"C\u00e2mara for\u00e7a Planalto a ceder  e aprova o novo Fundeb","author":"","date":"Julho 25, 2020","format":false,"excerpt":"Gest\u00e3o Bolsonaro concordou em aumentar participa\u00e7\u00e3o de 10% para 23% no principal fundo de financiamento da educa\u00e7\u00e3o b\u00e1sica do Brasil. Governo queria reservar recursos para novo programa de Paulo Guedes, que pretende absover Bolsa Fam\u00edlia Depois de cinco anos de discuss\u00f5es, a C\u00e2mara dos Deputados aprovou na noite desta ter\u00e7a-feira,\u2026","rel":"","context":"In &quot;Atualidade&quot;","block_context":{"text":"Atualidade","link":"https:\/\/correiodasemana.com\/site\/category\/atualidade\/"},"img":{"alt_text":"","src":"https:\/\/i0.wp.com\/correiodasemana.com\/site\/wp-content\/uploads\/2020\/07\/d7c21a79-4454-40c0-aeb4-ba7deaec4fcf.jpg?resize=350%2C200&ssl=1","width":350,"height":200,"srcset":"https:\/\/i0.wp.com\/correiodasemana.com\/site\/wp-content\/uploads\/2020\/07\/d7c21a79-4454-40c0-aeb4-ba7deaec4fcf.jpg?resize=350%2C200&ssl=1 1x, https:\/\/i0.wp.com\/correiodasemana.com\/site\/wp-content\/uploads\/2020\/07\/d7c21a79-4454-40c0-aeb4-ba7deaec4fcf.jpg?resize=525%2C300&ssl=1 1.5x"},"classes":[]},{"id":13755,"url":"https:\/\/correiodasemana.com\/site\/governo-anuncia-renda-cidada-com-recursos-de-precatorios-e-do-fundeb\/","url_meta":{"origin":12049,"position":1},"title":"Governo anuncia Renda Cidad\u00e3, com recursos de precat\u00f3rios e do Fundeb","author":"","date":"Setembro 28, 2020","format":false,"excerpt":"Novo programa substituir\u00e1 o aux\u00edlio emergencial e o Bolsa Fam\u00edlia O presidente Jair Bolsonaro anunciou\u00a0hoje\u00a0(28) o Renda Cidad\u00e3, novo programa de transfer\u00eancia de renda do governo, que substituir\u00e1 o aux\u00edlio emergencial e o Bolsa Fam\u00edlia. Para financiar o programa, a proposta \u00e9 usar os recursos de pagamento de precat\u00f3rios e\u2026","rel":"","context":"In &quot;Atualidade&quot;","block_context":{"text":"Atualidade","link":"https:\/\/correiodasemana.com\/site\/category\/atualidade\/"},"img":{"alt_text":"","src":"https:\/\/i0.wp.com\/correiodasemana.com\/site\/wp-content\/uploads\/2020\/09\/coletiva_de_imprensa_palacio_da_alvorada_pr_2809201330.jpg?resize=350%2C200&ssl=1","width":350,"height":200,"srcset":"https:\/\/i0.wp.com\/correiodasemana.com\/site\/wp-content\/uploads\/2020\/09\/coletiva_de_imprensa_palacio_da_alvorada_pr_2809201330.jpg?resize=350%2C200&ssl=1 1x, https:\/\/i0.wp.com\/correiodasemana.com\/site\/wp-content\/uploads\/2020\/09\/coletiva_de_imprensa_palacio_da_alvorada_pr_2809201330.jpg?resize=525%2C300&ssl=1 1.5x, https:\/\/i0.wp.com\/correiodasemana.com\/site\/wp-content\/uploads\/2020\/09\/coletiva_de_imprensa_palacio_da_alvorada_pr_2809201330.jpg?resize=700%2C400&ssl=1 2x, https:\/\/i0.wp.com\/correiodasemana.com\/site\/wp-content\/uploads\/2020\/09\/coletiva_de_imprensa_palacio_da_alvorada_pr_2809201330.jpg?resize=1050%2C600&ssl=1 3x"},"classes":[]},{"id":12045,"url":"https:\/\/correiodasemana.com\/site\/maia-para-ser-aceita-proposta-do-governo-sobre-fundeb-nao-deve-ser-distante-do-relatorio-da-camara\/","url_meta":{"origin":12049,"position":2},"title":"Maia: para ser aceita, proposta do governo sobre Fundeb n\u00e3o deve ser distante do relat\u00f3rio da C\u00e2mara","author":"","date":"Julho 21, 2020","format":false,"excerpt":"O presidente da C\u00e2mara disse ser contra o adiamento para 2022 da entrada em vigor da proposta O presidente da C\u00e2mara, Rodrigo Maia (DEM-RJ), afirmou que a proposta que amplia a participa\u00e7\u00e3o do governo no Fundeb e torna o programa permanente (PEC 15\/15) tem amplo apoio entre os deputados e\u2026","rel":"","context":"In &quot;Atualidade&quot;","block_context":{"text":"Atualidade","link":"https:\/\/correiodasemana.com\/site\/category\/atualidade\/"},"img":{"alt_text":"","src":"https:\/\/i0.wp.com\/correiodasemana.com\/site\/wp-content\/uploads\/2020\/07\/Maia.jpg?resize=350%2C200&ssl=1","width":350,"height":200,"srcset":"https:\/\/i0.wp.com\/correiodasemana.com\/site\/wp-content\/uploads\/2020\/07\/Maia.jpg?resize=350%2C200&ssl=1 1x, https:\/\/i0.wp.com\/correiodasemana.com\/site\/wp-content\/uploads\/2020\/07\/Maia.jpg?resize=525%2C300&ssl=1 1.5x, https:\/\/i0.wp.com\/correiodasemana.com\/site\/wp-content\/uploads\/2020\/07\/Maia.jpg?resize=700%2C400&ssl=1 2x"},"classes":[]},{"id":13177,"url":"https:\/\/correiodasemana.com\/site\/senado-aprova-pec-do-fundeb-que-segue-para-promulgacao\/","url_meta":{"origin":12049,"position":3},"title":"Senado aprova PEC do Fundeb, que segue para promulga\u00e7\u00e3o","author":"","date":"Agosto 26, 2020","format":false,"excerpt":"Proposta amplia recursos para educa\u00e7\u00e3o p\u00fablica O Senado aprovou hoje (25), em dois turnos, a Proposta de Emenda \u00e0 Constitui\u00e7\u00e3o (PEC) de n\u00famero 26 de 2020, que torna permanente o Fundo de Desenvolvimento e Valoriza\u00e7\u00e3o dos Profissionais da Educa\u00e7\u00e3o (Fundeb). A PEC foi aprovada por unanimidade e segue para promulga\u00e7\u00e3o\u2026","rel":"","context":"In &quot;Atualidade&quot;","block_context":{"text":"Atualidade","link":"https:\/\/correiodasemana.com\/site\/category\/atualidade\/"},"img":{"alt_text":"","src":"https:\/\/i0.wp.com\/correiodasemana.com\/site\/wp-content\/uploads\/2020\/08\/ensino_medio1.jpg?resize=350%2C200&ssl=1","width":350,"height":200,"srcset":"https:\/\/i0.wp.com\/correiodasemana.com\/site\/wp-content\/uploads\/2020\/08\/ensino_medio1.jpg?resize=350%2C200&ssl=1 1x, https:\/\/i0.wp.com\/correiodasemana.com\/site\/wp-content\/uploads\/2020\/08\/ensino_medio1.jpg?resize=525%2C300&ssl=1 1.5x, https:\/\/i0.wp.com\/correiodasemana.com\/site\/wp-content\/uploads\/2020\/08\/ensino_medio1.jpg?resize=700%2C400&ssl=1 2x, https:\/\/i0.wp.com\/correiodasemana.com\/site\/wp-content\/uploads\/2020\/08\/ensino_medio1.jpg?resize=1050%2C600&ssl=1 3x"},"classes":[]},{"id":14978,"url":"https:\/\/correiodasemana.com\/site\/senado-deve-votar-regulamentacao-do-novo-fundeb-nesta-semana\/","url_meta":{"origin":12049,"position":4},"title":"Senado deve votar regulamenta\u00e7\u00e3o do novo Fundeb nesta semana","author":"","date":"Dezembro 14, 2020","format":false,"excerpt":"Regulamenta\u00e7\u00e3o \u00e9 necess\u00e1ria para que recursos sejam usados em 2021 O Senado deve votar nesta semana o Projeto de Lei (PL) 4.372\/2020, que regulamenta o novo Fundo de Manuten\u00e7\u00e3o e Desenvolvimento da Educa\u00e7\u00e3o B\u00e1sica e de Valoriza\u00e7\u00e3o dos Profissionais da Educa\u00e7\u00e3o (Fundeb). O Projeto de Emenda \u00e0 Constitui\u00e7\u00e3o (PEC) que\u2026","rel":"","context":"In &quot;Atualidade&quot;","block_context":{"text":"Atualidade","link":"https:\/\/correiodasemana.com\/site\/category\/atualidade\/"},"img":{"alt_text":"","src":"https:\/\/i0.wp.com\/correiodasemana.com\/site\/wp-content\/uploads\/2020\/12\/img20200826120817410.jpg?resize=350%2C200&ssl=1","width":350,"height":200,"srcset":"https:\/\/i0.wp.com\/correiodasemana.com\/site\/wp-content\/uploads\/2020\/12\/img20200826120817410.jpg?resize=350%2C200&ssl=1 1x, https:\/\/i0.wp.com\/correiodasemana.com\/site\/wp-content\/uploads\/2020\/12\/img20200826120817410.jpg?resize=525%2C300&ssl=1 1.5x, https:\/\/i0.wp.com\/correiodasemana.com\/site\/wp-content\/uploads\/2020\/12\/img20200826120817410.jpg?resize=700%2C400&ssl=1 2x, https:\/\/i0.wp.com\/correiodasemana.com\/site\/wp-content\/uploads\/2020\/12\/img20200826120817410.jpg?resize=1050%2C600&ssl=1 3x"},"classes":[]},{"id":12741,"url":"https:\/\/correiodasemana.com\/site\/pais-acreditam-que-qualidade-do-ensino-caiu-na-pandemia-diz-pesquisa\/","url_meta":{"origin":12049,"position":5},"title":"Pais acreditam que qualidade do ensino caiu na pandemia, diz pesquisa","author":"","date":"Agosto 12, 2020","format":false,"excerpt":"Levantamento do DataSenado ouviu 2,4 mil brasileiros no fim de julho Pesquisa do Instituto DataSenado divulgada nesta quarta-feira (12) aponta que, na percep\u00e7\u00e3o de 63% dos pais ou respons\u00e1veis ouvidos, a qualidade do ensino entre os alunos que tiveram aulas remotas, diminuiu. Para 22%, a qualidade das aulas permaneceu igual\u2026","rel":"","context":"In &quot;Atualidade&quot;","block_context":{"text":"Atualidade","link":"https:\/\/correiodasemana.com\/site\/category\/atualidade\/"},"img":{"alt_text":"","src":"https:\/\/i0.wp.com\/correiodasemana.com\/site\/wp-content\/uploads\/2020\/08\/image.jpeg?resize=350%2C200&ssl=1","width":350,"height":200,"srcset":"https:\/\/i0.wp.com\/correiodasemana.com\/site\/wp-content\/uploads\/2020\/08\/image.jpeg?resize=350%2C200&ssl=1 1x, https:\/\/i0.wp.com\/correiodasemana.com\/site\/wp-content\/uploads\/2020\/08\/image.jpeg?resize=525%2C300&ssl=1 1.5x, https:\/\/i0.wp.com\/correiodasemana.com\/site\/wp-content\/uploads\/2020\/08\/image.jpeg?resize=700%2C400&ssl=1 2x, https:\/\/i0.wp.com\/correiodasemana.com\/site\/wp-content\/uploads\/2020\/08\/image.jpeg?resize=1050%2C600&ssl=1 3x"},"classes":[]}],"jetpack_sharing_enabled":true,"_links":{"self":[{"href":"https:\/\/correiodasemana.com\/site\/wp-json\/wp\/v2\/posts\/12049","targetHints":{"allow":["GET"]}}],"collection":[{"href":"https:\/\/correiodasemana.com\/site\/wp-json\/wp\/v2\/posts"}],"about":[{"href":"https:\/\/correiodasemana.com\/site\/wp-json\/wp\/v2\/types\/post"}],"author":[{"embeddable":true,"href":"https:\/\/correiodasemana.com\/site\/wp-json\/wp\/v2\/users\/1"}],"replies":[{"embeddable":true,"href":"https:\/\/correiodasemana.com\/site\/wp-json\/wp\/v2\/comments?post=12049"}],"version-history":[{"count":2,"href":"https:\/\/correiodasemana.com\/site\/wp-json\/wp\/v2\/posts\/12049\/revisions"}],"predecessor-version":[{"id":12054,"href":"https:\/\/correiodasemana.com\/site\/wp-json\/wp\/v2\/posts\/12049\/revisions\/12054"}],"wp:featuredmedia":[{"embeddable":true,"href":"https:\/\/correiodasemana.com\/site\/wp-json\/wp\/v2\/media\/12050"}],"wp:attachment":[{"href":"https:\/\/correiodasemana.com\/site\/wp-json\/wp\/v2\/media?parent=12049"}],"wp:term":[{"taxonomy":"category","embeddable":true,"href":"https:\/\/correiodasemana.com\/site\/wp-json\/wp\/v2\/categories?post=12049"},{"taxonomy":"post_tag","embeddable":true,"href":"https:\/\/correiodasemana.com\/site\/wp-json\/wp\/v2\/tags?post=12049"}],"curies":[{"name":"wp","href":"https:\/\/api.w.org\/{rel}","templated":true}]}}