{"id":12055,"date":"2020-07-21T13:58:41","date_gmt":"2020-07-21T13:58:41","guid":{"rendered":"https:\/\/correiodasemana.com\/site\/?p=12055"},"modified":"2020-07-21T13:58:41","modified_gmt":"2020-07-21T13:58:41","slug":"qual-o-limite-da-vaidade-espelho-espelho-meu-existe-uma-menina-mais-vaidosa-que-eu","status":"publish","type":"post","link":"https:\/\/correiodasemana.com\/site\/qual-o-limite-da-vaidade-espelho-espelho-meu-existe-uma-menina-mais-vaidosa-que-eu\/","title":{"rendered":"Qual o limite da vaidade? Espelho, espelho meu: existe uma menina mais vaidosa que eu?"},"content":{"rendered":"<p>Ser cobi\u00e7ada pelos meninos e despertar a inveja das meninas sem enxergar o que mais importa: sua alma e sentimentos. De uma forma leve e alegre, a escritora Monica Stahel conta em &#8220;A roupa nova de Doralice&#8221; os caminhos da vaidade.<\/p>\n<p>A obra publicada pela Sa\u00edra Editorial \u00e9 formada por ilustra\u00e7\u00f5es multicoloridas de Luciana Rom\u00e3o e com um texto que busca instigar o p\u00fablico infantil. Mas a li\u00e7\u00e3o do livro pode ir al\u00e9m das crian\u00e7as.<\/p>\n<p><img fetchpriority=\"high\" decoding=\"async\" class=\"aligncenter size-full wp-image-12056\" src=\"https:\/\/correiodasemana.com\/site\/wp-content\/uploads\/2020\/07\/Livro-capa.jpg\" alt=\"\" width=\"300\" height=\"341\" srcset=\"https:\/\/correiodasemana.com\/site\/wp-content\/uploads\/2020\/07\/Livro-capa.jpg 300w, https:\/\/correiodasemana.com\/site\/wp-content\/uploads\/2020\/07\/Livro-capa-264x300.jpg 264w\" sizes=\"(max-width: 300px) 100vw, 300px\" \/><\/p>\n<p><em>&#8220;A roupa nova de Doralice&#8221;, de Monica Stahel, \u00e9 uma narrativa espirituosa e divertida que conversa com o p\u00fablico infantil sobre vaidade e autoestima<\/em><\/p>\n<p><em><strong>A roupa nova de Doralice\u00a0<\/strong><\/em>\u00e9 uma alegre e moderna releitura do famoso conto \u201cA roupa nova do rei\u201d. Escrita pela autora e tradutora paulista\u00a0<strong>Monica Stahel<\/strong>, a obra conta a hist\u00f3ria de Doralice, uma jovem vaidosa e autoconfiante que n\u00e3o perde a chance de lan\u00e7ar moda no vilarejo em que vive.<\/p>\n<p>Tudo muda em Vilas das Luas quando uma estilista estrangeira promete costurar, exclusivamente para Doralice, um vestido com um tecido encantado: somente as pessoas de alma limpa e bons sentimentos seriam capazes de enxerg\u00e1-lo. Ao acreditar que seria uma excelente oportunidade de testar as pessoas, a jovem aceita a proposta mas acaba surpreendida, j\u00e1 que nem ela mesma consegue ver o vestido. Ao desfilar pela rua para exibir o seu novo modelito, todos se espantam e o motivo \u00e9 um s\u00f3: Doralice estava nua, foi surpreendida pela pr\u00f3pria vaidade e pela pr\u00f3pria soberba!<\/p>\n<p><em>\u201cNo dia seguinte, n\u00e3o deu outra. As garotas foram chegando, todas sem roupa, umas mais \u00e0 vontade, outras meio envergonhadas. Logo veio Doralice, toda empertigada, exibindo de novo a roupa prodigiosa. Mas, quando viu as outras mo\u00e7as, ficou roxa como o vestido. Pela primeira vez, deixou o orgulho de lado e soltou a voz, gritou para quem tivesse ouvidos:\u00a0\u2013 Dona Ros\u00e1 me traiu, vendeu o tecido encantado para todo esse bando de gente.\u201d<\/em>\u00a0(A roupa nova de Doralice, p\u00e1g. 32)<\/p>\n<p>Com ilustra\u00e7\u00f5es de Luciana Rom\u00e3o e publicada pela\u00a0<strong>Sa\u00edra Editorial<\/strong>, a obra abre um di\u00e1logo despretensioso com as crian\u00e7as sobre vaidade, autoestima e autoimagem&#8230; tudo isso sem perder a divers\u00e3o e a leveza. Outro ponto forte da hist\u00f3ria \u00e9 a naturalidade com que Monica traz a nudez, tamb\u00e9m apresentada com descontra\u00e7\u00e3o: Vilas das Luas, enfim, torna-se Vila das Nuas, j\u00e1 que todas as mulheres adotaram a nova tend\u00eancia e saem pelas ruas como vieram ao mundo.<\/p>\n<p>Doralice aprende sua li\u00e7\u00e3o e, de quebra, consegue ainda transmitir aos leitores ensinamentos valiosos ao transformar o que seria sua desgra\u00e7a em aprendizado.<\/p>\n<p><strong>Ficha T\u00e9cnica:<\/strong><strong><br \/>\nT\u00edtulo<\/strong>: A roupa nova de Doralice<br \/>\n<strong>Autor<\/strong>: Monica Stahel<br \/>\n<strong>ISBN<\/strong>: 978-65-81295-00-4<br \/>\n<strong>Editora<\/strong>: Sa\u00edra Editorial<br \/>\n<strong>P\u00e1ginas<\/strong>: 21<br \/>\n<strong>Formato<\/strong>: 23&#215;20 cm<br \/>\n<strong>Pre\u00e7o<\/strong>: R$ 37,00<br \/>\n<strong>Link de venda:\u00a0<\/strong><a href=\"https:\/\/amzn.to\/3b48Q8O\">https:\/\/amzn.to\/3b48Q8O<\/a><\/p>\n<p><strong>Sinopse:\u00a0<\/strong>Doralice era antip\u00e1tica e pretensiosa, linda e vistosa. Todos os rapazes a cobi\u00e7avam, todas as mo\u00e7as a invejavam e a imitavam em tudo.\u00a0Um dia Doralice mandou fazer uma roupa nova, encantada, e ent\u00e3o as coisas mudaram\u2026 mas muito pouco.<\/p>\n<p><strong>Sobre a autora:\u00a0<\/strong>Monica Stahel \u00e9 de Santo Andr\u00e9, S\u00e3o Paulo. Formou-se em Ci\u00eancias Sociais e logo passou a trabalhar na \u00e1rea de edi\u00e7\u00e3o de livros. Al\u00e9m de tradutora, busca inspira\u00e7\u00e3o nas duas filhas, nos quatro netos e nas pessoas que marcam sua vida para escrever alguns livros para crian\u00e7as. Foi inclu\u00edda, por indica\u00e7\u00e3o da FNLIJ, na lista de honra do ano 2000 da International Board on Books for Young People. Para o p\u00fablico infantojuvenil, j\u00e1 publicou\u00a0<em>Um saci no meu quintal<\/em>, pela Martins Fontes,\u00a0<em>Tem uma hist\u00f3ria nas cartas da Marisa<\/em>, pela Formato, e\u00a0<em>O le\u00e3o que rugia flores<\/em>, tamb\u00e9m pela Martins<\/p>\n<p><img decoding=\"async\" class=\"aligncenter size-full wp-image-12057\" src=\"https:\/\/correiodasemana.com\/site\/wp-content\/uploads\/2020\/07\/d632c8cd15bc13abd427e4098d5b33ca_medium.jpg\" alt=\"\" width=\"300\" height=\"399\" srcset=\"https:\/\/correiodasemana.com\/site\/wp-content\/uploads\/2020\/07\/d632c8cd15bc13abd427e4098d5b33ca_medium.jpg 300w, https:\/\/correiodasemana.com\/site\/wp-content\/uploads\/2020\/07\/d632c8cd15bc13abd427e4098d5b33ca_medium-226x300.jpg 226w\" sizes=\"(max-width: 300px) 100vw, 300px\" \/><\/p>\n<p>&nbsp;<\/p>\n<p>&nbsp;<\/p>\n<p>&nbsp;<\/p>\n<p>&nbsp;<\/p>\n","protected":false},"excerpt":{"rendered":"<p>Ser cobi\u00e7ada pelos meninos e despertar a inveja das meninas sem enxergar o que mais&#8230;<\/p>\n","protected":false},"author":1,"featured_media":12058,"comment_status":"open","ping_status":"open","sticky":false,"template":"","format":"standard","meta":{"_jetpack_memberships_contains_paid_content":false,"footnotes":"","jetpack_publicize_message":"","jetpack_publicize_feature_enabled":true,"jetpack_social_post_already_shared":true,"jetpack_social_options":{"image_generator_settings":{"template":"highway","default_image_id":0,"font":"","enabled":false},"version":2}},"categories":[1],"tags":[],"class_list":["post-12055","post","type-post","status-publish","format-standard","has-post-thumbnail","hentry","category-atualidade"],"jetpack_publicize_connections":[],"jetpack_featured_media_url":"https:\/\/correiodasemana.com\/site\/wp-content\/uploads\/2020\/07\/Livro.jpg","jetpack-related-posts":[{"id":9824,"url":"https:\/\/correiodasemana.com\/site\/ela-esta-para-chegar\/","url_meta":{"origin":12055,"position":0},"title":"ELA EST\u00c1 PARA CHEGAR","author":"","date":"Novembro 11, 2019","format":false,"excerpt":"Passaram-se alguns meses. De in\u00edcio, um pequeno sinal, mas, a alegria j\u00e1 era grande. E nossa Princesinha Isadora soube que no seu reino surgiria mais um Pr\u00edncipe ou Princesa. Ela dizia. Se for menina, eu e as mulheres vamos cuidar. Se for homem, os homens cuidar\u00e3o. E os dias foram\u2026","rel":"","context":"In &quot;Artigos&quot;","block_context":{"text":"Artigos","link":"https:\/\/correiodasemana.com\/site\/category\/artigos\/"},"img":{"alt_text":"","src":"https:\/\/i0.wp.com\/correiodasemana.com\/site\/wp-content\/uploads\/2019\/07\/Jose%CC%81-1.jpg?resize=350%2C200&ssl=1","width":350,"height":200,"srcset":"https:\/\/i0.wp.com\/correiodasemana.com\/site\/wp-content\/uploads\/2019\/07\/Jose%CC%81-1.jpg?resize=350%2C200&ssl=1 1x, https:\/\/i0.wp.com\/correiodasemana.com\/site\/wp-content\/uploads\/2019\/07\/Jose%CC%81-1.jpg?resize=525%2C300&ssl=1 1.5x, https:\/\/i0.wp.com\/correiodasemana.com\/site\/wp-content\/uploads\/2019\/07\/Jose%CC%81-1.jpg?resize=700%2C400&ssl=1 2x"},"classes":[]},{"id":31897,"url":"https:\/\/correiodasemana.com\/site\/domingo-da-alegria\/","url_meta":{"origin":12055,"position":1},"title":"Domingo da Alegria","author":"adminredacao","date":"Dezembro 24, 2024","format":false,"excerpt":"Nestes dias em que a prepara\u00e7\u00e3o do Natal j\u00e1 se torna mais intensa, celebramos o Domingo da Alegria, como chamamos o 3\u00ba domingo do Advento. A Palavra de Deus nos prepara para a vinda do Senhor. A prepara\u00e7\u00e3o deve ser concreta, fiel, vigilante e alegre. Precisamente, a alegria do Evangelho\u2026","rel":"","context":"In &quot;Artigos&quot;","block_context":{"text":"Artigos","link":"https:\/\/correiodasemana.com\/site\/category\/artigos\/"},"img":{"alt_text":"","src":"https:\/\/i0.wp.com\/correiodasemana.com\/site\/wp-content\/uploads\/2018\/02\/editorial-cs.jpg?resize=350%2C200&ssl=1","width":350,"height":200,"srcset":"https:\/\/i0.wp.com\/correiodasemana.com\/site\/wp-content\/uploads\/2018\/02\/editorial-cs.jpg?resize=350%2C200&ssl=1 1x, https:\/\/i0.wp.com\/correiodasemana.com\/site\/wp-content\/uploads\/2018\/02\/editorial-cs.jpg?resize=525%2C300&ssl=1 1.5x"},"classes":[]},{"id":15911,"url":"https:\/\/correiodasemana.com\/site\/com-dez-novos-leitos-hrn-soma-100-unidades-de-enfermaria-e-de-uti-para-covid-19\/","url_meta":{"origin":12055,"position":2},"title":"Com dez novos leitos, HRN soma 100 unidades de enfermaria e de UTI para Covid-19","author":"","date":"Mar\u00e7o 8, 2021","format":false,"excerpt":"Em meio ao avan\u00e7o de casos de Covid-19 na regi\u00e3o Norte do Cear\u00e1, o Hospital Regional Norte (HRN), unidade da Secretaria de Sa\u00fade da Estado (Sesa), vem ampliando os leitos de enfermaria e de Unidade de Terapia Intensiva (UTI\u2019s) exclusivos para atendimento a pacientes Covid. Nesta semana, foram disponibilizados mais\u2026","rel":"","context":"In &quot;Atualidade&quot;","block_context":{"text":"Atualidade","link":"https:\/\/correiodasemana.com\/site\/category\/atualidade\/"},"img":{"alt_text":"","src":"https:\/\/i0.wp.com\/correiodasemana.com\/site\/wp-content\/uploads\/2021\/03\/image-40-768x481-1.png?resize=350%2C200&ssl=1","width":350,"height":200,"srcset":"https:\/\/i0.wp.com\/correiodasemana.com\/site\/wp-content\/uploads\/2021\/03\/image-40-768x481-1.png?resize=350%2C200&ssl=1 1x, https:\/\/i0.wp.com\/correiodasemana.com\/site\/wp-content\/uploads\/2021\/03\/image-40-768x481-1.png?resize=525%2C300&ssl=1 1.5x, https:\/\/i0.wp.com\/correiodasemana.com\/site\/wp-content\/uploads\/2021\/03\/image-40-768x481-1.png?resize=700%2C400&ssl=1 2x"},"classes":[]},{"id":10929,"url":"https:\/\/correiodasemana.com\/site\/idosos-do-abrigo-sagrado-coracao-de-jesus-comemoram-carnaval-com-balada\/","url_meta":{"origin":12055,"position":3},"title":"Idosos do Abrigo Sagrado Cora\u00e7\u00e3o de Jesus comemoram Carnaval com Balada","author":"","date":"Fevereiro 25, 2020","format":false,"excerpt":"Festa realizada com os mais de 30 idosos que a institui\u00e7\u00e3o acolhe, contou neste ano com a anima\u00e7\u00e3o de Tia Fofinha e da DJ Monkys. Refor\u00e7ando uma assist\u00eancia acolhedora e humanizada, os mais de 30 idosos acolhidos pelo Abrigo Sagrado Cora\u00e7\u00e3o de Jesus, unidade do Complexo Santa Casa de Miseric\u00f3rdia\u2026","rel":"","context":"In &quot;Atualidade&quot;","block_context":{"text":"Atualidade","link":"https:\/\/correiodasemana.com\/site\/category\/atualidade\/"},"img":{"alt_text":"","src":"https:\/\/i0.wp.com\/correiodasemana.com\/site\/wp-content\/uploads\/2020\/02\/Foto-1-2-scaled.jpg?resize=350%2C200&ssl=1","width":350,"height":200,"srcset":"https:\/\/i0.wp.com\/correiodasemana.com\/site\/wp-content\/uploads\/2020\/02\/Foto-1-2-scaled.jpg?resize=350%2C200&ssl=1 1x, https:\/\/i0.wp.com\/correiodasemana.com\/site\/wp-content\/uploads\/2020\/02\/Foto-1-2-scaled.jpg?resize=525%2C300&ssl=1 1.5x, https:\/\/i0.wp.com\/correiodasemana.com\/site\/wp-content\/uploads\/2020\/02\/Foto-1-2-scaled.jpg?resize=700%2C400&ssl=1 2x, https:\/\/i0.wp.com\/correiodasemana.com\/site\/wp-content\/uploads\/2020\/02\/Foto-1-2-scaled.jpg?resize=1050%2C600&ssl=1 3x, https:\/\/i0.wp.com\/correiodasemana.com\/site\/wp-content\/uploads\/2020\/02\/Foto-1-2-scaled.jpg?resize=1400%2C800&ssl=1 4x"},"classes":[]},{"id":35980,"url":"https:\/\/correiodasemana.com\/site\/becco-ponto-com-235\/","url_meta":{"origin":12055,"position":4},"title":"BECCO PONTO.COM","author":"adminredacao","date":"Outubro 29, 2025","format":false,"excerpt":"LIVRAI-NOS, SENHOR! Dos jovens modernos t\u00e3o pervertidos, ufa! Dos conchaves corruptos visando votos. Da turma do poder \u201cn\u00e3o larga o osso\u201d, ufa! Da Sele\u00e7\u00e3o Brasileira, t\u00e3o euro pisada, ufa! Dos filhos de m\u00e3es sem pais e mal criados. Das catracas de \u201cplay boys pol\u00edticos\u201d de hoje. Das C\u00e2maras, t\u00e3o camaradas\u2026","rel":"","context":"In &quot;Artigos&quot;","block_context":{"text":"Artigos","link":"https:\/\/correiodasemana.com\/site\/category\/artigos\/"},"img":{"alt_text":"","src":"https:\/\/i0.wp.com\/correiodasemana.com\/site\/wp-content\/uploads\/2021\/09\/Dr-Chico-Prado-Trofeu-Dom-Jose-1.jpg?resize=350%2C200&ssl=1","width":350,"height":200,"srcset":"https:\/\/i0.wp.com\/correiodasemana.com\/site\/wp-content\/uploads\/2021\/09\/Dr-Chico-Prado-Trofeu-Dom-Jose-1.jpg?resize=350%2C200&ssl=1 1x, https:\/\/i0.wp.com\/correiodasemana.com\/site\/wp-content\/uploads\/2021\/09\/Dr-Chico-Prado-Trofeu-Dom-Jose-1.jpg?resize=525%2C300&ssl=1 1.5x, https:\/\/i0.wp.com\/correiodasemana.com\/site\/wp-content\/uploads\/2021\/09\/Dr-Chico-Prado-Trofeu-Dom-Jose-1.jpg?resize=700%2C400&ssl=1 2x, https:\/\/i0.wp.com\/correiodasemana.com\/site\/wp-content\/uploads\/2021\/09\/Dr-Chico-Prado-Trofeu-Dom-Jose-1.jpg?resize=1050%2C600&ssl=1 3x, https:\/\/i0.wp.com\/correiodasemana.com\/site\/wp-content\/uploads\/2021\/09\/Dr-Chico-Prado-Trofeu-Dom-Jose-1.jpg?resize=1400%2C800&ssl=1 4x"},"classes":[]},{"id":27964,"url":"https:\/\/correiodasemana.com\/site\/sobral-ganha-conjunto-habitacional-e-urbanizacao-no-bairro-padre-palhano\/","url_meta":{"origin":12055,"position":5},"title":"Sobral ganha conjunto habitacional e urbaniza\u00e7\u00e3o no bairro Padre Palhano","author":"adminredacao","date":"Janeiro 8, 2024","format":false,"excerpt":"Novo residencial custou mais de R$ 5 milh\u00f5es, e contou com aporte estadual de R$ 3,25 milh\u00f5es Fonte: Governo do Estado do Cear\u00e1 A dona de casa Maria Lucinete n\u00e3o escondia a satisfa\u00e7\u00e3o de ver seu sonho da casa pr\u00f3pria ser concretizado. Acompanhada pelo marido e pelo filho, Paulo Jos\u00e9,\u2026","rel":"","context":"In &quot;Atualidade&quot;","block_context":{"text":"Atualidade","link":"https:\/\/correiodasemana.com\/site\/category\/atualidade\/"},"img":{"alt_text":"","src":"https:\/\/i0.wp.com\/correiodasemana.com\/site\/wp-content\/uploads\/2024\/01\/Jornal-Correio-da-Semana-No-1001-Copia-1.jpg?resize=350%2C200&ssl=1","width":350,"height":200,"srcset":"https:\/\/i0.wp.com\/correiodasemana.com\/site\/wp-content\/uploads\/2024\/01\/Jornal-Correio-da-Semana-No-1001-Copia-1.jpg?resize=350%2C200&ssl=1 1x, https:\/\/i0.wp.com\/correiodasemana.com\/site\/wp-content\/uploads\/2024\/01\/Jornal-Correio-da-Semana-No-1001-Copia-1.jpg?resize=525%2C300&ssl=1 1.5x"},"classes":[]}],"jetpack_sharing_enabled":true,"_links":{"self":[{"href":"https:\/\/correiodasemana.com\/site\/wp-json\/wp\/v2\/posts\/12055","targetHints":{"allow":["GET"]}}],"collection":[{"href":"https:\/\/correiodasemana.com\/site\/wp-json\/wp\/v2\/posts"}],"about":[{"href":"https:\/\/correiodasemana.com\/site\/wp-json\/wp\/v2\/types\/post"}],"author":[{"embeddable":true,"href":"https:\/\/correiodasemana.com\/site\/wp-json\/wp\/v2\/users\/1"}],"replies":[{"embeddable":true,"href":"https:\/\/correiodasemana.com\/site\/wp-json\/wp\/v2\/comments?post=12055"}],"version-history":[{"count":2,"href":"https:\/\/correiodasemana.com\/site\/wp-json\/wp\/v2\/posts\/12055\/revisions"}],"predecessor-version":[{"id":12060,"href":"https:\/\/correiodasemana.com\/site\/wp-json\/wp\/v2\/posts\/12055\/revisions\/12060"}],"wp:featuredmedia":[{"embeddable":true,"href":"https:\/\/correiodasemana.com\/site\/wp-json\/wp\/v2\/media\/12058"}],"wp:attachment":[{"href":"https:\/\/correiodasemana.com\/site\/wp-json\/wp\/v2\/media?parent=12055"}],"wp:term":[{"taxonomy":"category","embeddable":true,"href":"https:\/\/correiodasemana.com\/site\/wp-json\/wp\/v2\/categories?post=12055"},{"taxonomy":"post_tag","embeddable":true,"href":"https:\/\/correiodasemana.com\/site\/wp-json\/wp\/v2\/tags?post=12055"}],"curies":[{"name":"wp","href":"https:\/\/api.w.org\/{rel}","templated":true}]}}