{"id":12061,"date":"2020-07-21T14:15:08","date_gmt":"2020-07-21T14:15:08","guid":{"rendered":"https:\/\/correiodasemana.com\/site\/?p=12061"},"modified":"2020-07-21T14:15:08","modified_gmt":"2020-07-21T14:15:08","slug":"agravamento-de-transtornos-mentais-entre-trabalhadores-em-home-office-e-uma-ameaca-para-as-empresas-apos-a-quarentena","status":"publish","type":"post","link":"https:\/\/correiodasemana.com\/site\/agravamento-de-transtornos-mentais-entre-trabalhadores-em-home-office-e-uma-ameaca-para-as-empresas-apos-a-quarentena\/","title":{"rendered":"Agravamento de transtornos mentais entre trabalhadores em home office \u00e9 uma amea\u00e7a para as empresas ap\u00f3s a quarentena"},"content":{"rendered":"<p><em><strong>Estudo realizado pela empresa de medicina ocupacional Qualiforma mostra um recorte da sa\u00fade mental do trabalhador brasileiro durante o confinamento social e alerta para uma piora futura, caso n\u00e3o sejam tomadas medidas preventivas\u00a0<\/strong><\/em><\/p>\n<p>A lista \u00e9 longa. Luto patol\u00f3gico, depress\u00e3o, ansiedade, estresse p\u00f3s-traum\u00e1tico, ins\u00f4nia, compuls\u00e3o alimentar, abuso do uso de \u00e1lcool, idea\u00e7\u00e3o suicida, burnout ou esgotamento mental.\u00a0Esses s\u00e3o transtornos que v\u00eam afetando\u00a060% dos profissionais em home office atendidos pelo servi\u00e7o de teleatendimento da empresa de medicina ocupacional Qualiforma, que atua em toda a regi\u00e3o Sudeste.<\/p>\n<p><img fetchpriority=\"high\" decoding=\"async\" class=\"aligncenter size-full wp-image-12063\" src=\"https:\/\/correiodasemana.com\/site\/wp-content\/uploads\/2020\/07\/TRANSTORNOS-MENTAIS-1.jpeg\" alt=\"\" width=\"768\" height=\"384\" srcset=\"https:\/\/correiodasemana.com\/site\/wp-content\/uploads\/2020\/07\/TRANSTORNOS-MENTAIS-1.jpeg 768w, https:\/\/correiodasemana.com\/site\/wp-content\/uploads\/2020\/07\/TRANSTORNOS-MENTAIS-1-300x150.jpeg 300w\" sizes=\"(max-width: 768px) 100vw, 768px\" \/><\/p>\n<p>O mapeamento apresenta\u00a0um recorte da sa\u00fade mental do trabalhador brasileiro na quarentena, quando houve um aumento de 150% na procura pelo seu servi\u00e7o de teleatendimento psicol\u00f3gico, o qual \u00e9 composto hoje por 90% de novos pacientes. Tomou-se como base cerca de 500 sess\u00f5es de teleatendimento psicol\u00f3gico, oferecidas a mais de 250 funcion\u00e1rios de empresas que atuam em diferentes ramos da economia.<\/p>\n<p>&#8220;Mapeamos as principais queixas relatadas pelas pessoas durante o home office para entendermos melhor o que est\u00e3o passando e como podemos ajud\u00e1-las de forma mais eficaz no futuro&#8221;, comenta Gabriel Diniz, s\u00f3cio e Diretor de Neg\u00f3cios da Qualiforma. Ele lembra que, em crises socioecon\u00f4micas muito agudas, como guerras e pandemias, doen\u00e7as ps\u00edquicas atingem cerca de um ter\u00e7o da popula\u00e7\u00e3o, de acordo com dados da Organiza\u00e7\u00e3o Mundial da Sa\u00fade (OMS) e da Funda\u00e7\u00e3o Oswaldo Cruz (Fiocruz). E, entre profissionais de sa\u00fade, esse \u00edndice atinge metade das pessoas.<\/p>\n<p>&#8220;A fase mais aguda das crises de estresse, ansiedade e depress\u00e3o costumam acontecer ap\u00f3s 6 a 12 meses&#8221;, acrescenta Gabriel, alertando para a import\u00e2ncia de as empresas n\u00e3o descuidarem da sa\u00fade mental dos seus colaboradores. Ele refor\u00e7a que, se esses trabalhadores n\u00e3o se tratarem agora, poder\u00e3o apresentar quadros muito mais graves daqui a algum tempo. &#8220;N\u00e3o existem desenvolvimento e produtividade sustent\u00e1vel, a m\u00e9dio e longo prazos, em um ambiente onde as pessoas n\u00e3o t\u00eam sa\u00fade e os relacionamentos n\u00e3o s\u00e3o saud\u00e1veis.&#8221;<\/p>\n<p><img decoding=\"async\" class=\"aligncenter size-full wp-image-12064\" src=\"https:\/\/correiodasemana.com\/site\/wp-content\/uploads\/2020\/07\/TRANSTORNOS-MENTAIS-1.jpg\" alt=\"\" width=\"406\" height=\"722\" srcset=\"https:\/\/correiodasemana.com\/site\/wp-content\/uploads\/2020\/07\/TRANSTORNOS-MENTAIS-1.jpg 406w, https:\/\/correiodasemana.com\/site\/wp-content\/uploads\/2020\/07\/TRANSTORNOS-MENTAIS-1-169x300.jpg 169w\" sizes=\"(max-width: 406px) 100vw, 406px\" \/><\/p>\n<p>Entre os\u00a0problemas relatados, est\u00e3o medo de morrer ou perder algum ente querido; t\u00e9dio e rotina desregrada; inseguran\u00e7a quanto \u00e0 manuten\u00e7\u00e3o do emprego e da renda; transtornos decorrentes do confinamento, como claustrofobia, perda de privacidade, excesso de demandas dom\u00e9sticas, falta de espa\u00e7o adequado para trabalhar e se exercitar.\u00a0A disparada na procura pelo atendimento psicol\u00f3gico se deu ap\u00f3s o in\u00edcio do home office, quando o servi\u00e7o passou a ser oferecido por telefone.<\/p>\n<p>Entre outros dados do levantamento, 68% afirmam estar trabalhando pelo menos 1 hora a mais do que trabalhavam antes da pandemia e 21% dizem estar excedendo o expediente em at\u00e9 4 horas por dia. Grande parte relata tamb\u00e9m esgotamento mental, acentuado pela busca excessiva por informa\u00e7\u00f5es de como solucionar os problemas atuais. &#8220;Um estudo da Universidade da Calif\u00f3rnia mostra que gastamos mais energia numa reuni\u00e3o virtual, porque fazemos maior esfor\u00e7o para nos comunicar, aumentando o tom de voz e tencionando pesco\u00e7o e o m\u00fasculo do trap\u00e9zio&#8221;, comenta Gabriel, acrescentando que 78% n\u00e3o est\u00e3o seguindo as exig\u00eancias m\u00ednimas de ergonomia em casa. &#8220;Todas essas circunst\u00e2ncias s\u00e3o gatilhos que desencadeiam os transtornos psicossom\u00e1ticos apresentados pelos pacientes.&#8221;<\/p>\n<p>Gabriel destaca que licen\u00e7as m\u00e9dicas por problemas psicol\u00f3gicos costumam ter maior dura\u00e7\u00e3o, pois os tratamentos s\u00e3o de longo prazo, principalmente quando o paciente j\u00e1 se encontra em um quadro de maior gravidade. &#8220;Dores nas costas, por exemplo, costumam exigir\u00a014\u00a0dias de afastamento, em m\u00e9dia. J\u00e1 um quadro de depress\u00e3o pode deixar o funcion\u00e1rio inapto para o trabalho\u00a0por meses.&#8221;<\/p>\n<p>H\u00e1 sete anos no mercado como consultoria especializada em sa\u00fade ocupacional e programas de qualidade de vida\u00a0in company,\u00a0a\u00a0Qualiforma conta\u00a0com uma equipe multidisciplinar, formada por m\u00e9dicos, psic\u00f3logos, fisioterapeutas, professores de educa\u00e7\u00e3o f\u00edsica, nutricionistas, ergonomistas e engenheiros de seguran\u00e7a do trabalho. Al\u00e9m do teleatendimento psicol\u00f3gico, a empresa conseguiu adaptar outros servi\u00e7os para atender remotamente. Entre as atividades est\u00e3o palestras de sa\u00fade e bem-estar; aulas de medita\u00e7\u00e3o e yoga; gin\u00e1stica laboral e acompanhamento nutricional.<\/p>\n<p>Roberta Sampaio<\/p>\n<p><a href=\"https:\/\/mailto:roberta@26graus.com.br\/\">roberta@26graus.com.br<\/a><\/p>\n<p>+55 21 983106888<\/p>\n<p>&nbsp;<\/p>\n","protected":false},"excerpt":{"rendered":"<p>Estudo realizado pela empresa de medicina ocupacional Qualiforma mostra um recorte da sa\u00fade mental do&#8230;<\/p>\n","protected":false},"author":1,"featured_media":12062,"comment_status":"open","ping_status":"open","sticky":false,"template":"","format":"standard","meta":{"_jetpack_memberships_contains_paid_content":false,"footnotes":"","jetpack_publicize_message":"","jetpack_publicize_feature_enabled":true,"jetpack_social_post_already_shared":true,"jetpack_social_options":{"image_generator_settings":{"template":"highway","default_image_id":0,"font":"","enabled":false},"version":2}},"categories":[1],"tags":[],"class_list":["post-12061","post","type-post","status-publish","format-standard","has-post-thumbnail","hentry","category-atualidade"],"jetpack_publicize_connections":[],"jetpack_featured_media_url":"https:\/\/correiodasemana.com\/site\/wp-content\/uploads\/2020\/07\/TRANSTORNOS-MENTAIS-2.jpg","jetpack-related-posts":[{"id":13455,"url":"https:\/\/correiodasemana.com\/site\/fim-do-preconceito-e-fundamental-para-prevencao-do-suicidio\/","url_meta":{"origin":12061,"position":0},"title":"Fim do preconceito \u00e9 fundamental para preven\u00e7\u00e3o do suic\u00eddio","author":"","date":"Setembro 10, 2020","format":false,"excerpt":"Setembro Amarelo alerta para doen\u00e7as como ansiedade e depress\u00e3o O fim do preconceito com doen\u00e7as mentais, como ansiedade e depress\u00e3o, \u00e9 fundamental para a preven\u00e7\u00e3o ao suic\u00eddio. A afirma\u00e7\u00e3o \u00e9 da coordenadora-geral de Sa\u00fade Mental do Minist\u00e9rio da Sa\u00fade, Dilma Alves Teodoro, e tamb\u00e9m um dos alertas da campanha Setembro\u2026","rel":"","context":"In &quot;Atualidade&quot;","block_context":{"text":"Atualidade","link":"https:\/\/correiodasemana.com\/site\/category\/atualidade\/"},"img":{"alt_text":"","src":"https:\/\/i0.wp.com\/correiodasemana.com\/site\/wp-content\/uploads\/2020\/09\/mcmgo_abr_070820180690.jpg?resize=350%2C200&ssl=1","width":350,"height":200,"srcset":"https:\/\/i0.wp.com\/correiodasemana.com\/site\/wp-content\/uploads\/2020\/09\/mcmgo_abr_070820180690.jpg?resize=350%2C200&ssl=1 1x, https:\/\/i0.wp.com\/correiodasemana.com\/site\/wp-content\/uploads\/2020\/09\/mcmgo_abr_070820180690.jpg?resize=525%2C300&ssl=1 1.5x, https:\/\/i0.wp.com\/correiodasemana.com\/site\/wp-content\/uploads\/2020\/09\/mcmgo_abr_070820180690.jpg?resize=700%2C400&ssl=1 2x, https:\/\/i0.wp.com\/correiodasemana.com\/site\/wp-content\/uploads\/2020\/09\/mcmgo_abr_070820180690.jpg?resize=1050%2C600&ssl=1 3x"},"classes":[]},{"id":13268,"url":"https:\/\/correiodasemana.com\/site\/saude-mental-em-tempos-de-pandemia\/","url_meta":{"origin":12061,"position":1},"title":"Sa\u00fade Mental em Tempos de Pandemia","author":"","date":"Agosto 31, 2020","format":false,"excerpt":"A grav\u00edssima crise sanit\u00e1ria mundial Desencadeia malef\u00edcios \u00e0 sa\u00fade mental. Profissionais da sa\u00fade enfrentam diversos desafios E lidam diariamente com quadros dram\u00e1ticos sombrios. Muitos n\u00e3o contam com equipamentos de prote\u00e7\u00e3o adequados N\u00e3o receberam treinamentos para realizar procedimentos esperados. Trabalham inseguros, com medo e com expressiva afli\u00e7\u00e3o Sentem-se impotentes diante dessa\u2026","rel":"","context":"In &quot;Artigos&quot;","block_context":{"text":"Artigos","link":"https:\/\/correiodasemana.com\/site\/category\/artigos\/"},"img":{"alt_text":"","src":"https:\/\/i0.wp.com\/correiodasemana.com\/site\/wp-content\/uploads\/2020\/07\/marcia-coluna.jpg?resize=350%2C200&ssl=1","width":350,"height":200},"classes":[]},{"id":16174,"url":"https:\/\/correiodasemana.com\/site\/saude-mental-na-era-pandemica\/","url_meta":{"origin":12061,"position":2},"title":"Sa\u00fade Mental na Era Pand\u00eamica","author":"","date":"Abril 12, 2021","format":false,"excerpt":"Profa. Dra. M\u00e1rcia Mont\u2019Alverne. - Departamento de Terapia Ocupacional da UFPB. Em\u00a0tempos de pandemia cuidar da sa\u00fade mental \u00c9 uma decis\u00e3o acertadamente essencial. Neste per\u00edodo potencialmente estressante Algumas dicas s\u00e3o bastante\u00a0relevantes: Ter cuidado com o excesso de informa\u00e7\u00e3o\u00a0e Filtrar as not\u00edcias far\u00e3o\u00a0bem ao cora\u00e7\u00e3o. Manter uma alimenta\u00e7\u00e3o saud\u00e1vel E tamb\u00e9m\u2026","rel":"","context":"In &quot;Artigos&quot;","block_context":{"text":"Artigos","link":"https:\/\/correiodasemana.com\/site\/category\/artigos\/"},"img":{"alt_text":"","src":"https:\/\/i0.wp.com\/correiodasemana.com\/site\/wp-content\/uploads\/2020\/07\/marcia-coluna.jpg?resize=350%2C200&ssl=1","width":350,"height":200},"classes":[]},{"id":37071,"url":"https:\/\/correiodasemana.com\/site\/herculano-costa-8\/","url_meta":{"origin":12061,"position":3},"title":"Herculano Costa","author":"adminredacao","date":"Janeiro 17, 2026","format":false,"excerpt":"Janeiro Branco: cuidar da sa\u00fade mental \u00e9 um compromisso com a vida O in\u00edcio de um novo ano costuma trazer consigo expectativas. E janeiro chega e j\u00e1 vai passando de sua metade, mas, carregado de simbolismos, promessas e a esperan\u00e7a de dias melhores. E nesse contexto simb\u00f3lico que surge o\u00a0Janeiro\u2026","rel":"","context":"In &quot;Artigos&quot;","block_context":{"text":"Artigos","link":"https:\/\/correiodasemana.com\/site\/category\/artigos\/"},"img":{"alt_text":"","src":"https:\/\/i0.wp.com\/correiodasemana.com\/site\/wp-content\/uploads\/2022\/01\/Herculano-Costa.jpg?resize=350%2C200&ssl=1","width":350,"height":200},"classes":[]},{"id":12349,"url":"https:\/\/correiodasemana.com\/site\/pesquisa-revela-impactos-da-pandemia-na-vida-dos-jovens\/","url_meta":{"origin":12061,"position":4},"title":"PESQUISA REVELA IMPACTOS DA PANDEMIA NA VIDA DOS JOVENS","author":"","date":"Julho 29, 2020","format":false,"excerpt":"A crise do novo coronav\u00edrus foi um acontecimento praticamente inevit\u00e1vel em v\u00e1rios aspectos e seu impacto ainda traz muitas d\u00favidas sobre o futuro. Desde a popula\u00e7\u00e3o como um todo, bem como empresas, institui\u00e7\u00f5es e governos foram, de uma forma ou de outra, obrigados a se adaptar a uma nova realidade.\u2026","rel":"","context":"In &quot;Atualidade&quot;","block_context":{"text":"Atualidade","link":"https:\/\/correiodasemana.com\/site\/category\/atualidade\/"},"img":{"alt_text":"","src":"https:\/\/i0.wp.com\/correiodasemana.com\/site\/wp-content\/uploads\/2020\/07\/school-5058305_1920-1024x732-1.jpg?resize=350%2C200&ssl=1","width":350,"height":200,"srcset":"https:\/\/i0.wp.com\/correiodasemana.com\/site\/wp-content\/uploads\/2020\/07\/school-5058305_1920-1024x732-1.jpg?resize=350%2C200&ssl=1 1x, https:\/\/i0.wp.com\/correiodasemana.com\/site\/wp-content\/uploads\/2020\/07\/school-5058305_1920-1024x732-1.jpg?resize=525%2C300&ssl=1 1.5x, https:\/\/i0.wp.com\/correiodasemana.com\/site\/wp-content\/uploads\/2020\/07\/school-5058305_1920-1024x732-1.jpg?resize=700%2C400&ssl=1 2x"},"classes":[]},{"id":31407,"url":"https:\/\/correiodasemana.com\/site\/pobreza-eleva-em-3-vezes-risco-de-surgimento-de-ansiedade-e-depressao\/","url_meta":{"origin":12061,"position":5},"title":"Pobreza eleva em 3 vezes risco de surgimento de ansiedade e depress\u00e3o","author":"adminredacao","date":"Novembro 18, 2024","format":false,"excerpt":"Inseguran\u00e7a financeira e jornadas exaustivas s\u00e3o alguns dos fatores Por Marcelo Camargo\/Ag\u00eancia Brasil\/Arquivo Um relat\u00f3rio das Na\u00e7\u00f5es Unidas aponta que pessoas em situa\u00e7\u00e3o de pobreza t\u00eam tr\u00eas vezes mais chances de desenvolver problemas de sa\u00fade mental, como ansiedade e depress\u00e3o.\u00a0\u00c9 o que aponta o relat\u00f3rio \u201cEconomia do Burnout: Pobreza e\u2026","rel":"","context":"In &quot;Atualidade&quot;","block_context":{"text":"Atualidade","link":"https:\/\/correiodasemana.com\/site\/category\/atualidade\/"},"img":{"alt_text":"","src":"https:\/\/i0.wp.com\/correiodasemana.com\/site\/wp-content\/uploads\/2024\/11\/mcmgo_abr_070820180689.webp?resize=350%2C200&ssl=1","width":350,"height":200,"srcset":"https:\/\/i0.wp.com\/correiodasemana.com\/site\/wp-content\/uploads\/2024\/11\/mcmgo_abr_070820180689.webp?resize=350%2C200&ssl=1 1x, https:\/\/i0.wp.com\/correiodasemana.com\/site\/wp-content\/uploads\/2024\/11\/mcmgo_abr_070820180689.webp?resize=525%2C300&ssl=1 1.5x, https:\/\/i0.wp.com\/correiodasemana.com\/site\/wp-content\/uploads\/2024\/11\/mcmgo_abr_070820180689.webp?resize=700%2C400&ssl=1 2x, https:\/\/i0.wp.com\/correiodasemana.com\/site\/wp-content\/uploads\/2024\/11\/mcmgo_abr_070820180689.webp?resize=1050%2C600&ssl=1 3x"},"classes":[]}],"jetpack_sharing_enabled":true,"_links":{"self":[{"href":"https:\/\/correiodasemana.com\/site\/wp-json\/wp\/v2\/posts\/12061","targetHints":{"allow":["GET"]}}],"collection":[{"href":"https:\/\/correiodasemana.com\/site\/wp-json\/wp\/v2\/posts"}],"about":[{"href":"https:\/\/correiodasemana.com\/site\/wp-json\/wp\/v2\/types\/post"}],"author":[{"embeddable":true,"href":"https:\/\/correiodasemana.com\/site\/wp-json\/wp\/v2\/users\/1"}],"replies":[{"embeddable":true,"href":"https:\/\/correiodasemana.com\/site\/wp-json\/wp\/v2\/comments?post=12061"}],"version-history":[{"count":2,"href":"https:\/\/correiodasemana.com\/site\/wp-json\/wp\/v2\/posts\/12061\/revisions"}],"predecessor-version":[{"id":12066,"href":"https:\/\/correiodasemana.com\/site\/wp-json\/wp\/v2\/posts\/12061\/revisions\/12066"}],"wp:featuredmedia":[{"embeddable":true,"href":"https:\/\/correiodasemana.com\/site\/wp-json\/wp\/v2\/media\/12062"}],"wp:attachment":[{"href":"https:\/\/correiodasemana.com\/site\/wp-json\/wp\/v2\/media?parent=12061"}],"wp:term":[{"taxonomy":"category","embeddable":true,"href":"https:\/\/correiodasemana.com\/site\/wp-json\/wp\/v2\/categories?post=12061"},{"taxonomy":"post_tag","embeddable":true,"href":"https:\/\/correiodasemana.com\/site\/wp-json\/wp\/v2\/tags?post=12061"}],"curies":[{"name":"wp","href":"https:\/\/api.w.org\/{rel}","templated":true}]}}