{"id":12067,"date":"2020-07-21T14:24:52","date_gmt":"2020-07-21T14:24:52","guid":{"rendered":"https:\/\/correiodasemana.com\/site\/?p=12067"},"modified":"2020-07-21T14:24:52","modified_gmt":"2020-07-21T14:24:52","slug":"tesouro-nacional-apenas-cinco-capitais-tem-excelencia-em-relacao-a-saude-fiscal","status":"publish","type":"post","link":"https:\/\/correiodasemana.com\/site\/tesouro-nacional-apenas-cinco-capitais-tem-excelencia-em-relacao-a-saude-fiscal\/","title":{"rendered":"Tesouro Nacional: apenas cinco capitais t\u00eam excel\u00eancia em rela\u00e7\u00e3o \u00e0 sa\u00fade fiscal"},"content":{"rendered":"<p><strong><em>Apenas cinco capitais brasileiras t\u00eam excel\u00eancia em rela\u00e7\u00e3o \u00e0 sa\u00fade fiscal do munic\u00edpio. Isso \u00e9 o que diz o \u00faltimo levantamento da Secretaria do Tesouro Nacional (STN), do Minist\u00e9rio da Economia. <\/em><\/strong><\/p>\n<p>Segundo o documento, compilado a cada quatro meses, Rio Branco (AC), Palmas (TO), Curitiba (PR), Vit\u00f3ria (ES) e Aracaju (SE) s\u00e3o as \u00fanicas capitais que possuem o chamado Triplo A, ou seja, nota m\u00e1xima em tr\u00eas quesitos que permitem \u00e0 cidade ter situa\u00e7\u00e3o fiscal confort\u00e1vel suficiente para prestar todos os servi\u00e7os p\u00fablicos essenciais. As notas s\u00e3o dadas levando em conta diversos fatores, mas s\u00e3o voltadas, principalmente, ao endividamento, \u00e0 poupan\u00e7a corrente e \u00e0 liquidez.<\/p>\n<p>O levantamento da Secretaria do Tesouro Nacional apontou ainda que as demais localidades do Brasil sofrem para manter uma gest\u00e3o segura. Das 5.570 cidades brasileiras, apenas 648 t\u00eam a classifica\u00e7\u00e3o Triplo A. Al\u00e9m de poder prestar melhores servi\u00e7os, os munic\u00edpios com excel\u00eancia em rela\u00e7\u00e3o \u00e0 sa\u00fade fiscal t\u00eam uma maior capacidade de investimentos e mostra que a gest\u00e3o n\u00e3o est\u00e1 gastando mais do que pode pagar.<\/p>\n<p><img fetchpriority=\"high\" decoding=\"async\" class=\"aligncenter size-full wp-image-12069\" src=\"https:\/\/correiodasemana.com\/site\/wp-content\/uploads\/2020\/07\/8050363.jpg\" alt=\"\" width=\"696\" height=\"390\" srcset=\"https:\/\/correiodasemana.com\/site\/wp-content\/uploads\/2020\/07\/8050363.jpg 696w, https:\/\/correiodasemana.com\/site\/wp-content\/uploads\/2020\/07\/8050363-300x168.jpg 300w\" sizes=\"(max-width: 696px) 100vw, 696px\" \/><\/p>\n<p>Um dos melhores resultados em rela\u00e7\u00e3o \u00e0s condi\u00e7\u00f5es financeiras foi o da capital de Tocantins. Palmas, sob o comando da prefeita Cinthia Ribeiro, tem se empenhado pela responsabilidade no uso dos recursos p\u00fablicos, como explica Rog\u00e9rio Ramos, secret\u00e1rio de Finan\u00e7as do munic\u00edpio.<\/p>\n<p><em>\u00a0\u201cO entendimento \u00e9 de que a prefeitura tem de ser do tamanho que ela \u00e9 e multiplicar ao m\u00e1ximo a efetividade das pol\u00edticas p\u00fablicas e das a\u00e7\u00f5es p\u00fablicas pagas com dinheiro p\u00fablico. Isso para que o objetivo fim da prefeitura seja alcan\u00e7ado, que \u00e9 o atendimento do cidad\u00e3o&#8221;, disse <\/em>Rog\u00e9rio Ramos, secret\u00e1rio de Finan\u00e7as de Palmas (TO)<\/p>\n<p>A economista e advogada tributarista, Mirian Labocat, lembra que desde 2001, quando surgiu a Lei de Responsabilidade Fiscal, est\u00e3o especificadas as limita\u00e7\u00f5es dos estados, munic\u00edpios e a pr\u00f3pria Uni\u00e3o Federal no que diz respeito ao controle de gastos de todas as sortes, desde o pagamento de pessoal at\u00e9 quest\u00f5es de endividamento. Mas que infelizmente, alguns poucos est\u00e3o se atentando para isso, como o Acre, seu estado natal.<\/p>\n<p>A especialista explica que a quest\u00e3o pode ser comparada com a sa\u00fade financeira de uma pessoa f\u00edsica, que n\u00e3o pode gastar mais do que ganha em um m\u00eas. No caso dos entes, se as contas n\u00e3o est\u00e3o em dia h\u00e1 pouca margem para endividamentos que poderiam ajudar na presta\u00e7\u00e3o de servi\u00e7os.<\/p>\n<p><em>\u00a0\u201cA poupan\u00e7a \u00e9 o que o munic\u00edpio tem como despesa corrente, ou seja, suas receitas correntes s\u00e3o superiores as despesas, criando, assim, uma liquidez positiva, que \u00e9 mais ou menos o que a gente tem na pessoa f\u00edsica. Se voc\u00ea gasta mais do que ganha, nunca vai criar uma poupan\u00e7a corrente. Pelo contr\u00e1rio, voc\u00ea cria o endividamento. E assim vem os estados e munic\u00edpios, assim como a Uni\u00e3o&#8221;, salientou <\/em>Mirian Labocat, economista e advogada tributarista.<\/p>\n<p>Mesmo nas cinco capitais apontadas como Triplo A o desempenho na gest\u00e3o n\u00e3o reflete totalmente em melhorias significativas. \u00c9 o caso da sa\u00fade. At\u00e9 o \u00faltimo dia 15 de julho, Rio Branco e Curitiba estavam entre as seis capitais que chegaram perto de atingir o colapso no sistema de sa\u00fade p\u00fablica durante a pandemia, com ocupa\u00e7\u00e3o de, pelo menos, nove em cada dez leitos de Unidade de Terapia Intensiva. Vit\u00f3ria e Aracaju tamb\u00e9m estavam entre as oito piores capitais neste sentido.<\/p>\n<p>Fonte: <a href=\"https:\/\/brasil61.com\/noticias\/tesouro-nacional-apenas-cinco-capitais-tem-excelencia-em-relacao-a-saude-fiscal-bras200941?email=radioeducadoracomercial2@gmail.com&amp;utm_source=email_individual&amp;utm_medium=email_individual&amp;utm_campaign=email_individual\">Brasil 61<\/a><\/p>\n<p>&nbsp;<\/p>\n","protected":false},"excerpt":{"rendered":"<p>Apenas cinco capitais brasileiras t\u00eam excel\u00eancia em rela\u00e7\u00e3o \u00e0 sa\u00fade fiscal do munic\u00edpio. Isso \u00e9&#8230;<\/p>\n","protected":false},"author":1,"featured_media":12068,"comment_status":"open","ping_status":"open","sticky":false,"template":"","format":"standard","meta":{"_jetpack_memberships_contains_paid_content":false,"footnotes":"","jetpack_publicize_message":"","jetpack_publicize_feature_enabled":true,"jetpack_social_post_already_shared":true,"jetpack_social_options":{"image_generator_settings":{"template":"highway","default_image_id":0,"font":"","enabled":false},"version":2}},"categories":[1],"tags":[],"class_list":["post-12067","post","type-post","status-publish","format-standard","has-post-thumbnail","hentry","category-atualidade"],"jetpack_publicize_connections":[],"jetpack_featured_media_url":"https:\/\/correiodasemana.com\/site\/wp-content\/uploads\/2020\/07\/NOTAS.png","jetpack-related-posts":[{"id":9653,"url":"https:\/\/correiodasemana.com\/site\/levantamento-mapeia-saude-financeira-de-municipios-brasileiros\/","url_meta":{"origin":12067,"position":0},"title":"Levantamento mapeia sa\u00fade financeira de munic\u00edpios brasileiros","author":"","date":"Novembro 4, 2019","format":false,"excerpt":"Por\u00a0Cristina Indio do Brasil - Rep\u00f3rter da Ag\u00eancia Brasil\u00a0\u00a0Rio de Janeiro A falta de condi\u00e7\u00f5es de financiar a estrutura administrativa com recursos da economia local; a elevada rigidez do or\u00e7amento das prefeituras, sobretudo, com gastos com pessoal; e as dificuldades para o cumprimento das obriga\u00e7\u00f5es financeiras e de gerar bem-estar\u2026","rel":"","context":"In &quot;Atualidade&quot;","block_context":{"text":"Atualidade","link":"https:\/\/correiodasemana.com\/site\/category\/atualidade\/"},"img":{"alt_text":"","src":"https:\/\/i0.wp.com\/correiodasemana.com\/site\/wp-content\/uploads\/2019\/11\/18-1.jpg?resize=350%2C200&ssl=1","width":350,"height":200,"srcset":"https:\/\/i0.wp.com\/correiodasemana.com\/site\/wp-content\/uploads\/2019\/11\/18-1.jpg?resize=350%2C200&ssl=1 1x, https:\/\/i0.wp.com\/correiodasemana.com\/site\/wp-content\/uploads\/2019\/11\/18-1.jpg?resize=525%2C300&ssl=1 1.5x, https:\/\/i0.wp.com\/correiodasemana.com\/site\/wp-content\/uploads\/2019\/11\/18-1.jpg?resize=700%2C400&ssl=1 2x"},"classes":[]},{"id":12811,"url":"https:\/\/correiodasemana.com\/site\/brasil-e-o-7o-pais-que-mais-gasta-com-servidor-valor-e-35-vezes-as-despesas-com-saude-diz-instituto-2\/","url_meta":{"origin":12067,"position":1},"title":"Brasil \u00e9 o 7\u00ba pa\u00eds que mais gasta com servidor; valor \u00e9 3,5 vezes as despesas com sa\u00fade, diz instituto","author":"","date":"Agosto 17, 2020","format":false,"excerpt":"O Instituto Millenium, que tem Paulo Guedes entre fundadores, lan\u00e7ou campanha \u2018Destrava! Por uma Reforma Administrativa do bem\u2019. Governo ainda n\u00e3o enviou proposta ao Congresso. O Instituto Millenium divulgou nesta segunda-feira (10) um estudo segundo o qual o Brasil gastou 13,7% do Produto Interno Bruto (PIB) em 2019, cerca de\u2026","rel":"","context":"In &quot;Atualidade&quot;","block_context":{"text":"Atualidade","link":"https:\/\/correiodasemana.com\/site\/category\/atualidade\/"},"img":{"alt_text":"","src":"https:\/\/i0.wp.com\/correiodasemana.com\/site\/wp-content\/uploads\/2020\/08\/Brasil-e-o-7o-pais-que-mais-gasta-com-servidor.jpg?resize=350%2C200&ssl=1","width":350,"height":200,"srcset":"https:\/\/i0.wp.com\/correiodasemana.com\/site\/wp-content\/uploads\/2020\/08\/Brasil-e-o-7o-pais-que-mais-gasta-com-servidor.jpg?resize=350%2C200&ssl=1 1x, https:\/\/i0.wp.com\/correiodasemana.com\/site\/wp-content\/uploads\/2020\/08\/Brasil-e-o-7o-pais-que-mais-gasta-com-servidor.jpg?resize=525%2C300&ssl=1 1.5x, https:\/\/i0.wp.com\/correiodasemana.com\/site\/wp-content\/uploads\/2020\/08\/Brasil-e-o-7o-pais-que-mais-gasta-com-servidor.jpg?resize=700%2C400&ssl=1 2x"},"classes":[]},{"id":12695,"url":"https:\/\/correiodasemana.com\/site\/brasil-e-o-7o-pais-que-mais-gasta-com-servidor-valor-e-35-vezes-as-despesas-com-saude-diz-instituto\/","url_meta":{"origin":12067,"position":2},"title":"Brasil \u00e9 o 7\u00ba pa\u00eds que mais gasta com servidor; valor \u00e9 3,5 vezes as despesas com sa\u00fade, diz instituto","author":"","date":"Agosto 11, 2020","format":false,"excerpt":"O Instituto Millenium, que tem Paulo Guedes entre fundadores, lan\u00e7ou campanha 'Destrava! Por uma Reforma Administrativa do bem'. Governo ainda n\u00e3o enviou proposta ao Congresso. O Instituto Millenium divulgou nesta segunda-feira (10) um estudo segundo o qual o Brasil gastou 13,7% do Produto Interno Bruto (PIB) em 2019, cerca de\u2026","rel":"","context":"In &quot;Atualidade&quot;","block_context":{"text":"Atualidade","link":"https:\/\/correiodasemana.com\/site\/category\/atualidade\/"},"img":{"alt_text":"","src":"https:\/\/i0.wp.com\/correiodasemana.com\/site\/wp-content\/uploads\/2020\/08\/DINHEIRO.jpg?resize=350%2C200&ssl=1","width":350,"height":200,"srcset":"https:\/\/i0.wp.com\/correiodasemana.com\/site\/wp-content\/uploads\/2020\/08\/DINHEIRO.jpg?resize=350%2C200&ssl=1 1x, https:\/\/i0.wp.com\/correiodasemana.com\/site\/wp-content\/uploads\/2020\/08\/DINHEIRO.jpg?resize=525%2C300&ssl=1 1.5x, https:\/\/i0.wp.com\/correiodasemana.com\/site\/wp-content\/uploads\/2020\/08\/DINHEIRO.jpg?resize=700%2C400&ssl=1 2x"},"classes":[]},{"id":13989,"url":"https:\/\/correiodasemana.com\/site\/uniao-pagou-r-3107-milhoes-de-dividas-de-estados-em-setembro\/","url_meta":{"origin":12067,"position":3},"title":"Uni\u00e3o pagou R$ 310,7 milh\u00f5es de d\u00edvidas de estados em setembro","author":"","date":"Outubro 7, 2020","format":false,"excerpt":"Dados foram divulgados nesta quarta-feira pelo Tesouro Nacional O Tesouro Nacional pagou, em setembro, R$ 310,7 milh\u00f5es em d\u00edvidas atrasadas de estados. Desse total, a maior parte, R$ 226,1 milh\u00f5es, \u00e9 relativa a atrasos de pagamento do estado do Rio de Janeiro. Tamb\u00e9m foram pagos R$ 81,8 milh\u00f5es de Minas\u2026","rel":"","context":"In &quot;Atualidade&quot;","block_context":{"text":"Atualidade","link":"https:\/\/correiodasemana.com\/site\/category\/atualidade\/"},"img":{"alt_text":"","src":"https:\/\/i0.wp.com\/correiodasemana.com\/site\/wp-content\/uploads\/2020\/10\/notas_real_50_2_de_1.jpg?resize=350%2C200&ssl=1","width":350,"height":200,"srcset":"https:\/\/i0.wp.com\/correiodasemana.com\/site\/wp-content\/uploads\/2020\/10\/notas_real_50_2_de_1.jpg?resize=350%2C200&ssl=1 1x, https:\/\/i0.wp.com\/correiodasemana.com\/site\/wp-content\/uploads\/2020\/10\/notas_real_50_2_de_1.jpg?resize=525%2C300&ssl=1 1.5x, https:\/\/i0.wp.com\/correiodasemana.com\/site\/wp-content\/uploads\/2020\/10\/notas_real_50_2_de_1.jpg?resize=700%2C400&ssl=1 2x, https:\/\/i0.wp.com\/correiodasemana.com\/site\/wp-content\/uploads\/2020\/10\/notas_real_50_2_de_1.jpg?resize=1050%2C600&ssl=1 3x"},"classes":[]},{"id":17378,"url":"https:\/\/correiodasemana.com\/site\/camara-dos-deputados-aprova-texto-base-da-reforma-do-imposto-de-renda\/","url_meta":{"origin":12067,"position":4},"title":"C\u00e2mara dos Deputados aprova texto-base da reforma do Imposto de Renda","author":"","date":"Setembro 6, 2021","format":false,"excerpt":"Com apoio da oposi\u00e7\u00e3o, texto foi aprovado por 398 votos a 77; parlamentares ainda precisam analisar destaques. Em seguida, mat\u00e9ria ir\u00e1 ao Senado. Por Jamile Racanicci, Elisa Clavery e J\u00e9ssica Sant\u2019Ana, TV Globo e G1\u00a0\u2014 Bras\u00edlia Por 398 votos a 77, a\u00a0C\u00e2mara dos Deputados\u00a0aprovou nesta quarta-feira (1\u00ba) o texto-base da\u2026","rel":"","context":"In &quot;Atualidade&quot;","block_context":{"text":"Atualidade","link":"https:\/\/correiodasemana.com\/site\/category\/atualidade\/"},"img":{"alt_text":"","src":"https:\/\/i0.wp.com\/correiodasemana.com\/site\/wp-content\/uploads\/2020\/06\/foto-receita.jpg?resize=350%2C200&ssl=1","width":350,"height":200,"srcset":"https:\/\/i0.wp.com\/correiodasemana.com\/site\/wp-content\/uploads\/2020\/06\/foto-receita.jpg?resize=350%2C200&ssl=1 1x, https:\/\/i0.wp.com\/correiodasemana.com\/site\/wp-content\/uploads\/2020\/06\/foto-receita.jpg?resize=525%2C300&ssl=1 1.5x, https:\/\/i0.wp.com\/correiodasemana.com\/site\/wp-content\/uploads\/2020\/06\/foto-receita.jpg?resize=700%2C400&ssl=1 2x, https:\/\/i0.wp.com\/correiodasemana.com\/site\/wp-content\/uploads\/2020\/06\/foto-receita.jpg?resize=1050%2C600&ssl=1 3x"},"classes":[]},{"id":14999,"url":"https:\/\/correiodasemana.com\/site\/cai-numero-de-municipios-que-enviam-residuos-a-lixoes-diz-associacao\/","url_meta":{"origin":12067,"position":5},"title":"Cai n\u00famero de munic\u00edpios que enviam res\u00edduos a lix\u00f5es, diz associa\u00e7\u00e3o","author":"","date":"Dezembro 14, 2020","format":false,"excerpt":"Descarte incorreto de res\u00edduos caiu de 3,2 mil para 2,7 mil cidades A destina\u00e7\u00e3o dos res\u00edduos s\u00f3lidos em cada um dos 5.570 munic\u00edpios brasileiros foi mapeada pela Associa\u00e7\u00e3o Brasileira de Empresas de Tratamento de Res\u00edduos e Efluentes (Abetre), que constatou que 2,7 mil cidades descartam os res\u00edduos incorretamente em locais\u2026","rel":"","context":"In &quot;Atualidade&quot;","block_context":{"text":"Atualidade","link":"https:\/\/correiodasemana.com\/site\/category\/atualidade\/"},"img":{"alt_text":"","src":"https:\/\/i0.wp.com\/correiodasemana.com\/site\/wp-content\/uploads\/2020\/12\/img_20170331_154553970.jpg?resize=350%2C200&ssl=1","width":350,"height":200,"srcset":"https:\/\/i0.wp.com\/correiodasemana.com\/site\/wp-content\/uploads\/2020\/12\/img_20170331_154553970.jpg?resize=350%2C200&ssl=1 1x, https:\/\/i0.wp.com\/correiodasemana.com\/site\/wp-content\/uploads\/2020\/12\/img_20170331_154553970.jpg?resize=525%2C300&ssl=1 1.5x, https:\/\/i0.wp.com\/correiodasemana.com\/site\/wp-content\/uploads\/2020\/12\/img_20170331_154553970.jpg?resize=700%2C400&ssl=1 2x, https:\/\/i0.wp.com\/correiodasemana.com\/site\/wp-content\/uploads\/2020\/12\/img_20170331_154553970.jpg?resize=1050%2C600&ssl=1 3x"},"classes":[]}],"jetpack_sharing_enabled":true,"_links":{"self":[{"href":"https:\/\/correiodasemana.com\/site\/wp-json\/wp\/v2\/posts\/12067","targetHints":{"allow":["GET"]}}],"collection":[{"href":"https:\/\/correiodasemana.com\/site\/wp-json\/wp\/v2\/posts"}],"about":[{"href":"https:\/\/correiodasemana.com\/site\/wp-json\/wp\/v2\/types\/post"}],"author":[{"embeddable":true,"href":"https:\/\/correiodasemana.com\/site\/wp-json\/wp\/v2\/users\/1"}],"replies":[{"embeddable":true,"href":"https:\/\/correiodasemana.com\/site\/wp-json\/wp\/v2\/comments?post=12067"}],"version-history":[{"count":2,"href":"https:\/\/correiodasemana.com\/site\/wp-json\/wp\/v2\/posts\/12067\/revisions"}],"predecessor-version":[{"id":12071,"href":"https:\/\/correiodasemana.com\/site\/wp-json\/wp\/v2\/posts\/12067\/revisions\/12071"}],"wp:featuredmedia":[{"embeddable":true,"href":"https:\/\/correiodasemana.com\/site\/wp-json\/wp\/v2\/media\/12068"}],"wp:attachment":[{"href":"https:\/\/correiodasemana.com\/site\/wp-json\/wp\/v2\/media?parent=12067"}],"wp:term":[{"taxonomy":"category","embeddable":true,"href":"https:\/\/correiodasemana.com\/site\/wp-json\/wp\/v2\/categories?post=12067"},{"taxonomy":"post_tag","embeddable":true,"href":"https:\/\/correiodasemana.com\/site\/wp-json\/wp\/v2\/tags?post=12067"}],"curies":[{"name":"wp","href":"https:\/\/api.w.org\/{rel}","templated":true}]}}