{"id":12072,"date":"2020-07-21T18:42:36","date_gmt":"2020-07-21T18:42:36","guid":{"rendered":"https:\/\/correiodasemana.com\/site\/?p=12072"},"modified":"2020-07-21T18:42:36","modified_gmt":"2020-07-21T18:42:36","slug":"capes-suspende-por-90-dias-pagamento-de-dividas-de-ex-bolsistas","status":"publish","type":"post","link":"https:\/\/correiodasemana.com\/site\/capes-suspende-por-90-dias-pagamento-de-dividas-de-ex-bolsistas\/","title":{"rendered":"Capes suspende por 90 dias pagamento de d\u00edvidas de ex-bolsistas"},"content":{"rendered":"<p><em><strong>Medida foi tomada considerando efeitos da pandemia<\/strong><\/em><\/p>\n<p>A Coordena\u00e7\u00e3o de Aperfei\u00e7oamento de Pessoal de N\u00edvel Superior (Capes) publicou hoje (21), no\u00a0<a href=\"http:\/\/www.in.gov.br\/web\/dou\/-\/portaria-n-100-de-16-de-julho-de-2020-267798312\"><strong><em>Di\u00e1rio Oficial da Uni\u00e3o<\/em><\/strong><\/a>, portaria suspendendo &#8211; por 90 dias &#8211; os prazos de parcelamento de d\u00edvidas de ex-bolsistas ou qualquer benefici\u00e1rio de aux\u00edlio da institui\u00e7\u00e3o que ainda n\u00e3o tenham sido inscritas na d\u00edvida ativa da Uni\u00e3o.<\/p>\n<p>Segundo a Capes, a medida foi tomada em reconhecimento do estado de calamidade p\u00fablica e da necessidade de adotar medidas destinadas a minimizar os impactos causados pela pandemia do novo coronav\u00edrus (covid-19).<\/p>\n<p>A portaria disciplina um instrumento anterior da Capes que trata da regulamenta\u00e7\u00e3o para o pagamento das d\u00edvidas. O texto determina que as d\u00edvidas ter\u00e3o que ser pagas no prazo m\u00e1ximo de 60 parcelas mensais, com valor superior a R$ 200 para pessoas jur\u00eddicas e R$ 50 para pessoas f\u00edsicas.<\/p>\n<p>Devedor interessado<\/p>\n<p>Pela portaria, a suspens\u00e3o dos prazos ser\u00e1 concedida mediante requerimento do devedor interessado.<\/p>\n<p>O texto diz, ainda, que a suspens\u00e3o dos prazos n\u00e3o impede a continuidade de ado\u00e7\u00e3o dos procedimentos de cobran\u00e7a pela Capes, inclusive em rela\u00e7\u00e3o \u00e0s parcelas vencidas antes da entrada em vigor da portaria, e n\u00e3o implica na restitui\u00e7\u00e3o de parcelas eventualmente pagas durante a pandemia.<\/p>\n<p>A portaria diz, tamb\u00e9m, que as parcelas que n\u00e3o forem pagas durante o per\u00edodo de suspens\u00e3o ter\u00e3o sua data de vencimento adiada, \u201cretomando-se o pagamento a partir do m\u00eas subsequente ao do t\u00e9rmino do prazo de suspens\u00e3o\u201d e que, durante o per\u00edodo da suspens\u00e3o, \u00e9 facultado ao devedor \u201cseguir com a liquida\u00e7\u00e3o tempestiva do parcelamento firmado\u201d.<\/p>\n<p>Por Luciano Nascimento &#8211; Rep\u00f3rter da Ag\u00eancia Brasil &#8211; Bras\u00edlia<\/p>\n<p>&nbsp;<\/p>\n","protected":false},"excerpt":{"rendered":"<p>Medida foi tomada considerando efeitos da pandemia A Coordena\u00e7\u00e3o de Aperfei\u00e7oamento de Pessoal de N\u00edvel&#8230;<\/p>\n","protected":false},"author":1,"featured_media":12073,"comment_status":"open","ping_status":"open","sticky":false,"template":"","format":"standard","meta":{"_jetpack_memberships_contains_paid_content":false,"footnotes":"","jetpack_publicize_message":"","jetpack_publicize_feature_enabled":true,"jetpack_social_post_already_shared":true,"jetpack_social_options":{"image_generator_settings":{"template":"highway","default_image_id":0,"font":"","enabled":false},"version":2}},"categories":[1],"tags":[],"class_list":["post-12072","post","type-post","status-publish","format-standard","has-post-thumbnail","hentry","category-atualidade"],"jetpack_publicize_connections":[],"jetpack_featured_media_url":"https:\/\/correiodasemana.com\/site\/wp-content\/uploads\/2020\/07\/unb_cotas_2.jpg","jetpack-related-posts":[{"id":12191,"url":"https:\/\/correiodasemana.com\/site\/projeto-de-socorro-a-agricultores-familiares-e-aprovado-pela-camara-dos-deputados\/","url_meta":{"origin":12072,"position":0},"title":"Projeto de socorro a agricultores familiares \u00e9 aprovado pela C\u00e2mara dos Deputados","author":"","date":"Julho 25, 2020","format":false,"excerpt":"Texto ainda ser\u00e1 avaliado pelos senadores; PL inclui grupo entre os benefici\u00e1rios do aux\u00edlio emergencial e suspende d\u00edvidas, entre outras medidas A C\u00e2mara dos Deputados aprovou na \u00faltima segunda-feira (20) uma s\u00e9rie de medidas emergenciais que visam ajudar agricultores familiares impactados pela crise econ\u00f4mica em decorr\u00eancia da pandemia da Covid-19.\u2026","rel":"","context":"In &quot;Atualidade&quot;","block_context":{"text":"Atualidade","link":"https:\/\/correiodasemana.com\/site\/category\/atualidade\/"},"img":{"alt_text":"","src":"https:\/\/i0.wp.com\/correiodasemana.com\/site\/wp-content\/uploads\/2020\/07\/agricultores-familiar.jpg?resize=350%2C200&ssl=1","width":350,"height":200,"srcset":"https:\/\/i0.wp.com\/correiodasemana.com\/site\/wp-content\/uploads\/2020\/07\/agricultores-familiar.jpg?resize=350%2C200&ssl=1 1x, https:\/\/i0.wp.com\/correiodasemana.com\/site\/wp-content\/uploads\/2020\/07\/agricultores-familiar.jpg?resize=525%2C300&ssl=1 1.5x, https:\/\/i0.wp.com\/correiodasemana.com\/site\/wp-content\/uploads\/2020\/07\/agricultores-familiar.jpg?resize=700%2C400&ssl=1 2x, https:\/\/i0.wp.com\/correiodasemana.com\/site\/wp-content\/uploads\/2020\/07\/agricultores-familiar.jpg?resize=1050%2C600&ssl=1 3x, https:\/\/i0.wp.com\/correiodasemana.com\/site\/wp-content\/uploads\/2020\/07\/agricultores-familiar.jpg?resize=1400%2C800&ssl=1 4x"},"classes":[]},{"id":27210,"url":"https:\/\/correiodasemana.com\/site\/mais-de-12-milhao-de-estudantes-serao-beneficiados-com-a-renegociacao-de-dividas-do-fies-na-caixa\/","url_meta":{"origin":12072,"position":1},"title":"MAIS DE 1,2 MILH\u00c3O DE ESTUDANTES SER\u00c3O BENEFICIADOS COM A RENEGOCIA\u00c7\u00c3O DE D\u00cdVIDAS DO FIES NA CAIXA","author":"adminredacao","date":"Novembro 13, 2023","format":false,"excerpt":"P\u00fablico-alvo s\u00e3o alunos que tenham contratos assinados at\u00e9 2017 e a ades\u00e3o pode ser feita de maneira 100% digital pelo SifesWeb O Governo Federal abriu prazo para renegocia\u00e7\u00e3o de d\u00edvidas do FIES com in\u00edcio da ter\u00e7a-feira (7). O p\u00fablico-alvo s\u00e3o os estudantes com contrato assinado at\u00e9 2017. Com descontos de\u2026","rel":"","context":"In &quot;Atualidade&quot;","block_context":{"text":"Atualidade","link":"https:\/\/correiodasemana.com\/site\/category\/atualidade\/"},"img":{"alt_text":"","src":"https:\/\/i0.wp.com\/correiodasemana.com\/site\/wp-content\/uploads\/2023\/11\/capa_7_22-1-1-1-38-38-76-38.jpeg?resize=350%2C200&ssl=1","width":350,"height":200,"srcset":"https:\/\/i0.wp.com\/correiodasemana.com\/site\/wp-content\/uploads\/2023\/11\/capa_7_22-1-1-1-38-38-76-38.jpeg?resize=350%2C200&ssl=1 1x, https:\/\/i0.wp.com\/correiodasemana.com\/site\/wp-content\/uploads\/2023\/11\/capa_7_22-1-1-1-38-38-76-38.jpeg?resize=525%2C300&ssl=1 1.5x, https:\/\/i0.wp.com\/correiodasemana.com\/site\/wp-content\/uploads\/2023\/11\/capa_7_22-1-1-1-38-38-76-38.jpeg?resize=700%2C400&ssl=1 2x"},"classes":[]},{"id":28025,"url":"https:\/\/correiodasemana.com\/site\/nova-renegociacao-dara-desconto-de-ate-70-para-divida-ativa\/","url_meta":{"origin":12072,"position":2},"title":"Nova renegocia\u00e7\u00e3o dar\u00e1 desconto de at\u00e9 70% para d\u00edvida ativa","author":"adminredacao","date":"Janeiro 15, 2024","format":false,"excerpt":"Prazo de ades\u00e3o vai at\u00e9 30 de abril no sistema Regularize, da PGFN Por Wellton M\u00e1ximo - Rep\u00f3rter da Ag\u00eancia Brasil - Bras\u00edlia Os contribuintes inscritos na D\u00edvida Ativa da Uni\u00e3o podem renegociar, at\u00e9 30 de abril, o d\u00e9bito com at\u00e9 70% de desconto nas multas e nos juros. A\u2026","rel":"","context":"In &quot;Atualidade&quot;","block_context":{"text":"Atualidade","link":"https:\/\/correiodasemana.com\/site\/category\/atualidade\/"},"img":{"alt_text":"","src":"https:\/\/i0.wp.com\/correiodasemana.com\/site\/wp-content\/uploads\/2024\/01\/real_moeda_dinheiro_mcajr_2904223671.webp?resize=350%2C200&ssl=1","width":350,"height":200,"srcset":"https:\/\/i0.wp.com\/correiodasemana.com\/site\/wp-content\/uploads\/2024\/01\/real_moeda_dinheiro_mcajr_2904223671.webp?resize=350%2C200&ssl=1 1x, https:\/\/i0.wp.com\/correiodasemana.com\/site\/wp-content\/uploads\/2024\/01\/real_moeda_dinheiro_mcajr_2904223671.webp?resize=525%2C300&ssl=1 1.5x, https:\/\/i0.wp.com\/correiodasemana.com\/site\/wp-content\/uploads\/2024\/01\/real_moeda_dinheiro_mcajr_2904223671.webp?resize=700%2C400&ssl=1 2x, https:\/\/i0.wp.com\/correiodasemana.com\/site\/wp-content\/uploads\/2024\/01\/real_moeda_dinheiro_mcajr_2904223671.webp?resize=1050%2C600&ssl=1 3x"},"classes":[]},{"id":13989,"url":"https:\/\/correiodasemana.com\/site\/uniao-pagou-r-3107-milhoes-de-dividas-de-estados-em-setembro\/","url_meta":{"origin":12072,"position":3},"title":"Uni\u00e3o pagou R$ 310,7 milh\u00f5es de d\u00edvidas de estados em setembro","author":"","date":"Outubro 7, 2020","format":false,"excerpt":"Dados foram divulgados nesta quarta-feira pelo Tesouro Nacional O Tesouro Nacional pagou, em setembro, R$ 310,7 milh\u00f5es em d\u00edvidas atrasadas de estados. Desse total, a maior parte, R$ 226,1 milh\u00f5es, \u00e9 relativa a atrasos de pagamento do estado do Rio de Janeiro. Tamb\u00e9m foram pagos R$ 81,8 milh\u00f5es de Minas\u2026","rel":"","context":"In &quot;Atualidade&quot;","block_context":{"text":"Atualidade","link":"https:\/\/correiodasemana.com\/site\/category\/atualidade\/"},"img":{"alt_text":"","src":"https:\/\/i0.wp.com\/correiodasemana.com\/site\/wp-content\/uploads\/2020\/10\/notas_real_50_2_de_1.jpg?resize=350%2C200&ssl=1","width":350,"height":200,"srcset":"https:\/\/i0.wp.com\/correiodasemana.com\/site\/wp-content\/uploads\/2020\/10\/notas_real_50_2_de_1.jpg?resize=350%2C200&ssl=1 1x, https:\/\/i0.wp.com\/correiodasemana.com\/site\/wp-content\/uploads\/2020\/10\/notas_real_50_2_de_1.jpg?resize=525%2C300&ssl=1 1.5x, https:\/\/i0.wp.com\/correiodasemana.com\/site\/wp-content\/uploads\/2020\/10\/notas_real_50_2_de_1.jpg?resize=700%2C400&ssl=1 2x, https:\/\/i0.wp.com\/correiodasemana.com\/site\/wp-content\/uploads\/2020\/10\/notas_real_50_2_de_1.jpg?resize=1050%2C600&ssl=1 3x"},"classes":[]},{"id":25176,"url":"https:\/\/correiodasemana.com\/site\/dividas-de-ate-r-5-mil-poderao-ser-parceladas-em-60-meses\/","url_meta":{"origin":12072,"position":4},"title":"D\u00edvidas de at\u00e9 R$ 5 mil poder\u00e3o ser parceladas em 60 meses","author":"adminredacao","date":"Junho 12, 2023","format":false,"excerpt":"Programa de renegocia\u00e7\u00e3o deve reduzir inadimpl\u00eancia no pa\u00eds Por Alex Rodrigues - Rep\u00f3rter da Ag\u00eancia Brasil - Bras\u00edlia O governo federal publicou no\u00a0Di\u00e1rio Oficial da Uni\u00e3o\u00a0desta ter\u00e7a-feira (6) medida provis\u00f3ria que lan\u00e7a o Programa Emergencial de Renegocia\u00e7\u00e3o de D\u00edvidas de Pessoas F\u00edsicas Inadimplentes, o chamado Desenrola Brasil. Primeira das tr\u00eas\u2026","rel":"","context":"In &quot;Atualidade&quot;","block_context":{"text":"Atualidade","link":"https:\/\/correiodasemana.com\/site\/category\/atualidade\/"},"img":{"alt_text":"","src":"https:\/\/i0.wp.com\/correiodasemana.com\/site\/wp-content\/uploads\/2023\/06\/real_moedadinheiro_jfcrz_abr_1701220049_1.jpg?resize=350%2C200&ssl=1","width":350,"height":200,"srcset":"https:\/\/i0.wp.com\/correiodasemana.com\/site\/wp-content\/uploads\/2023\/06\/real_moedadinheiro_jfcrz_abr_1701220049_1.jpg?resize=350%2C200&ssl=1 1x, https:\/\/i0.wp.com\/correiodasemana.com\/site\/wp-content\/uploads\/2023\/06\/real_moedadinheiro_jfcrz_abr_1701220049_1.jpg?resize=525%2C300&ssl=1 1.5x, https:\/\/i0.wp.com\/correiodasemana.com\/site\/wp-content\/uploads\/2023\/06\/real_moedadinheiro_jfcrz_abr_1701220049_1.jpg?resize=700%2C400&ssl=1 2x, https:\/\/i0.wp.com\/correiodasemana.com\/site\/wp-content\/uploads\/2023\/06\/real_moedadinheiro_jfcrz_abr_1701220049_1.jpg?resize=1050%2C600&ssl=1 3x"},"classes":[]},{"id":16310,"url":"https:\/\/correiodasemana.com\/site\/camara-aprova-medida-sobre-renegociacao-de-dividas-de-empresas\/","url_meta":{"origin":12072,"position":5},"title":"C\u00e2mara aprova medida sobre renegocia\u00e7\u00e3o de d\u00edvidas de empresas","author":"","date":"Maio 2, 2021","format":false,"excerpt":"MP permite descontos na quita\u00e7\u00e3o de d\u00e9bitos com fundos constitucionais Por Luciano Nascimento \u2013 Rep\u00f3rter da Ag\u00eancia Brasil - Bras\u00edlia A C\u00e2mara dos Deputados concluiu a vota\u00e7\u00e3o da Medida Provis\u00f3ria (MP) 1.016\/20, que prev\u00ea renegocia\u00e7\u00e3o extraordin\u00e1ria de d\u00edvidas junto a fundos constitucionais do Nordeste, do Norte e do Centro-Oeste (FNE,\u2026","rel":"","context":"In &quot;Atualidade&quot;","block_context":{"text":"Atualidade","link":"https:\/\/correiodasemana.com\/site\/category\/atualidade\/"},"img":{"alt_text":"","src":"https:\/\/i0.wp.com\/correiodasemana.com\/site\/wp-content\/uploads\/2021\/05\/monumentos_brasilia_cupula_plenario_da_camara_dos_deputados3103201341.jpg?resize=350%2C200&ssl=1","width":350,"height":200,"srcset":"https:\/\/i0.wp.com\/correiodasemana.com\/site\/wp-content\/uploads\/2021\/05\/monumentos_brasilia_cupula_plenario_da_camara_dos_deputados3103201341.jpg?resize=350%2C200&ssl=1 1x, https:\/\/i0.wp.com\/correiodasemana.com\/site\/wp-content\/uploads\/2021\/05\/monumentos_brasilia_cupula_plenario_da_camara_dos_deputados3103201341.jpg?resize=525%2C300&ssl=1 1.5x, https:\/\/i0.wp.com\/correiodasemana.com\/site\/wp-content\/uploads\/2021\/05\/monumentos_brasilia_cupula_plenario_da_camara_dos_deputados3103201341.jpg?resize=700%2C400&ssl=1 2x, https:\/\/i0.wp.com\/correiodasemana.com\/site\/wp-content\/uploads\/2021\/05\/monumentos_brasilia_cupula_plenario_da_camara_dos_deputados3103201341.jpg?resize=1050%2C600&ssl=1 3x"},"classes":[]}],"jetpack_sharing_enabled":true,"_links":{"self":[{"href":"https:\/\/correiodasemana.com\/site\/wp-json\/wp\/v2\/posts\/12072","targetHints":{"allow":["GET"]}}],"collection":[{"href":"https:\/\/correiodasemana.com\/site\/wp-json\/wp\/v2\/posts"}],"about":[{"href":"https:\/\/correiodasemana.com\/site\/wp-json\/wp\/v2\/types\/post"}],"author":[{"embeddable":true,"href":"https:\/\/correiodasemana.com\/site\/wp-json\/wp\/v2\/users\/1"}],"replies":[{"embeddable":true,"href":"https:\/\/correiodasemana.com\/site\/wp-json\/wp\/v2\/comments?post=12072"}],"version-history":[{"count":2,"href":"https:\/\/correiodasemana.com\/site\/wp-json\/wp\/v2\/posts\/12072\/revisions"}],"predecessor-version":[{"id":12075,"href":"https:\/\/correiodasemana.com\/site\/wp-json\/wp\/v2\/posts\/12072\/revisions\/12075"}],"wp:featuredmedia":[{"embeddable":true,"href":"https:\/\/correiodasemana.com\/site\/wp-json\/wp\/v2\/media\/12073"}],"wp:attachment":[{"href":"https:\/\/correiodasemana.com\/site\/wp-json\/wp\/v2\/media?parent=12072"}],"wp:term":[{"taxonomy":"category","embeddable":true,"href":"https:\/\/correiodasemana.com\/site\/wp-json\/wp\/v2\/categories?post=12072"},{"taxonomy":"post_tag","embeddable":true,"href":"https:\/\/correiodasemana.com\/site\/wp-json\/wp\/v2\/tags?post=12072"}],"curies":[{"name":"wp","href":"https:\/\/api.w.org\/{rel}","templated":true}]}}