{"id":12076,"date":"2020-07-21T18:51:37","date_gmt":"2020-07-21T18:51:37","guid":{"rendered":"https:\/\/correiodasemana.com\/site\/?p=12076"},"modified":"2020-07-21T18:51:37","modified_gmt":"2020-07-21T18:51:37","slug":"tse-ira-discutir-novas-medidas-sanitarias-durante-as-eleicoes-deste-ano","status":"publish","type":"post","link":"https:\/\/correiodasemana.com\/site\/tse-ira-discutir-novas-medidas-sanitarias-durante-as-eleicoes-deste-ano\/","title":{"rendered":"TSE ir\u00e1 discutir novas medidas sanit\u00e1rias durante as elei\u00e7\u00f5es deste ano"},"content":{"rendered":"<p>Mesmo com o adiamento das elei\u00e7\u00f5es municipais deste ano, o Tribunal Superior Eleitoral (TSE) segue implementando novas medidas para garantir a seguran\u00e7a dos eleitores devido \u00e0 pandemia da Covid-19. Para isso, a corte firmou acordo de consultoria sanit\u00e1ria com a funda\u00e7\u00e3o Fiocruz e os hospitais S\u00edrio Liban\u00eas e Albert Einstein sobre outras a\u00e7\u00f5es que ser\u00e3o adotadas nos dias de vota\u00e7\u00e3o.<\/p>\n<p>A primeira recomenda\u00e7\u00e3o das entidades j\u00e1 foi seguida pelo presidente do TSE, ministro Lu\u00eds Roberto Barroso, e se refere a exclus\u00e3o da identifica\u00e7\u00e3o biom\u00e9trica nos dias das vota\u00e7\u00f5es. Na tomada dessa decis\u00e3o, os infectologistas afirmaram que a identifica\u00e7\u00e3o por ser digital pode aumentar as possibilidades de infec\u00e7\u00e3o, j\u00e1 que o leitor biom\u00e9trico n\u00e3o pode ser higienizado com frequ\u00eancia. Al\u00e9m disso, segundo especialistas, falhas na biometria podem ocasionar aglomera\u00e7\u00f5es.<\/p>\n<p>A sociedade civil tamb\u00e9m participa e sugere medidas para a realiza\u00e7\u00e3o de elei\u00e7\u00f5es mais seguras. O projeto Elei\u00e7\u00f5es Seguras, composto por 10 organiza\u00e7\u00f5es n\u00e3o governamentais, integra essas discuss\u00f5es. Igor Pantoja, assessor de mobiliza\u00e7\u00e3o da Rede Nossa S\u00e3o Paulo, uma das entidades que comp\u00f5e o Elei\u00e7\u00f5es Seguras, diz que o adiamento da vota\u00e7\u00e3o deste ano \u00e9 positivo, mas afirma que ainda s\u00e3o necess\u00e1rias mais a\u00e7\u00f5es para permitir elei\u00e7\u00f5es mais seguras.<\/p>\n<p><em>\u201cTalvez ampliar a vota\u00e7\u00e3o das 7h \u00e0s 19h, ao inv\u00e9s de se encerrar \u00e0s 17h. Ter hor\u00e1rios espec\u00edficos para determinados p\u00fablicos.&#8221;<\/em><\/p>\n<p>O infectologista Alexandre Cunha tamb\u00e9m defende a amplia\u00e7\u00e3o do hor\u00e1rio das vota\u00e7\u00f5es. Al\u00e9m disso, ele ressalta que as a\u00e7\u00f5es que j\u00e1 fazem parte da rotina dos brasileiros, como o distanciamento social e medidas de higiene pessoal, n\u00e3o podem ser esquecidas nos dias do primeiro e segundo turno das elei\u00e7\u00f5es.<\/p>\n<p><em>\u201cNas filas de vota\u00e7\u00e3o devem haver um espa\u00e7o maior entre uma pessoa e outra. Todos devem usar m\u00e1scaras e talvez seja necess\u00e1rio a amplia\u00e7\u00e3o do hor\u00e1rio para evitar aglomera\u00e7\u00f5es.\u201d\u00a0<\/em><\/p>\n<p>Para que seja regra nas elei\u00e7\u00f5es deste ano, a exclus\u00e3o da identifica\u00e7\u00e3o biom\u00e9trica ainda ser\u00e1 levada ao plen\u00e1rio do TSE ap\u00f3s o fim do recesso judicial. Barroso, destaca que a interrup\u00e7\u00e3o a exclus\u00e3o da biometria \u00e9 moment\u00e2nea, devido ao alastramento do novo coronav\u00edrus. Nos pr\u00f3ximos dias o tribunal tamb\u00e9m deve decidir sobre a amplia\u00e7\u00e3o do hor\u00e1rio de vota\u00e7\u00e3o nas elei\u00e7\u00f5es municipais.<\/p>\n<p>Conforme uma Emenda \u00e0 Constitui\u00e7\u00e3o j\u00e1 promulgada pelo Congresso Nacional, o primeiro e segundo turno das elei\u00e7\u00f5es deste ano foram adiados para os dias 15 e 29 de novembro, respectivamente, por conta da pandemia. Segundo o calend\u00e1rio eleitoral, as vota\u00e7\u00f5es iriam ocorrer em 4 e 25 de outubro.<\/p>\n<p><em>Reportagem, Paulo Oliveira<\/em><br \/>\nFonte: <a href=\"https:\/\/brasil61.com\/noticias\/tse-ira-discutir-novas-medidas-sanitarias-durante-as-eleicoes-deste-ano-bras200942\">Brasil 61<\/a><\/p>\n<p>&nbsp;<\/p>\n","protected":false},"excerpt":{"rendered":"<p>Mesmo com o adiamento das elei\u00e7\u00f5es municipais deste ano, o Tribunal Superior Eleitoral (TSE) segue&#8230;<\/p>\n","protected":false},"author":1,"featured_media":12077,"comment_status":"open","ping_status":"open","sticky":false,"template":"","format":"standard","meta":{"_jetpack_memberships_contains_paid_content":false,"footnotes":"","jetpack_publicize_message":"","jetpack_publicize_feature_enabled":true,"jetpack_social_post_already_shared":true,"jetpack_social_options":{"image_generator_settings":{"template":"highway","default_image_id":0,"font":"","enabled":false},"version":2}},"categories":[1],"tags":[],"class_list":["post-12076","post","type-post","status-publish","format-standard","has-post-thumbnail","hentry","category-atualidade"],"jetpack_publicize_connections":[],"jetpack_featured_media_url":"https:\/\/correiodasemana.com\/site\/wp-content\/uploads\/2020\/07\/vota\u00e7\u00e3o.jpg","jetpack-related-posts":[{"id":11876,"url":"https:\/\/correiodasemana.com\/site\/para-evitar-contagio-tse-excluira-biometria-nas-eleicoes-municipais\/","url_meta":{"origin":12076,"position":0},"title":"Para evitar cont\u00e1gio, TSE excluir\u00e1 biometria nas elei\u00e7\u00f5es municipais","author":"","date":"Julho 15, 2020","format":false,"excerpt":"Decis\u00e3o foi tomada ap\u00f3s reuni\u00e3o de t\u00e9cnicos do tribunal com m\u00e9dicos O presidente do Tribunal Superior Eleitoral (TSE), Lu\u00eds Roberto Barroso, decidiu excluir a necessidade de identifica\u00e7\u00e3o biom\u00e9trica, por meio de impress\u00e3o digital, nas elei\u00e7\u00f5es municipais deste ano, tendo em vista o risco de cont\u00e1gio por covid-19. A decis\u00e3o foi\u2026","rel":"","context":"In &quot;Atualidade&quot;","block_context":{"text":"Atualidade","link":"https:\/\/correiodasemana.com\/site\/category\/atualidade\/"},"img":{"alt_text":"","src":"https:\/\/i0.wp.com\/correiodasemana.com\/site\/wp-content\/uploads\/2020\/07\/fachada_do_tse1008120396.jpg?resize=350%2C200&ssl=1","width":350,"height":200,"srcset":"https:\/\/i0.wp.com\/correiodasemana.com\/site\/wp-content\/uploads\/2020\/07\/fachada_do_tse1008120396.jpg?resize=350%2C200&ssl=1 1x, https:\/\/i0.wp.com\/correiodasemana.com\/site\/wp-content\/uploads\/2020\/07\/fachada_do_tse1008120396.jpg?resize=525%2C300&ssl=1 1.5x, https:\/\/i0.wp.com\/correiodasemana.com\/site\/wp-content\/uploads\/2020\/07\/fachada_do_tse1008120396.jpg?resize=700%2C400&ssl=1 2x, https:\/\/i0.wp.com\/correiodasemana.com\/site\/wp-content\/uploads\/2020\/07\/fachada_do_tse1008120396.jpg?resize=1050%2C600&ssl=1 3x"},"classes":[]},{"id":11793,"url":"https:\/\/correiodasemana.com\/site\/especialistas-comentam-as-mudancas-com-o-adiamento-do-calendario-das-eleicoes-deste-ano\/","url_meta":{"origin":12076,"position":1},"title":"Especialistas comentam as mudan\u00e7as com o adiamento do calend\u00e1rio das elei\u00e7\u00f5es deste ano","author":"","date":"Julho 13, 2020","format":false,"excerpt":"Com o objetivo de preservar a seguran\u00e7a dos eleitores e todos os envolvidos, v\u00e1rias altera\u00e7\u00f5es foram aprovadas Em raz\u00e3o da pandemia do novo coronav\u00edrus, o Congresso Nacional, por meio da Proposta de Emenda \u00e0 Constitui\u00e7\u00e3o (PEC) 18\/2020, aprovou a mudan\u00e7a do calend\u00e1rio das elei\u00e7\u00f5es municipais de 2020. Com a altera\u00e7\u00e3o,\u2026","rel":"","context":"In &quot;Atualidade&quot;","block_context":{"text":"Atualidade","link":"https:\/\/correiodasemana.com\/site\/category\/atualidade\/"},"img":{"alt_text":"","src":"https:\/\/i0.wp.com\/correiodasemana.com\/site\/wp-content\/uploads\/2020\/07\/urna-tse-1024x683-1.jpg?resize=350%2C200&ssl=1","width":350,"height":200,"srcset":"https:\/\/i0.wp.com\/correiodasemana.com\/site\/wp-content\/uploads\/2020\/07\/urna-tse-1024x683-1.jpg?resize=350%2C200&ssl=1 1x, https:\/\/i0.wp.com\/correiodasemana.com\/site\/wp-content\/uploads\/2020\/07\/urna-tse-1024x683-1.jpg?resize=525%2C300&ssl=1 1.5x, https:\/\/i0.wp.com\/correiodasemana.com\/site\/wp-content\/uploads\/2020\/07\/urna-tse-1024x683-1.jpg?resize=700%2C400&ssl=1 2x"},"classes":[]},{"id":14101,"url":"https:\/\/correiodasemana.com\/site\/eleicoes-2020-brasil-tem-1479-milhoes-de-eleitores-aptos-a-votar\/","url_meta":{"origin":12076,"position":2},"title":"Elei\u00e7\u00f5es 2020: Brasil tem 147,9 milh\u00f5es de eleitores aptos a votar","author":"","date":"Outubro 19, 2020","format":false,"excerpt":"\u200bMesmo suspensa por causa da pandemia, biometria aumentou Mulher, com ensino m\u00e9dio e de 35 a 59 anos \u00e9 o perfil majorit\u00e1rio do eleitor que votar\u00e1 nas elei\u00e7\u00f5es de 2020, segundo o Tribunal Superior Eleitoral (TSE). Neste ano, 147.918.483 pessoas est\u00e3o aptas a votar, um crescimento de 2,66% em rela\u00e7\u00e3o\u2026","rel":"","context":"In &quot;Atualidade&quot;","block_context":{"text":"Atualidade","link":"https:\/\/correiodasemana.com\/site\/category\/atualidade\/"},"img":{"alt_text":"","src":"https:\/\/i0.wp.com\/correiodasemana.com\/site\/wp-content\/uploads\/2020\/10\/eleicoes_2020_-_banner_destaque_02-2.jpg?resize=350%2C200&ssl=1","width":350,"height":200,"srcset":"https:\/\/i0.wp.com\/correiodasemana.com\/site\/wp-content\/uploads\/2020\/10\/eleicoes_2020_-_banner_destaque_02-2.jpg?resize=350%2C200&ssl=1 1x, https:\/\/i0.wp.com\/correiodasemana.com\/site\/wp-content\/uploads\/2020\/10\/eleicoes_2020_-_banner_destaque_02-2.jpg?resize=525%2C300&ssl=1 1.5x, https:\/\/i0.wp.com\/correiodasemana.com\/site\/wp-content\/uploads\/2020\/10\/eleicoes_2020_-_banner_destaque_02-2.jpg?resize=700%2C400&ssl=1 2x, https:\/\/i0.wp.com\/correiodasemana.com\/site\/wp-content\/uploads\/2020\/10\/eleicoes_2020_-_banner_destaque_02-2.jpg?resize=1050%2C600&ssl=1 3x"},"classes":[]},{"id":12220,"url":"https:\/\/correiodasemana.com\/site\/em-tempo-41\/","url_meta":{"origin":12076,"position":3},"title":"Em Tempo","author":"","date":"Julho 25, 2020","format":false,"excerpt":"Receita lan\u00e7a rob\u00f4 para servi\u00e7os de CPF Desde o dia 20 de julho,\u00a0contribuintes de Cear\u00e1, Piau\u00ed e Maranh\u00e3o, com\u00a0pend\u00eancias no CPF,\u00a0disp\u00f5em de tecnologia de atendimento inteligente de um rob\u00f4, conhecido como\u00a0chatbot, software de atendimento eletr\u00f4nico \u00e0 dist\u00e2ncia que simula conversa\u00e7\u00e3o por meio de chat. Para este fim, foi criado o\u2026","rel":"","context":"In &quot;Artigos&quot;","block_context":{"text":"Artigos","link":"https:\/\/correiodasemana.com\/site\/category\/artigos\/"},"img":{"alt_text":"","src":"https:\/\/i0.wp.com\/correiodasemana.com\/site\/wp-content\/uploads\/2019\/12\/FOTO-EDILSON-SILVA-2.jpg?resize=350%2C200&ssl=1","width":350,"height":200,"srcset":"https:\/\/i0.wp.com\/correiodasemana.com\/site\/wp-content\/uploads\/2019\/12\/FOTO-EDILSON-SILVA-2.jpg?resize=350%2C200&ssl=1 1x, https:\/\/i0.wp.com\/correiodasemana.com\/site\/wp-content\/uploads\/2019\/12\/FOTO-EDILSON-SILVA-2.jpg?resize=525%2C300&ssl=1 1.5x, https:\/\/i0.wp.com\/correiodasemana.com\/site\/wp-content\/uploads\/2019\/12\/FOTO-EDILSON-SILVA-2.jpg?resize=700%2C400&ssl=1 2x"},"classes":[]},{"id":12473,"url":"https:\/\/correiodasemana.com\/site\/sistema-eletronico-de-votacao-garante-seguranca-do-voto-e-liberdade-democratica\/","url_meta":{"origin":12076,"position":4},"title":"Sistema eletr\u00f4nico de vota\u00e7\u00e3o garante seguran\u00e7a do voto e liberdade democr\u00e1tica","author":"","date":"Agosto 4, 2020","format":false,"excerpt":"Urna eletr\u00f4nica j\u00e1 contabiliza 12 elei\u00e7\u00f5es bem-sucedidas, sem qualquer vest\u00edgio ou comprova\u00e7\u00e3o de fraude O sistema eletr\u00f4nico de vota\u00e7\u00e3o brasileiro \u00e9 refer\u00eancia mundial, por conter mecanismos que garantem a normalidade dos pleitos, a seguran\u00e7a do voto e a liberdade democr\u00e1tica. Desde que foi adotada no processo eleitoral, em 1996, a\u2026","rel":"","context":"In &quot;Atualidade&quot;","block_context":{"text":"Atualidade","link":"https:\/\/correiodasemana.com\/site\/category\/atualidade\/"},"img":{"alt_text":"","src":"https:\/\/i0.wp.com\/correiodasemana.com\/site\/wp-content\/uploads\/2020\/08\/urna-eletronica.jpeg?resize=350%2C200&ssl=1","width":350,"height":200,"srcset":"https:\/\/i0.wp.com\/correiodasemana.com\/site\/wp-content\/uploads\/2020\/08\/urna-eletronica.jpeg?resize=350%2C200&ssl=1 1x, https:\/\/i0.wp.com\/correiodasemana.com\/site\/wp-content\/uploads\/2020\/08\/urna-eletronica.jpeg?resize=525%2C300&ssl=1 1.5x"},"classes":[]},{"id":12299,"url":"https:\/\/correiodasemana.com\/site\/eleicoes-municipais-comicios-e-eventos-com-aglomeracoes-podem-ser-proibidos-2\/","url_meta":{"origin":12076,"position":5},"title":"Elei\u00e7\u00f5es Municipais: Com\u00edcios e eventos com aglomera\u00e7\u00f5es podem ser proibidos","author":"","date":"Julho 28, 2020","format":false,"excerpt":"POL\u00cdTICA\/ELEI\u00c7\u00d5ES Projeto de Lei (PL 3602\/2020) em tramita\u00e7\u00e3o na C\u00e2mara dos Deputados prev\u00ea a proibi\u00e7\u00e3o de com\u00edcios e eventos que promovam aglomera\u00e7\u00f5es durante as elei\u00e7\u00f5es municipais deste ano. Segundo a proposta, esses eventos ficam impedidos de ocorrer enquanto durar o estado de calamidade p\u00fablica decretado por conta da pandemia do\u2026","rel":"","context":"In &quot;Atualidade&quot;","block_context":{"text":"Atualidade","link":"https:\/\/correiodasemana.com\/site\/category\/atualidade\/"},"img":{"alt_text":"","src":"https:\/\/i0.wp.com\/correiodasemana.com\/site\/wp-content\/uploads\/2020\/07\/urna-eletronica.jpg?resize=350%2C200&ssl=1","width":350,"height":200},"classes":[]}],"jetpack_sharing_enabled":true,"_links":{"self":[{"href":"https:\/\/correiodasemana.com\/site\/wp-json\/wp\/v2\/posts\/12076","targetHints":{"allow":["GET"]}}],"collection":[{"href":"https:\/\/correiodasemana.com\/site\/wp-json\/wp\/v2\/posts"}],"about":[{"href":"https:\/\/correiodasemana.com\/site\/wp-json\/wp\/v2\/types\/post"}],"author":[{"embeddable":true,"href":"https:\/\/correiodasemana.com\/site\/wp-json\/wp\/v2\/users\/1"}],"replies":[{"embeddable":true,"href":"https:\/\/correiodasemana.com\/site\/wp-json\/wp\/v2\/comments?post=12076"}],"version-history":[{"count":2,"href":"https:\/\/correiodasemana.com\/site\/wp-json\/wp\/v2\/posts\/12076\/revisions"}],"predecessor-version":[{"id":12079,"href":"https:\/\/correiodasemana.com\/site\/wp-json\/wp\/v2\/posts\/12076\/revisions\/12079"}],"wp:featuredmedia":[{"embeddable":true,"href":"https:\/\/correiodasemana.com\/site\/wp-json\/wp\/v2\/media\/12077"}],"wp:attachment":[{"href":"https:\/\/correiodasemana.com\/site\/wp-json\/wp\/v2\/media?parent=12076"}],"wp:term":[{"taxonomy":"category","embeddable":true,"href":"https:\/\/correiodasemana.com\/site\/wp-json\/wp\/v2\/categories?post=12076"},{"taxonomy":"post_tag","embeddable":true,"href":"https:\/\/correiodasemana.com\/site\/wp-json\/wp\/v2\/tags?post=12076"}],"curies":[{"name":"wp","href":"https:\/\/api.w.org\/{rel}","templated":true}]}}