{"id":12081,"date":"2020-07-21T19:00:23","date_gmt":"2020-07-21T19:00:23","guid":{"rendered":"https:\/\/correiodasemana.com\/site\/?p=12081"},"modified":"2020-07-21T19:00:23","modified_gmt":"2020-07-21T19:00:23","slug":"3o-bpm-da-pmce-ganha-nova-sede-em-sobral","status":"publish","type":"post","link":"https:\/\/correiodasemana.com\/site\/3o-bpm-da-pmce-ganha-nova-sede-em-sobral\/","title":{"rendered":"3\u00ba BPM da PMCE ganha nova sede em Sobral"},"content":{"rendered":"<p>A nova sede do 3\u00ba Batalh\u00e3o Policial Militar (3\u00baBPM), da Pol\u00edcia Militar do Cear\u00e1 (PMCE), no munic\u00edpio de Sobral (CE), que est\u00e1 com previs\u00e3o para ser inaugurada ainda esta semana (19\/07 a 26\/07), tem toda uma estrutura que vai contribuir para o servi\u00e7o policial militar realizado na regi\u00e3o, bem como para a tropa, no sentido de melhorias nas condi\u00e7\u00f5es de trabalho para os policiais militares que ter\u00e3o espa\u00e7os mais adequados para instru\u00e7\u00f5es, alojamentos climatizados e mais apropriados e um ambiente mais estruturado ao retornarem para a unidade policial.<\/p>\n<p>Com 66 anos de exist\u00eancia, o 3\u00ba BPM \u00e9 dividido em tr\u00eas companhias, as quais cobrem os munic\u00edpios de Sobral, Forquilha, Santana do Acara\u00fa, Groa\u00edras, Carir\u00e9, Mucambo, Gra\u00e7a, Pacuj\u00e1, Corea\u00fa, Frecheirinha, Massap\u00ea, Meruoca, Alc\u00e2ntaras, Senador S\u00e1, Uruoca e Mora\u00fajo.<\/p>\n<p>Atualmente, o comando do Batalh\u00e3o \u00e9 exercido pelo Tenente Coronel PM Charles Robert de Sousa Carothers, natural de Fortaleza, o PM est\u00e1 na Corpora\u00e7\u00e3o h\u00e1 25 anos. Segundo o oficial \u201cas melhorias com a nova sede ser\u00e3o muitas, entre elas: espa\u00e7o para acomoda\u00e7\u00e3o dos policiais militares, audit\u00f3rio climatizado para reuni\u00f5es, estrutura para a companhia ambiental, espa\u00e7o para atividade f\u00edsica, alojamento para receber refor\u00e7o de policiais de fora, alojamento feminino adequado para as policiais, estrutura para acomodar o pelot\u00e3o do Comando T\u00e1tico Rural \u2013 Cotar, bem como divis\u00f3rias para as se\u00e7\u00f5es e uma localiza\u00e7\u00e3o prop\u00edcia para a constru\u00e7\u00e3o, futuramente, de um stand de tiro para treinamento da tropa\u201d, disse o PM.<\/p>\n<p>Assessoria de Comunica\u00e7\u00e3o da PMCE<\/p>\n","protected":false},"excerpt":{"rendered":"<p>A nova sede do 3\u00ba Batalh\u00e3o Policial Militar (3\u00baBPM), da Pol\u00edcia Militar do Cear\u00e1 (PMCE),&#8230;<\/p>\n","protected":false},"author":1,"featured_media":12082,"comment_status":"open","ping_status":"open","sticky":false,"template":"","format":"standard","meta":{"_jetpack_memberships_contains_paid_content":false,"footnotes":"","jetpack_publicize_message":"","jetpack_publicize_feature_enabled":true,"jetpack_social_post_already_shared":true,"jetpack_social_options":{"image_generator_settings":{"template":"highway","default_image_id":0,"font":"","enabled":false},"version":2}},"categories":[1],"tags":[],"class_list":["post-12081","post","type-post","status-publish","format-standard","has-post-thumbnail","hentry","category-atualidade"],"jetpack_publicize_connections":[],"jetpack_featured_media_url":"https:\/\/correiodasemana.com\/site\/wp-content\/uploads\/2020\/07\/3-bpm-sobral.jpg","jetpack-related-posts":[{"id":12223,"url":"https:\/\/correiodasemana.com\/site\/prefeitura-cede-novo-predio-no-parque-de-exposicoes-onde-funcionara-o-3o-batalhao-de-sobral\/","url_meta":{"origin":12081,"position":0},"title":"Prefeitura cede novo pr\u00e9dio no Parque de Exposi\u00e7\u00f5es onde funcionar\u00e1 o 3\u00ba Batalh\u00e3o de Sobral","author":"","date":"Julho 25, 2020","format":false,"excerpt":"Com o objetivo de melhorar as condi\u00e7\u00f5es estruturais do local de trabalho da Pol\u00edcia Militar no munic\u00edpio, a Prefeitura de Sobral, por meio da Secretaria da Infraestrutura (Seinf), cedeu e reformou um pr\u00e9dio no Parque de Exposi\u00e7\u00f5es para melhor acomodar o batalh\u00e3o da PM. Essa era uma antiga reivindica\u00e7\u00e3o por\u2026","rel":"","context":"In &quot;Atualidade&quot;","block_context":{"text":"Atualidade","link":"https:\/\/correiodasemana.com\/site\/category\/atualidade\/"},"img":{"alt_text":"","src":"https:\/\/i0.wp.com\/correiodasemana.com\/site\/wp-content\/uploads\/2020\/07\/Nova-sede-do-3%C2%BA-BPM-de-Sobral-1.jpg?resize=350%2C200&ssl=1","width":350,"height":200,"srcset":"https:\/\/i0.wp.com\/correiodasemana.com\/site\/wp-content\/uploads\/2020\/07\/Nova-sede-do-3%C2%BA-BPM-de-Sobral-1.jpg?resize=350%2C200&ssl=1 1x, https:\/\/i0.wp.com\/correiodasemana.com\/site\/wp-content\/uploads\/2020\/07\/Nova-sede-do-3%C2%BA-BPM-de-Sobral-1.jpg?resize=525%2C300&ssl=1 1.5x, https:\/\/i0.wp.com\/correiodasemana.com\/site\/wp-content\/uploads\/2020\/07\/Nova-sede-do-3%C2%BA-BPM-de-Sobral-1.jpg?resize=700%2C400&ssl=1 2x"},"classes":[]},{"id":17123,"url":"https:\/\/correiodasemana.com\/site\/operacao-em-distritos-de-sobral-e-realizada-por-ama-policia-militar-ambiental-e-defesa-civil\/","url_meta":{"origin":12081,"position":1},"title":"Opera\u00e7\u00e3o em distritos de Sobral \u00e9 realizada por AMA, Pol\u00edcia Militar Ambiental e Defesa Civil","author":"","date":"Agosto 2, 2021","format":false,"excerpt":"Por Samuel Carvalho - Reda\u00e7\u00e3o Correio da Semana Essa semana foi realizada uma a\u00e7\u00e3o de opera\u00e7\u00e3o de fiscaliza\u00e7\u00e3o nos distritos do Jord\u00e3o e Baracho por Fiscais da Ag\u00eancia Municipal do Meio Ambiente (AMA), juntamente com o Batalh\u00e3o da Pol\u00edcia Militar Ambiental (BPMA) e a Defesa Civil. A a\u00e7\u00e3o faz parte\u2026","rel":"","context":"In &quot;Atualidade&quot;","block_context":{"text":"Atualidade","link":"https:\/\/correiodasemana.com\/site\/category\/atualidade\/"},"img":{"alt_text":"","src":"https:\/\/i0.wp.com\/correiodasemana.com\/site\/wp-content\/uploads\/2021\/08\/AMA_Fechada.jpeg?resize=350%2C200&ssl=1","width":350,"height":200,"srcset":"https:\/\/i0.wp.com\/correiodasemana.com\/site\/wp-content\/uploads\/2021\/08\/AMA_Fechada.jpeg?resize=350%2C200&ssl=1 1x, https:\/\/i0.wp.com\/correiodasemana.com\/site\/wp-content\/uploads\/2021\/08\/AMA_Fechada.jpeg?resize=525%2C300&ssl=1 1.5x, https:\/\/i0.wp.com\/correiodasemana.com\/site\/wp-content\/uploads\/2021\/08\/AMA_Fechada.jpeg?resize=700%2C400&ssl=1 2x, https:\/\/i0.wp.com\/correiodasemana.com\/site\/wp-content\/uploads\/2021\/08\/AMA_Fechada.jpeg?resize=1050%2C600&ssl=1 3x"},"classes":[]},{"id":16293,"url":"https:\/\/correiodasemana.com\/site\/macaco-prego-resgatado-pelo-bpma-em-massape-e-atendido-por-hospital-veterinario-em-sobral\/","url_meta":{"origin":12081,"position":2},"title":"Macaco-Prego resgatado pelo BPMA em Massap\u00ea \u00e9 atendido por Hospital Veterin\u00e1rio em Sobral","author":"","date":"Abril 26, 2021","format":false,"excerpt":"Por Samuel Carvalho - Reda\u00e7\u00e3o Correio da Semana Um macaco-prego foi resgatado no munic\u00edpio de Massap\u00ea, cujo atendimento foi feito no Hospital Veterin\u00e1rio de Pequenos e Grandes Animais (HOVET) do Centro Universit\u00e1rio Inta (UNINTA) por meio da parceria com a Pol\u00edcia de Meio Ambiente de Sobral da Pol\u00edcia Militar do\u2026","rel":"","context":"In &quot;Atualidade&quot;","block_context":{"text":"Atualidade","link":"https:\/\/correiodasemana.com\/site\/category\/atualidade\/"},"img":{"alt_text":"","src":"https:\/\/i0.wp.com\/correiodasemana.com\/site\/wp-content\/uploads\/2021\/04\/macaco-prego-em-massape.jpg?resize=350%2C200&ssl=1","width":350,"height":200},"classes":[]},{"id":22802,"url":"https:\/\/correiodasemana.com\/site\/policial-militar-e-condenado-por-abandonar-posto-de-servico-para-consertar-motocicleta\/","url_meta":{"origin":12081,"position":3},"title":"Policial militar \u00e9 condenado por abandonar posto de servi\u00e7o para consertar motocicleta","author":"","date":"Janeiro 17, 2023","format":false,"excerpt":"O policial militar Richardson S\u00e9rgio Gomes da Silva foi condenado a tr\u00eas meses de deten\u00e7\u00e3o ap\u00f3s abandono de posto, na \u00faltima ter\u00e7a-feira, 10. O militar abandonou o posto para levar a moto em uma oficina. A medida foi determinada pela Vara de Auditoria Militar de Fortaleza. Decreto foi pelo Comando\u2026","rel":"","context":"In &quot;Atualidade&quot;","block_context":{"text":"Atualidade","link":"https:\/\/correiodasemana.com\/site\/category\/atualidade\/"},"img":{"alt_text":"","src":"https:\/\/i0.wp.com\/correiodasemana.com\/site\/wp-content\/uploads\/2023\/01\/1_pm_ce_foto_soldados-20842349.jpg?resize=350%2C200&ssl=1","width":350,"height":200,"srcset":"https:\/\/i0.wp.com\/correiodasemana.com\/site\/wp-content\/uploads\/2023\/01\/1_pm_ce_foto_soldados-20842349.jpg?resize=350%2C200&ssl=1 1x, https:\/\/i0.wp.com\/correiodasemana.com\/site\/wp-content\/uploads\/2023\/01\/1_pm_ce_foto_soldados-20842349.jpg?resize=525%2C300&ssl=1 1.5x, https:\/\/i0.wp.com\/correiodasemana.com\/site\/wp-content\/uploads\/2023\/01\/1_pm_ce_foto_soldados-20842349.jpg?resize=700%2C400&ssl=1 2x"},"classes":[]},{"id":11860,"url":"https:\/\/correiodasemana.com\/site\/3o-bpm-divulga-contato-de-whatsapp-do-seu-comandante\/","url_meta":{"origin":12081,"position":4},"title":"3\u00ba BPM DIVULGA CONTATO DE WHATSAPP DO SEU COMANDANTE","author":"","date":"Julho 15, 2020","format":false,"excerpt":"A Pol\u00edcia Militar do Cear\u00e1, visando uma aproxima\u00e7\u00e3o entre o comando do 3\u00ba BPM e a popula\u00e7\u00e3o sobralense, disponibiliza um canal na rede de mensagens Whatsapp para contato direto com o comandante geral da unidade sobralense, Ten.Cel. Charles Roberto. O telefone \u00e9 o (85) 98439-4214 e o cidad\u00e3o dever\u00e1 us\u00e1-lo\u2026","rel":"","context":"In &quot;Atualidade&quot;","block_context":{"text":"Atualidade","link":"https:\/\/correiodasemana.com\/site\/category\/atualidade\/"},"img":{"alt_text":"","src":"https:\/\/i0.wp.com\/correiodasemana.com\/site\/wp-content\/uploads\/2020\/07\/WhatsApp-Image-2020-07-14-at-16.17.03.jpeg?resize=350%2C200&ssl=1","width":350,"height":200,"srcset":"https:\/\/i0.wp.com\/correiodasemana.com\/site\/wp-content\/uploads\/2020\/07\/WhatsApp-Image-2020-07-14-at-16.17.03.jpeg?resize=350%2C200&ssl=1 1x, https:\/\/i0.wp.com\/correiodasemana.com\/site\/wp-content\/uploads\/2020\/07\/WhatsApp-Image-2020-07-14-at-16.17.03.jpeg?resize=525%2C300&ssl=1 1.5x"},"classes":[]},{"id":15025,"url":"https:\/\/correiodasemana.com\/site\/esquema-de-fornecimento-de-armas-para-grupo-criminoso-e-desarticulado-pela-pmce-em-caucaia\/","url_meta":{"origin":12081,"position":5},"title":"Esquema de fornecimento de armas para grupo criminoso \u00e9 desarticulado pela PMCE, em Caucaia","author":"","date":"Dezembro 15, 2020","format":false,"excerpt":"Um esquema que tinha como objetivo entregar armas de fogo para integrantes de um grupo criminoso em Caucaia foi flagrado pela Pol\u00edcia Militar do Cear\u00e1 (PMCE), ap\u00f3s uma a\u00e7\u00e3o de policiais lotados na 1\u00aa Companhia do 12\u00b0 Batalh\u00e3o. A ofensiva iniciou nesse domingo (13) e se estendeu pela madrugada desta\u2026","rel":"","context":"In &quot;Atualidade&quot;","block_context":{"text":"Atualidade","link":"https:\/\/correiodasemana.com\/site\/category\/atualidade\/"},"img":{"alt_text":"","src":"https:\/\/i0.wp.com\/correiodasemana.com\/site\/wp-content\/uploads\/2020\/12\/Esquema-de-fornecimento-de-armamento-para-grupo-criminoso-e-desarticulado-pela-PMCE-em-Caucaia2-600x514-1.jpg?resize=350%2C200&ssl=1","width":350,"height":200,"srcset":"https:\/\/i0.wp.com\/correiodasemana.com\/site\/wp-content\/uploads\/2020\/12\/Esquema-de-fornecimento-de-armamento-para-grupo-criminoso-e-desarticulado-pela-PMCE-em-Caucaia2-600x514-1.jpg?resize=350%2C200&ssl=1 1x, https:\/\/i0.wp.com\/correiodasemana.com\/site\/wp-content\/uploads\/2020\/12\/Esquema-de-fornecimento-de-armamento-para-grupo-criminoso-e-desarticulado-pela-PMCE-em-Caucaia2-600x514-1.jpg?resize=525%2C300&ssl=1 1.5x"},"classes":[]}],"jetpack_sharing_enabled":true,"_links":{"self":[{"href":"https:\/\/correiodasemana.com\/site\/wp-json\/wp\/v2\/posts\/12081","targetHints":{"allow":["GET"]}}],"collection":[{"href":"https:\/\/correiodasemana.com\/site\/wp-json\/wp\/v2\/posts"}],"about":[{"href":"https:\/\/correiodasemana.com\/site\/wp-json\/wp\/v2\/types\/post"}],"author":[{"embeddable":true,"href":"https:\/\/correiodasemana.com\/site\/wp-json\/wp\/v2\/users\/1"}],"replies":[{"embeddable":true,"href":"https:\/\/correiodasemana.com\/site\/wp-json\/wp\/v2\/comments?post=12081"}],"version-history":[{"count":2,"href":"https:\/\/correiodasemana.com\/site\/wp-json\/wp\/v2\/posts\/12081\/revisions"}],"predecessor-version":[{"id":12084,"href":"https:\/\/correiodasemana.com\/site\/wp-json\/wp\/v2\/posts\/12081\/revisions\/12084"}],"wp:featuredmedia":[{"embeddable":true,"href":"https:\/\/correiodasemana.com\/site\/wp-json\/wp\/v2\/media\/12082"}],"wp:attachment":[{"href":"https:\/\/correiodasemana.com\/site\/wp-json\/wp\/v2\/media?parent=12081"}],"wp:term":[{"taxonomy":"category","embeddable":true,"href":"https:\/\/correiodasemana.com\/site\/wp-json\/wp\/v2\/categories?post=12081"},{"taxonomy":"post_tag","embeddable":true,"href":"https:\/\/correiodasemana.com\/site\/wp-json\/wp\/v2\/tags?post=12081"}],"curies":[{"name":"wp","href":"https:\/\/api.w.org\/{rel}","templated":true}]}}