{"id":12085,"date":"2020-07-21T19:21:37","date_gmt":"2020-07-21T19:21:37","guid":{"rendered":"https:\/\/correiodasemana.com\/site\/?p=12085"},"modified":"2020-07-21T19:21:37","modified_gmt":"2020-07-21T19:21:37","slug":"anvisa-aprova-mais-dois-testes-de-vacinas-contra-covid-19-no-brasil","status":"publish","type":"post","link":"https:\/\/correiodasemana.com\/site\/anvisa-aprova-mais-dois-testes-de-vacinas-contra-covid-19-no-brasil\/","title":{"rendered":"Anvisa aprova mais dois testes de vacinas contra covid-19 no Brasil"},"content":{"rendered":"<p><strong><em>Quatro diferentes testes de potenciais imuniza\u00e7\u00f5es contam com volunt\u00e1rios brasileiros na corrida para encontrar m\u00e9todos eficazes de combate \u00e0 pandemia.<\/em><\/strong><\/p>\n<p>No mesmo dia em que os testes da vacina chinesa Coronavac iniciaram no estado de S\u00e3o Paulo, a Ag\u00eancia Nacional de Vigil\u00e2ncia Sanit\u00e1ria (Anvisa) aprovou mais um ensaio cl\u00ednico para verificar a efic\u00e1cia de duas vacinas contra o novo coronav\u00edrus. Com isso, quatro diferentes testes de potenciais imuniza\u00e7\u00f5es contam com volunt\u00e1rios brasileiros na corrida para encontrar m\u00e9todos eficazes de combate \u00e0 pandemia.<\/p>\n<p>As duas novas vacinas (BNT162b1 e BNT162b2) ser\u00e3o testadas dentro de um mesmo estudo e elas est\u00e3o sendo desenvolvidas pelas empresas BioNTech e Pfizer. Ambas s\u00e3o baseadas no RNA da covid-19 que, ao ser introduzido pela dose, provoca a forma\u00e7\u00e3o prote\u00edna do v\u00edrus para que, assim, o corpo produza a resposta imunol\u00f3gica.<\/p>\n<p>O ensaio cl\u00ednico que testar\u00e1 as duas vacinas no Brasil ter\u00e1 duas fases, a dois e a tr\u00eas. Na segunda, a vacina \u00e9 administrada em pessoas que s\u00e3o a popula\u00e7\u00e3o-alvo. \u201cNessa fase \u00e9 avaliada a seguran\u00e7a da vacina, imunogenicidade, posologia e modo de administra\u00e7\u00e3o\u201d, explica a Anvisa.<\/p>\n<p>J\u00e1 na terceira fase, a vacina \u00e9 administrada em uma quantidade maior de indiv\u00edduos, para que os especialistas possam avaliar se a imuniza\u00e7\u00e3o \u00e9 capaz de proteger a popula\u00e7\u00e3o com a menor rea\u00e7\u00e3o adversa poss\u00edvel.<\/p>\n<p>De acordo com a ag\u00eancia, dados das etapas anteriores, como testes em animais e estudos in vitro, foram analisados para verificar a seguran\u00e7a da vacina. \u201cOs resultados obtidos at\u00e9 o momento demonstraram um perfil de seguran\u00e7a aceit\u00e1vel das vacinas candidatas\u201d, disse a Anvisa em nota.<\/p>\n<p>No Brasil, ser\u00e3o selecionados mil volunt\u00e1rios em S\u00e3o Paulo e na Bahia para a fase 3 de testes. O ensaio, assim como o de Oxford e o da chinesa CoronaVac, ser\u00e1 feito por estudo randomizado. Em metade do grupo ser\u00e1 aplicada a potencial imuniza\u00e7\u00e3o e na outra, uma inje\u00e7\u00e3o placebo.<\/p>\n<p>Com mais este estudo, tr\u00eas ensaios cl\u00ednicos de diferentes vacinas ser\u00e3o realizados no Brasil. O primeiro estudo aprovado foi o estudo da vacina desenvolvida pela Universidade de Oxford, no Reino Unido. Al\u00e9m dele, a vacina CoronaVac, produzida pela empresa farmac\u00eautica chinesa Sinovac, tamb\u00e9m j\u00e1 come\u00e7ou a ser testada no Brasil. Nesta ter\u00e7a-feira (21\/7), os primeiros volunt\u00e1rios j\u00e1 receberam a dose do imunizante dando in\u00edcio ao estudo que ser\u00e1 conduzido pelo Instituto Butantan.<\/p>\n<p>Fonte: Correio Braziliense<\/p>\n","protected":false},"excerpt":{"rendered":"<p>Quatro diferentes testes de potenciais imuniza\u00e7\u00f5es contam com volunt\u00e1rios brasileiros na corrida para encontrar m\u00e9todos&#8230;<\/p>\n","protected":false},"author":1,"featured_media":12086,"comment_status":"open","ping_status":"open","sticky":false,"template":"","format":"standard","meta":{"_jetpack_memberships_contains_paid_content":false,"footnotes":"","jetpack_publicize_message":"","jetpack_publicize_feature_enabled":true,"jetpack_social_post_already_shared":true,"jetpack_social_options":{"image_generator_settings":{"template":"highway","default_image_id":0,"font":"","enabled":false},"version":2}},"categories":[1],"tags":[],"class_list":["post-12085","post","type-post","status-publish","format-standard","has-post-thumbnail","hentry","category-atualidade"],"jetpack_publicize_connections":[],"jetpack_featured_media_url":"https:\/\/correiodasemana.com\/site\/wp-content\/uploads\/2020\/07\/novas-descobertas.jpg","jetpack-related-posts":[{"id":14207,"url":"https:\/\/correiodasemana.com\/site\/bolsonaro-diz-que-governo-federal-nao-comprara-vacina-coronavac\/","url_meta":{"origin":12085,"position":0},"title":"Bolsonaro diz que governo federal n\u00e3o comprar\u00e1 vacina CoronaVac","author":"","date":"Outubro 21, 2020","format":false,"excerpt":"A CoronaVac prev\u00ea a administra\u00e7\u00e3o de duas doses por pessoa O presidente Jair Bolsonaro afirmou hoje (21) que o governo federal n\u00e3o comprar\u00e1 a vacina CoronaVac, que est\u00e1 sendo desenvolvida pela farmac\u00eautica chinesa Sinovac em parceria com o Instituto Butantan. De acordo com ele, antes de ser disponibilizada para a\u2026","rel":"","context":"In &quot;Atualidade&quot;","block_context":{"text":"Atualidade","link":"https:\/\/correiodasemana.com\/site\/category\/atualidade\/"},"img":{"alt_text":"","src":"https:\/\/i0.wp.com\/correiodasemana.com\/site\/wp-content\/uploads\/2020\/10\/Jair-Bolsonaro-presidente-do-Brasil.jpg?resize=350%2C200&ssl=1","width":350,"height":200,"srcset":"https:\/\/i0.wp.com\/correiodasemana.com\/site\/wp-content\/uploads\/2020\/10\/Jair-Bolsonaro-presidente-do-Brasil.jpg?resize=350%2C200&ssl=1 1x, https:\/\/i0.wp.com\/correiodasemana.com\/site\/wp-content\/uploads\/2020\/10\/Jair-Bolsonaro-presidente-do-Brasil.jpg?resize=525%2C300&ssl=1 1.5x, https:\/\/i0.wp.com\/correiodasemana.com\/site\/wp-content\/uploads\/2020\/10\/Jair-Bolsonaro-presidente-do-Brasil.jpg?resize=700%2C400&ssl=1 2x, https:\/\/i0.wp.com\/correiodasemana.com\/site\/wp-content\/uploads\/2020\/10\/Jair-Bolsonaro-presidente-do-Brasil.jpg?resize=1050%2C600&ssl=1 3x"},"classes":[]},{"id":14890,"url":"https:\/\/correiodasemana.com\/site\/ministerio-vai-buscar-vacina-de-excelencia-diz-pazuello-no-congresso\/","url_meta":{"origin":12085,"position":1},"title":"Minist\u00e9rio vai buscar vacina de excel\u00eancia, diz Pazuello no Congresso","author":"","date":"Dezembro 2, 2020","format":false,"excerpt":"Ele reafirmou que a popula\u00e7\u00e3o n\u00e3o ser\u00e1 obrigada a se imunizar O ministro da Sa\u00fade, Eduardo Pazuello, disse\u00a0nesta quarta-feira (2) que o minist\u00e9rio busca uma vacina segura, eficiente e de excel\u00eancia contra o novo coronav\u00edrus. Ele tamb\u00e9m reafirmou que,\u00a0no que depender do governo, a popula\u00e7\u00e3o n\u00e3o ser\u00e1 obrigada a se\u2026","rel":"","context":"In &quot;Atualidade&quot;","block_context":{"text":"Atualidade","link":"https:\/\/correiodasemana.com\/site\/category\/atualidade\/"},"img":{"alt_text":"","src":"https:\/\/i0.wp.com\/correiodasemana.com\/site\/wp-content\/uploads\/2020\/12\/mcamgo_pazuello_saude_1609201077.jpg?resize=350%2C200&ssl=1","width":350,"height":200,"srcset":"https:\/\/i0.wp.com\/correiodasemana.com\/site\/wp-content\/uploads\/2020\/12\/mcamgo_pazuello_saude_1609201077.jpg?resize=350%2C200&ssl=1 1x, https:\/\/i0.wp.com\/correiodasemana.com\/site\/wp-content\/uploads\/2020\/12\/mcamgo_pazuello_saude_1609201077.jpg?resize=525%2C300&ssl=1 1.5x, https:\/\/i0.wp.com\/correiodasemana.com\/site\/wp-content\/uploads\/2020\/12\/mcamgo_pazuello_saude_1609201077.jpg?resize=700%2C400&ssl=1 2x, https:\/\/i0.wp.com\/correiodasemana.com\/site\/wp-content\/uploads\/2020\/12\/mcamgo_pazuello_saude_1609201077.jpg?resize=1050%2C600&ssl=1 3x"},"classes":[]},{"id":15029,"url":"https:\/\/correiodasemana.com\/site\/vacinacao-contra-covid-19-pode-comecar-em-fevereiro-diz-pazuello\/","url_meta":{"origin":12085,"position":2},"title":"Vacina\u00e7\u00e3o contra covid-19 pode come\u00e7ar em fevereiro, diz Pazuello","author":"","date":"Dezembro 16, 2020","format":false,"excerpt":"Previs\u00e3o vale se laborat\u00f3rios cumprirem etapas burocr\u00e1ticas em 2020 O ministro da Sa\u00fade, Eduardo Pazuello, voltou a afirmar hoje (16) que, no Brasil, a campanha de vacina\u00e7\u00e3o contra o novo coronav\u00edrus poder\u00e1 come\u00e7ar em fevereiro de 2021 caso os laborat\u00f3rios farmac\u00eauticos cujas vacinas est\u00e3o em fase adiantada de produ\u00e7\u00e3o cumpram\u2026","rel":"","context":"In &quot;Atualidade&quot;","block_context":{"text":"Atualidade","link":"https:\/\/correiodasemana.com\/site\/category\/atualidade\/"},"img":{"alt_text":"","src":"https:\/\/i0.wp.com\/correiodasemana.com\/site\/wp-content\/uploads\/2020\/12\/coletiva-ministerio-da-saude-_mcamgo_abr_161220201818-3.jpg?resize=350%2C200&ssl=1","width":350,"height":200,"srcset":"https:\/\/i0.wp.com\/correiodasemana.com\/site\/wp-content\/uploads\/2020\/12\/coletiva-ministerio-da-saude-_mcamgo_abr_161220201818-3.jpg?resize=350%2C200&ssl=1 1x, https:\/\/i0.wp.com\/correiodasemana.com\/site\/wp-content\/uploads\/2020\/12\/coletiva-ministerio-da-saude-_mcamgo_abr_161220201818-3.jpg?resize=525%2C300&ssl=1 1.5x, https:\/\/i0.wp.com\/correiodasemana.com\/site\/wp-content\/uploads\/2020\/12\/coletiva-ministerio-da-saude-_mcamgo_abr_161220201818-3.jpg?resize=700%2C400&ssl=1 2x, https:\/\/i0.wp.com\/correiodasemana.com\/site\/wp-content\/uploads\/2020\/12\/coletiva-ministerio-da-saude-_mcamgo_abr_161220201818-3.jpg?resize=1050%2C600&ssl=1 3x"},"classes":[]},{"id":12956,"url":"https:\/\/correiodasemana.com\/site\/covid-19-anvisa-autoriza-testes-para-nova-vacina-da-johnson-johnson\/","url_meta":{"origin":12085,"position":3},"title":"Covid-19: Anvisa autoriza testes para nova vacina da Johnson &#038; Johnson","author":"","date":"Agosto 18, 2020","format":false,"excerpt":"Estudo pode incluir at\u00e9 60 mil volunt\u00e1rios, sendo 7 mil no Brasil A Ag\u00eancia Nacional de Vigil\u00e2ncia Sanit\u00e1ria (Anvisa) autorizou a Jansen-Cilag, unidade farmac\u00eautica da Johnson & Johnson, a realizar testes cl\u00ednicos no Brasil para o desenvolvimento de vacina contra a covid-19. O estudo global prev\u00ea a inclus\u00e3o de at\u00e9\u2026","rel":"","context":"In &quot;Atualidade&quot;","block_context":{"text":"Atualidade","link":"https:\/\/correiodasemana.com\/site\/category\/atualidade\/"},"img":{"alt_text":"","src":"https:\/\/i0.wp.com\/correiodasemana.com\/site\/wp-content\/uploads\/2020\/08\/fiocruz_0749100820.jpg?resize=350%2C200&ssl=1","width":350,"height":200,"srcset":"https:\/\/i0.wp.com\/correiodasemana.com\/site\/wp-content\/uploads\/2020\/08\/fiocruz_0749100820.jpg?resize=350%2C200&ssl=1 1x, https:\/\/i0.wp.com\/correiodasemana.com\/site\/wp-content\/uploads\/2020\/08\/fiocruz_0749100820.jpg?resize=525%2C300&ssl=1 1.5x, https:\/\/i0.wp.com\/correiodasemana.com\/site\/wp-content\/uploads\/2020\/08\/fiocruz_0749100820.jpg?resize=700%2C400&ssl=1 2x, https:\/\/i0.wp.com\/correiodasemana.com\/site\/wp-content\/uploads\/2020\/08\/fiocruz_0749100820.jpg?resize=1050%2C600&ssl=1 3x"},"classes":[]},{"id":12028,"url":"https:\/\/correiodasemana.com\/site\/vacina-chinesa-contra-covid-19-comecara-a-ser-testada-amanha-em-sp\/","url_meta":{"origin":12085,"position":4},"title":"Vacina chinesa contra covid-19 come\u00e7ar\u00e1 a ser testada amanh\u00e3 em SP","author":"","date":"Julho 20, 2020","format":false,"excerpt":"Mais de 1 milh\u00e3o de pessoas se cadastraram para testes cl\u00ednicos A vacina chinesa contra o novo coronav\u00edrus, chamada de CoronaVac, come\u00e7ar\u00e1 a ser testada em volunt\u00e1rios brasileiros a partir de amanh\u00e3 (20). A vacina ser\u00e1 aplicada em 890 volunt\u00e1rios da \u00e1rea da sa\u00fade do Hospital das Cl\u00ednicas, na capital\u2026","rel":"","context":"In &quot;Atualidade&quot;","block_context":{"text":"Atualidade","link":"https:\/\/correiodasemana.com\/site\/category\/atualidade\/"},"img":{"alt_text":"","src":"https:\/\/i0.wp.com\/correiodasemana.com\/site\/wp-content\/uploads\/2020\/07\/20_07_2020_vacina_sao_paulo.jpg?resize=350%2C200&ssl=1","width":350,"height":200,"srcset":"https:\/\/i0.wp.com\/correiodasemana.com\/site\/wp-content\/uploads\/2020\/07\/20_07_2020_vacina_sao_paulo.jpg?resize=350%2C200&ssl=1 1x, https:\/\/i0.wp.com\/correiodasemana.com\/site\/wp-content\/uploads\/2020\/07\/20_07_2020_vacina_sao_paulo.jpg?resize=525%2C300&ssl=1 1.5x, https:\/\/i0.wp.com\/correiodasemana.com\/site\/wp-content\/uploads\/2020\/07\/20_07_2020_vacina_sao_paulo.jpg?resize=700%2C400&ssl=1 2x, https:\/\/i0.wp.com\/correiodasemana.com\/site\/wp-content\/uploads\/2020\/07\/20_07_2020_vacina_sao_paulo.jpg?resize=1050%2C600&ssl=1 3x"},"classes":[]},{"id":12769,"url":"https:\/\/correiodasemana.com\/site\/o-mundo-em-busca-de-uma-vacina-que-consiga-frear-a-covid-19\/","url_meta":{"origin":12085,"position":5},"title":"O mundo em busca de uma vacina que consiga frear a Covid-19","author":"","date":"Agosto 17, 2020","format":false,"excerpt":"S\u00e3o mais de 160 candidatas \u00e0 vacina Por Priscila Duarte Ap\u00f3s o primeiro caso de coronav\u00edrus ser registrado na China, em dezembro do ano passado, pesquisadores sequenciaram o genoma do v\u00edrus para detectar muta\u00e7\u00f5es e, a partir disso iniciou uma verdadeira corrida em busca da cura. Atualmente, s\u00e3o mais de\u2026","rel":"","context":"In &quot;Atualidade&quot;","block_context":{"text":"Atualidade","link":"https:\/\/correiodasemana.com\/site\/category\/atualidade\/"},"img":{"alt_text":"","src":"https:\/\/i0.wp.com\/correiodasemana.com\/site\/wp-content\/uploads\/2020\/08\/WhatsApp-Image-2020-08-13-at-21.27.45.jpeg?resize=350%2C200&ssl=1","width":350,"height":200,"srcset":"https:\/\/i0.wp.com\/correiodasemana.com\/site\/wp-content\/uploads\/2020\/08\/WhatsApp-Image-2020-08-13-at-21.27.45.jpeg?resize=350%2C200&ssl=1 1x, https:\/\/i0.wp.com\/correiodasemana.com\/site\/wp-content\/uploads\/2020\/08\/WhatsApp-Image-2020-08-13-at-21.27.45.jpeg?resize=525%2C300&ssl=1 1.5x, https:\/\/i0.wp.com\/correiodasemana.com\/site\/wp-content\/uploads\/2020\/08\/WhatsApp-Image-2020-08-13-at-21.27.45.jpeg?resize=700%2C400&ssl=1 2x, https:\/\/i0.wp.com\/correiodasemana.com\/site\/wp-content\/uploads\/2020\/08\/WhatsApp-Image-2020-08-13-at-21.27.45.jpeg?resize=1050%2C600&ssl=1 3x"},"classes":[]}],"jetpack_sharing_enabled":true,"_links":{"self":[{"href":"https:\/\/correiodasemana.com\/site\/wp-json\/wp\/v2\/posts\/12085","targetHints":{"allow":["GET"]}}],"collection":[{"href":"https:\/\/correiodasemana.com\/site\/wp-json\/wp\/v2\/posts"}],"about":[{"href":"https:\/\/correiodasemana.com\/site\/wp-json\/wp\/v2\/types\/post"}],"author":[{"embeddable":true,"href":"https:\/\/correiodasemana.com\/site\/wp-json\/wp\/v2\/users\/1"}],"replies":[{"embeddable":true,"href":"https:\/\/correiodasemana.com\/site\/wp-json\/wp\/v2\/comments?post=12085"}],"version-history":[{"count":2,"href":"https:\/\/correiodasemana.com\/site\/wp-json\/wp\/v2\/posts\/12085\/revisions"}],"predecessor-version":[{"id":12088,"href":"https:\/\/correiodasemana.com\/site\/wp-json\/wp\/v2\/posts\/12085\/revisions\/12088"}],"wp:featuredmedia":[{"embeddable":true,"href":"https:\/\/correiodasemana.com\/site\/wp-json\/wp\/v2\/media\/12086"}],"wp:attachment":[{"href":"https:\/\/correiodasemana.com\/site\/wp-json\/wp\/v2\/media?parent=12085"}],"wp:term":[{"taxonomy":"category","embeddable":true,"href":"https:\/\/correiodasemana.com\/site\/wp-json\/wp\/v2\/categories?post=12085"},{"taxonomy":"post_tag","embeddable":true,"href":"https:\/\/correiodasemana.com\/site\/wp-json\/wp\/v2\/tags?post=12085"}],"curies":[{"name":"wp","href":"https:\/\/api.w.org\/{rel}","templated":true}]}}