{"id":12089,"date":"2020-07-21T19:34:38","date_gmt":"2020-07-21T19:34:38","guid":{"rendered":"https:\/\/correiodasemana.com\/site\/?p=12089"},"modified":"2020-07-21T19:34:38","modified_gmt":"2020-07-21T19:34:38","slug":"bolsonaro-sanciona-lei-que-libera-sorteios-de-premios-na-tv-e-no-radio","status":"publish","type":"post","link":"https:\/\/correiodasemana.com\/site\/bolsonaro-sanciona-lei-que-libera-sorteios-de-premios-na-tv-e-no-radio\/","title":{"rendered":"Bolsonaro sanciona lei que libera sorteios de pr\u00eamios na TV e no r\u00e1dio"},"content":{"rendered":"<h4>Projeto aprovado pelo Congresso e sancionado pelo presidente \u00e9 oriundo de uma Medida Provis\u00f3ria formulada em mar\u00e7o pelo governo federal<\/h4>\n<p>O presidente Jair Bolsonaro sancionou nesta ter\u00e7a-feira (21\/7) a legisla\u00e7\u00e3o que permite a realiza\u00e7\u00e3o de sorteios e a distribui\u00e7\u00e3o gratuita de brindes por emissoras de televis\u00e3o aberta e de r\u00e1dio.<\/p>\n<p>Em mar\u00e7o, o governo federal havia encaminhado uma Medida Provis\u00f3ria para o Congresso Nacional sobre o assunto. Durante a tramita\u00e7\u00e3o no parlamento, que foi finalizada em junho, o documento sofreu altera\u00e7\u00f5es e teve de retornar ao Pal\u00e1cio do Planalto para nova san\u00e7\u00e3o presidencial.<\/p>\n<p>&#8220;Tendo em vista o per\u00edodo de crise econ\u00f4mica prolongada, o projeto representa uma alternativa importante para o mercado atual de redes brasileiras de televis\u00e3o aberta, uma vez que possibilitar\u00e1 torn\u00e1-lo mais competitivo no ramo, acarretando em impactos positivos na economia e na gera\u00e7\u00e3o de empregos&#8221;, informou o governo em comunicado oficial enviado \u00e0 imprensa na segunda-feira (20\/7).<\/p>\n<p>Al\u00e9m da autoriza\u00e7\u00e3o dada a televis\u00f5es e r\u00e1dios, organiza\u00e7\u00f5es da sociedade civil tamb\u00e9m poder\u00e3o distribuir pr\u00eamios. Neste caso, o motivo sorteio deve estar atrelado \u00e0 finalidade da institui\u00e7\u00e3o \u2014 como a promo\u00e7\u00e3o da educa\u00e7\u00e3o, da sa\u00fade, da seguran\u00e7a alimentar, do combate \u00e0 pobreza ou do desenvolvimento econ\u00f4mico, entre outras.<\/p>\n<p>O texto do projeto aprovado por deputados e senadores foi publicado no Di\u00e1rio Oficial da Uni\u00e3o com quatro vetos, segundo o Executivo,\u00a0 &#8220;por contrariedade ao interesse p\u00fablico e inconstitucionalidade&#8221;. Dentre os dispositivos barrados, dois deles permitiam que pr\u00eamios de at\u00e9 R$ 10 mil fossem distribu\u00eddos gratuitamente sem pr\u00e9via autoriza\u00e7\u00e3o do poder p\u00fablico.<\/p>\n<p>&#8220;A permiss\u00e3o conferida pelos dispositivos, sem a previs\u00e3o de autoriza\u00e7\u00e3o pr\u00e9via do poder p\u00fablico, inviabiliza a demanda fiscalizat\u00f3ria que garante mecanismos de controle do Estado, principalmente, no que tange \u00e0 lavagem de dinheiro, \u00e0 sonega\u00e7\u00e3o fiscal e \u00e0 ado\u00e7\u00e3o de pr\u00e1ticas de prote\u00e7\u00e3o&#8221;, justificou o presidente.<\/p>\n<p>Bolsonaro tamb\u00e9m vetou o item que permitia o cadastro por telefone das pessoas interessadas a concorrer aos pr\u00eamios. &#8220;Em que pese a boa inten\u00e7\u00e3o do legislador em ampliar a participa\u00e7\u00e3o do interessado por meio telef\u00f4nico, incluindo o cadastramento nas opera\u00e7\u00f5es a que se refere, o dispositivo enseja potencial ofensa ao direito do consumidor, podendo oner\u00e1-lo no custo das chamadas telef\u00f4nicas para realizar tal cadastro, podendo, inclusive, contrair d\u00edvidas abusivas em face da dura\u00e7\u00e3o dessas liga\u00e7\u00f5es ante o desconhecimento do participante&#8221;, defendeu o mandat\u00e1rio.<\/p>\n<p>Por <a href=\"mailto:iconescb@gmail.com\">Augusto Fernandes<\/a> \/ Correio Braziliense<\/p>\n<p>&nbsp;<\/p>\n","protected":false},"excerpt":{"rendered":"<p>Projeto aprovado pelo Congresso e sancionado pelo presidente \u00e9 oriundo de uma Medida Provis\u00f3ria formulada&#8230;<\/p>\n","protected":false},"author":1,"featured_media":12090,"comment_status":"open","ping_status":"open","sticky":false,"template":"","format":"standard","meta":{"_jetpack_memberships_contains_paid_content":false,"footnotes":"","jetpack_publicize_message":"","jetpack_publicize_feature_enabled":true,"jetpack_social_post_already_shared":true,"jetpack_social_options":{"image_generator_settings":{"template":"highway","default_image_id":0,"font":"","enabled":false},"version":2}},"categories":[1],"tags":[],"class_list":["post-12089","post","type-post","status-publish","format-standard","has-post-thumbnail","hentry","category-atualidade"],"jetpack_publicize_connections":[],"jetpack_featured_media_url":"https:\/\/correiodasemana.com\/site\/wp-content\/uploads\/2020\/07\/reuters-jair-bolsonaro-1500-20072020095803877-1.jpeg","jetpack-related-posts":[{"id":15360,"url":"https:\/\/correiodasemana.com\/site\/bolsonaro-sanciona-texto-da-casa-verde-e-amarela\/","url_meta":{"origin":12089,"position":0},"title":"Bolsonaro sanciona texto da Casa Verde e Amarela","author":"","date":"Janeiro 13, 2021","format":false,"excerpt":"O presidente Jair Bolsonaro\u00a0sancionou nesta quarta-feira (13) a Lei 14.118, que institui a Casa Verde e Amarela, programa substituto do \"Minha Casa, Minha Vida\". O texto foi publicado na edi\u00e7\u00e3o do\u00a0Di\u00e1rio Oficial da Uni\u00e3o\u00a0de hoje. A lei passa a prever subven\u00e7\u00f5es econ\u00f4micas para quem buscar moradias em \u00e1reas urbanas e\u2026","rel":"","context":"In &quot;Atualidade&quot;","block_context":{"text":"Atualidade","link":"https:\/\/correiodasemana.com\/site\/category\/atualidade\/"},"img":{"alt_text":"","src":"https:\/\/i0.wp.com\/correiodasemana.com\/site\/wp-content\/uploads\/2021\/01\/WhatsApp-Image-2020-10-16-at-12.47.41-1.jpeg?resize=350%2C200&ssl=1","width":350,"height":200,"srcset":"https:\/\/i0.wp.com\/correiodasemana.com\/site\/wp-content\/uploads\/2021\/01\/WhatsApp-Image-2020-10-16-at-12.47.41-1.jpeg?resize=350%2C200&ssl=1 1x, https:\/\/i0.wp.com\/correiodasemana.com\/site\/wp-content\/uploads\/2021\/01\/WhatsApp-Image-2020-10-16-at-12.47.41-1.jpeg?resize=525%2C300&ssl=1 1.5x"},"classes":[]},{"id":8426,"url":"https:\/\/correiodasemana.com\/site\/governo-sanciona-regulamentacao-do-selo-arte-que-facilitara-comercializacao-do-queijo-artesanal\/","url_meta":{"origin":12089,"position":1},"title":"Governo sanciona regulamenta\u00e7\u00e3o do Selo Arte, que facilitar\u00e1 comercializa\u00e7\u00e3o do queijo artesanal","author":"","date":"Julho 22, 2019","format":false,"excerpt":"Em cerim\u00f4nia pelos 200 dias de governo, nesta quinta-feira, o presidente Jair Bolsonaro assinou a lei considerada priorit\u00e1ria para os produtores agr\u00edcolas O presidente Jair Bolsonaro sancionou na quinta-feira (18), em cerim\u00f4nia no Pal\u00e1cio do Planalto, o decreto de regulamenta\u00e7\u00e3o do Selo Arte, que vai garantir a comercializa\u00e7\u00e3o em todo\u2026","rel":"","context":"In &quot;Atualidade&quot;","block_context":{"text":"Atualidade","link":"https:\/\/correiodasemana.com\/site\/category\/atualidade\/"},"img":{"alt_text":"","src":"https:\/\/i0.wp.com\/correiodasemana.com\/site\/wp-content\/uploads\/2019\/07\/fabricacao-artesanal-de-queijos-17.jpg?resize=350%2C200&ssl=1","width":350,"height":200,"srcset":"https:\/\/i0.wp.com\/correiodasemana.com\/site\/wp-content\/uploads\/2019\/07\/fabricacao-artesanal-de-queijos-17.jpg?resize=350%2C200&ssl=1 1x, https:\/\/i0.wp.com\/correiodasemana.com\/site\/wp-content\/uploads\/2019\/07\/fabricacao-artesanal-de-queijos-17.jpg?resize=525%2C300&ssl=1 1.5x"},"classes":[]},{"id":12756,"url":"https:\/\/correiodasemana.com\/site\/com-pandemia-governo-bolsonaro-edita-mais-medidas-provisorias-que-lula-dilma-e-temer\/","url_meta":{"origin":12089,"position":2},"title":"Com pandemia, governo Bolsonaro edita mais Medidas Provis\u00f3rias que Lula, Dilma e Temer","author":"","date":"Agosto 13, 2020","format":false,"excerpt":"Em meio \u00e0 pandemia do novo coronav\u00edrus, o governo do presidente\u00a0Jair Bolsonaro\u00a0se tornou recordista na edi\u00e7\u00e3o de medidas provis\u00f3rias (MPs) desde o in\u00edcio dos anos 2000, quando as atuais regras para edi\u00e7\u00e3o e tramita\u00e7\u00e3o desse tipo de norma entraram em vigor. De 1\u00ba de janeiro a 10 de agosto de\u2026","rel":"","context":"In &quot;Atualidade&quot;","block_context":{"text":"Atualidade","link":"https:\/\/correiodasemana.com\/site\/category\/atualidade\/"},"img":{"alt_text":"","src":"https:\/\/i0.wp.com\/correiodasemana.com\/site\/wp-content\/uploads\/2020\/08\/46067557494_ab483dd6d4_c-750x430-1.jpg?resize=350%2C200&ssl=1","width":350,"height":200,"srcset":"https:\/\/i0.wp.com\/correiodasemana.com\/site\/wp-content\/uploads\/2020\/08\/46067557494_ab483dd6d4_c-750x430-1.jpg?resize=350%2C200&ssl=1 1x, https:\/\/i0.wp.com\/correiodasemana.com\/site\/wp-content\/uploads\/2020\/08\/46067557494_ab483dd6d4_c-750x430-1.jpg?resize=525%2C300&ssl=1 1.5x, https:\/\/i0.wp.com\/correiodasemana.com\/site\/wp-content\/uploads\/2020\/08\/46067557494_ab483dd6d4_c-750x430-1.jpg?resize=700%2C400&ssl=1 2x"},"classes":[]},{"id":13005,"url":"https:\/\/correiodasemana.com\/site\/bolsonaro-fala-em-estender-auxilio-emergencial-ate-o-final-do-ano\/","url_meta":{"origin":12089,"position":3},"title":"Bolsonaro fala em estender aux\u00edlio emergencial at\u00e9 o final do ano","author":"","date":"Agosto 20, 2020","format":false,"excerpt":"Programa atende 66,4 milh\u00f5es de pessoas no pa\u00eds O presidente Jair Bolsonaro afirmou nesta\u00a0quarta-feira (19) que o aux\u00edlio emergencial deve ser prorrogado por mais alguns meses, podendo ser estendido at\u00e9 o final do ano. A declara\u00e7\u00e3o foi dada durante cerim\u00f4nia, no Pal\u00e1cio do Planalto, em que o presidente sancionou duas\u2026","rel":"","context":"In &quot;Atualidade&quot;","block_context":{"text":"Atualidade","link":"https:\/\/correiodasemana.com\/site\/category\/atualidade\/"},"img":{"alt_text":"","src":"https:\/\/i0.wp.com\/correiodasemana.com\/site\/wp-content\/uploads\/2020\/08\/19082020-solenidade-de-sano-de-medidas-provisrias-de-facilitao-de-acesso-ao-crdito_50245945996_o.jpg?resize=350%2C200&ssl=1","width":350,"height":200,"srcset":"https:\/\/i0.wp.com\/correiodasemana.com\/site\/wp-content\/uploads\/2020\/08\/19082020-solenidade-de-sano-de-medidas-provisrias-de-facilitao-de-acesso-ao-crdito_50245945996_o.jpg?resize=350%2C200&ssl=1 1x, https:\/\/i0.wp.com\/correiodasemana.com\/site\/wp-content\/uploads\/2020\/08\/19082020-solenidade-de-sano-de-medidas-provisrias-de-facilitao-de-acesso-ao-crdito_50245945996_o.jpg?resize=525%2C300&ssl=1 1.5x, https:\/\/i0.wp.com\/correiodasemana.com\/site\/wp-content\/uploads\/2020\/08\/19082020-solenidade-de-sano-de-medidas-provisrias-de-facilitao-de-acesso-ao-crdito_50245945996_o.jpg?resize=700%2C400&ssl=1 2x, https:\/\/i0.wp.com\/correiodasemana.com\/site\/wp-content\/uploads\/2020\/08\/19082020-solenidade-de-sano-de-medidas-provisrias-de-facilitao-de-acesso-ao-crdito_50245945996_o.jpg?resize=1050%2C600&ssl=1 3x"},"classes":[]},{"id":15268,"url":"https:\/\/correiodasemana.com\/site\/governo-bate-recorde-de-apresentacao-de-medidas-provisorias-em-20-anos\/","url_meta":{"origin":12089,"position":4},"title":"Governo bate recorde de apresenta\u00e7\u00e3o de Medidas Provis\u00f3rias em 20 anos","author":"","date":"Janeiro 4, 2021","format":false,"excerpt":"Mesmo com grande n\u00famero de MPs, o governo tamb\u00e9m alcan\u00e7ou um recorde de Medidas sem aprova\u00e7\u00e3o Em 2020, o Congresso Nacional recebeu 101 Medidas Provis\u00f3rias (MPs), n\u00famero que j\u00e1 \u00e9 o maior em um \u00fanico ano em quase duas d\u00e9cadas. Com a pandemia da Covid-19, o governo federal usou esse\u2026","rel":"","context":"In &quot;Atualidade&quot;","block_context":{"text":"Atualidade","link":"https:\/\/correiodasemana.com\/site\/category\/atualidade\/"},"img":{"alt_text":"","src":"https:\/\/i0.wp.com\/correiodasemana.com\/site\/wp-content\/uploads\/2021\/01\/palacio-do-planalto.jpg?resize=350%2C200&ssl=1","width":350,"height":200},"classes":[]},{"id":22862,"url":"https:\/\/correiodasemana.com\/site\/sancionado-com-um-veto-o-projeto-de-lei-orcamentaria-de-2023\/","url_meta":{"origin":12089,"position":5},"title":"Sancionado com um veto o projeto de lei or\u00e7ament\u00e1ria de 2023","author":"","date":"Janeiro 18, 2023","format":false,"excerpt":"O presidente da Rep\u00fablica, Luiz In\u00e1cio Lula da Silva, sancionou o projeto de lei or\u00e7ament\u00e1ria anual (LOA) de 2023, que estima a receita e fixa a despesa da Uni\u00e3o para o exerc\u00edcio financeiro deste ano. Aprovado pelo Congresso em 22 de dezembro, o projeto tinha at\u00e9 o dia 20 de\u2026","rel":"","context":"In &quot;Atualidade&quot;","block_context":{"text":"Atualidade","link":"https:\/\/correiodasemana.com\/site\/category\/atualidade\/"},"img":{"alt_text":"","src":"https:\/\/i0.wp.com\/correiodasemana.com\/site\/wp-content\/uploads\/2023\/01\/dinheiro-esquecido.webp?resize=350%2C200&ssl=1","width":350,"height":200,"srcset":"https:\/\/i0.wp.com\/correiodasemana.com\/site\/wp-content\/uploads\/2023\/01\/dinheiro-esquecido.webp?resize=350%2C200&ssl=1 1x, https:\/\/i0.wp.com\/correiodasemana.com\/site\/wp-content\/uploads\/2023\/01\/dinheiro-esquecido.webp?resize=525%2C300&ssl=1 1.5x, https:\/\/i0.wp.com\/correiodasemana.com\/site\/wp-content\/uploads\/2023\/01\/dinheiro-esquecido.webp?resize=700%2C400&ssl=1 2x, https:\/\/i0.wp.com\/correiodasemana.com\/site\/wp-content\/uploads\/2023\/01\/dinheiro-esquecido.webp?resize=1050%2C600&ssl=1 3x"},"classes":[]}],"jetpack_sharing_enabled":true,"_links":{"self":[{"href":"https:\/\/correiodasemana.com\/site\/wp-json\/wp\/v2\/posts\/12089","targetHints":{"allow":["GET"]}}],"collection":[{"href":"https:\/\/correiodasemana.com\/site\/wp-json\/wp\/v2\/posts"}],"about":[{"href":"https:\/\/correiodasemana.com\/site\/wp-json\/wp\/v2\/types\/post"}],"author":[{"embeddable":true,"href":"https:\/\/correiodasemana.com\/site\/wp-json\/wp\/v2\/users\/1"}],"replies":[{"embeddable":true,"href":"https:\/\/correiodasemana.com\/site\/wp-json\/wp\/v2\/comments?post=12089"}],"version-history":[{"count":2,"href":"https:\/\/correiodasemana.com\/site\/wp-json\/wp\/v2\/posts\/12089\/revisions"}],"predecessor-version":[{"id":12092,"href":"https:\/\/correiodasemana.com\/site\/wp-json\/wp\/v2\/posts\/12089\/revisions\/12092"}],"wp:featuredmedia":[{"embeddable":true,"href":"https:\/\/correiodasemana.com\/site\/wp-json\/wp\/v2\/media\/12090"}],"wp:attachment":[{"href":"https:\/\/correiodasemana.com\/site\/wp-json\/wp\/v2\/media?parent=12089"}],"wp:term":[{"taxonomy":"category","embeddable":true,"href":"https:\/\/correiodasemana.com\/site\/wp-json\/wp\/v2\/categories?post=12089"},{"taxonomy":"post_tag","embeddable":true,"href":"https:\/\/correiodasemana.com\/site\/wp-json\/wp\/v2\/tags?post=12089"}],"curies":[{"name":"wp","href":"https:\/\/api.w.org\/{rel}","templated":true}]}}