{"id":12093,"date":"2020-07-22T11:22:35","date_gmt":"2020-07-22T11:22:35","guid":{"rendered":"https:\/\/correiodasemana.com\/site\/?p=12093"},"modified":"2020-07-22T11:22:35","modified_gmt":"2020-07-22T11:22:35","slug":"camara-aprova-pec-do-novo-fundeb-em-dois-turnos","status":"publish","type":"post","link":"https:\/\/correiodasemana.com\/site\/camara-aprova-pec-do-novo-fundeb-em-dois-turnos\/","title":{"rendered":"C\u00e2mara aprova PEC do novo Fundeb em dois turnos"},"content":{"rendered":"<p>A C\u00e2mara aprovou na noite desta ter\u00e7a-feira (21) , em dois turnos, a proposta de emenda \u00e0 Constitui\u00e7\u00e3o (PEC) do novo Fundo de Desenvolvimento da Educa\u00e7\u00e3o B\u00e1sica (<strong><a href=\"https:\/\/congressoemfoco.uol.com.br\/legislativo\/governo-e-relatora-fecham-acordo-e-fundeb-deve-ser-votado-hoje\/\">Fundeb<\/a><\/strong>). A vers\u00e3o atual do fundo expira no dia 31 de dezembro deste ano. O texto segue para an\u00e1lise do Senado.<\/p>\n<p>O primeiro turno foi aprovado por 499 votos favor\u00e1veis e 7 contr\u00e1rios e o segundo turno foi aprovado por 492 a favor, 6 contra e uma absten\u00e7\u00e3o.<\/p>\n<p>No primeiro turno, os votos contra a PEC do Fundeb foram de Paulo Martins (PSC-PR), M\u00e1rcio Labre (PSL-RJ), Luiz Phillipe de \u00a0Orleans e Bragan\u00e7a (PSL-SP), Junio Amaral (PSL-MG), Filipe Barros (PSL-PR), Bia Kicis (PSL-DF) e Chris Tonietto (PSL-RJ).<\/p>\n<p>Os deputados Pastor Eurico (Patriota-PE), Tal\u00edria Petrone (Psol-MG), Magda Mofatto (PL-GO), Gutemberg Reis (MDB-RJ), Euclydes Pettersen (PSC-MG), Coronel Tadeu (PSL-SP) e Cleber Verde (Republicanos-MA) n\u00e3o participaram da vota\u00e7\u00e3o do primeiro turno.<\/p>\n<p>Votaram contra o Fundeb no segundo turno os deputados Zacharias Calim (DEM-GO), Bia Kicis (PSL-DF), Chris Tonietto (PSL-RJ), Filipe Barros (PSL-PR), Junio Amaral (PSL-MG) e Paulo Martins (PSC-PR).<\/p>\n<p>No segundo turno, Luiz Philippe de Orleans e Bragan\u00e7a votou diferente do primeiro e apoiou o texto de Dorinha.\u00a0Marcio Labre (PSL-RJ) se absteve.<\/p>\n<p>Os deputados H\u00e9lio Lopes (PSL-RJ), Josimar Maranh\u00e3o (PL-MA), Marlon Santos (PDT-RJ), Misael Varella (PSD-MG), Pastor Eurico (Patriota-PE), Taliria Petrolina (Psol-RJ), Tiririca (PL-SP), Hiran Gon\u00e7alves (PP-PR), Doutor Sinival (Podemos-SP), Doutor Luiz Ant\u00f4nio Teixeira J\u00fanior (PP-RJ), Delegado Waldir (PSL-GO), Coronel Tadeu (PSL-SP), Carmen Zanotto (Cidadania-SC) e Cl\u00e9ber Verde (Republicanos-MA) n\u00e3o votaram no segundo turno.<\/p>\n<p>O relat\u00f3rio (<strong><a href=\"https:\/\/static.congressoemfoco.uol.com.br\/2020\/07\/PARECER-PROF-DORINHA-PEC-15.15-FUNDEB.pdf\">\u00edntegra<\/a><\/strong>) da deputada Professora Dorinha Seabra (DEM-TO) torna o Fundeb permanente e aumenta de 10% para 23% em seis anos a participa\u00e7\u00e3o da Uni\u00e3o no fundo. Do valor financiado pelo governo federal, 5% ter\u00e1 que ser aplicado para a\u00e7\u00f5es relacionadas \u00e0 primeira inf\u00e2ncia.<\/p>\n<p>Antes, o parecer de Dorinha previa uma participa\u00e7\u00e3o da Uni\u00e3o de 20% em seis anos, com 12,5% no primeiro ano. Pelo texto aprovado, a Uni\u00e3o passa a financiar 12% no primeiro ano, com aumento de 3% no segundo e 2% ao ano nos quatro anos seguintes.<\/p>\n<p>O Pal\u00e1cio do Planalto queria acabar com a vincula\u00e7\u00e3o de 70% dos recursos do fundo para bancar sal\u00e1rio dos profissionais de educa\u00e7\u00e3o. A ideia era fazer com que o \u00edndice fosse um limite de gastos e n\u00e3o um piso. O trecho foi mantido no parecer aprovado, mas com vincula\u00e7\u00e3o de 15% do fundo para investimentos.<\/p>\n<p>Inicialmente o governo queria que os 5% vinculados \u00e0 educa\u00e7\u00e3o infantil fossem por meio de<strong><a href=\"https:\/\/congressoemfoco.uol.com.br\/governo\/guedes-tenta-incluir-voucher-para-educacao-em-pec-do-fundeb\/\">\u00a0voucher<\/a><\/strong>\u00a0destinados \u00e0 crian\u00e7as de fam\u00edlia em extrema pobreza. A ideia do voucher \u00e9 avaliada dentro do Renda Brasil, reformula\u00e7\u00e3o do Bolsa Fam\u00edlia.<\/p>\n<p>O uso do Fundeb para implementa\u00e7\u00e3o do voucher para a primeira inf\u00e2ncia era uma estrat\u00e9gia do governo para que n\u00e3o fosse descumprida a regra do teto de gastos no novo programa de assist\u00eancia social, j\u00e1 que o fundo n\u00e3o \u00e9 contabilizado por ela.<\/p>\n<p>O governo chegou a enviar para l\u00edderes uma\u00a0<strong><a href=\"https:\/\/congressoemfoco.uol.com.br\/educacao\/governo-quer-2021-sem-fundeb-e-em-2022-dividir-recursos-com-o-renda-brasil\/\">contraproposta<\/a>\u00a0<\/strong>na qual pedia para que o novo Fundeb entrasse em vigor somente em 2022.<\/p>\n<p><strong>PEC \u00e9 discutida h\u00e1 cinco anos<\/strong><\/p>\n<p>O texto da PEC \u00e9 da deputada Raquel Muniz (PSD-MG), que o apresentou em 2015. Os deputados tentam votar o relat\u00f3rio de Dorinha desde o ano passado. Inicialmente, a relatora queria aumentar a participa\u00e7\u00e3o da Uni\u00e3o para 40% em 11 anos. A medida traria um grande impacto nas contas p\u00fablicas do governo e o presidente da C\u00e2mara, Rodrigo Maia (DEM-RJ),\u00a0<strong><a href=\"https:\/\/congressoemfoco.uol.com.br\/economia\/rodrigo-maia-se-opoe-a-aumento-para-40-de-recursos-da-uniao-no-fundeb\/\">decidiu n\u00e3o agir para fazer a PEC avan\u00e7ar enquanto o percentual fosse desse tamanho.<\/a><\/strong><\/p>\n<p>J\u00e1 o governo n\u00e3o queria aumentar a participa\u00e7\u00e3o no fundo, mas a equipe econ\u00f4mica abriu di\u00e1logo para que houvesse um aumento para 15%.<\/p>\n<p>Al\u00e9m disso, em 2019, durante a administra\u00e7\u00e3o do ex-ministro da Educa\u00e7\u00e3o Abraham Weintraub n\u00e3o havia di\u00e1logo entre os dois Poderes sobre o tema e o clima era de confronto. O ent\u00e3o ministro chegou a anunciar que iria enviar uma proposta de emenda \u00e0 Constitui\u00e7\u00e3o (PEC) diferente da que tramita na C\u00e2mara.<\/p>\n<p>O ministro da Educa\u00e7\u00e3o, Milton Ribeiro, que tomou posse na semana passada n\u00e3o participou de maneira efetiva da negocia\u00e7\u00e3o para o texto aprovado nesta ter\u00e7a, tarefa que ficou a cargo do ministro da Secretaria de Governo, general Luiz Eduardo Ramos.<\/p>\n<p>A relatora do Fundeb reconhece que h\u00e1 dificuldades para o ministro rec\u00e9m-empossado ficar a par das discuss\u00f5es, que acontecem h\u00e1 cinco anos, sobre a renova\u00e7\u00e3o do fundo e disse que o papel dele deve ser mais em rela\u00e7\u00e3o a implementa\u00e7\u00e3o do texto ap\u00f3s a aprova\u00e7\u00e3o.<\/p>\n<p>&#8220;Ele pode se inteirar, pode se envolver muito na lei de regulamenta\u00e7\u00e3o e tudo mais. N\u00e3o esperava diferente, acabou de entrar e \u00e9 um texto complexo&#8221;, disse ao<a href=\"https:\/\/congressoemfoco.uol.com.br\/governo\/guedes-tenta-incluir-voucher-para-educacao-em-pec-do-fundeb\/\"><strong>\u00a0Congresso em Foco<\/strong>\u00a0<\/a>na sexta-feira (17).<\/p>\n<p><a href=\"https:\/\/congressoemfoco.uol.com.br\/author\/lauriberto-pompeu\/\">Por\u00a0<strong>Lauriberto Pompeu<\/strong><\/a><\/p>\n<p>Fonte: Congresso em Foco<\/p>\n<p>&nbsp;<\/p>\n","protected":false},"excerpt":{"rendered":"<p>A C\u00e2mara aprovou na noite desta ter\u00e7a-feira (21) , em dois turnos, a proposta de&#8230;<\/p>\n","protected":false},"author":1,"featured_media":12094,"comment_status":"open","ping_status":"open","sticky":false,"template":"","format":"standard","meta":{"_jetpack_memberships_contains_paid_content":false,"footnotes":"","jetpack_publicize_message":"","jetpack_publicize_feature_enabled":true,"jetpack_social_post_already_shared":true,"jetpack_social_options":{"image_generator_settings":{"template":"highway","default_image_id":0,"font":"","enabled":false},"version":2}},"categories":[1],"tags":[],"class_list":["post-12093","post","type-post","status-publish","format-standard","has-post-thumbnail","hentry","category-atualidade"],"jetpack_publicize_connections":[],"jetpack_featured_media_url":"https:\/\/correiodasemana.com\/site\/wp-content\/uploads\/2020\/07\/img20200403182700372-768x512-1.jpg","jetpack-related-posts":[{"id":14688,"url":"https:\/\/correiodasemana.com\/site\/eleicoes-2020-veja-lista-com-as-57-cidades-em-que-havera-2a-turno\/","url_meta":{"origin":12093,"position":0},"title":"Elei\u00e7\u00f5es 2020: veja lista com as 57 cidades em que haver\u00e1 2\u00aa turno","author":"","date":"Novembro 23, 2020","format":false,"excerpt":"Campanha eleitoral j\u00e1 pode recome\u00e7ar a partir de\u00a0hoje Nas elei\u00e7\u00f5es municipais deste ano, haver\u00e1 segundo turno em 57 cidades espalhadas pelo pa\u00eds, das quais 18 s\u00e3o capitais.\u00a0 O segundo turno est\u00e1 marcado para 29 de novembro, 13 dias ap\u00f3s a primeira vota\u00e7\u00e3o. Trata-se do menor intervalo da hist\u00f3ria. Normalmente, o\u2026","rel":"","context":"In &quot;Atualidade&quot;","block_context":{"text":"Atualidade","link":"https:\/\/correiodasemana.com\/site\/category\/atualidade\/"},"img":{"alt_text":"","src":"https:\/\/i0.wp.com\/correiodasemana.com\/site\/wp-content\/uploads\/2020\/11\/tse_1908200982.jpg?resize=350%2C200&ssl=1","width":350,"height":200,"srcset":"https:\/\/i0.wp.com\/correiodasemana.com\/site\/wp-content\/uploads\/2020\/11\/tse_1908200982.jpg?resize=350%2C200&ssl=1 1x, https:\/\/i0.wp.com\/correiodasemana.com\/site\/wp-content\/uploads\/2020\/11\/tse_1908200982.jpg?resize=525%2C300&ssl=1 1.5x, https:\/\/i0.wp.com\/correiodasemana.com\/site\/wp-content\/uploads\/2020\/11\/tse_1908200982.jpg?resize=700%2C400&ssl=1 2x, https:\/\/i0.wp.com\/correiodasemana.com\/site\/wp-content\/uploads\/2020\/11\/tse_1908200982.jpg?resize=1050%2C600&ssl=1 3x"},"classes":[]},{"id":14315,"url":"https:\/\/correiodasemana.com\/site\/pt-e-psl-sao-aliados-nas-eleicoes-em-136-municipios-veja-a-lista\/","url_meta":{"origin":12093,"position":1},"title":"PT e PSL s\u00e3o aliados nas elei\u00e7\u00f5es em 136 munic\u00edpios. Veja a lista","author":"","date":"Outubro 28, 2020","format":false,"excerpt":"Expoentes da atual polariza\u00e7\u00e3o pol\u00edtica nacional, PT e PSL est\u00e3o coligados em 136 munic\u00edpios, revela levantamento do Congresso em Foco, com base em dados do Tribunal Superior Eleitoral (TSE). As alian\u00e7as envolvendo os dois partidos s\u00e3o, em sua maioria, com candidatos a prefeito de outras legendas. Em Aparecida de Goi\u00e2nia\u2026","rel":"","context":"In &quot;Atualidade&quot;","block_context":{"text":"Atualidade","link":"https:\/\/correiodasemana.com\/site\/category\/atualidade\/"},"img":{"alt_text":"","src":"https:\/\/i0.wp.com\/correiodasemana.com\/site\/wp-content\/uploads\/2020\/10\/belfor-roxo.jpg?resize=350%2C200&ssl=1","width":350,"height":200,"srcset":"https:\/\/i0.wp.com\/correiodasemana.com\/site\/wp-content\/uploads\/2020\/10\/belfor-roxo.jpg?resize=350%2C200&ssl=1 1x, https:\/\/i0.wp.com\/correiodasemana.com\/site\/wp-content\/uploads\/2020\/10\/belfor-roxo.jpg?resize=525%2C300&ssl=1 1.5x"},"classes":[]},{"id":11827,"url":"https:\/\/correiodasemana.com\/site\/psl-nao-esta-na-base-do-governo-e-nem-fara-parte-disse-o-presidente-luciano-bivar\/","url_meta":{"origin":12093,"position":2},"title":"&#8220;PSL n\u00e3o est\u00e1 na base do governo e nem far\u00e1 parte&#8221;, disse o presidente Luciano Bivar","author":"","date":"Julho 14, 2020","format":false,"excerpt":"POL\u00cdTICA O presidente nacional do PSL, deputado federal Luciano Bivar (PE), disse em entrevista ao\u00a0Congresso em Foco\u00a0que o\u00a0partido n\u00e3o se reaproximar\u00e1 do presidente Jair Bolsonaro.\u201cO PSL n\u00e3o est\u00e1 na base do governo e nem far\u00e1, continuaremos preservando nossa independ\u00eancia como sempre\u201d, declarou. As principais informa\u00e7\u00f5es deste texto foram enviadas antes\u2026","rel":"","context":"In &quot;Atualidade&quot;","block_context":{"text":"Atualidade","link":"https:\/\/correiodasemana.com\/site\/category\/atualidade\/"},"img":{"alt_text":"","src":"https:\/\/i0.wp.com\/correiodasemana.com\/site\/wp-content\/uploads\/2020\/07\/Luciano-Bivar-e1571601710910.jpg?resize=350%2C200&ssl=1","width":350,"height":200},"classes":[]},{"id":13177,"url":"https:\/\/correiodasemana.com\/site\/senado-aprova-pec-do-fundeb-que-segue-para-promulgacao\/","url_meta":{"origin":12093,"position":3},"title":"Senado aprova PEC do Fundeb, que segue para promulga\u00e7\u00e3o","author":"","date":"Agosto 26, 2020","format":false,"excerpt":"Proposta amplia recursos para educa\u00e7\u00e3o p\u00fablica O Senado aprovou hoje (25), em dois turnos, a Proposta de Emenda \u00e0 Constitui\u00e7\u00e3o (PEC) de n\u00famero 26 de 2020, que torna permanente o Fundo de Desenvolvimento e Valoriza\u00e7\u00e3o dos Profissionais da Educa\u00e7\u00e3o (Fundeb). A PEC foi aprovada por unanimidade e segue para promulga\u00e7\u00e3o\u2026","rel":"","context":"In &quot;Atualidade&quot;","block_context":{"text":"Atualidade","link":"https:\/\/correiodasemana.com\/site\/category\/atualidade\/"},"img":{"alt_text":"","src":"https:\/\/i0.wp.com\/correiodasemana.com\/site\/wp-content\/uploads\/2020\/08\/ensino_medio1.jpg?resize=350%2C200&ssl=1","width":350,"height":200,"srcset":"https:\/\/i0.wp.com\/correiodasemana.com\/site\/wp-content\/uploads\/2020\/08\/ensino_medio1.jpg?resize=350%2C200&ssl=1 1x, https:\/\/i0.wp.com\/correiodasemana.com\/site\/wp-content\/uploads\/2020\/08\/ensino_medio1.jpg?resize=525%2C300&ssl=1 1.5x, https:\/\/i0.wp.com\/correiodasemana.com\/site\/wp-content\/uploads\/2020\/08\/ensino_medio1.jpg?resize=700%2C400&ssl=1 2x, https:\/\/i0.wp.com\/correiodasemana.com\/site\/wp-content\/uploads\/2020\/08\/ensino_medio1.jpg?resize=1050%2C600&ssl=1 3x"},"classes":[]},{"id":9471,"url":"https:\/\/correiodasemana.com\/site\/mes-do-professor-professores-sao-homenageados-em-sessao-solene-na-camara-municipal\/","url_meta":{"origin":12093,"position":4},"title":"M\u00eas do Professor: Professores s\u00e3o homenageados em sess\u00e3o solene na C\u00e2mara Municipal","author":"","date":"Outubro 14, 2019","format":false,"excerpt":"Como parte das comemora\u00e7\u00f5es do m\u00eas do professor, a C\u00e2mara Municipal de Sobral realizou, na noite de ter\u00e7a-feira (08\/10), uma sess\u00e3o solene em homenagem aos professores da Rede P\u00fablica Municipal de Ensino de Sobral. Foram homenageados 127 professores que receberam o Trof\u00e9u Professor Destaque 2019, ap\u00f3s serem eleitos pelos pr\u00f3prios\u2026","rel":"","context":"In &quot;Atualidade&quot;","block_context":{"text":"Atualidade","link":"https:\/\/correiodasemana.com\/site\/category\/atualidade\/"},"img":{"alt_text":"","src":"https:\/\/i0.wp.com\/correiodasemana.com\/site\/wp-content\/uploads\/2019\/10\/Dia-do-professor-na-camara.jpg?resize=350%2C200&ssl=1","width":350,"height":200,"srcset":"https:\/\/i0.wp.com\/correiodasemana.com\/site\/wp-content\/uploads\/2019\/10\/Dia-do-professor-na-camara.jpg?resize=350%2C200&ssl=1 1x, https:\/\/i0.wp.com\/correiodasemana.com\/site\/wp-content\/uploads\/2019\/10\/Dia-do-professor-na-camara.jpg?resize=525%2C300&ssl=1 1.5x, https:\/\/i0.wp.com\/correiodasemana.com\/site\/wp-content\/uploads\/2019\/10\/Dia-do-professor-na-camara.jpg?resize=700%2C400&ssl=1 2x"},"classes":[]},{"id":12205,"url":"https:\/\/correiodasemana.com\/site\/camara-forca-planalto-a-ceder-e-aprova-o-novo-fundeb\/","url_meta":{"origin":12093,"position":5},"title":"C\u00e2mara for\u00e7a Planalto a ceder  e aprova o novo Fundeb","author":"","date":"Julho 25, 2020","format":false,"excerpt":"Gest\u00e3o Bolsonaro concordou em aumentar participa\u00e7\u00e3o de 10% para 23% no principal fundo de financiamento da educa\u00e7\u00e3o b\u00e1sica do Brasil. Governo queria reservar recursos para novo programa de Paulo Guedes, que pretende absover Bolsa Fam\u00edlia Depois de cinco anos de discuss\u00f5es, a C\u00e2mara dos Deputados aprovou na noite desta ter\u00e7a-feira,\u2026","rel":"","context":"In &quot;Atualidade&quot;","block_context":{"text":"Atualidade","link":"https:\/\/correiodasemana.com\/site\/category\/atualidade\/"},"img":{"alt_text":"","src":"https:\/\/i0.wp.com\/correiodasemana.com\/site\/wp-content\/uploads\/2020\/07\/d7c21a79-4454-40c0-aeb4-ba7deaec4fcf.jpg?resize=350%2C200&ssl=1","width":350,"height":200,"srcset":"https:\/\/i0.wp.com\/correiodasemana.com\/site\/wp-content\/uploads\/2020\/07\/d7c21a79-4454-40c0-aeb4-ba7deaec4fcf.jpg?resize=350%2C200&ssl=1 1x, https:\/\/i0.wp.com\/correiodasemana.com\/site\/wp-content\/uploads\/2020\/07\/d7c21a79-4454-40c0-aeb4-ba7deaec4fcf.jpg?resize=525%2C300&ssl=1 1.5x"},"classes":[]}],"jetpack_sharing_enabled":true,"_links":{"self":[{"href":"https:\/\/correiodasemana.com\/site\/wp-json\/wp\/v2\/posts\/12093","targetHints":{"allow":["GET"]}}],"collection":[{"href":"https:\/\/correiodasemana.com\/site\/wp-json\/wp\/v2\/posts"}],"about":[{"href":"https:\/\/correiodasemana.com\/site\/wp-json\/wp\/v2\/types\/post"}],"author":[{"embeddable":true,"href":"https:\/\/correiodasemana.com\/site\/wp-json\/wp\/v2\/users\/1"}],"replies":[{"embeddable":true,"href":"https:\/\/correiodasemana.com\/site\/wp-json\/wp\/v2\/comments?post=12093"}],"version-history":[{"count":2,"href":"https:\/\/correiodasemana.com\/site\/wp-json\/wp\/v2\/posts\/12093\/revisions"}],"predecessor-version":[{"id":12097,"href":"https:\/\/correiodasemana.com\/site\/wp-json\/wp\/v2\/posts\/12093\/revisions\/12097"}],"wp:featuredmedia":[{"embeddable":true,"href":"https:\/\/correiodasemana.com\/site\/wp-json\/wp\/v2\/media\/12094"}],"wp:attachment":[{"href":"https:\/\/correiodasemana.com\/site\/wp-json\/wp\/v2\/media?parent=12093"}],"wp:term":[{"taxonomy":"category","embeddable":true,"href":"https:\/\/correiodasemana.com\/site\/wp-json\/wp\/v2\/categories?post=12093"},{"taxonomy":"post_tag","embeddable":true,"href":"https:\/\/correiodasemana.com\/site\/wp-json\/wp\/v2\/tags?post=12093"}],"curies":[{"name":"wp","href":"https:\/\/api.w.org\/{rel}","templated":true}]}}