{"id":12098,"date":"2020-07-22T11:43:17","date_gmt":"2020-07-22T11:43:17","guid":{"rendered":"https:\/\/correiodasemana.com\/site\/?p=12098"},"modified":"2020-07-22T11:43:17","modified_gmt":"2020-07-22T11:43:17","slug":"pesquisa-revela-dados-sobre-a-comunidade-academica-da-uva-no-contexto-da-covid-19","status":"publish","type":"post","link":"https:\/\/correiodasemana.com\/site\/pesquisa-revela-dados-sobre-a-comunidade-academica-da-uva-no-contexto-da-covid-19\/","title":{"rendered":"Pesquisa revela dados sobre a comunidade acad\u00eamica da UVA no contexto da COVID-19"},"content":{"rendered":"<p><strong>EDUCA\u00c7\u00c3O SUPERIOR<\/strong><\/p>\n<p style=\"text-align: left;\">Em pesquisa realizada no per\u00edodo de 11 a 20 de junho de 2020, a Pr\u00f3-Reitoria de Ensino de Gradua\u00e7\u00e3o (PROGRAD) ouviu alunos, professores e funcion\u00e1rios da Universidade Estadual Vale do Acara\u00fa (UVA) sobre diversas quest\u00f5es vivenciadas pela comunidade acad\u00eamica no contexto de excepcionalidade, provocado pela pandemia do novo coronav\u00edrus (COVID19). Uma das quest\u00f5es levantadas na pesquisa foi quanto ao interesse e disponibilidade de participar de atividades pedag\u00f3gicas n\u00e3o presenciais. Responderam \u00e0 pesquisa, por meio de question\u00e1rio on-line, 3.830 estudantes (55,22% dos alunos regularmente matriculados); 290 professores (78,17% dos 343 efetivos e 28 substitutos\/ tempor\u00e1rios) e 84 funcion\u00e1rios t\u00e9cnico-administrativos (dos 166 terceirizados e 89 servidores p\u00fablicos).<\/p>\n<p style=\"text-align: left;\">O question\u00e1rio respondido por alunos e professores de todos os 26 cursos de gradua\u00e7\u00e3o da UVA, ofertados em Sobral, abrangeu tamb\u00e9m perguntas como \u201cestado emocional diante da pandemia; enquadramento em grupos de risco para a COVID-19 ou conviv\u00eancia com pessoas desses grupos; forma de transporte para a Universidade; acesso \u00e0 Internet e a equipamentos eletr\u00f4nicos; e familiaridade com recursos e ferramentas de ensino remoto\u201d, entre outras, espec\u00edficas para cada grupo pesquisado, como o de funcion\u00e1rios t\u00e9cnico-administrativos.<\/p>\n<p style=\"text-align: left;\">De acordo com a PROGRAD, a pesquisa subsidiar\u00e1 o planejamento de retorno \u00e0s atividades letivas na UVA, referentes ao Semestre 2020.1, observados os protocolos de seguran\u00e7a sanit\u00e1ria e demais medidas estabelecidas pelo Governo do Estado do Cear\u00e1 e pela Prefeitura Municipal de Sobral. \u201cO objetivo \u00e9 conhecer, no caso de alunos e professores, a situa\u00e7\u00e3o no que se refere \u00e0s condi\u00e7\u00f5es de realizar atividades pedag\u00f3gicas de forma n\u00e3o presencial, incluindo acesso \u00e0 Internet e o uso de recursos e ferramentas de ensino remoto, por exemplo\u201d, afirma a Pr\u00f3-Reitora de Ensino de Gradua\u00e7\u00e3o, Ana Sancha Malveira Batista.<\/p>\n<p style=\"text-align: left;\"><strong>Discentes<\/strong><\/p>\n<p style=\"text-align: left;\">Os dados obtidos com os estudantes que responderam \u00e0 pesquisa apontam que 80,86% t\u00eam interesse em realizar atividades pedag\u00f3gicas n\u00e3o presenciais. Desses, 48,49% j\u00e1 participam de atividades dessa natureza; 15,14% afirmaram ter interesse, mas ainda n\u00e3o conseguiram realizar as atividades devido \u00e0 falta de acesso, ou acesso prec\u00e1rio \u00e0 Internet e 17,23% disseram ter interesse, mas est\u00e3o impossibilitados devido \u00e0 pandemia. O levantamento aponta, ainda, que 69,37% dos estudantes que responderam \u00e0 pesquisa, afirmaram possuir conex\u00e3o pr\u00f3pria de Internet e 58,56% residem com pessoas de algum um grupo de risco para a COVID-19. Quanto ao estado emocional, 32,40% se disseram ansiosos e 22,79% se consideraram desanimados.<\/p>\n<p style=\"text-align: left;\">A PROGRAD quis saber tamb\u00e9m sobre a disponibilidade em desenvolver atividades pedag\u00f3gicas n\u00e3o presenciais, para fins de cumprimento de carga hor\u00e1ria letiva nos componentes curriculares ofertados no semestre de 2020.1. Nesse item, 81,67% dos alunos afirmaram que sim, com disponibilidade em hor\u00e1rios flex\u00edveis (36.71%); somente nos hor\u00e1rios destinados \u00e0s aulas presenciais (34,36%) ou que, apesar da disponibilidade, n\u00e3o t\u00eam acesso e\/ou recursos para atividades on-line, ou estes s\u00e3o prec\u00e1rios (10,60%). Ainda neste item, 6,40% afirmaram n\u00e3o ter disponibilidade porque a natureza do componente curricular n\u00e3o permite a execu\u00e7\u00e3o de atividades pedag\u00f3gicas n\u00e3o presenciais. Sobre o acesso a equipamentos para realizar atividades on-line, 39,6% disseram possuir computador em casa para seu uso exclusivo e 26,8% compartilham o computador em casa. O percentual dos que afirmam possuir smartphone \u00e9 de 49,2%.<\/p>\n<p style=\"text-align: left;\"><strong>Docentes<\/strong><\/p>\n<p style=\"text-align: left;\">Entre os professores, 22,41% afirmaram pertencer a algum um grupo de risco para a COVID-19 e 35,86% disseram que residem com pessoas desses grupos de risco. Sobre a condi\u00e7\u00e3o emocional, se consideraram ansiosos (36,90%), tranquilos (20,69%) ou confiantes (15,52%).<\/p>\n<p style=\"text-align: left;\">Ainda entre os docentes, 58,28% afirmam ter razo\u00e1vel facilidade com ferramentas de ensino remoto (on-line) e 94,49% disseram ter interesse em realizar atividades pedag\u00f3gicas n\u00e3o presenciais com seus alunos. 70% afirmaram que j\u00e1 realizam atividades remotas. Com rela\u00e7\u00e3o \u00e0 plataforma para o desenvolvimento das atividades, 44,83% disseram utilizar o Sistema Acad\u00eamico da UVA, Google Meet e redes sociais.<\/p>\n<p style=\"text-align: left;\">Dos professores ouvidos, 89,32% afirmaram que t\u00eam disponibilidade em desenvolver atividades pedag\u00f3gicas n\u00e3o presenciais, para fins de cumprimento de carga hor\u00e1ria letiva nos componentes curriculares ofertados no semestre de 2020.1.<\/p>\n<p style=\"text-align: left;\"><strong>Funcion\u00e1rios e servidores t\u00e9cnico-administrativos<\/strong><\/p>\n<p style=\"text-align: left;\">A pesquisa entre funcion\u00e1rios terceirizados e servidores t\u00e9cnico-administrativos teve como objetivo avaliar a possibilidade de realiza\u00e7\u00e3o de atividades laborais remotas, previstas no Provimento n\u00ba08\/2020 do Comit\u00ea de Pandemia da UVA. Pelo levantamento, 17,86% afirmaram pertencer a algum grupo de risco para a COVID-19 e 47,62% disseram que residem com pessoas desses grupos de risco. Emocionalmente, 33,33% se consideraram tranquilos e 30,95% se disseram ansiosos. Consideram-se confiantes 20,24%. Quanto ao acesso \u00e0 Internet em casa, 91,67% disseram possuir conex\u00e3o pr\u00f3pria de Internet e 59,52% afirmaram que possuem computador em casa para uso exclusivo.<\/p>\n<p style=\"text-align: left;\">De acordo coma Professora Benedita Marta Gomes Costa, do Curso de Administra\u00e7\u00e3o da UVA, respons\u00e1vel pelo tratamento estat\u00edstico da pesquisa, nos dados referentes aos discentes a margem de erro \u00e9 de 1,2%, de 0,76% nos dados referentes aos docentes e de 5,7% e 14% para o percentuais de funcion\u00e1rios terceirizados e de servidores p\u00fablicos, respectivamente, com intervalo de confian\u00e7a de 95%. O question\u00e1rio foi adaptado a partir do modelo elaborado pelo Professor Vicente de Paula da Silva Martins, do Curso de Letras da UVA.<\/p>\n<p style=\"text-align: left;\"><strong>Fonte:\u00a0<\/strong><em>Assessoria de Comunica\u00e7\u00e3o e Marketing Institucional da UVA<\/em><\/p>\n<p>&nbsp;<\/p>\n","protected":false},"excerpt":{"rendered":"<p>EDUCA\u00c7\u00c3O SUPERIOR Em pesquisa realizada no per\u00edodo de 11 a 20 de junho de 2020,&#8230;<\/p>\n","protected":false},"author":1,"featured_media":12099,"comment_status":"open","ping_status":"open","sticky":false,"template":"","format":"standard","meta":{"_jetpack_memberships_contains_paid_content":false,"footnotes":"","jetpack_publicize_message":"","jetpack_publicize_feature_enabled":true,"jetpack_social_post_already_shared":true,"jetpack_social_options":{"image_generator_settings":{"template":"highway","default_image_id":0,"font":"","enabled":false},"version":2}},"categories":[1],"tags":[],"class_list":["post-12098","post","type-post","status-publish","format-standard","has-post-thumbnail","hentry","category-atualidade"],"jetpack_publicize_connections":[],"jetpack_featured_media_url":"https:\/\/correiodasemana.com\/site\/wp-content\/uploads\/2020\/07\/UVA.jpg","jetpack-related-posts":[{"id":12233,"url":"https:\/\/correiodasemana.com\/site\/pesquisa-revela-dados-sobre-a-comunidade-academica-da-uva-no-contexto-da-pandemia-de-covid-19\/","url_meta":{"origin":12098,"position":0},"title":"Pesquisa revela dados sobre a comunidade acad\u00eamica da UVA no contexto da pandemia de Covid-19","author":"","date":"Julho 25, 2020","format":false,"excerpt":"Uma das quest\u00f5es levantadas na pesquisa foi quanto ao interesse e disponibilidade de participar de atividades pedag\u00f3gicas n\u00e3o presenciais. Em pesquisa, realizada no per\u00edodo de 11 a 20 de junho de 2020, a Pr\u00f3-Reitoria de Ensino de Gradua\u00e7\u00e3o (PROGRAD) ouviu alunos, professores e funcion\u00e1rios da Universidade Estadual Vale do Acara\u00fa\u2026","rel":"","context":"In &quot;Atualidade&quot;","block_context":{"text":"Atualidade","link":"https:\/\/correiodasemana.com\/site\/category\/atualidade\/"},"img":{"alt_text":"","src":"https:\/\/i0.wp.com\/correiodasemana.com\/site\/wp-content\/uploads\/2020\/07\/UVA.jpg?resize=350%2C200&ssl=1","width":350,"height":200,"srcset":"https:\/\/i0.wp.com\/correiodasemana.com\/site\/wp-content\/uploads\/2020\/07\/UVA.jpg?resize=350%2C200&ssl=1 1x, https:\/\/i0.wp.com\/correiodasemana.com\/site\/wp-content\/uploads\/2020\/07\/UVA.jpg?resize=525%2C300&ssl=1 1.5x"},"classes":[]},{"id":10173,"url":"https:\/\/correiodasemana.com\/site\/bibliotecas-da-uva-recebem-r-300-mil-para-renovacao-do-acervo\/","url_meta":{"origin":12098,"position":1},"title":"Bibliotecas da UVA recebem R$ 300 mil para  renova\u00e7\u00e3o do acervo","author":"","date":"Dezembro 16, 2019","format":false,"excerpt":"O Sistema de Bibliotecas da Universidade Estadual Vale do Acara\u00fa (Sisb\/UVA) j\u00e1 se prepara para renovar todo o acervo impresso contemplando a vasta gama de interesse da pesquisa acad\u00eamica, a partir do primeiro semestre de 2020. Com esta a\u00e7\u00e3o, - atualmente em processo licitat\u00f3rio - ser\u00e3o beneficiados cerca de 8.400\u2026","rel":"","context":"In &quot;Atualidade&quot;","block_context":{"text":"Atualidade","link":"https:\/\/correiodasemana.com\/site\/category\/atualidade\/"},"img":{"alt_text":"","src":"https:\/\/i0.wp.com\/correiodasemana.com\/site\/wp-content\/uploads\/2019\/12\/biblioteca-da-uva-2-scaled.jpg?resize=350%2C200&ssl=1","width":350,"height":200,"srcset":"https:\/\/i0.wp.com\/correiodasemana.com\/site\/wp-content\/uploads\/2019\/12\/biblioteca-da-uva-2-scaled.jpg?resize=350%2C200&ssl=1 1x, https:\/\/i0.wp.com\/correiodasemana.com\/site\/wp-content\/uploads\/2019\/12\/biblioteca-da-uva-2-scaled.jpg?resize=525%2C300&ssl=1 1.5x, https:\/\/i0.wp.com\/correiodasemana.com\/site\/wp-content\/uploads\/2019\/12\/biblioteca-da-uva-2-scaled.jpg?resize=700%2C400&ssl=1 2x, https:\/\/i0.wp.com\/correiodasemana.com\/site\/wp-content\/uploads\/2019\/12\/biblioteca-da-uva-2-scaled.jpg?resize=1050%2C600&ssl=1 3x, https:\/\/i0.wp.com\/correiodasemana.com\/site\/wp-content\/uploads\/2019\/12\/biblioteca-da-uva-2-scaled.jpg?resize=1400%2C800&ssl=1 4x"},"classes":[]},{"id":26058,"url":"https:\/\/correiodasemana.com\/site\/uva-realiza-solenidade-de-outorga-de-grau-para-264-formandos\/","url_meta":{"origin":12098,"position":2},"title":"UVA realiza solenidade de Outorga de Grau para 264 formandos","author":"adminredacao","date":"Agosto 14, 2023","format":false,"excerpt":"Por Assessoria de imprensa-UVA A Universidade Estadual Vale do Acara\u00fa (UVA) realizou, nesta quarta-feira (9\/08), a solenidade de Outorga de Grau 2023.1 a 264 formandos de 26 cursos de gradua\u00e7\u00e3o. Presidida spelo vice-reitor da UVA, professor Francisco Carvalho de Arruda Coelho, em conformidade com a Portaria n\u00ba 353\/2023, a cerim\u00f4nia\u2026","rel":"","context":"In &quot;Atualidade&quot;","block_context":{"text":"Atualidade","link":"https:\/\/correiodasemana.com\/site\/category\/atualidade\/"},"img":{"alt_text":"","src":"https:\/\/i0.wp.com\/correiodasemana.com\/site\/wp-content\/uploads\/2023\/08\/A77E9254-8A7A-4E0B-839F-6CB4B288D8F3.jpeg?resize=350%2C200&ssl=1","width":350,"height":200},"classes":[]},{"id":36725,"url":"https:\/\/correiodasemana.com\/site\/curso-de-direito-da-uva-lidera-ranking-da-folha-de-sao-paulo-entre-todas-as-ies-de-sobral\/","url_meta":{"origin":12098,"position":3},"title":"Curso de Direito da UVA lidera ranking da Folha de S\u00e3o Paulo entre todas as IES de Sobral","author":"adminredacao","date":"Dezembro 11, 2025","format":false,"excerpt":"O curso de Direito da Universidade Estadual Vale do Acara\u00fa (UVA) foi eleito o melhor entre as institui\u00e7\u00f5es de Sobral, no Ranking Universit\u00e1rio da Folha de S\u00e3o Paulo (RUF), e alcan\u00e7ou a 14\u00aa posi\u00e7\u00e3o nacional em aprova\u00e7\u00f5es no Exame da Ordem dos Advogados do Brasil (OAB). A conquista \u00e9 resultado\u2026","rel":"","context":"In &quot;Atualidade&quot;","block_context":{"text":"Atualidade","link":"https:\/\/correiodasemana.com\/site\/category\/atualidade\/"},"img":{"alt_text":"","src":"https:\/\/i0.wp.com\/correiodasemana.com\/site\/wp-content\/uploads\/2025\/12\/WhatsApp-Image-2025-12-05-at-14.23.06.jpeg?resize=350%2C200&ssl=1","width":350,"height":200,"srcset":"https:\/\/i0.wp.com\/correiodasemana.com\/site\/wp-content\/uploads\/2025\/12\/WhatsApp-Image-2025-12-05-at-14.23.06.jpeg?resize=350%2C200&ssl=1 1x, https:\/\/i0.wp.com\/correiodasemana.com\/site\/wp-content\/uploads\/2025\/12\/WhatsApp-Image-2025-12-05-at-14.23.06.jpeg?resize=525%2C300&ssl=1 1.5x, https:\/\/i0.wp.com\/correiodasemana.com\/site\/wp-content\/uploads\/2025\/12\/WhatsApp-Image-2025-12-05-at-14.23.06.jpeg?resize=700%2C400&ssl=1 2x, https:\/\/i0.wp.com\/correiodasemana.com\/site\/wp-content\/uploads\/2025\/12\/WhatsApp-Image-2025-12-05-at-14.23.06.jpeg?resize=1050%2C600&ssl=1 3x, https:\/\/i0.wp.com\/correiodasemana.com\/site\/wp-content\/uploads\/2025\/12\/WhatsApp-Image-2025-12-05-at-14.23.06.jpeg?resize=1400%2C800&ssl=1 4x"},"classes":[]},{"id":9399,"url":"https:\/\/correiodasemana.com\/site\/edicoes-uva-promovem-roda-de-conversa-no-ccs\/","url_meta":{"origin":12098,"position":4},"title":"Edi\u00e7\u00f5es UVA promovem roda de conversa no CCS","author":"","date":"Outubro 14, 2019","format":false,"excerpt":"Em cumprimento a programa\u00e7\u00e3o do Outubro UVA - evento alusivo ao anivers\u00e1rio da Universidade Estadual Vale do Acara\u00fa -, as Edi\u00e7\u00f5es UVA promoveram, na manh\u00e3 de quarta-feira, 9, a roda de conversa \u201cEdi\u00e7\u00f5es UVA em di\u00e1logo com os autores\u201d, nas depend\u00eancias do Centro de Ci\u00eancias da Sa\u00fade(CCS). O evento contou\u2026","rel":"","context":"In &quot;Atualidade&quot;","block_context":{"text":"Atualidade","link":"https:\/\/correiodasemana.com\/site\/category\/atualidade\/"},"img":{"alt_text":"","src":"https:\/\/i0.wp.com\/correiodasemana.com\/site\/wp-content\/uploads\/2019\/10\/IMG_0043.jpeg?resize=350%2C200&ssl=1","width":350,"height":200,"srcset":"https:\/\/i0.wp.com\/correiodasemana.com\/site\/wp-content\/uploads\/2019\/10\/IMG_0043.jpeg?resize=350%2C200&ssl=1 1x, https:\/\/i0.wp.com\/correiodasemana.com\/site\/wp-content\/uploads\/2019\/10\/IMG_0043.jpeg?resize=525%2C300&ssl=1 1.5x, https:\/\/i0.wp.com\/correiodasemana.com\/site\/wp-content\/uploads\/2019\/10\/IMG_0043.jpeg?resize=700%2C400&ssl=1 2x, https:\/\/i0.wp.com\/correiodasemana.com\/site\/wp-content\/uploads\/2019\/10\/IMG_0043.jpeg?resize=1050%2C600&ssl=1 3x"},"classes":[]},{"id":28639,"url":"https:\/\/correiodasemana.com\/site\/um-passeio-da-faculdade-de-filosofia-dom-jose-ate-a-uva\/","url_meta":{"origin":12098,"position":5},"title":"UM PASSEIO DA FACULDADE DE FILOSOFIA DOM JOS\u00c9 AT\u00c9 A UVA","author":"adminredacao","date":"Mar\u00e7o 11, 2024","format":false,"excerpt":"Com a abertura do ano letivo na pr\u00f3xima segunda-feira, 11 de mar\u00e7o, e j\u00e1 se iniciando as celebra\u00e7\u00f5es dos 25 anos do Curso de Filosofia da Universidade Estadual Vale do Acara\u00fa, h\u00e1 um clima de anima\u00e7\u00e3o e exalta\u00e7\u00e3o na comunidade acad\u00eamica ao se retomarem as atividades letivas na nossa querida\u2026","rel":"","context":"In &quot;Atualidade&quot;","block_context":{"text":"Atualidade","link":"https:\/\/correiodasemana.com\/site\/category\/atualidade\/"},"img":{"alt_text":"","src":"https:\/\/i0.wp.com\/correiodasemana.com\/site\/wp-content\/uploads\/2024\/03\/FOTO-3.jpeg?resize=350%2C200&ssl=1","width":350,"height":200,"srcset":"https:\/\/i0.wp.com\/correiodasemana.com\/site\/wp-content\/uploads\/2024\/03\/FOTO-3.jpeg?resize=350%2C200&ssl=1 1x, https:\/\/i0.wp.com\/correiodasemana.com\/site\/wp-content\/uploads\/2024\/03\/FOTO-3.jpeg?resize=525%2C300&ssl=1 1.5x, https:\/\/i0.wp.com\/correiodasemana.com\/site\/wp-content\/uploads\/2024\/03\/FOTO-3.jpeg?resize=700%2C400&ssl=1 2x, https:\/\/i0.wp.com\/correiodasemana.com\/site\/wp-content\/uploads\/2024\/03\/FOTO-3.jpeg?resize=1050%2C600&ssl=1 3x"},"classes":[]}],"jetpack_sharing_enabled":true,"_links":{"self":[{"href":"https:\/\/correiodasemana.com\/site\/wp-json\/wp\/v2\/posts\/12098","targetHints":{"allow":["GET"]}}],"collection":[{"href":"https:\/\/correiodasemana.com\/site\/wp-json\/wp\/v2\/posts"}],"about":[{"href":"https:\/\/correiodasemana.com\/site\/wp-json\/wp\/v2\/types\/post"}],"author":[{"embeddable":true,"href":"https:\/\/correiodasemana.com\/site\/wp-json\/wp\/v2\/users\/1"}],"replies":[{"embeddable":true,"href":"https:\/\/correiodasemana.com\/site\/wp-json\/wp\/v2\/comments?post=12098"}],"version-history":[{"count":2,"href":"https:\/\/correiodasemana.com\/site\/wp-json\/wp\/v2\/posts\/12098\/revisions"}],"predecessor-version":[{"id":12101,"href":"https:\/\/correiodasemana.com\/site\/wp-json\/wp\/v2\/posts\/12098\/revisions\/12101"}],"wp:featuredmedia":[{"embeddable":true,"href":"https:\/\/correiodasemana.com\/site\/wp-json\/wp\/v2\/media\/12099"}],"wp:attachment":[{"href":"https:\/\/correiodasemana.com\/site\/wp-json\/wp\/v2\/media?parent=12098"}],"wp:term":[{"taxonomy":"category","embeddable":true,"href":"https:\/\/correiodasemana.com\/site\/wp-json\/wp\/v2\/categories?post=12098"},{"taxonomy":"post_tag","embeddable":true,"href":"https:\/\/correiodasemana.com\/site\/wp-json\/wp\/v2\/tags?post=12098"}],"curies":[{"name":"wp","href":"https:\/\/api.w.org\/{rel}","templated":true}]}}