{"id":12108,"date":"2020-07-22T12:30:03","date_gmt":"2020-07-22T12:30:03","guid":{"rendered":"https:\/\/correiodasemana.com\/site\/?p=12108"},"modified":"2020-07-22T12:30:03","modified_gmt":"2020-07-22T12:30:03","slug":"dignidade-auxilio-emergencial-ajuda-familias-do-nordeste-a-encarar-pandemia","status":"publish","type":"post","link":"https:\/\/correiodasemana.com\/site\/dignidade-auxilio-emergencial-ajuda-familias-do-nordeste-a-encarar-pandemia\/","title":{"rendered":"Dignidade: Aux\u00edlio Emergencial ajuda fam\u00edlias do Nordeste a encarar pandemia"},"content":{"rendered":"<p>A pandemia do novo coronav\u00edrus mudou a vida dos brasileiros. A rotina de trabalho, a ida ao supermercado e at\u00e9 o contato com as pessoas mais pr\u00f3ximas, familiares ou amigos, deixou de ser como era antes desde a ado\u00e7\u00e3o do isolamento social. O maior problema \u00e9 para quem perdeu o emprego e deixou de ter a renda que estava acostumado a receber todos os meses.<\/p>\n<p>Foi diante desse problema que o <a href=\"https:\/\/auxilio.caixa.gov.br\/#\/inicio\">Aux\u00edlio Emergencial<\/a> se tornou uma ferramenta importante, principalmente para a parcela mais pobre da popula\u00e7\u00e3o. O benef\u00edcio mostrou-se presente nas \u00e1reas em que o Produto Interno Bruto (PIB) \u00e9 menor, como \u00e9 o caso do Nordeste brasileiro. A regi\u00e3o, que em 2017 respondia por 14,5% do PIB nacional, de acordo com o <a href=\"https:\/\/www.ibge.gov.br\/\">IBGE<\/a>, recebeu mais de 34% dos recursos repassados at\u00e9 o in\u00edcio de julho. Informa\u00e7\u00f5es dadas pela <a href=\"http:\/\/www.caixa.gov.br\/Paginas\/home-caixa.aspx\">Caixa Econ\u00f4mica Federal<\/a>\u00a0revelam que o valor total recebido foi de R$ 41,8 bilh\u00f5es.<\/p>\n<p>A Bahia \u00e9 o estado da regi\u00e3o que concentra o maior valor em pagamentos do Aux\u00edlio Emergencial. A Unidade da Federa\u00e7\u00e3o recebeu R$ 11 bilh\u00f5es, que corresponde a 10% do valor total pago at\u00e9 ent\u00e3o. Apenas a capital, Salvador, com mais de 762 mil benefici\u00e1rios, com valor disponibilizado superior a R$ 546 milh\u00f5es. Os dados s\u00e3o do Portal da Transpar\u00eancia.<\/p>\n<p>Nilson Jos\u00e9 Rodrigues, prefeito de <a href=\"https:\/\/www.correntina.ba.gov.br\/\">Correntina<\/a>, outra cidade da Bahia, a 918 km da capital, afirma que o benef\u00edcio veio para ajudar o munic\u00edpio a manter a economia equilibrada. Segundo o gestor, o benef\u00edcio ajudou a popula\u00e7\u00e3o mais pobre da cidade a manter o poder de compra, o que contribuiu para a movimenta\u00e7\u00e3o econ\u00f4mica no local.<\/p>\n<p>\u201cO Aux\u00edlio Emergencial foi a salva\u00e7\u00e3o para a vida de muita gente. N\u00e3o ajudou somente \u00e0s pessoas que receberam, mas tamb\u00e9m aos comerciantes, que conseguiam fazer neg\u00f3cios durante a pandemia. Sem esse Aux\u00edlio Emergencial, creio que o nosso munic\u00edpio iria sofrer muito mais, al\u00e9m do que j\u00e1 est\u00e1 sofrendo\u201d, opina.<\/p>\n<p>Morador de Itabuna, na Bahia, Bruno Nascimento, de 20 anos, conta que est\u00e1 desempregado e que a ajuda do governo por meio do aux\u00edlio emergencial foi essencial para fazer reformas na pr\u00f3pria casa e adquirir equipamentos para manter os estudos \u00e0 dist\u00e2ncia na faculdade.<\/p>\n<p>\u201cA gente precisava comprar alimento e construir uma cobertura no fundo da casa, pois quando chovia molhava tudo. Com certeza, muita coisa que conseguimos no momento foi gra\u00e7as \u00e0 ajuda do governo. At\u00e9 comprei um notebook para acompanhar as aulas online\u201d, alega.<\/p>\n<p><img fetchpriority=\"high\" decoding=\"async\" class=\"aligncenter size-full wp-image-12109\" src=\"https:\/\/correiodasemana.com\/site\/wp-content\/uploads\/2020\/07\/content_WhatsApp_Image_2020-07-20_at_16.02.03_1.jpeg\" alt=\"\" width=\"800\" height=\"501\" srcset=\"https:\/\/correiodasemana.com\/site\/wp-content\/uploads\/2020\/07\/content_WhatsApp_Image_2020-07-20_at_16.02.03_1.jpeg 800w, https:\/\/correiodasemana.com\/site\/wp-content\/uploads\/2020\/07\/content_WhatsApp_Image_2020-07-20_at_16.02.03_1-300x188.jpeg 300w, https:\/\/correiodasemana.com\/site\/wp-content\/uploads\/2020\/07\/content_WhatsApp_Image_2020-07-20_at_16.02.03_1-768x481.jpeg 768w\" sizes=\"(max-width: 800px) 100vw, 800px\" \/><\/p>\n<p>A estudante de Gest\u00e3o em Turismo, Inaie Maria leite, mora no munic\u00edpio baiano de Itaju\u00edpe. Ela tem 20 anos e diz que recebe o Aux\u00edlio Emergencial e que o dinheiro \u00e9 utilizado para reformas em casa e cuidados com a av\u00f3, que \u00e9 idosa. \u201cSe eu n\u00e3o tivesse recebido, a situa\u00e7\u00e3o estaria bem mais apertada. Tamb\u00e9m acho que a ideia de prorrogar o benef\u00edcio \u00e9 mais do que necess\u00e1ria. Como estamos em tempo de pandemia, acredito que seja uma obriga\u00e7\u00e3o do governo\u201d, considera.<\/p>\n<p>A grande quantidade de pessoas aptas a receber o Aux\u00edlio Emergencial levou outra cidade baiana a promover a\u00e7\u00f5es para evitar aglomera\u00e7\u00f5es nas filas para recebimento do benef\u00edcio. A prefeitura de <a href=\"https:\/\/www.pmvc.ba.gov.br\/\">Vit\u00f3ria da Conquista<\/a> pintou faixas nas ruas para indicar onde cada pessoas deveria esperar, com uma dist\u00e2ncia de 1,5 metros uma das outras, frontal e lateral.<\/p>\n<p>\u201cA prefeitura organizou as filas nas ag\u00eancias da Caixa Econ\u00f4mica Federal, juntamente com a Secretaria de Mobilidade Urbana. Fizemos a sinaliza\u00e7\u00e3o nas ruas, com setas, organizando todas as filas e colocando os agentes patrimoniais para fazer a fiscaliza\u00e7\u00e3o durante todo o per\u00edodo de recebimento do aux\u00edlio\u201d, explica Secret\u00e1rio Municipal de Administra\u00e7\u00e3o, Kairan Rocha.<\/p>\n<p>Ainda no Nordeste, outra cidade em destaque pelo recebimento do Aux\u00edlio Emergencial \u00e9 Fortaleza. A capital cearense \u00e9 o quarto munic\u00edpio do pa\u00eds com o maior n\u00famero de benefici\u00e1rios. S\u00e3o mais de 747 mil pessoas e o valor total j\u00e1 recebido \u00e9 superior a R$ 548 milh\u00f5es, segundo o <a href=\"http:\/\/transparencia.gov.br\/comunicados\/603517-portal-da-transparencia-divulga-lista-de-beneficiarios-do-auxilio-emergencial\">Portal da Transpar\u00eancia<\/a>. O estado todo recebeu R$ 6,6 bilh\u00f5es.<\/p>\n<p>O corretor de im\u00f3veis, Agmar Soares, \u00e9 um dos fortalezenses que recebe o Aux\u00edlio Emergencial. Morador do bairro Jardim Am\u00e9rica, ele conta que deixou de receber a totalidade da sua renda por causa da pandemia. Segundo ele, o que o fez manter as contas em dia foi justamente os R$ 600 repassados pelo governo federal.<\/p>\n<p>\u201cNa \u00e9poca em que eu estava sem receber o sal\u00e1rio, principalmente eu que trabalho por produ\u00e7\u00e3o, fiquei preocupado, sem saber como que eu iria pagar o aluguel, por exemplo. Gra\u00e7as a Deus esse aux\u00edlio chegou na hora certa, porque eu fiquei imaginando como eu iria conseguir me manter se n\u00e3o fosse esse benef\u00edcio, j\u00e1 que a economia estava parada por causa da pandemia\u201d, disse.<\/p>\n<p><img decoding=\"async\" class=\"aligncenter size-full wp-image-12110\" src=\"https:\/\/correiodasemana.com\/site\/wp-content\/uploads\/2020\/07\/content_WhatsApp_Image_2020-07-20_at_16.02.03.jpeg\" alt=\"\" width=\"800\" height=\"661\" srcset=\"https:\/\/correiodasemana.com\/site\/wp-content\/uploads\/2020\/07\/content_WhatsApp_Image_2020-07-20_at_16.02.03.jpeg 800w, https:\/\/correiodasemana.com\/site\/wp-content\/uploads\/2020\/07\/content_WhatsApp_Image_2020-07-20_at_16.02.03-300x248.jpeg 300w, https:\/\/correiodasemana.com\/site\/wp-content\/uploads\/2020\/07\/content_WhatsApp_Image_2020-07-20_at_16.02.03-768x635.jpeg 768w\" sizes=\"(max-width: 800px) 100vw, 800px\" \/><\/p>\n<p>No interior do Cear\u00e1, mais especificamente na cidade de Pedra Branca, a 265 km de Fortaleza, a microempres\u00e1ria Talita Cavalcante, de 20 anos, tamb\u00e9m afirma que o Aux\u00edlio Emergencial contribuiu de forma significante para o enfrentamento da crise. Por isso, diante do atual cen\u00e1rio, ela defende que a prorroga\u00e7\u00e3o do pagamento do benef\u00edcio seja mantido enquanto durar o estado de calamidade p\u00fablica.<\/p>\n<p>\u201cInfelizmente, essa pandemia n\u00e3o vai passar rapidamente. Como percebemos, ela j\u00e1 se perdurou por todos esses meses. Pessoas que n\u00e3o t\u00eam estabilidade financeira ou donas de pequenos neg\u00f3cios, como eu, tem muitos desafios a enfrentar durante esse tempo. Ent\u00e3o, \u00e9 de extrema necessidade que esse aux\u00edlio seja prorrogado durante todo esse per\u00edodo\u201d, avalia.<\/p>\n<p><strong>O benef\u00edcio<\/strong><\/p>\n<p>Com o objetivo de ajudar no combate \u00e0 pandemia do novo coronav\u00edrus, o Aux\u00edlio Emergencial, com repasses de R$ 600, foi institu\u00eddo, inicialmente, em tr\u00eas parcelas aprovadas pelo governo federal. Posteriormente, o benef\u00edcio foi estendido por mais dois meses a partir de decis\u00e3o do presidente Jair Bolsonaro, no fim de junho.<\/p>\n<p>O deputado federal, <a href=\"https:\/\/www.camara.leg.br\/deputados\/204548\">Heitor Freire<\/a> (PSL-CE), lembra que apesar de algumas cidades terem adotado o chamado lockdown, as economias locais foram mantidas gra\u00e7as aos valores repassados para a popula\u00e7\u00e3o por meio do aux\u00edlio emergencial.<\/p>\n<p>\u201cEm um cen\u00e1rio onde as atividades econ\u00f4micas foram interrompidas, o papel do estado \u00e9 o de garantir o m\u00ednimo de sobreviv\u00eancia para a popula\u00e7\u00e3o. Eu acredito que foi bem executado, em uma parceria entre o Executivo e o Legislativo. Esses poderes fizeram bem o seu trabalho em poder oferecer o m\u00ednimo de dignidade para as pessoas com esse aux\u00edlio\u201d, pontua o parlamentar.<\/p>\n<p><a href=\"https:\/\/blogdoibre.fgv.br\/posts\/auxilio-emergencial-faz-pobreza-cair-em-plena-pandemia\">Dados<\/a> divulgados pela <a href=\"https:\/\/portal.fgv.br\/fgv-ibre\">FGV Ibre<\/a> revelam que o Aux\u00edlio Emergencial teve um impacto significativo sobre a Taxa de Pobreza agregada no pa\u00eds. O levantamento aponta que, entre a primeira e a \u00faltima semana do m\u00eas de maio, por exemplo, houve uma redu\u00e7\u00e3o da pobreza de 25 para cerca de 22%, e da pobreza extrema de 5 para 3,5%. Al\u00e9m disso, o benef\u00edcio, segundo o balan\u00e7o, evitou que 5,6 milh\u00f5es de crian\u00e7as com idade entre zero e 13 anos passassem para baixo da linha de pobreza extrema no Brasil, durante a pandemia.<\/p>\n<p><img decoding=\"async\" class=\"aligncenter size-full wp-image-12111\" src=\"https:\/\/correiodasemana.com\/site\/wp-content\/uploads\/2020\/07\/content_WhatsApp_Image_2020-07-20_at_16.02.03_2.jpeg\" alt=\"\" width=\"800\" height=\"651\" srcset=\"https:\/\/correiodasemana.com\/site\/wp-content\/uploads\/2020\/07\/content_WhatsApp_Image_2020-07-20_at_16.02.03_2.jpeg 800w, https:\/\/correiodasemana.com\/site\/wp-content\/uploads\/2020\/07\/content_WhatsApp_Image_2020-07-20_at_16.02.03_2-300x244.jpeg 300w, https:\/\/correiodasemana.com\/site\/wp-content\/uploads\/2020\/07\/content_WhatsApp_Image_2020-07-20_at_16.02.03_2-768x625.jpeg 768w\" sizes=\"(max-width: 800px) 100vw, 800px\" \/><\/p>\n<p>O pesquisador da \u00e1rea de Economia Aplicada da FGV Ibre, Daniel Duque, afirma que o Aux\u00edlio Emergencial n\u00e3o foi desenhado para combater a pobreza, No entanto, segundo ele, as condi\u00e7\u00f5es que envolvem valores e grupos determinados da sociedade fizeram com que o benef\u00edcio ajudasse a reduzir a pobreza, pelo menos temporariamente.<\/p>\n<p>\u201cPrimeiro, \u00e9 que o aux\u00edlio est\u00e1 destinado a trabalhadores informais desempregados, que \u00e9 onde se concentra a pobreza no pa\u00eds. O outro fator \u00e9 o fato de que h\u00e1 um benef\u00edcio duplo para m\u00e3es solteiras. Quando isso ocorre, h\u00e1 um foco de forma indireta em fam\u00edlias que, em geral, s\u00e3o mais pobres. Ou seja, essas duas formas de desenho acabam atingindo a pobreza nesse sentido\u201d, explica Duque.<\/p>\n<p>De acordo a Caixa Econ\u00f4mica Federal, entre os mais de 65 milh\u00f5es de beneficiados j\u00e1 contemplados, 19,2 milh\u00f5es receberam os recursos via Bolsa Fam\u00edlia, 10,5 milh\u00f5es via Cadastro \u00danico Federal e 35,7 milh\u00f5es via aplicativo e site<\/p>\n<p>Fonte: <a href=\"https:\/\/brasil61.com\/noticias\/dignidade-auxilio-emergencial-ajuda-familias-do-nordeste-a-encarar-pandemia-bras200960\">Brasil 61<\/a><\/p>\n","protected":false},"excerpt":{"rendered":"<p>A pandemia do novo coronav\u00edrus mudou a vida dos brasileiros. A rotina de trabalho, a&#8230;<\/p>\n","protected":false},"author":1,"featured_media":12112,"comment_status":"open","ping_status":"open","sticky":false,"template":"","format":"standard","meta":{"_jetpack_memberships_contains_paid_content":false,"footnotes":"","jetpack_publicize_message":"","jetpack_publicize_feature_enabled":true,"jetpack_social_post_already_shared":true,"jetpack_social_options":{"image_generator_settings":{"template":"highway","default_image_id":0,"font":"","enabled":false},"version":2}},"categories":[1],"tags":[],"class_list":["post-12108","post","type-post","status-publish","format-standard","has-post-thumbnail","hentry","category-atualidade"],"jetpack_publicize_connections":[],"jetpack_featured_media_url":"https:\/\/correiodasemana.com\/site\/wp-content\/uploads\/2020\/07\/ae_ebc.jpg","jetpack-related-posts":[{"id":13195,"url":"https:\/\/correiodasemana.com\/site\/em-julho-44-milhoes-de-lares-sobreviveram-so-com-auxilio-emergencial\/","url_meta":{"origin":12108,"position":0},"title":"Em julho, 4,4 milh\u00f5es de lares sobreviveram s\u00f3 com aux\u00edlio emergencial","author":"","date":"Agosto 30, 2020","format":false,"excerpt":"Efeito da pandemia continua mais severo entre os idosos Cerca de 4,4 milh\u00f5es (6,5%) de domic\u00edlios brasileiros sobreviveram, em julho, apenas com a renda do aux\u00edlio emergencial pago pelo governo federal para enfrentar os efeitos econ\u00f4micos da pandemia de covid-19. Entre os domic\u00edlios mais pobres, os rendimentos atingiram 124% do\u2026","rel":"","context":"In &quot;Atualidade&quot;","block_context":{"text":"Atualidade","link":"https:\/\/correiodasemana.com\/site\/category\/atualidade\/"},"img":{"alt_text":"","src":"https:\/\/i0.wp.com\/correiodasemana.com\/site\/wp-content\/uploads\/2020\/07\/auxilio-emergencial.jpg?resize=350%2C200&ssl=1","width":350,"height":200,"srcset":"https:\/\/i0.wp.com\/correiodasemana.com\/site\/wp-content\/uploads\/2020\/07\/auxilio-emergencial.jpg?resize=350%2C200&ssl=1 1x, https:\/\/i0.wp.com\/correiodasemana.com\/site\/wp-content\/uploads\/2020\/07\/auxilio-emergencial.jpg?resize=525%2C300&ssl=1 1.5x, https:\/\/i0.wp.com\/correiodasemana.com\/site\/wp-content\/uploads\/2020\/07\/auxilio-emergencial.jpg?resize=700%2C400&ssl=1 2x, https:\/\/i0.wp.com\/correiodasemana.com\/site\/wp-content\/uploads\/2020\/07\/auxilio-emergencial.jpg?resize=1050%2C600&ssl=1 3x"},"classes":[]},{"id":16000,"url":"https:\/\/correiodasemana.com\/site\/pec-emergencial-pode-acabar-com-uma-das-maiores-distorcoes-fiscais-da-industria-automobilistica-brasileira\/","url_meta":{"origin":12108,"position":1},"title":"PEC Emergencial pode acabar com uma das maiores distor\u00e7\u00f5es fiscais da ind\u00fastria automobil\u00edstica brasileira","author":"","date":"Mar\u00e7o 22, 2021","format":false,"excerpt":"O Cear\u00e1 est\u00e1 sendo altamente prejudicado pelos privil\u00e9gios fiscais federais concedidos somente ao Pernambuco e Bahia. Os repasses destes impostos federais industriais n\u00e3o recolhidos na BA e PE, que o seu estado deveria receber do Governo Federal para poder\u00a0redistribuir\u00a0para a popula\u00e7\u00e3o mais pobre, principalmente nesse momento de pandemia, foi utilizado\u2026","rel":"","context":"In &quot;Atualidade&quot;","block_context":{"text":"Atualidade","link":"https:\/\/correiodasemana.com\/site\/category\/atualidade\/"},"img":{"alt_text":"","src":"https:\/\/i0.wp.com\/correiodasemana.com\/site\/wp-content\/uploads\/2020\/07\/WhatsApp-Image-2020-07-27-at-19.14.52.jpeg?resize=350%2C200&ssl=1","width":350,"height":200,"srcset":"https:\/\/i0.wp.com\/correiodasemana.com\/site\/wp-content\/uploads\/2020\/07\/WhatsApp-Image-2020-07-27-at-19.14.52.jpeg?resize=350%2C200&ssl=1 1x, https:\/\/i0.wp.com\/correiodasemana.com\/site\/wp-content\/uploads\/2020\/07\/WhatsApp-Image-2020-07-27-at-19.14.52.jpeg?resize=525%2C300&ssl=1 1.5x, https:\/\/i0.wp.com\/correiodasemana.com\/site\/wp-content\/uploads\/2020\/07\/WhatsApp-Image-2020-07-27-at-19.14.52.jpeg?resize=700%2C400&ssl=1 2x, https:\/\/i0.wp.com\/correiodasemana.com\/site\/wp-content\/uploads\/2020\/07\/WhatsApp-Image-2020-07-27-at-19.14.52.jpeg?resize=1050%2C600&ssl=1 3x"},"classes":[]},{"id":13005,"url":"https:\/\/correiodasemana.com\/site\/bolsonaro-fala-em-estender-auxilio-emergencial-ate-o-final-do-ano\/","url_meta":{"origin":12108,"position":2},"title":"Bolsonaro fala em estender aux\u00edlio emergencial at\u00e9 o final do ano","author":"","date":"Agosto 20, 2020","format":false,"excerpt":"Programa atende 66,4 milh\u00f5es de pessoas no pa\u00eds O presidente Jair Bolsonaro afirmou nesta\u00a0quarta-feira (19) que o aux\u00edlio emergencial deve ser prorrogado por mais alguns meses, podendo ser estendido at\u00e9 o final do ano. A declara\u00e7\u00e3o foi dada durante cerim\u00f4nia, no Pal\u00e1cio do Planalto, em que o presidente sancionou duas\u2026","rel":"","context":"In &quot;Atualidade&quot;","block_context":{"text":"Atualidade","link":"https:\/\/correiodasemana.com\/site\/category\/atualidade\/"},"img":{"alt_text":"","src":"https:\/\/i0.wp.com\/correiodasemana.com\/site\/wp-content\/uploads\/2020\/08\/19082020-solenidade-de-sano-de-medidas-provisrias-de-facilitao-de-acesso-ao-crdito_50245945996_o.jpg?resize=350%2C200&ssl=1","width":350,"height":200,"srcset":"https:\/\/i0.wp.com\/correiodasemana.com\/site\/wp-content\/uploads\/2020\/08\/19082020-solenidade-de-sano-de-medidas-provisrias-de-facilitao-de-acesso-ao-crdito_50245945996_o.jpg?resize=350%2C200&ssl=1 1x, https:\/\/i0.wp.com\/correiodasemana.com\/site\/wp-content\/uploads\/2020\/08\/19082020-solenidade-de-sano-de-medidas-provisrias-de-facilitao-de-acesso-ao-crdito_50245945996_o.jpg?resize=525%2C300&ssl=1 1.5x, https:\/\/i0.wp.com\/correiodasemana.com\/site\/wp-content\/uploads\/2020\/08\/19082020-solenidade-de-sano-de-medidas-provisrias-de-facilitao-de-acesso-ao-crdito_50245945996_o.jpg?resize=700%2C400&ssl=1 2x, https:\/\/i0.wp.com\/correiodasemana.com\/site\/wp-content\/uploads\/2020\/08\/19082020-solenidade-de-sano-de-medidas-provisrias-de-facilitao-de-acesso-ao-crdito_50245945996_o.jpg?resize=1050%2C600&ssl=1 3x"},"classes":[]},{"id":12119,"url":"https:\/\/correiodasemana.com\/site\/auxilio-emergencial-caixa-suspendeu-centenas-de-milhares-de-contas-digitais-por-suspeita-de-fraude\/","url_meta":{"origin":12108,"position":3},"title":"Aux\u00edlio Emergencial: Caixa suspendeu &#8216;centenas de milhares&#8217; de contas digitais por suspeita de fraude","author":"","date":"Julho 22, 2020","format":false,"excerpt":"Trabalhadores que tiveram conta suspensa precisar\u00e3o procurar ag\u00eancia para fazer a libera\u00e7\u00e3o, segundo presidente da Caixa. Benefici\u00e1rios reclamam de problemas para acessar o aplicativo e realizar transa\u00e7\u00f5es. O presidente da\u00a0Caixa Econ\u00f4mica Federal (CEF), Pedro Guimar\u00e3es, afirmou nesta ter\u00e7a-feira (21) que 'centenas de milhares' de contas poupan\u00e7a digital do banco, movimentadas\u2026","rel":"","context":"In &quot;Atualidade&quot;","block_context":{"text":"Atualidade","link":"https:\/\/correiodasemana.com\/site\/category\/atualidade\/"},"img":{"alt_text":"","src":"https:\/\/i0.wp.com\/correiodasemana.com\/site\/wp-content\/uploads\/2020\/07\/auxilio-emergencial.jpg?resize=350%2C200&ssl=1","width":350,"height":200,"srcset":"https:\/\/i0.wp.com\/correiodasemana.com\/site\/wp-content\/uploads\/2020\/07\/auxilio-emergencial.jpg?resize=350%2C200&ssl=1 1x, https:\/\/i0.wp.com\/correiodasemana.com\/site\/wp-content\/uploads\/2020\/07\/auxilio-emergencial.jpg?resize=525%2C300&ssl=1 1.5x, https:\/\/i0.wp.com\/correiodasemana.com\/site\/wp-content\/uploads\/2020\/07\/auxilio-emergencial.jpg?resize=700%2C400&ssl=1 2x, https:\/\/i0.wp.com\/correiodasemana.com\/site\/wp-content\/uploads\/2020\/07\/auxilio-emergencial.jpg?resize=1050%2C600&ssl=1 3x"},"classes":[]},{"id":12191,"url":"https:\/\/correiodasemana.com\/site\/projeto-de-socorro-a-agricultores-familiares-e-aprovado-pela-camara-dos-deputados\/","url_meta":{"origin":12108,"position":4},"title":"Projeto de socorro a agricultores familiares \u00e9 aprovado pela C\u00e2mara dos Deputados","author":"","date":"Julho 25, 2020","format":false,"excerpt":"Texto ainda ser\u00e1 avaliado pelos senadores; PL inclui grupo entre os benefici\u00e1rios do aux\u00edlio emergencial e suspende d\u00edvidas, entre outras medidas A C\u00e2mara dos Deputados aprovou na \u00faltima segunda-feira (20) uma s\u00e9rie de medidas emergenciais que visam ajudar agricultores familiares impactados pela crise econ\u00f4mica em decorr\u00eancia da pandemia da Covid-19.\u2026","rel":"","context":"In &quot;Atualidade&quot;","block_context":{"text":"Atualidade","link":"https:\/\/correiodasemana.com\/site\/category\/atualidade\/"},"img":{"alt_text":"","src":"https:\/\/i0.wp.com\/correiodasemana.com\/site\/wp-content\/uploads\/2020\/07\/agricultores-familiar.jpg?resize=350%2C200&ssl=1","width":350,"height":200,"srcset":"https:\/\/i0.wp.com\/correiodasemana.com\/site\/wp-content\/uploads\/2020\/07\/agricultores-familiar.jpg?resize=350%2C200&ssl=1 1x, https:\/\/i0.wp.com\/correiodasemana.com\/site\/wp-content\/uploads\/2020\/07\/agricultores-familiar.jpg?resize=525%2C300&ssl=1 1.5x, https:\/\/i0.wp.com\/correiodasemana.com\/site\/wp-content\/uploads\/2020\/07\/agricultores-familiar.jpg?resize=700%2C400&ssl=1 2x, https:\/\/i0.wp.com\/correiodasemana.com\/site\/wp-content\/uploads\/2020\/07\/agricultores-familiar.jpg?resize=1050%2C600&ssl=1 3x, https:\/\/i0.wp.com\/correiodasemana.com\/site\/wp-content\/uploads\/2020\/07\/agricultores-familiar.jpg?resize=1400%2C800&ssl=1 4x"},"classes":[]},{"id":13315,"url":"https:\/\/correiodasemana.com\/site\/governo-prorroga-auxilio-emergencial-de-r-300-ate-o-fim-do-ano\/","url_meta":{"origin":12108,"position":5},"title":"Governo prorroga aux\u00edlio emergencial de R$ 300 at\u00e9 o fim do ano","author":"","date":"Setembro 1, 2020","format":false,"excerpt":"An\u00fancio foi feito pelo presidente Jair Bolsonaro O presidente Jair Bolsonaro anunciou hoje (1\u00ba) que o aux\u00edlio emergencial ser\u00e1 prorrogado em mais quatro parcelas de R$ 300. Ele se reuniu na manh\u00e3 desta ter\u00e7a-feira (1\u00ba) com ministros e parlamentares da base do governo, no Pal\u00e1cio da Alvorada, para alinhar as\u2026","rel":"","context":"In &quot;Atualidade&quot;","block_context":{"text":"Atualidade","link":"https:\/\/correiodasemana.com\/site\/category\/atualidade\/"},"img":{"alt_text":"","src":"https:\/\/i0.wp.com\/correiodasemana.com\/site\/wp-content\/uploads\/2020\/09\/50293821921_746fa87a92_o.jpg?resize=350%2C200&ssl=1","width":350,"height":200,"srcset":"https:\/\/i0.wp.com\/correiodasemana.com\/site\/wp-content\/uploads\/2020\/09\/50293821921_746fa87a92_o.jpg?resize=350%2C200&ssl=1 1x, https:\/\/i0.wp.com\/correiodasemana.com\/site\/wp-content\/uploads\/2020\/09\/50293821921_746fa87a92_o.jpg?resize=525%2C300&ssl=1 1.5x, https:\/\/i0.wp.com\/correiodasemana.com\/site\/wp-content\/uploads\/2020\/09\/50293821921_746fa87a92_o.jpg?resize=700%2C400&ssl=1 2x, https:\/\/i0.wp.com\/correiodasemana.com\/site\/wp-content\/uploads\/2020\/09\/50293821921_746fa87a92_o.jpg?resize=1050%2C600&ssl=1 3x"},"classes":[]}],"jetpack_sharing_enabled":true,"_links":{"self":[{"href":"https:\/\/correiodasemana.com\/site\/wp-json\/wp\/v2\/posts\/12108","targetHints":{"allow":["GET"]}}],"collection":[{"href":"https:\/\/correiodasemana.com\/site\/wp-json\/wp\/v2\/posts"}],"about":[{"href":"https:\/\/correiodasemana.com\/site\/wp-json\/wp\/v2\/types\/post"}],"author":[{"embeddable":true,"href":"https:\/\/correiodasemana.com\/site\/wp-json\/wp\/v2\/users\/1"}],"replies":[{"embeddable":true,"href":"https:\/\/correiodasemana.com\/site\/wp-json\/wp\/v2\/comments?post=12108"}],"version-history":[{"count":2,"href":"https:\/\/correiodasemana.com\/site\/wp-json\/wp\/v2\/posts\/12108\/revisions"}],"predecessor-version":[{"id":12114,"href":"https:\/\/correiodasemana.com\/site\/wp-json\/wp\/v2\/posts\/12108\/revisions\/12114"}],"wp:featuredmedia":[{"embeddable":true,"href":"https:\/\/correiodasemana.com\/site\/wp-json\/wp\/v2\/media\/12112"}],"wp:attachment":[{"href":"https:\/\/correiodasemana.com\/site\/wp-json\/wp\/v2\/media?parent=12108"}],"wp:term":[{"taxonomy":"category","embeddable":true,"href":"https:\/\/correiodasemana.com\/site\/wp-json\/wp\/v2\/categories?post=12108"},{"taxonomy":"post_tag","embeddable":true,"href":"https:\/\/correiodasemana.com\/site\/wp-json\/wp\/v2\/tags?post=12108"}],"curies":[{"name":"wp","href":"https:\/\/api.w.org\/{rel}","templated":true}]}}