{"id":12119,"date":"2020-07-22T13:06:12","date_gmt":"2020-07-22T13:06:12","guid":{"rendered":"https:\/\/correiodasemana.com\/site\/?p=12119"},"modified":"2020-07-22T13:06:12","modified_gmt":"2020-07-22T13:06:12","slug":"auxilio-emergencial-caixa-suspendeu-centenas-de-milhares-de-contas-digitais-por-suspeita-de-fraude","status":"publish","type":"post","link":"https:\/\/correiodasemana.com\/site\/auxilio-emergencial-caixa-suspendeu-centenas-de-milhares-de-contas-digitais-por-suspeita-de-fraude\/","title":{"rendered":"Aux\u00edlio Emergencial: Caixa suspendeu &#8216;centenas de milhares&#8217; de contas digitais por suspeita de fraude"},"content":{"rendered":"<p><strong>Trabalhadores que tiveram conta suspensa precisar\u00e3o procurar ag\u00eancia para fazer a libera\u00e7\u00e3o, segundo presidente da Caixa. Benefici\u00e1rios reclamam de problemas para acessar o aplicativo e realizar transa\u00e7\u00f5es.<\/strong><\/p>\n<p>O presidente da\u00a0<a href=\"https:\/\/g1.globo.com\/tudo-sobre\/caixa-economica-federal\/\"><strong>Caixa Econ\u00f4mica Federal (CEF)<\/strong><\/a>, Pedro Guimar\u00e3es, afirmou nesta ter\u00e7a-feira (21) que &#8216;centenas de milhares&#8217; de contas poupan\u00e7a digital do banco, movimentadas pelo Caixa Tem e usadas para o cr\u00e9dito do Aux\u00edlio Emergencial, foram suspensas por suspeita de fraude.<\/p>\n<p>&#8220;Todos os bloqueios s\u00e3o suspeita de fraude&#8221;, afirmou Guimar\u00e3es em entrevista ao portal InfoMoney. &#8220;Suspendemos centenas de milhares de contas sim, e nesse momento as pessoas podem pedir o desbloqueio&#8221;. Ainda segundo Guimar\u00e3es, o total de contas bloqueadas seria equivalente a cerca de 5% do total de aprovados.<\/p>\n<figure id=\"attachment_12120\" aria-describedby=\"caption-attachment-12120\" style=\"width: 984px\" class=\"wp-caption aligncenter\"><img fetchpriority=\"high\" decoding=\"async\" class=\"size-full wp-image-12120\" src=\"https:\/\/correiodasemana.com\/site\/wp-content\/uploads\/2020\/07\/filavirtual.jpg\" alt=\"\" width=\"984\" height=\"1725\" srcset=\"https:\/\/correiodasemana.com\/site\/wp-content\/uploads\/2020\/07\/filavirtual.jpg 984w, https:\/\/correiodasemana.com\/site\/wp-content\/uploads\/2020\/07\/filavirtual-171x300.jpg 171w, https:\/\/correiodasemana.com\/site\/wp-content\/uploads\/2020\/07\/filavirtual-584x1024.jpg 584w, https:\/\/correiodasemana.com\/site\/wp-content\/uploads\/2020\/07\/filavirtual-768x1346.jpg 768w, https:\/\/correiodasemana.com\/site\/wp-content\/uploads\/2020\/07\/filavirtual-876x1536.jpg 876w\" sizes=\"(max-width: 984px) 100vw, 984px\" \/><figcaption id=\"caption-attachment-12120\" class=\"wp-caption-text\">Milhares ainda n\u00e3o sabem se v\u00e3o ou n\u00e3o receber aux\u00edlio emergencial\/ Foto: Caixa<\/figcaption><\/figure>\n<p>De acordo com o executivo,\u00a0<strong>as pessoas que tiveram a conta bloqueada ter\u00e3o que comparecer a uma ag\u00eancia da Caixa e comprovar sua identidade<\/strong>. &#8220;Quando a pessoa vai \u00e0 ag\u00eancia e mostra que \u00e9 ela mesma, n\u00f3s liberamos rapidamente. Se ela n\u00e3o for, ficar\u00e1 sim bloqueado, porque essa quest\u00e3o de fraude nesse momento de pandemia \u00e9 inaceit\u00e1vel&#8221;, disse.<\/p>\n<p>Guimar\u00e3es apontou que a origem de fraude se deu no in\u00edcio dos cadastramentos do Aux\u00edlio Emergencial. De acordo com ele, como muitas pessoas n\u00e3o possu\u00edam celular, a Caixa permitiu que um celular abrisse mais de uma conta, o que foi o &#8220;cerne da fraude&#8221;.<\/p>\n<p>&#8220;Temos as provas de que a grande maioria foram utilizadas por hackers. Mas algumas pessoas s\u00e3o pessoas honestas que foram penalizadas&#8221;, afirmou.<\/p>\n<p>Ele apontou, no entanto, que os respons\u00e1veis j\u00e1 foram identificados, &#8220;e rapidamente ser\u00e3o penalizados&#8221;.<\/p>\n<p>Questionada pelo\u00a0<strong>G1<\/strong>, a Caixa informou que o aplicativo Caixa Tem &#8220;possui m\u00faltiplos mecanismos integrados de seguran\u00e7a, mantendo-se inviol\u00e1vel e seguro&#8221;, e recomendou que os benefici\u00e1rios utilizem apenas aplicativos oficiais da Caixa e n\u00e3o compartilhem informa\u00e7\u00f5es pessoais. Segundo o banco, o bloqueio preventivo \u00e9 feito para proteger os clientes.<\/p>\n<p>Ainda segundo a Caixa, os trabalhadores que tiveram as contas suspensas receber\u00e3o a mensagem \u201cProcure uma ag\u00eancia da CAIXA com seu documento de identidade para regularizar seu cadastro\u201d, e que devem seguir essa orienta\u00e7\u00e3o para a regulariza\u00e7\u00e3o do acesso e conta.<\/p>\n<p>&#8220;O banco esclarece que informa\u00e7\u00f5es sobre eventos criminosos s\u00e3o repassadas exclusivamente \u00e0s autoridades policiais, e ressalta que presta irrestrita colabora\u00e7\u00e3o nas investiga\u00e7\u00f5es&#8221;, apontou a CEF em nota.<\/p>\n<p>O\u00a0<strong>G1<\/strong>\u00a0questionou tamb\u00e9m o n\u00famero exato de contas bloqueadas por suspeita de fraude, mas n\u00e3o obteve retorno at\u00e9 a \u00faltima atualiza\u00e7\u00e3o desta reportagem.<\/p>\n<p><strong>Reclama\u00e7\u00f5es<\/strong><\/p>\n<p>Benefici\u00e1rios do\u00a0<a href=\"https:\/\/g1.globo.com\/economia\/auxilio-emergencial\/\"><strong>Aux\u00edlio Emergencial<\/strong><\/a>\u00a0e do saque emergencial do\u00a0<a href=\"https:\/\/g1.globo.com\/tudo-sobre\/fgts\/\"><strong>FGTS<\/strong><\/a>\u00a0est\u00e3o relatando dificuldades para acessar os recursos por meio do aplicativo Caixa Tem. Nas redes sociais, h\u00e1 relatos de pessoas que n\u00e3o est\u00e3o conseguindo acessar o Caixa Tem, seja para usar o dinheiro do aux\u00edlio emergencial ou do FGTS, seja para acessar o saldo, e falam ainda da demora para concluir uma simples transa\u00e7\u00e3o de compra usando o pr\u00f3prio app. E que a fila virtual de acesso persiste.<\/p>\n<p><strong>Fonte: G1<\/strong><\/p>\n","protected":false},"excerpt":{"rendered":"<p>Trabalhadores que tiveram conta suspensa precisar\u00e3o procurar ag\u00eancia para fazer a libera\u00e7\u00e3o, segundo presidente da&#8230;<\/p>\n","protected":false},"author":1,"featured_media":12121,"comment_status":"open","ping_status":"open","sticky":false,"template":"","format":"standard","meta":{"_jetpack_memberships_contains_paid_content":false,"footnotes":"","jetpack_publicize_message":"","jetpack_publicize_feature_enabled":true,"jetpack_social_post_already_shared":true,"jetpack_social_options":{"image_generator_settings":{"template":"highway","default_image_id":0,"font":"","enabled":false},"version":2}},"categories":[1],"tags":[],"class_list":["post-12119","post","type-post","status-publish","format-standard","has-post-thumbnail","hentry","category-atualidade"],"jetpack_publicize_connections":[],"jetpack_featured_media_url":"https:\/\/correiodasemana.com\/site\/wp-content\/uploads\/2020\/07\/auxilio-emergencial.jpg","jetpack-related-posts":[{"id":12573,"url":"https:\/\/correiodasemana.com\/site\/auxilio-emergencial-caixa-credita-parcelas-para-mais-de-44-milhoes-de-beneficiarios-nesta-quarta-5\/","url_meta":{"origin":12119,"position":0},"title":"Aux\u00edlio emergencial: caixa credita parcelas para mais de 4,4 milh\u00f5es de benefici\u00e1rios nesta quarta (5)","author":"","date":"Agosto 9, 2020","format":false,"excerpt":"Pagamento abrange nascidos em maio j\u00e1 programados para receber nesta data, al\u00e9m dos nascidos de janeiro a maio da nova leva de eleg\u00edveis A CAIXA vai realizar nesta quarta-feira (5) o pagamento do Aux\u00edlio Emergencial para mais de 4,4 milh\u00f5es de benefici\u00e1rios. S\u00e3o 3,9 milh\u00f5es de pessoas nascidas em maio\u2026","rel":"","context":"In &quot;Atualidade&quot;","block_context":{"text":"Atualidade","link":"https:\/\/correiodasemana.com\/site\/category\/atualidade\/"},"img":{"alt_text":"","src":"https:\/\/i0.wp.com\/correiodasemana.com\/site\/wp-content\/uploads\/2020\/07\/auxilio-emergencial-caixa-1592266093900_v2_900x506-750x370-1.jpg?resize=350%2C200&ssl=1","width":350,"height":200,"srcset":"https:\/\/i0.wp.com\/correiodasemana.com\/site\/wp-content\/uploads\/2020\/07\/auxilio-emergencial-caixa-1592266093900_v2_900x506-750x370-1.jpg?resize=350%2C200&ssl=1 1x, https:\/\/i0.wp.com\/correiodasemana.com\/site\/wp-content\/uploads\/2020\/07\/auxilio-emergencial-caixa-1592266093900_v2_900x506-750x370-1.jpg?resize=525%2C300&ssl=1 1.5x, https:\/\/i0.wp.com\/correiodasemana.com\/site\/wp-content\/uploads\/2020\/07\/auxilio-emergencial-caixa-1592266093900_v2_900x506-750x370-1.jpg?resize=700%2C400&ssl=1 2x"},"classes":[]},{"id":16128,"url":"https:\/\/correiodasemana.com\/site\/governo-federal-anuncia-o-inicio-do-pagamento-do-auxilio-emergencial-para-dia-6-de-abril\/","url_meta":{"origin":12119,"position":1},"title":"Governo Federal anuncia o in\u00edcio do pagamento do Aux\u00edlio Emergencial para dia 6 de abril","author":"","date":"Abril 5, 2021","format":false,"excerpt":"Por Samuel Carvalho - Reda\u00e7\u00e3o Correio da Semana Foi anunciado pelo Ministro da Cidadania, Jo\u00e3o Roma, na quarta-feira a data para o come\u00e7o do pagamento da nova parcela do aux\u00edlio emergencial. O valor do benef\u00edcio passar\u00e1 a ser debitado automaticamente na conta dos benefici\u00e1rios a partir da pr\u00f3xima ter\u00e7a-feira, 6\u2026","rel":"","context":"In &quot;Atualidade&quot;","block_context":{"text":"Atualidade","link":"https:\/\/correiodasemana.com\/site\/category\/atualidade\/"},"img":{"alt_text":"","src":"https:\/\/i0.wp.com\/correiodasemana.com\/site\/wp-content\/uploads\/2021\/04\/auxilio-emergencial-2021-tem-o-primeiro-pagamento-em-6-de-abril-agencia-brasil_2605438.jpg?resize=350%2C200&ssl=1","width":350,"height":200,"srcset":"https:\/\/i0.wp.com\/correiodasemana.com\/site\/wp-content\/uploads\/2021\/04\/auxilio-emergencial-2021-tem-o-primeiro-pagamento-em-6-de-abril-agencia-brasil_2605438.jpg?resize=350%2C200&ssl=1 1x, https:\/\/i0.wp.com\/correiodasemana.com\/site\/wp-content\/uploads\/2021\/04\/auxilio-emergencial-2021-tem-o-primeiro-pagamento-em-6-de-abril-agencia-brasil_2605438.jpg?resize=525%2C300&ssl=1 1.5x, https:\/\/i0.wp.com\/correiodasemana.com\/site\/wp-content\/uploads\/2021\/04\/auxilio-emergencial-2021-tem-o-primeiro-pagamento-em-6-de-abril-agencia-brasil_2605438.jpg?resize=700%2C400&ssl=1 2x, https:\/\/i0.wp.com\/correiodasemana.com\/site\/wp-content\/uploads\/2021\/04\/auxilio-emergencial-2021-tem-o-primeiro-pagamento-em-6-de-abril-agencia-brasil_2605438.jpg?resize=1050%2C600&ssl=1 3x"},"classes":[]},{"id":15975,"url":"https:\/\/correiodasemana.com\/site\/caixa-diz-que-calendario-do-novo-auxilio-emergencial-esta-pronto\/","url_meta":{"origin":12119,"position":2},"title":"Caixa diz que calend\u00e1rio do novo aux\u00edlio emergencial est\u00e1 pronto","author":"","date":"Mar\u00e7o 22, 2021","format":false,"excerpt":"An\u00fancio das datas de pagamento depende da valida\u00e7\u00e3o do presidente Por Wellton M\u00e1ximo \u2013 Rep\u00f3rter da Ag\u00eancia Brasil - Bras\u00edlia O calend\u00e1rio de pagamento da nova rodada do aux\u00edlio emergencial est\u00e1 pronto, anunciou, hoje (18), o presidente da Caixa Econ\u00f4mica Federal, Pedro Guimar\u00e3es. As datas de pagamento, no entanto, dependem\u2026","rel":"","context":"In &quot;Atualidade&quot;","block_context":{"text":"Atualidade","link":"https:\/\/correiodasemana.com\/site\/category\/atualidade\/"},"img":{"alt_text":"","src":"https:\/\/i0.wp.com\/correiodasemana.com\/site\/wp-content\/uploads\/2020\/07\/auxilio-emergencial.jpg?resize=350%2C200&ssl=1","width":350,"height":200,"srcset":"https:\/\/i0.wp.com\/correiodasemana.com\/site\/wp-content\/uploads\/2020\/07\/auxilio-emergencial.jpg?resize=350%2C200&ssl=1 1x, https:\/\/i0.wp.com\/correiodasemana.com\/site\/wp-content\/uploads\/2020\/07\/auxilio-emergencial.jpg?resize=525%2C300&ssl=1 1.5x, https:\/\/i0.wp.com\/correiodasemana.com\/site\/wp-content\/uploads\/2020\/07\/auxilio-emergencial.jpg?resize=700%2C400&ssl=1 2x, https:\/\/i0.wp.com\/correiodasemana.com\/site\/wp-content\/uploads\/2020\/07\/auxilio-emergencial.jpg?resize=1050%2C600&ssl=1 3x"},"classes":[]},{"id":21820,"url":"https:\/\/correiodasemana.com\/site\/europol-desarticula-rede-internacional-que-aplicava-milhoes-de-golpes-por-telefone\/","url_meta":{"origin":12119,"position":3},"title":"Europol desarticula rede internacional que aplicava milh\u00f5es de golpes por telefone","author":"","date":"Novembro 24, 2022","format":false,"excerpt":"Uma rede criminosa que fraudou milh\u00f5es de d\u00f3lares de centenas de milhares de v\u00edtimas em v\u00e1rios continentes por meio de telefonemas fraudulentos foi desmantelada em uma opera\u00e7\u00e3o policial internacional, anunciaram a Scotland Yard e a Europol nesta quinta-feira (24). As perdas totais a n\u00edvel mundial ultrapassam os 100 milh\u00f5es de\u2026","rel":"","context":"In &quot;Atualidade&quot;","block_context":{"text":"Atualidade","link":"https:\/\/correiodasemana.com\/site\/category\/atualidade\/"},"img":{"alt_text":"","src":"https:\/\/i0.wp.com\/correiodasemana.com\/site\/wp-content\/uploads\/2022\/11\/europol.jpg?resize=350%2C200&ssl=1","width":350,"height":200,"srcset":"https:\/\/i0.wp.com\/correiodasemana.com\/site\/wp-content\/uploads\/2022\/11\/europol.jpg?resize=350%2C200&ssl=1 1x, https:\/\/i0.wp.com\/correiodasemana.com\/site\/wp-content\/uploads\/2022\/11\/europol.jpg?resize=525%2C300&ssl=1 1.5x"},"classes":[]},{"id":23029,"url":"https:\/\/correiodasemana.com\/site\/quatro-homens-sao-presos-suspeitos-de-tentarem-fraudar-concurso-da-pm-no-ceara\/","url_meta":{"origin":12119,"position":4},"title":"Quatro homens s\u00e3o presos suspeitos de tentarem fraudar concurso da PM no Cear\u00e1","author":"","date":"Janeiro 23, 2023","format":false,"excerpt":"Entre os presos est\u00e1 um homem que tentou fazer a prova usando identidade falsa e c\u00e2mera e um outro que pretendia entrar na sala com um celular. Quatro homens foram presos durante a prova escrita do concurso para soldado da Pol\u00edcia Militar do Estado, aplicada na tarde deste domingo, 22.\u2026","rel":"","context":"In &quot;Atualidade&quot;","block_context":{"text":"Atualidade","link":"https:\/\/correiodasemana.com\/site\/category\/atualidade\/"},"img":{"alt_text":"","src":"https:\/\/i0.wp.com\/correiodasemana.com\/site\/wp-content\/uploads\/2023\/01\/1_apreensao_fraude_concurso_pm_ceara-20894053.jpeg?resize=350%2C200&ssl=1","width":350,"height":200,"srcset":"https:\/\/i0.wp.com\/correiodasemana.com\/site\/wp-content\/uploads\/2023\/01\/1_apreensao_fraude_concurso_pm_ceara-20894053.jpeg?resize=350%2C200&ssl=1 1x, https:\/\/i0.wp.com\/correiodasemana.com\/site\/wp-content\/uploads\/2023\/01\/1_apreensao_fraude_concurso_pm_ceara-20894053.jpeg?resize=525%2C300&ssl=1 1.5x, https:\/\/i0.wp.com\/correiodasemana.com\/site\/wp-content\/uploads\/2023\/01\/1_apreensao_fraude_concurso_pm_ceara-20894053.jpeg?resize=700%2C400&ssl=1 2x"},"classes":[]},{"id":12162,"url":"https:\/\/correiodasemana.com\/site\/caixa-amplia-pausa-no-financiamento-imobiliario-para-180-dias-veja-como-solicitar\/","url_meta":{"origin":12119,"position":5},"title":"CAIXA amplia pausa no financiamento imobili\u00e1rio para 180 dias; veja como solicitar","author":"","date":"Julho 23, 2020","format":false,"excerpt":"Est\u00e1 confirmado! A\u00a0Caixa Econ\u00f4mica Federal\u00a0aumentou o per\u00edodo total de pausa emergencial no\u00a0pagamento do financiamento\u00a0da casa pr\u00f3pria. Agora, o prazo ser\u00e1 de 180 meses. A pausa nos pagamentos foi anunciada desde mar\u00e7o. A\u00a0Caixa\u00a0havia prorrogado por duas vezes e valia por quatro presta\u00e7\u00f5es mensais (120 dias). Agora, a nova paralisa\u00e7\u00e3o, de mais\u2026","rel":"","context":"In &quot;Atualidade&quot;","block_context":{"text":"Atualidade","link":"https:\/\/correiodasemana.com\/site\/category\/atualidade\/"},"img":{"alt_text":"","src":"https:\/\/i0.wp.com\/correiodasemana.com\/site\/wp-content\/uploads\/2020\/07\/caixa-economica.jpg?resize=350%2C200&ssl=1","width":350,"height":200,"srcset":"https:\/\/i0.wp.com\/correiodasemana.com\/site\/wp-content\/uploads\/2020\/07\/caixa-economica.jpg?resize=350%2C200&ssl=1 1x, https:\/\/i0.wp.com\/correiodasemana.com\/site\/wp-content\/uploads\/2020\/07\/caixa-economica.jpg?resize=525%2C300&ssl=1 1.5x, https:\/\/i0.wp.com\/correiodasemana.com\/site\/wp-content\/uploads\/2020\/07\/caixa-economica.jpg?resize=700%2C400&ssl=1 2x"},"classes":[]}],"jetpack_sharing_enabled":true,"_links":{"self":[{"href":"https:\/\/correiodasemana.com\/site\/wp-json\/wp\/v2\/posts\/12119","targetHints":{"allow":["GET"]}}],"collection":[{"href":"https:\/\/correiodasemana.com\/site\/wp-json\/wp\/v2\/posts"}],"about":[{"href":"https:\/\/correiodasemana.com\/site\/wp-json\/wp\/v2\/types\/post"}],"author":[{"embeddable":true,"href":"https:\/\/correiodasemana.com\/site\/wp-json\/wp\/v2\/users\/1"}],"replies":[{"embeddable":true,"href":"https:\/\/correiodasemana.com\/site\/wp-json\/wp\/v2\/comments?post=12119"}],"version-history":[{"count":2,"href":"https:\/\/correiodasemana.com\/site\/wp-json\/wp\/v2\/posts\/12119\/revisions"}],"predecessor-version":[{"id":12123,"href":"https:\/\/correiodasemana.com\/site\/wp-json\/wp\/v2\/posts\/12119\/revisions\/12123"}],"wp:featuredmedia":[{"embeddable":true,"href":"https:\/\/correiodasemana.com\/site\/wp-json\/wp\/v2\/media\/12121"}],"wp:attachment":[{"href":"https:\/\/correiodasemana.com\/site\/wp-json\/wp\/v2\/media?parent=12119"}],"wp:term":[{"taxonomy":"category","embeddable":true,"href":"https:\/\/correiodasemana.com\/site\/wp-json\/wp\/v2\/categories?post=12119"},{"taxonomy":"post_tag","embeddable":true,"href":"https:\/\/correiodasemana.com\/site\/wp-json\/wp\/v2\/tags?post=12119"}],"curies":[{"name":"wp","href":"https:\/\/api.w.org\/{rel}","templated":true}]}}