{"id":12124,"date":"2020-07-22T13:38:15","date_gmt":"2020-07-22T13:38:15","guid":{"rendered":"https:\/\/correiodasemana.com\/site\/?p=12124"},"modified":"2020-07-22T13:38:15","modified_gmt":"2020-07-22T13:38:15","slug":"deputado-quer-acabar-com-heranca-de-imoveis-funcionais","status":"publish","type":"post","link":"https:\/\/correiodasemana.com\/site\/deputado-quer-acabar-com-heranca-de-imoveis-funcionais\/","title":{"rendered":"Deputado quer acabar com \u201cheran\u00e7a\u201d de im\u00f3veis funcionais"},"content":{"rendered":"<p>O deputado federal\u00a0<strong><a href=\"https:\/\/congressoemfoco.uol.com.br\/tag\/leo-moraes\/\">L\u00e9o Moraes (Podemos-RO)<\/a><\/strong>\u00a0protocolou na C\u00e2mara dos Deputados, na \u00faltima quinta-feira (7), um projeto de resolu\u00e7\u00e3o para acabar com uma regra que permite a passagem de im\u00f3veis funcionais, em Bras\u00edlia, de parlamentares<strong><a href=\"https:\/\/congressoemfoco.uol.com.br\/tag\/bancada-dos-parentes\/\">\u00a0que deixam o cargo para parentes pr\u00f3ximos<\/a><\/strong>\u00a0que assumem uma cadeira no Congresso.<\/p>\n<p>Quando se inicia uma nova legislatura, parlamentares que desejam ocupar um im\u00f3vel funcional podem ter de enfrentar uma lista de espera. Mas uma regra v\u00e1lida desde 2011 \u2013 que Moraes quer abolir com o projeto \u2013 determina que &#8220;parlamentar que seja c\u00f4njuge, neto, av\u00f4, filho, pai ou irm\u00e3o&#8221; de outro que est\u00e1 deixando o cargo pode ficar com o im\u00f3vel, &#8220;furando&#8221; a fila.<\/p>\n<p>Na nova legislatura da C\u00e2mara, que tomou posse na \u00faltima sexta (1),<strong><a href=\"https:\/\/congressoemfoco.uol.com.br\/legislativo\/na-nova-camara-21-deputados-herdarao-gabinetes-de-parentes\/\">\u00a0h\u00e1 21 deputados que se enquadram nesta condi\u00e7\u00e3o<\/a><\/strong>\u00a0(familiares de um congressista que acabou de encerrar o mandato na Casa). Al\u00e9m de poderem ocupar o mesmo im\u00f3vel funcional, os &#8220;parentes sucessores&#8221; t\u00eam direito a ficar com o mesmo gabinete.<\/p>\n<p>Para o deputado do Podemos, que est\u00e1 em seu primeiro mandato, &#8220;h\u00e1 flagrante desigualdade quando se confere privil\u00e9gio a determinada pessoa pela sua liga\u00e7\u00e3o sangu\u00ednea com um ex-parlamentar&#8221;.<\/p>\n<p><a href=\"https:\/\/congressoemfoco.uol.com.br\/author\/rafael-neves\/\">Por\u00a0<strong>Rafael Neves<\/strong><\/a><\/p>\n<p>Fonte: Congresso em Foco<\/p>\n<p>&nbsp;<\/p>\n","protected":false},"excerpt":{"rendered":"<p>O deputado federal\u00a0L\u00e9o Moraes (Podemos-RO)\u00a0protocolou na C\u00e2mara dos Deputados, na \u00faltima quinta-feira (7), um projeto&#8230;<\/p>\n","protected":false},"author":1,"featured_media":12125,"comment_status":"open","ping_status":"open","sticky":false,"template":"","format":"standard","meta":{"_jetpack_memberships_contains_paid_content":false,"footnotes":"","jetpack_publicize_message":"","jetpack_publicize_feature_enabled":true,"jetpack_social_post_already_shared":true,"jetpack_social_options":{"image_generator_settings":{"template":"highway","default_image_id":0,"font":"","enabled":false},"version":2}},"categories":[1],"tags":[],"class_list":["post-12124","post","type-post","status-publish","format-standard","has-post-thumbnail","hentry","category-atualidade"],"jetpack_publicize_connections":[],"jetpack_featured_media_url":"https:\/\/correiodasemana.com\/site\/wp-content\/uploads\/2020\/07\/20181011_Reproducao_Facebook-750x430-1.jpg","jetpack-related-posts":[{"id":23100,"url":"https:\/\/correiodasemana.com\/site\/arthur-lira-aumenta-auxilio-moradia-dos-deputados\/","url_meta":{"origin":12124,"position":0},"title":"Arthur Lira aumenta aux\u00edlio-moradia dos deputados","author":"","date":"Janeiro 25, 2023","format":false,"excerpt":"Benef\u00edcio ter\u00e1 reajuste de 56%, passando de R$ 4.253 para R$ 6.654; pol\u00edtico \u00e9 favorito na disputa pelo comando da Casa. Os deputados federais v\u00e3o come\u00e7ar a nova legislatura, em fevereiro, com o aumento de 56% no valor do valor aux\u00edlio moradia. O benef\u00edcio passa dos R$ 4.253 para R$\u2026","rel":"","context":"In &quot;Atualidade&quot;","block_context":{"text":"Atualidade","link":"https:\/\/correiodasemana.com\/site\/category\/atualidade\/"},"img":{"alt_text":"","src":"https:\/\/i0.wp.com\/correiodasemana.com\/site\/wp-content\/uploads\/2023\/01\/fivzy2xwqaib8p.jpg?resize=350%2C200&ssl=1","width":350,"height":200,"srcset":"https:\/\/i0.wp.com\/correiodasemana.com\/site\/wp-content\/uploads\/2023\/01\/fivzy2xwqaib8p.jpg?resize=350%2C200&ssl=1 1x, https:\/\/i0.wp.com\/correiodasemana.com\/site\/wp-content\/uploads\/2023\/01\/fivzy2xwqaib8p.jpg?resize=525%2C300&ssl=1 1.5x"},"classes":[]},{"id":22905,"url":"https:\/\/correiodasemana.com\/site\/presidente-do-cazaquistao-dissolve-parlamento-e-anuncia-eleicoes-antecipadas\/","url_meta":{"origin":12124,"position":1},"title":"Presidente do Cazaquist\u00e3o dissolve Parlamento e anuncia elei\u00e7\u00f5es antecipadas","author":"","date":"Janeiro 19, 2023","format":false,"excerpt":"\"Decidi dissolver a s\u00e9tima legislatura\" da C\u00e2mera Baixa do Parlamento da Rep\u00fablica do Cazaquist\u00e3o e \"marcar elei\u00e7\u00f5es antecipadas para 19 de mar\u00e7o de 2023\", diz o decreto do chefe de Estado. Tok\u00e1yev tamb\u00e9m dissolveu parlamento locais, nos quais os deputados s\u00e3o eleitos por sufr\u00e1gio universal. O an\u00fancio acontece quatro meses\u2026","rel":"","context":"In &quot;Atualidade&quot;","block_context":{"text":"Atualidade","link":"https:\/\/correiodasemana.com\/site\/category\/atualidade\/"},"img":{"alt_text":"","src":"https:\/\/i0.wp.com\/correiodasemana.com\/site\/wp-content\/uploads\/2023\/01\/Kassym-Jomart-Tokayev.webp?resize=350%2C200&ssl=1","width":350,"height":200,"srcset":"https:\/\/i0.wp.com\/correiodasemana.com\/site\/wp-content\/uploads\/2023\/01\/Kassym-Jomart-Tokayev.webp?resize=350%2C200&ssl=1 1x, https:\/\/i0.wp.com\/correiodasemana.com\/site\/wp-content\/uploads\/2023\/01\/Kassym-Jomart-Tokayev.webp?resize=525%2C300&ssl=1 1.5x, https:\/\/i0.wp.com\/correiodasemana.com\/site\/wp-content\/uploads\/2023\/01\/Kassym-Jomart-Tokayev.webp?resize=700%2C400&ssl=1 2x, https:\/\/i0.wp.com\/correiodasemana.com\/site\/wp-content\/uploads\/2023\/01\/Kassym-Jomart-Tokayev.webp?resize=1050%2C600&ssl=1 3x, https:\/\/i0.wp.com\/correiodasemana.com\/site\/wp-content\/uploads\/2023\/01\/Kassym-Jomart-Tokayev.webp?resize=1400%2C800&ssl=1 4x"},"classes":[]},{"id":30352,"url":"https:\/\/correiodasemana.com\/site\/nos-18-anos-da-lei-maria-da-penha-procuradora-da-camara-pede-conscientizacao-da-sociedade\/","url_meta":{"origin":12124,"position":2},"title":"Nos 18 anos da Lei Maria da Penha, procuradora da C\u00e2mara pede conscientiza\u00e7\u00e3o da sociedade","author":"adminredacao","date":"Agosto 12, 2024","format":false,"excerpt":"No \u00faltimo ano, todos os tipos de viol\u00eancia contra a mulher aumentaram no Brasil; mais de 300 projetos em an\u00e1lise na C\u00e2mara querem alterar a legisla\u00e7\u00e3o Por Bruno Spada \/C\u00e2mara dos Deputados A Lei Maria da Penha, criada para combater a viol\u00eancia dom\u00e9stica e familiar contra as mulheres, completa 18\u2026","rel":"","context":"In &quot;Atualidade&quot;","block_context":{"text":"Atualidade","link":"https:\/\/correiodasemana.com\/site\/category\/atualidade\/"},"img":{"alt_text":"","src":"https:\/\/i0.wp.com\/correiodasemana.com\/site\/wp-content\/uploads\/2024\/08\/img20240611171756135-768x473-1.jpg?resize=350%2C200&ssl=1","width":350,"height":200,"srcset":"https:\/\/i0.wp.com\/correiodasemana.com\/site\/wp-content\/uploads\/2024\/08\/img20240611171756135-768x473-1.jpg?resize=350%2C200&ssl=1 1x, https:\/\/i0.wp.com\/correiodasemana.com\/site\/wp-content\/uploads\/2024\/08\/img20240611171756135-768x473-1.jpg?resize=525%2C300&ssl=1 1.5x, https:\/\/i0.wp.com\/correiodasemana.com\/site\/wp-content\/uploads\/2024\/08\/img20240611171756135-768x473-1.jpg?resize=700%2C400&ssl=1 2x"},"classes":[]},{"id":23298,"url":"https:\/\/correiodasemana.com\/site\/novo-congresso-toma-posse-nesta-quarta-1\/","url_meta":{"origin":12124,"position":3},"title":"Novo Congresso toma posse nesta quarta (1) fevereiro","author":"","date":"Fevereiro 1, 2023","format":false,"excerpt":"Nesta quarta-feira, 1\u00ba, inicia-se oficialmente a\u00a053\u00aa legislatura do\u00a0Congresso Nacional, com a posse de deputados federais e senadores eleitos e reeleitos no dia 2 de outubro do ano passado. Os primeiros exercer\u00e3o um mandato no quadri\u00eanio 2023-2027. Os integrantes da Casa Alta do Parlamento brasileiro, por sua vez, ter\u00e3o oito anos\u2026","rel":"","context":"In &quot;Atualidade&quot;","block_context":{"text":"Atualidade","link":"https:\/\/correiodasemana.com\/site\/category\/atualidade\/"},"img":{"alt_text":"","src":"https:\/\/i0.wp.com\/correiodasemana.com\/site\/wp-content\/uploads\/2023\/02\/imagem_materia.jfif_.jpg?resize=350%2C200&ssl=1","width":350,"height":200,"srcset":"https:\/\/i0.wp.com\/correiodasemana.com\/site\/wp-content\/uploads\/2023\/02\/imagem_materia.jfif_.jpg?resize=350%2C200&ssl=1 1x, https:\/\/i0.wp.com\/correiodasemana.com\/site\/wp-content\/uploads\/2023\/02\/imagem_materia.jfif_.jpg?resize=525%2C300&ssl=1 1.5x, https:\/\/i0.wp.com\/correiodasemana.com\/site\/wp-content\/uploads\/2023\/02\/imagem_materia.jfif_.jpg?resize=700%2C400&ssl=1 2x"},"classes":[]},{"id":10122,"url":"https:\/\/correiodasemana.com\/site\/camara-aprova-pacote-anticrime-texto-vai-ao-senado\/","url_meta":{"origin":12124,"position":4},"title":"C\u00e2mara aprova pacote anticrime; texto vai ao Senado","author":"","date":"Dezembro 9, 2019","format":false,"excerpt":"Projeto de lei traz modifica\u00e7\u00f5es na legisla\u00e7\u00e3o e no processo penal Ag\u00eancia Brasil O plen\u00e1rio da C\u00e2mara aprovou quarta-feira (4) o\u00a0projeto de lei do pacote anticrime (PL 10372\/18). O texto-base foi aprovado por 408 votos a favor, 9 contra, e 2 absten\u00e7\u00f5es e, posteriormente, os parlamentares rejeitaram um destaque do\u2026","rel":"","context":"In &quot;Atualidade&quot;","block_context":{"text":"Atualidade","link":"https:\/\/correiodasemana.com\/site\/category\/atualidade\/"},"img":{"alt_text":"","src":"https:\/\/i0.wp.com\/correiodasemana.com\/site\/wp-content\/uploads\/2019\/12\/P%C3%A1g-9-imagem.jpg?resize=350%2C200&ssl=1","width":350,"height":200,"srcset":"https:\/\/i0.wp.com\/correiodasemana.com\/site\/wp-content\/uploads\/2019\/12\/P%C3%A1g-9-imagem.jpg?resize=350%2C200&ssl=1 1x, https:\/\/i0.wp.com\/correiodasemana.com\/site\/wp-content\/uploads\/2019\/12\/P%C3%A1g-9-imagem.jpg?resize=525%2C300&ssl=1 1.5x, https:\/\/i0.wp.com\/correiodasemana.com\/site\/wp-content\/uploads\/2019\/12\/P%C3%A1g-9-imagem.jpg?resize=700%2C400&ssl=1 2x, https:\/\/i0.wp.com\/correiodasemana.com\/site\/wp-content\/uploads\/2019\/12\/P%C3%A1g-9-imagem.jpg?resize=1050%2C600&ssl=1 3x"},"classes":[]},{"id":29153,"url":"https:\/\/correiodasemana.com\/site\/becco-ponto-com-165\/","url_meta":{"origin":12124,"position":5},"title":"Becco Ponto Com","author":"adminredacao","date":"Maio 6, 2024","format":false,"excerpt":"Aliada de Cid Gomes, bra\u00e7o direito de Camilo deve deixar o MEC e mira disputa \u00e0 prefeitura de Sobral Ex-governadora do Cear\u00e1, Izolda Cela ainda n\u00e3o decidiu se estar\u00e1 na disputa, mas ficar\u00e1 a disposi\u00e7\u00e3o do PSB. Secret\u00e1ria foi uma das respons\u00e1veis por transformar cidade em refer\u00eancia no ensino nos\u2026","rel":"","context":"In &quot;Artigos&quot;","block_context":{"text":"Artigos","link":"https:\/\/correiodasemana.com\/site\/category\/artigos\/"},"img":{"alt_text":"","src":"https:\/\/i0.wp.com\/correiodasemana.com\/site\/wp-content\/uploads\/2021\/09\/Dr-Chico-Prado-Trofeu-Dom-Jose-1.jpg?resize=350%2C200&ssl=1","width":350,"height":200,"srcset":"https:\/\/i0.wp.com\/correiodasemana.com\/site\/wp-content\/uploads\/2021\/09\/Dr-Chico-Prado-Trofeu-Dom-Jose-1.jpg?resize=350%2C200&ssl=1 1x, https:\/\/i0.wp.com\/correiodasemana.com\/site\/wp-content\/uploads\/2021\/09\/Dr-Chico-Prado-Trofeu-Dom-Jose-1.jpg?resize=525%2C300&ssl=1 1.5x, https:\/\/i0.wp.com\/correiodasemana.com\/site\/wp-content\/uploads\/2021\/09\/Dr-Chico-Prado-Trofeu-Dom-Jose-1.jpg?resize=700%2C400&ssl=1 2x, https:\/\/i0.wp.com\/correiodasemana.com\/site\/wp-content\/uploads\/2021\/09\/Dr-Chico-Prado-Trofeu-Dom-Jose-1.jpg?resize=1050%2C600&ssl=1 3x, https:\/\/i0.wp.com\/correiodasemana.com\/site\/wp-content\/uploads\/2021\/09\/Dr-Chico-Prado-Trofeu-Dom-Jose-1.jpg?resize=1400%2C800&ssl=1 4x"},"classes":[]}],"jetpack_sharing_enabled":true,"_links":{"self":[{"href":"https:\/\/correiodasemana.com\/site\/wp-json\/wp\/v2\/posts\/12124","targetHints":{"allow":["GET"]}}],"collection":[{"href":"https:\/\/correiodasemana.com\/site\/wp-json\/wp\/v2\/posts"}],"about":[{"href":"https:\/\/correiodasemana.com\/site\/wp-json\/wp\/v2\/types\/post"}],"author":[{"embeddable":true,"href":"https:\/\/correiodasemana.com\/site\/wp-json\/wp\/v2\/users\/1"}],"replies":[{"embeddable":true,"href":"https:\/\/correiodasemana.com\/site\/wp-json\/wp\/v2\/comments?post=12124"}],"version-history":[{"count":2,"href":"https:\/\/correiodasemana.com\/site\/wp-json\/wp\/v2\/posts\/12124\/revisions"}],"predecessor-version":[{"id":12127,"href":"https:\/\/correiodasemana.com\/site\/wp-json\/wp\/v2\/posts\/12124\/revisions\/12127"}],"wp:featuredmedia":[{"embeddable":true,"href":"https:\/\/correiodasemana.com\/site\/wp-json\/wp\/v2\/media\/12125"}],"wp:attachment":[{"href":"https:\/\/correiodasemana.com\/site\/wp-json\/wp\/v2\/media?parent=12124"}],"wp:term":[{"taxonomy":"category","embeddable":true,"href":"https:\/\/correiodasemana.com\/site\/wp-json\/wp\/v2\/categories?post=12124"},{"taxonomy":"post_tag","embeddable":true,"href":"https:\/\/correiodasemana.com\/site\/wp-json\/wp\/v2\/tags?post=12124"}],"curies":[{"name":"wp","href":"https:\/\/api.w.org\/{rel}","templated":true}]}}