{"id":12128,"date":"2020-07-22T14:08:16","date_gmt":"2020-07-22T14:08:16","guid":{"rendered":"https:\/\/correiodasemana.com\/site\/?p=12128"},"modified":"2020-07-22T14:08:16","modified_gmt":"2020-07-22T14:08:16","slug":"o-ensino-a-distancia-e-uma-realidade-a-qual-temos-que-nos-adaptar","status":"publish","type":"post","link":"https:\/\/correiodasemana.com\/site\/o-ensino-a-distancia-e-uma-realidade-a-qual-temos-que-nos-adaptar\/","title":{"rendered":"O ensino \u00e0 dist\u00e2ncia \u00e9 uma realidade \u00e0 qual temos que nos adaptar"},"content":{"rendered":"<p style=\"text-align: justify; line-height: 14.25pt;\"><span style=\"font-size: 10.0pt; font-family: 'Arial','sans-serif'; color: #232121;\">Os tempos que vivemos s\u00e3o tempos de mudan\u00e7a. H\u00e1 novas realidades a que n\u00f3s temos que adaptar, novas formas de viver e de experienciar. O ensino \u00e0 dist\u00e2ncia \u00e9 uma dessas novas etapas que teremos que integrar nas nossas vidas.<\/span><\/p>\n<p style=\"text-align: justify; line-height: 14.25pt; box-sizing: border-box; text-rendering: optimizelegibility;\"><span style=\"font-size: 10.0pt; font-family: 'Arial','sans-serif'; color: #232121;\">Segundo o neurofil\u00f3sofo, psicopedagogo e especialista em estudos da mente humana,\u00a0<a style=\"box-sizing: border-box; text-rendering: optimizelegibility;\" href=\"https:\/\/www.instagram.com\/fabianodeabreuoficial\/\" target=\"_blank\" rel=\"noopener noreferrer\" data-saferedirecturl=\"https:\/\/www.google.com\/url?q=https:\/\/www.instagram.com\/fabianodeabreuoficial\/&amp;source=gmail&amp;ust=1595499895908000&amp;usg=AFQjCNFNpbXUbtspbrHcGt9ARgsCvVbjcg\"><strong style=\"box-sizing: border-box; text-rendering: optimizelegibility;\"><span style=\"font-family: 'Arial','sans-serif'; color: darkorchid; text-decoration: none; text-underline: none;\">Fabiano de Abreu<\/span><\/strong><\/a>, a pandemia da covid-19 veio mostrar que, o nosso mundo tecnol\u00f3gico ainda apresenta falhas quando algo surge inesperadamente. No entanto o tempo \u00e9 de adapta\u00e7\u00f5es r\u00e1pidas e eficazes.\u00a0<\/span><\/p>\n<p><img fetchpriority=\"high\" decoding=\"async\" class=\"aligncenter size-full wp-image-12131\" src=\"https:\/\/correiodasemana.com\/site\/wp-content\/uploads\/2020\/07\/DSC00787-Editar-co-769pia-scaled.jpg\" alt=\"\" width=\"2560\" height=\"1418\" srcset=\"https:\/\/correiodasemana.com\/site\/wp-content\/uploads\/2020\/07\/DSC00787-Editar-co-769pia-scaled.jpg 2560w, https:\/\/correiodasemana.com\/site\/wp-content\/uploads\/2020\/07\/DSC00787-Editar-co-769pia-300x166.jpg 300w, https:\/\/correiodasemana.com\/site\/wp-content\/uploads\/2020\/07\/DSC00787-Editar-co-769pia-1024x567.jpg 1024w, https:\/\/correiodasemana.com\/site\/wp-content\/uploads\/2020\/07\/DSC00787-Editar-co-769pia-768x425.jpg 768w, https:\/\/correiodasemana.com\/site\/wp-content\/uploads\/2020\/07\/DSC00787-Editar-co-769pia-1536x851.jpg 1536w, https:\/\/correiodasemana.com\/site\/wp-content\/uploads\/2020\/07\/DSC00787-Editar-co-769pia-2048x1134.jpg 2048w\" sizes=\"(max-width: 2560px) 100vw, 2560px\" \/><\/p>\n<p style=\"text-align: justify; line-height: 14.25pt; box-sizing: border-box; text-rendering: optimizelegibility;\"><span style=\"font-size: 10.0pt; font-family: 'Arial','sans-serif'; color: #232121;\">&#8220;Em tempos de pandemia e quarentena, vimos a necessidade repentina da inclus\u00e3o educacional online. E foi ent\u00e3o que percebemos que n\u00e3o est\u00e1vamos t\u00e3o adiantados como pens\u00e1vamos. As plataformas de ensino \u00e0 dist\u00e2ncia n\u00e3o estavam preparadas para uma mudan\u00e7a sem planejamento como uma chave de liga e desliga acionada com uma alavanca.&#8221;, reflete.<\/span><\/p>\n<p style=\"text-align: justify; line-height: 14.25pt; box-sizing: border-box; text-rendering: optimizelegibility;\"><span style=\"font-size: 10.0pt; font-family: 'Arial','sans-serif'; color: #232121;\">Esta nova forma de viver condicionou toda uma sociedade desde os alunos, aos pais, aos professores e educadores. Ningu\u00e9m ficou de fora. Como nos alerta Fabiano, &#8220;Essa mudan\u00e7a afetou uma rotina em que, muitos dos pais apenas se preocupavam em levar as crian\u00e7as para escola e depositar a confian\u00e7a na institui\u00e7\u00e3o para todo o resto. Com o fechamento das escolas, o ensino online tornou-se uma realidade em que, n\u00e3o s\u00f3 a escola teve que se preparar de forma r\u00e1pida e eficiente, como tamb\u00e9m houve uma necessidade de aten\u00e7\u00e3o dos pais para com os seus filhos.&#8221;.<\/span><\/p>\n<p style=\"text-align: justify; line-height: 14.25pt; box-sizing: border-box; text-rendering: optimizelegibility;\"><span style=\"font-size: 10.0pt; font-family: 'Arial','sans-serif'; color: #232121;\">Ainda segundo o especialista, h\u00e1 mudan\u00e7as que se v\u00e3o transformar em aspetos positivos e outras que ter\u00e3o de se tornar obriga\u00e7\u00f5es. Fabiano come\u00e7a por destacar a aproxima\u00e7\u00e3o de pais e filhos na elabora\u00e7\u00e3o de tarefas conjuntas.<\/span><\/p>\n<p style=\"text-align: justify; line-height: 14.25pt; box-sizing: border-box; text-rendering: optimizelegibility;\"><span style=\"font-size: 10.0pt; font-family: 'Arial','sans-serif'; color: #232121;\">&#8220;Eu vejo n\u00e3o s\u00f3 alguns pontos positivos para o ensino \u00e0 dist\u00e2ncia em rela\u00e7\u00e3o ao relacionamento pais e filhos como tamb\u00e9m uma necessidade dentro de uma realidade na qual, a pandemia, for\u00e7ou para que nos adot\u00e1ssemos o quanto antes. Vou explicar os pontos que, na minha vis\u00e3o, o ensino online torna-se crucial e uma realidade na qual temos que, desde j\u00e1, n\u00e3o s\u00f3 nos adaptar, mas o governo deve implantar.&#8221;, explica o fil\u00f3sofo.<\/span><\/p>\n<p style=\"text-align: justify; line-height: 14.25pt; box-sizing: border-box; text-rendering: optimizelegibility;\"><span style=\"font-size: 10.0pt; font-family: 'Arial','sans-serif'; color: #232121;\">Nesse sentido, Abreu elabora uma lista sobre as mudan\u00e7as que ter\u00e3o de ser analisadas e pensadas por toda a sociedade, desde a escola, ao governo e no seio familiar. Segundo Abreu, o governo tem que pensar em estrat\u00e9gias para disponibilizar internet e computadores para todos e criar plataformas de ensino vi\u00e1veis. Al\u00e9m disso \u00e9 necess\u00e1rio formar os professores para esta realidade. Segundo o especialista temos que pensar a longo prazo no caso de existirem outras pandemias. A covid-19 deve servir como uma prepara\u00e7\u00e3o para o futuro.\u00a0<\/span><\/p>\n<p style=\"text-align: justify; line-height: 14.25pt; box-sizing: border-box; text-rendering: optimizelegibility;\"><em style=\"box-sizing: border-box; text-rendering: optimizelegibility;\"><span style=\"font-size: 10.0pt; font-family: 'Arial','sans-serif'; color: #232121;\">Segundo ele as etapas necess\u00e1rias s\u00e3o as seguintes:<\/span><\/em><\/p>\n<p style=\"text-align: justify; line-height: 14.25pt; box-sizing: border-box; text-rendering: optimizelegibility;\"><strong style=\"box-sizing: border-box; text-rendering: optimizelegibility;\"><span style=\"font-size: 10.0pt; font-family: 'Arial','sans-serif'; color: #232121;\">Internet para todos<\/span><\/strong><span style=\"font-size: 10.0pt; font-family: 'Arial','sans-serif'; color: #232121;\">\u00a0&#8211; Todos os pa\u00edses dever\u00e3o se preocupar com a pot\u00eancia e estabilidade da internet e que ela chegue a todos. Educa\u00e7\u00e3o online exige uma boa internet at\u00e9 mesmo pela quest\u00e3o dos v\u00eddeos, arquivos, espa\u00e7o de armazenamento e transmiss\u00f5es em directo como v\u00eddeo aula ao vivo. O governo deve n\u00e3o s\u00f3 fornecer internet gratuita, como tamb\u00e9m controlar o valor da internet no mercado por ser um bem de necessidade p\u00fablica.\u00a0<\/span><\/p>\n<p style=\"text-align: justify; line-height: 14.25pt; box-sizing: border-box; text-rendering: optimizelegibility;\"><strong style=\"box-sizing: border-box; text-rendering: optimizelegibility;\"><span style=\"font-size: 10.0pt; font-family: 'Arial','sans-serif'; color: #232121;\">Plataforma de ensino<\/span><\/strong><span style=\"font-size: 10.0pt; font-family: 'Arial','sans-serif'; color: #232121;\">\u00a0&#8211; As institui\u00e7\u00e3o devem se preocupar com o tipo de plataforma para as aulas online, a necessidade de ser 100% online j\u00e1 \u00e9 uma realidade. A plataforma tem que ter capacidade de ter n\u00e3o s\u00f3 apostilas, arquivos em pdf, como tamb\u00e9m v\u00eddeo aula e transmiss\u00f5es ao vivo, em direto, entre alunos e professores como uma sala de aula. Tamb\u00e9m \u00e9 necess\u00e1rio um sistema de fiscaliza\u00e7\u00e3o para o dia da prova, isso \u00e9 poss\u00edvel quando o aluno sabe que est\u00e1 sendo observado. Tem como o professor conseguir ter em um mesmo plano de tela todos os alunos, basta uma tela grande que divida-os em quadrados em uma tela.\u00a0<\/span><\/p>\n<p style=\"text-align: justify; line-height: 14.25pt; box-sizing: border-box; text-rendering: optimizelegibility;\"><strong style=\"box-sizing: border-box; text-rendering: optimizelegibility;\"><span style=\"font-size: 10.0pt; font-family: 'Arial','sans-serif'; color: #232121;\">Computadores para todos<\/span><\/strong><span style=\"box-sizing: border-box; text-rendering: optimizelegibility;\"><span style=\"font-size: 10.0pt; font-family: 'Arial','sans-serif'; color: #232121;\">\u00a0<\/span>&#8211; \u00c9 de responsabilidade do governo que todos tenham acesso a um bom computador. N\u00e3o s\u00f3 fornecendo aos de baixa renda, mas tamb\u00e9m auxiliando na isen\u00e7\u00e3o de impostos para esses tipos de aparelhos\u00a0eletr\u00f4nicos assim como investindo na fabrica\u00e7\u00e3o dos equipamentos no pa\u00eds.\u00a0<\/span><\/p>\n<p style=\"text-align: justify; line-height: 14.25pt; box-sizing: border-box; text-rendering: optimizelegibility;\"><strong style=\"box-sizing: border-box; text-rendering: optimizelegibility;\"><span style=\"font-size: 10.0pt; font-family: 'Arial','sans-serif'; color: #232121;\">Prepara\u00e7\u00e3o dos professores<\/span><\/strong><span style=\"font-size: 10.0pt; font-family: 'Arial','sans-serif'; color: #232121;\">\u00a0&#8211; O governo tem que repensar seu m\u00e9todo de ensino acrescentando m\u00e9todos para ensino \u00e0 dist\u00e2ncia onde o professor deve se portar de maneira diferente do presencial. A organiza\u00e7\u00e3o em rela\u00e7\u00e3o a comunica\u00e7\u00e3o para que mais de um aluno n\u00e3o fale ao mesmo tempo. Organiza\u00e7\u00e3o e controle em rela\u00e7\u00e3o a comunica\u00e7\u00e3o em geral. Utilizar de t\u00e9cnicas de posicionamento de c\u00e2mera em que o aluno se sinta na sala de aula e n\u00e3o sinta a diferen\u00e7a tendo que se adaptar e sim, sentir-se dentro do padr\u00e3o visual que est\u00e1 acostumado. Muitos YouTubes d\u00e3o boas aulas com quadros em que escrevem o que est\u00e1 ensinando e se posicionando de maneira que n\u00e3o atrapalhe a vis\u00e3o do aluno. A necessidade de ser criativo e chamar a aten\u00e7\u00e3o do aluno tamb\u00e9m \u00e9 maior. Pois h\u00e1 maiores chances do aluno se distrair no seu ambiente de casa. Pode passar um animal de estima\u00e7\u00e3o, um outro membro da fam\u00edlia, podem ter objetos pr\u00f3ximos que o distraia ou at\u00e9 mesmo notifica\u00e7\u00f5es no telefone que desviem a aten\u00e7\u00e3o. Os pais tamb\u00e9m tem que ajudar na configura\u00e7\u00e3o do aparelho para que diminua as possibilidades de desvio de aten\u00e7\u00e3o. Vejo v\u00eddeos de professores no YouTube que prendem mais a aten\u00e7\u00e3o do que muitos professores que d\u00e3o aulas presenciais. N\u00e3o podemos esquecer que o YouTube e v\u00eddeos na internet \u00e9 algo que chama a aten\u00e7\u00e3o das crian\u00e7as mais do que uma aula presencial. Tem que aproveitar isso e ser criativo para criar v\u00eddeos como muitos criam e tem milhares de views.\u00a0<\/span><\/p>\n<p style=\"text-align: justify; line-height: 14.25pt; box-sizing: border-box; text-rendering: optimizelegibility;\"><em style=\"box-sizing: border-box; text-rendering: optimizelegibility;\"><span style=\"font-size: 10.0pt; font-family: 'Arial','sans-serif'; color: #232121;\">Necessidade do ensino \u00e0 dist\u00e2ncia\u00a0<\/span><\/em><\/p>\n<p style=\"text-align: justify; line-height: 14.25pt; box-sizing: border-box; text-rendering: optimizelegibility;\"><strong style=\"box-sizing: border-box; text-rendering: optimizelegibility;\"><span style=\"font-size: 10.0pt; font-family: 'Arial','sans-serif'; color: #232121;\">Outras pandemias<\/span><\/strong><span style=\"font-size: 10.0pt; font-family: 'Arial','sans-serif'; color: #232121;\">\u00a0&#8211; A ci\u00eancia j\u00e1 revelou diversas vezes que as possibilidades de pandemia s\u00e3o reais. O mundo globalizado, o deslocamento dos povos e o n\u00famero de habitantes cada vez maior e aglomerado em grandes centros aumentam as possibilidades de outros surtos, por isso, o ensino \u00e0 dist\u00e2ncia \u00e9 um \u00f3timo meio de evitar a prolifera\u00e7\u00e3o j\u00e1 que milhares estar\u00e3o a estudar em casa e n\u00e3o a se deslocar promovendo maior contato f\u00edsico.\u00a0<\/span><\/p>\n<p style=\"text-align: justify; line-height: 14.25pt; box-sizing: border-box; text-rendering: optimizelegibility;\"><strong style=\"box-sizing: border-box; text-rendering: optimizelegibility;\"><span style=\"font-size: 10.0pt; font-family: 'Arial','sans-serif'; color: #232121;\">Aproxima\u00e7\u00e3o dos pais<\/span><\/strong><span style=\"font-size: 10.0pt; font-family: 'Arial','sans-serif'; color: #232121;\">\u00a0&#8211; Estamos vivendo uma era de distanciamento dos pais com os filhos. A necessidade dos pais de trabalharem cada vez mais devido ao alto consumo, conseguirem bancar altos impostos e manter um melhor bem estar da fam\u00edlia fez com que houvesse uma dist\u00e2ncia dos pais com os filhos e isso est\u00e1 acarretando em v\u00e1rios problemas; o acompanhamento dos pais na educa\u00e7\u00e3o dos filhos \u00e9 primordial para o melhor desenvolvimento da crian\u00e7a, a falta deste contato acarreta em problemas na adolesc\u00eancia e na fase adulta. \u00c9 da nossa natureza biol\u00f3gica, est\u00e1 impresso em nosso c\u00f3digo gen\u00e9tico essa necessidade do cuidador, dos pais para cuidarem e educarem. At\u00e9 a total forma\u00e7\u00e3o do c\u00e9rebro, a crian\u00e7a precisa deste apoio racional dos pais para a sua educa\u00e7\u00e3o e acompanhamento ou isso afetar\u00e1 na fase adulta. O ensino a dist\u00e2ncia obrigou aos pais a dedicarem mais tempo para os seus filhos e neste m\u00e9todo de ensino, \u00e9 essencial a ajuda dos pais n\u00e3o s\u00f3 para que o aluno possa se adaptar, mas tamb\u00e9m pelo esquecimento e falta de vontade j\u00e1 que o ambiente caseiro o torna mais relaxado. N\u00e3o podemos esquecer que a nossa casa \u00e9 um local de descanso e acaba proporcionando essa ideia inconsciente causando um relaxamento. Temos que adaptar uma nova realidade inclusive, se puder, criando um ambiente de estudos para o filho n\u00e3o esquecendo a sua postura ao sentar pois influencia na falta de relaxamento.\u00a0<\/span><\/p>\n<p style=\"text-align: justify; line-height: 14.25pt; box-sizing: border-box; text-rendering: optimizelegibility;\"><strong style=\"box-sizing: border-box; text-rendering: optimizelegibility;\"><span style=\"font-size: 10.0pt; font-family: 'Arial','sans-serif'; color: #232121;\">Comportamento dos pais<\/span><\/strong><span style=\"font-size: 10.0pt; font-family: 'Arial','sans-serif'; color: #232121;\">\u00a0&#8211; Agora os pais podem estar mais a par do que os alunos aprendem e eles tem que criar m\u00e9todos e uma rotina para auxiliar os filhos. M\u00e9todo de leitura em voz alta, pedir para o filho ensinar o que aprendeu, pedir para que reescreva o que leu. Quer melhor do que n\u00f3s adultos podermos relembrar ou aprender coisas novas? E acompanharmos o filho e n\u00e3o passar vergonha quando ele disser o que aprendeu e n\u00e3o sabermos. Esta alian\u00e7a com o filho tamb\u00e9m e importante para cria\u00e7\u00e3o e pela confian\u00e7a do filho com os pais. Muitos casos de jovens que usam drogas est\u00e1 relacionado a aus\u00eancia dos pais ou falta de confian\u00e7a e liberdade para contar a vida aos pais e os pais poderem dar conselhos antecedendo a possibilidade de uma a\u00e7\u00e3o errada que leve ao preju\u00edzo do jovem. A proximidade tr\u00e1s a confian\u00e7a de uma amizade e quando temos conhecimento dos problemas dos filhos, ajudamos orientando atrav\u00e9s da nossa experi\u00eancia evitando assim, o pior.\u00a0<\/span><\/p>\n<p style=\"text-align: justify; line-height: 14.25pt; box-sizing: border-box; text-rendering: optimizelegibility;\"><strong style=\"box-sizing: border-box; text-rendering: optimizelegibility;\"><span style=\"font-size: 10.0pt; font-family: 'Arial','sans-serif'; color: #232121;\">Meio ambiente<\/span><\/strong><span style=\"font-size: 10.0pt; font-family: 'Arial','sans-serif'; color: #232121;\">\u00a0&#8211; A quarentena provou que a polui\u00e7\u00e3o diminuiu e o meio ambiente ser\u00e1 de necessidade global ou a terra se tornar\u00e1 inabit\u00e1vel no futuro. Se vivemos para criar nossos filhos e netos, n\u00e3o faz sentido n\u00e3o pensar nos que vir\u00e3o depois deles. A educa\u00e7\u00e3o \u00e0 dist\u00e2ncia ent\u00e3o se tornar\u00e1 um m\u00e9todo obrigat\u00f3rio e temos que desde j\u00e1 nos acostumarmos com ela.\u00a0<\/span><\/p>\n<p style=\"text-align: justify; line-height: 14.25pt; box-sizing: border-box; text-rendering: optimizelegibility;\"><strong style=\"box-sizing: border-box; text-rendering: optimizelegibility;\"><span style=\"font-size: 10.0pt; font-family: 'Arial','sans-serif'; color: #232121;\">Sem press\u00e3o<\/span><\/strong><span style=\"font-size: 10.0pt; font-family: 'Arial','sans-serif'; color: #232121;\">\u00a0&#8211; O ensino \u00e0 dist\u00e2ncia \u00e9 no tempo do aluno, sem press\u00e3o, dando tempo para que ele possa criar m\u00e9todos de aprendizagem mais eficazes que num tempo corrido. Claro que h\u00e1 sempre prazos a cumprir, mas j\u00e1 o treina para o mercado de trabalho que funciona da mesma maneira. O aluno tamb\u00e9m pode rever a aula e revisar o conte\u00fado.\u00a0<\/span><\/p>\n<p style=\"text-align: justify; line-height: 14.25pt; box-sizing: border-box; text-rendering: optimizelegibility;\"><span style=\"font-size: 10.0pt; font-family: 'Arial','sans-serif'; color: #232121;\">Segundo o fil\u00f3sofo, o m\u00e9todo de ensino tem que ser revisto e alerta que podemos estar a usar uma metodologia obsoleta.<\/span><\/p>\n<p style=\"text-align: justify; line-height: 14.25pt; box-sizing: border-box; text-rendering: optimizelegibility;\"><span style=\"font-size: 10.0pt; font-family: 'Arial','sans-serif'; color: #232121;\">&#8220;O ensino presencial j\u00e1 \u00e9 coisa do passado e os benef\u00edcios do ensino online s\u00e3o maiores. Ele garante a possibilidade de obrigar ao aluno a aprender outras l\u00ednguas para cursos no estrangeiro e globaliza o mundo j\u00e1 que a pessoa pode fazer cursos no exterior e conseguir emprego em outro pa\u00eds. Tamb\u00e9m aumenta a concorr\u00eancia com a possibilidade de ensino em mais de um pa\u00eds reduzindo assim o valor da mensalidade. N\u00e3o adianta n\u00e3o querer avan\u00e7ar por medo de uma nova realidade, temos que nos adaptar a uma nova realidade. No final, a compet\u00eancia do profissional \u00e9 ele que faz. Seja no presencial ou online, se o aluno n\u00e3o tiver interesse, ele pode aprender agora e esquecer amanh\u00e3 e n\u00e3o ser um bom profissional. N\u00e3o \u00e9 o m\u00e9todo em si que vai revelar o bom profissional e sim o indiv\u00edduo e sua for\u00e7a de vontade. Vai de n\u00f3s, educadores e governo buscar meios para auxiliar nesta educa\u00e7\u00e3o da melhor forma nos adaptando a realidade.&#8221;, conclui.<\/span><\/p>\n<p>Fonte MFPRESSGLOBAL<br \/>\n<strong>Por Jennifer Silva<\/strong> \/ <a href=\"https:\/\/mailto:pautas@mfpressglobal.com\/\">pautas@mfpressglobal.com<\/a><\/p>\n<p>&nbsp;<\/p>\n","protected":false},"excerpt":{"rendered":"<p>Os tempos que vivemos s\u00e3o tempos de mudan\u00e7a. H\u00e1 novas realidades a que n\u00f3s temos&#8230;<\/p>\n","protected":false},"author":1,"featured_media":12130,"comment_status":"open","ping_status":"open","sticky":false,"template":"","format":"standard","meta":{"_jetpack_memberships_contains_paid_content":false,"footnotes":"","jetpack_publicize_message":"","jetpack_publicize_feature_enabled":true,"jetpack_social_post_already_shared":true,"jetpack_social_options":{"image_generator_settings":{"template":"highway","default_image_id":0,"font":"","enabled":false},"version":2}},"categories":[1],"tags":[],"class_list":["post-12128","post","type-post","status-publish","format-standard","has-post-thumbnail","hentry","category-atualidade"],"jetpack_publicize_connections":[],"jetpack_featured_media_url":"https:\/\/correiodasemana.com\/site\/wp-content\/uploads\/2020\/07\/ENSINO-A-DISTANCIA.jpg","jetpack-related-posts":[{"id":11990,"url":"https:\/\/correiodasemana.com\/site\/pandemia-mudara-conceitos-de-trabalho-e-moradia-dizem-especialistas\/","url_meta":{"origin":12128,"position":0},"title":"Pandemia mudar\u00e1 conceitos de trabalho e moradia, dizem especialistas","author":"","date":"Julho 20, 2020","format":false,"excerpt":"Tema ser\u00e1 discutido em congresso online nos dias 22 e 23 deste m\u00eas. A pandemia de covid-19 mudar\u00e1\u00a0em definitivo\u00a0a vida nas cidades. A doen\u00e7a acelerou processos que j\u00e1 vinham se desenhando h\u00e1 anos, como o uso intensivo da internet nos neg\u00f3cios, o teletrabalho e o encolhimento dos escrit\u00f3rios. E nem\u2026","rel":"","context":"In &quot;Atualidade&quot;","block_context":{"text":"Atualidade","link":"https:\/\/correiodasemana.com\/site\/category\/atualidade\/"},"img":{"alt_text":"","src":"https:\/\/i0.wp.com\/correiodasemana.com\/site\/wp-content\/uploads\/2020\/07\/09_07_2020_teletrabalho-2.jpg?resize=350%2C200&ssl=1","width":350,"height":200,"srcset":"https:\/\/i0.wp.com\/correiodasemana.com\/site\/wp-content\/uploads\/2020\/07\/09_07_2020_teletrabalho-2.jpg?resize=350%2C200&ssl=1 1x, https:\/\/i0.wp.com\/correiodasemana.com\/site\/wp-content\/uploads\/2020\/07\/09_07_2020_teletrabalho-2.jpg?resize=525%2C300&ssl=1 1.5x, https:\/\/i0.wp.com\/correiodasemana.com\/site\/wp-content\/uploads\/2020\/07\/09_07_2020_teletrabalho-2.jpg?resize=700%2C400&ssl=1 2x, https:\/\/i0.wp.com\/correiodasemana.com\/site\/wp-content\/uploads\/2020\/07\/09_07_2020_teletrabalho-2.jpg?resize=1050%2C600&ssl=1 3x"},"classes":[]},{"id":11562,"url":"https:\/\/correiodasemana.com\/site\/adaptacoes-e-desigualdade-do-ensino-na-pandemia\/","url_meta":{"origin":12128,"position":1},"title":"Adapta\u00e7\u00f5es e desigualdade do ensino na pandemia","author":"","date":"Julho 2, 2020","format":false,"excerpt":"As escolas e universidades tiveram que respeitar as medidas de isolamento e criar um novo canal de comunica\u00e7\u00e3o que atendesse as necessidades dos estudantes Por Priscila Duarte Com a pandemia do coronav\u00edrus, o isolamento social fez com que o modelo padr\u00e3o de educa\u00e7\u00e3o presencial se reinventasse. As escolas e universidades\u2026","rel":"","context":"In &quot;Atualidade&quot;","block_context":{"text":"Atualidade","link":"https:\/\/correiodasemana.com\/site\/category\/atualidade\/"},"img":{"alt_text":"","src":"https:\/\/i0.wp.com\/correiodasemana.com\/site\/wp-content\/uploads\/2020\/07\/WhatsApp-Image-2020-06-30-at-10.02.31.jpeg?resize=350%2C200&ssl=1","width":350,"height":200,"srcset":"https:\/\/i0.wp.com\/correiodasemana.com\/site\/wp-content\/uploads\/2020\/07\/WhatsApp-Image-2020-06-30-at-10.02.31.jpeg?resize=350%2C200&ssl=1 1x, https:\/\/i0.wp.com\/correiodasemana.com\/site\/wp-content\/uploads\/2020\/07\/WhatsApp-Image-2020-06-30-at-10.02.31.jpeg?resize=525%2C300&ssl=1 1.5x, https:\/\/i0.wp.com\/correiodasemana.com\/site\/wp-content\/uploads\/2020\/07\/WhatsApp-Image-2020-06-30-at-10.02.31.jpeg?resize=700%2C400&ssl=1 2x"},"classes":[]},{"id":13878,"url":"https:\/\/correiodasemana.com\/site\/a-educacao-no-novo-normal-como-sera\/","url_meta":{"origin":12128,"position":2},"title":"A educa\u00e7\u00e3o no novo normal: como ser\u00e1?","author":"","date":"Outubro 4, 2020","format":false,"excerpt":"O mundo mudou e as pessoas tamb\u00e9m. E qual \u00e9 o papel da educa\u00e7\u00e3onesse novo normal? Bem, sem nenhuma exce\u00e7\u00e3o, todas as empresas sentiram os impactos causados pela pandemia do COVID-19. Se antes a educa\u00e7\u00e3o corporativaj\u00e1 era de suma import\u00e2ncia para as organiza\u00e7\u00f5es, agora com tantas mudan\u00e7as no mundo empresarial,\u2026","rel":"","context":"In &quot;Atualidade&quot;","block_context":{"text":"Atualidade","link":"https:\/\/correiodasemana.com\/site\/category\/atualidade\/"},"img":{"alt_text":"","src":"https:\/\/i0.wp.com\/correiodasemana.com\/site\/wp-content\/uploads\/2020\/10\/ViewImage.jpg?resize=350%2C200&ssl=1","width":350,"height":200,"srcset":"https:\/\/i0.wp.com\/correiodasemana.com\/site\/wp-content\/uploads\/2020\/10\/ViewImage.jpg?resize=350%2C200&ssl=1 1x, https:\/\/i0.wp.com\/correiodasemana.com\/site\/wp-content\/uploads\/2020\/10\/ViewImage.jpg?resize=525%2C300&ssl=1 1.5x, https:\/\/i0.wp.com\/correiodasemana.com\/site\/wp-content\/uploads\/2020\/10\/ViewImage.jpg?resize=700%2C400&ssl=1 2x"},"classes":[]},{"id":30906,"url":"https:\/\/correiodasemana.com\/site\/com-quase-10-milhoes-numero-de-universitarios-e-o-maior-em-nove-anos\/","url_meta":{"origin":12128,"position":3},"title":"Com quase 10 milh\u00f5es, n\u00famero de universit\u00e1rios \u00e9 o maior em nove anos","author":"adminredacao","date":"Outubro 8, 2024","format":false,"excerpt":"Censo aponta que cotistas t\u00eam \u00edndice maior de conclus\u00e3o de curso Ag\u00eancia Brasil Por T\u00e2nia R\u00eago\/Ag\u00eancia Brasil O n\u00famero total de estudantes dos cursos de ensino superior no Brasil, contando tanto os presenciais quanto os da modalidade a dist\u00e2ncia, cresceu 5,6% em 2023 na compara\u00e7\u00e3o com 2022. Segundo o Minist\u00e9rio\u2026","rel":"","context":"In &quot;Atualidade&quot;","block_context":{"text":"Atualidade","link":"https:\/\/correiodasemana.com\/site\/category\/atualidade\/"},"img":{"alt_text":"","src":"https:\/\/i0.wp.com\/correiodasemana.com\/site\/wp-content\/uploads\/2024\/10\/dia-do-estudante-scaled.webp?resize=350%2C200&ssl=1","width":350,"height":200,"srcset":"https:\/\/i0.wp.com\/correiodasemana.com\/site\/wp-content\/uploads\/2024\/10\/dia-do-estudante-scaled.webp?resize=350%2C200&ssl=1 1x, https:\/\/i0.wp.com\/correiodasemana.com\/site\/wp-content\/uploads\/2024\/10\/dia-do-estudante-scaled.webp?resize=525%2C300&ssl=1 1.5x, https:\/\/i0.wp.com\/correiodasemana.com\/site\/wp-content\/uploads\/2024\/10\/dia-do-estudante-scaled.webp?resize=700%2C400&ssl=1 2x, https:\/\/i0.wp.com\/correiodasemana.com\/site\/wp-content\/uploads\/2024\/10\/dia-do-estudante-scaled.webp?resize=1050%2C600&ssl=1 3x, https:\/\/i0.wp.com\/correiodasemana.com\/site\/wp-content\/uploads\/2024\/10\/dia-do-estudante-scaled.webp?resize=1400%2C800&ssl=1 4x"},"classes":[]},{"id":12741,"url":"https:\/\/correiodasemana.com\/site\/pais-acreditam-que-qualidade-do-ensino-caiu-na-pandemia-diz-pesquisa\/","url_meta":{"origin":12128,"position":4},"title":"Pais acreditam que qualidade do ensino caiu na pandemia, diz pesquisa","author":"","date":"Agosto 12, 2020","format":false,"excerpt":"Levantamento do DataSenado ouviu 2,4 mil brasileiros no fim de julho Pesquisa do Instituto DataSenado divulgada nesta quarta-feira (12) aponta que, na percep\u00e7\u00e3o de 63% dos pais ou respons\u00e1veis ouvidos, a qualidade do ensino entre os alunos que tiveram aulas remotas, diminuiu. Para 22%, a qualidade das aulas permaneceu igual\u2026","rel":"","context":"In &quot;Atualidade&quot;","block_context":{"text":"Atualidade","link":"https:\/\/correiodasemana.com\/site\/category\/atualidade\/"},"img":{"alt_text":"","src":"https:\/\/i0.wp.com\/correiodasemana.com\/site\/wp-content\/uploads\/2020\/08\/image.jpeg?resize=350%2C200&ssl=1","width":350,"height":200,"srcset":"https:\/\/i0.wp.com\/correiodasemana.com\/site\/wp-content\/uploads\/2020\/08\/image.jpeg?resize=350%2C200&ssl=1 1x, https:\/\/i0.wp.com\/correiodasemana.com\/site\/wp-content\/uploads\/2020\/08\/image.jpeg?resize=525%2C300&ssl=1 1.5x, https:\/\/i0.wp.com\/correiodasemana.com\/site\/wp-content\/uploads\/2020\/08\/image.jpeg?resize=700%2C400&ssl=1 2x, https:\/\/i0.wp.com\/correiodasemana.com\/site\/wp-content\/uploads\/2020\/08\/image.jpeg?resize=1050%2C600&ssl=1 3x"},"classes":[]},{"id":17215,"url":"https:\/\/correiodasemana.com\/site\/o-novo-ensino-medio-a-hora-e-a-vez-do-protagonismo-dos-jovens\/","url_meta":{"origin":12128,"position":5},"title":"O Novo Ensino M\u00e9dio: a hora e a vez do protagonismo dos jovens","author":"","date":"Agosto 15, 2021","format":false,"excerpt":"*Prof. Thiago Cachatori Estudantes e professores se preparam para se adaptar e encarar as mudan\u00e7as na carga hor\u00e1ria e na din\u00e2mica de forma\u00e7\u00e3o dos alunos do ensino m\u00e9dio. Al\u00e9m dos conte\u00fados da Base Nacional Comum Curricular (BNCC), os jovens poder\u00e3o optar por seguir alguns dos itiner\u00e1rios formativos: Linguagens e C\u00f3digos,\u2026","rel":"","context":"In &quot;Atualidade&quot;","block_context":{"text":"Atualidade","link":"https:\/\/correiodasemana.com\/site\/category\/atualidade\/"},"img":{"alt_text":"","src":"https:\/\/i0.wp.com\/correiodasemana.com\/site\/wp-content\/uploads\/2021\/08\/Thiago-Cachatori_Arquidiocesano.jpeg?resize=350%2C200&ssl=1","width":350,"height":200,"srcset":"https:\/\/i0.wp.com\/correiodasemana.com\/site\/wp-content\/uploads\/2021\/08\/Thiago-Cachatori_Arquidiocesano.jpeg?resize=350%2C200&ssl=1 1x, https:\/\/i0.wp.com\/correiodasemana.com\/site\/wp-content\/uploads\/2021\/08\/Thiago-Cachatori_Arquidiocesano.jpeg?resize=525%2C300&ssl=1 1.5x, https:\/\/i0.wp.com\/correiodasemana.com\/site\/wp-content\/uploads\/2021\/08\/Thiago-Cachatori_Arquidiocesano.jpeg?resize=700%2C400&ssl=1 2x, https:\/\/i0.wp.com\/correiodasemana.com\/site\/wp-content\/uploads\/2021\/08\/Thiago-Cachatori_Arquidiocesano.jpeg?resize=1050%2C600&ssl=1 3x"},"classes":[]}],"jetpack_sharing_enabled":true,"_links":{"self":[{"href":"https:\/\/correiodasemana.com\/site\/wp-json\/wp\/v2\/posts\/12128","targetHints":{"allow":["GET"]}}],"collection":[{"href":"https:\/\/correiodasemana.com\/site\/wp-json\/wp\/v2\/posts"}],"about":[{"href":"https:\/\/correiodasemana.com\/site\/wp-json\/wp\/v2\/types\/post"}],"author":[{"embeddable":true,"href":"https:\/\/correiodasemana.com\/site\/wp-json\/wp\/v2\/users\/1"}],"replies":[{"embeddable":true,"href":"https:\/\/correiodasemana.com\/site\/wp-json\/wp\/v2\/comments?post=12128"}],"version-history":[{"count":2,"href":"https:\/\/correiodasemana.com\/site\/wp-json\/wp\/v2\/posts\/12128\/revisions"}],"predecessor-version":[{"id":12133,"href":"https:\/\/correiodasemana.com\/site\/wp-json\/wp\/v2\/posts\/12128\/revisions\/12133"}],"wp:featuredmedia":[{"embeddable":true,"href":"https:\/\/correiodasemana.com\/site\/wp-json\/wp\/v2\/media\/12130"}],"wp:attachment":[{"href":"https:\/\/correiodasemana.com\/site\/wp-json\/wp\/v2\/media?parent=12128"}],"wp:term":[{"taxonomy":"category","embeddable":true,"href":"https:\/\/correiodasemana.com\/site\/wp-json\/wp\/v2\/categories?post=12128"},{"taxonomy":"post_tag","embeddable":true,"href":"https:\/\/correiodasemana.com\/site\/wp-json\/wp\/v2\/tags?post=12128"}],"curies":[{"name":"wp","href":"https:\/\/api.w.org\/{rel}","templated":true}]}}