{"id":12134,"date":"2020-07-22T14:44:45","date_gmt":"2020-07-22T14:44:45","guid":{"rendered":"https:\/\/correiodasemana.com\/site\/?p=12134"},"modified":"2020-07-22T14:49:36","modified_gmt":"2020-07-22T14:49:36","slug":"presidente-da-cdl-sobral-confirma-reabertura-do-centro-comercial","status":"publish","type":"post","link":"https:\/\/correiodasemana.com\/site\/presidente-da-cdl-sobral-confirma-reabertura-do-centro-comercial\/","title":{"rendered":"Presidente da CDL Sobral confirma reabertura do centro comercial"},"content":{"rendered":"<p>Reunidos, na sede da CDL, em Sobral, dia 22 de julho, o Presidente da CDL, Zezinho Albuquerque e seus pares, confirmaram a reabertura do centro comercial de Sobral, naturalmente dotando seus estabelecimentos com todas as medidas necess\u00e1rias de preven\u00e7\u00e3o ao covid-19, tais como, a disponibiliza\u00e7\u00e3o de itens de higieniza\u00e7\u00e3o como \u00e1lcool em gel, controle de entrada de clientes, obedecendo o distanciamento recomendado, evitando assim aglomera\u00e7\u00e3o e limitando em 40% o quadro de funcion\u00e1rios.<\/p>\n<p>&#8220;Desejo a todos os comerciantes boa sorte na volta ao trabalho, e aos clientes e amigos lembramos e recomendamos evitar aglomera\u00e7\u00f5es, pois teremos todo tempo para fazerem suas compras&#8221;, salientou Zezinho.<\/p>\n<p>Acrescentou: &#8220;A CDL comunica que a partir de hoje tamb\u00e9m volta \u00e0s suas atividades presenciais e est\u00e1 \u00e0 disposi\u00e7\u00e3o de todos os seus usu\u00e1rios e associados. Que Deus nos proteja na volta ao trabalho&#8221;. Em sua primeira fase de abertura, abriremos nossas portas \u00e0 partir das 14 horas at\u00e9 19 horas. No s\u00e1bado(25), funcionaremos das 08 at\u00e9 13 horas&#8221;, disse o Presidente, Zezinho<\/p>\n<p>Para maiores informa\u00e7\u00f5es:<br \/>\n88 3677-1037<br \/>\n88 3677-1032<br \/>\nfalecom@cdlsobral.com.br<br \/>\nsecretaria@cdlsobral.com.br<\/p>\n<p>Fonte: CDL Sobral<\/p>\n","protected":false},"excerpt":{"rendered":"<p>Reunidos, na sede da CDL, em Sobral, dia 22 de julho, o Presidente da CDL,&#8230;<\/p>\n","protected":false},"author":1,"featured_media":12135,"comment_status":"open","ping_status":"open","sticky":false,"template":"","format":"standard","meta":{"_jetpack_memberships_contains_paid_content":false,"footnotes":"","jetpack_publicize_message":"","jetpack_publicize_feature_enabled":true,"jetpack_social_post_already_shared":true,"jetpack_social_options":{"image_generator_settings":{"template":"highway","default_image_id":0,"font":"","enabled":false},"version":2}},"categories":[1],"tags":[],"class_list":["post-12134","post","type-post","status-publish","format-standard","has-post-thumbnail","hentry","category-atualidade"],"jetpack_publicize_connections":[],"jetpack_featured_media_url":"https:\/\/correiodasemana.com\/site\/wp-content\/uploads\/2020\/07\/cdl-de-sobral.jpg","jetpack-related-posts":[{"id":22152,"url":"https:\/\/correiodasemana.com\/site\/secretarios-municipais-se-reunem-com-diretoria-da-cdl-para-discutir-horario-para-carga-e-descarga-no-centro-comercial\/","url_meta":{"origin":12134,"position":0},"title":"Secret\u00e1rios municipais se re\u00fanem com diretoria da CDL para discutir hor\u00e1rio para carga e descarga no centro comercial","author":"","date":"Dezembro 11, 2022","format":false,"excerpt":"Fonte: Assessoria de imprensa da PMS Atendendo \u00e0 solicita\u00e7\u00e3o da C\u00e2mara dos Dirigentes Lojistas (CDL) de Sobral, o chefe do gabinete do prefeito Ivo Gomes, David Duarte, recebeu, nesta quarta-feira (07\/12), o presidente da institui\u00e7\u00e3o, Zezinho Ponte; a vice-presidente, Daniela Costa; e os diretores, Concei\u00e7\u00e3o Ponte, Fl\u00e1vio Ribeiro e Raimundo\u2026","rel":"","context":"In &quot;Atualidade&quot;","block_context":{"text":"Atualidade","link":"https:\/\/correiodasemana.com\/site\/category\/atualidade\/"},"img":{"alt_text":"","src":"https:\/\/i0.wp.com\/correiodasemana.com\/site\/wp-content\/uploads\/2022\/12\/reuniao-seguranca-sobral-pm-2.jpg?resize=350%2C200&ssl=1","width":350,"height":200,"srcset":"https:\/\/i0.wp.com\/correiodasemana.com\/site\/wp-content\/uploads\/2022\/12\/reuniao-seguranca-sobral-pm-2.jpg?resize=350%2C200&ssl=1 1x, https:\/\/i0.wp.com\/correiodasemana.com\/site\/wp-content\/uploads\/2022\/12\/reuniao-seguranca-sobral-pm-2.jpg?resize=525%2C300&ssl=1 1.5x, https:\/\/i0.wp.com\/correiodasemana.com\/site\/wp-content\/uploads\/2022\/12\/reuniao-seguranca-sobral-pm-2.jpg?resize=700%2C400&ssl=1 2x, https:\/\/i0.wp.com\/correiodasemana.com\/site\/wp-content\/uploads\/2022\/12\/reuniao-seguranca-sobral-pm-2.jpg?resize=1050%2C600&ssl=1 3x"},"classes":[]},{"id":16334,"url":"https:\/\/correiodasemana.com\/site\/lojistas-de-sobral-esperam-receber-clientes-com-mais-preparo-do-que-em-2020-em-reabertura-apos-lockdown\/","url_meta":{"origin":12134,"position":1},"title":"Lojistas de Sobral esperam receber clientes com mais preparo do que em 2020 em reabertura ap\u00f3s lockdown","author":"","date":"Maio 2, 2021","format":false,"excerpt":"Por Samuel Carvalho - Reda\u00e7\u00e3o Correio da Semana Sobral abriu as portas dos com\u00e9rcios na \u00faltima quarta-feira (28) e a classe dos lojistas, uma das mais afetadas pelas medidas de lockdown est\u00e1 pronta para receber os clientes. Na Princesa do Norte, o com\u00e9rcio de rua volta a funcionar com 40%\u2026","rel":"","context":"In &quot;Atualidade&quot;","block_context":{"text":"Atualidade","link":"https:\/\/correiodasemana.com\/site\/category\/atualidade\/"},"img":{"alt_text":"","src":"https:\/\/i0.wp.com\/correiodasemana.com\/site\/wp-content\/uploads\/2021\/05\/DSC0603.jpg?resize=350%2C200&ssl=1","width":350,"height":200,"srcset":"https:\/\/i0.wp.com\/correiodasemana.com\/site\/wp-content\/uploads\/2021\/05\/DSC0603.jpg?resize=350%2C200&ssl=1 1x, https:\/\/i0.wp.com\/correiodasemana.com\/site\/wp-content\/uploads\/2021\/05\/DSC0603.jpg?resize=525%2C300&ssl=1 1.5x"},"classes":[]},{"id":12196,"url":"https:\/\/correiodasemana.com\/site\/reabertura-do-centro-comercial-provoca-aglomeracoes\/","url_meta":{"origin":12134,"position":2},"title":"Reabertura do centro comercial provoca aglomera\u00e7\u00f5es","author":"","date":"Julho 25, 2020","format":false,"excerpt":"Deu in\u00edcio na \u00faltima quarta-feira (22) a retomada do com\u00e9rcio de Sobral, de acordo com a determina\u00e7\u00e3o do Governo do Estado do Cear\u00e1. Nessa fase, os estabelecimentos do centro comercial s\u00f3 poder\u00e3o abrir a partir de 14h. No entanto, a cidade permanece em isolamento social at\u00e9 o dia 3 de\u2026","rel":"","context":"In &quot;Atualidade&quot;","block_context":{"text":"Atualidade","link":"https:\/\/correiodasemana.com\/site\/category\/atualidade\/"},"img":{"alt_text":"","src":"https:\/\/i0.wp.com\/correiodasemana.com\/site\/wp-content\/uploads\/2020\/07\/DSC0610.jpg?resize=350%2C200&ssl=1","width":350,"height":200,"srcset":"https:\/\/i0.wp.com\/correiodasemana.com\/site\/wp-content\/uploads\/2020\/07\/DSC0610.jpg?resize=350%2C200&ssl=1 1x, https:\/\/i0.wp.com\/correiodasemana.com\/site\/wp-content\/uploads\/2020\/07\/DSC0610.jpg?resize=525%2C300&ssl=1 1.5x, https:\/\/i0.wp.com\/correiodasemana.com\/site\/wp-content\/uploads\/2020\/07\/DSC0610.jpg?resize=700%2C400&ssl=1 2x"},"classes":[]},{"id":8951,"url":"https:\/\/correiodasemana.com\/site\/becco-ponto-com-9\/","url_meta":{"origin":12134,"position":3},"title":"Becco ponto Com","author":"","date":"Setembro 8, 2019","format":false,"excerpt":"Livrai-nos, Senhor! Dos ataques injustos ao Donizete Arruda. Dos faroleiros pol\u00edticos sem votos ufa! Das queimadas na Amaz\u00f4nia t\u00e3o ilegais. Da globo brincando de fabricar not\u00edcia. Das crises geradas pela m\u00e1 informa\u00e7\u00e3o. Das novelas sem escr\u00fapulos da Globo, ui! Da falta de sa\u00fade em uma na\u00e7\u00e3o doente. Dos puxa-sacos nas\u2026","rel":"","context":"In &quot;Artigos&quot;","block_context":{"text":"Artigos","link":"https:\/\/correiodasemana.com\/site\/category\/artigos\/"},"img":{"alt_text":"","src":"","width":0,"height":0},"classes":[]},{"id":9709,"url":"https:\/\/correiodasemana.com\/site\/lancamento-de-anuario-2018-da-santa-casa-de-misericordia-de-sobral-reune-comerciantes-e-imprensa-na-cdl\/","url_meta":{"origin":12134,"position":4},"title":"Lan\u00e7amento de Anu\u00e1rio 2018 da Santa Casa de Miseric\u00f3rdia de Sobral re\u00fane comerciantes e imprensa na CDL","author":"","date":"Novembro 4, 2019","format":false,"excerpt":"Visando a transpar\u00eancia, uma das caracter\u00edsticas dos princ\u00edpios fundamentais da nova gest\u00e3o, a Santa Casa de Miseric\u00f3rdia de Sobral (SCMS) lan\u00e7ou, nesta quinta-feira (31\/10), a revista Anu\u00e1rio 2018. O evento foi realizado na C\u00e2mara dos Dirigentes Lojistas (CDL) de Sobral. Esta edi\u00e7\u00e3o apresenta as a\u00e7\u00f5es relacionadas \u00e0 assist\u00eancia prestada pelo\u2026","rel":"","context":"In &quot;Santa Casa&quot;","block_context":{"text":"Santa Casa","link":"https:\/\/correiodasemana.com\/site\/category\/santa-casa\/"},"img":{"alt_text":"","src":"https:\/\/i0.wp.com\/correiodasemana.com\/site\/wp-content\/uploads\/2019\/11\/1-1.jpg?resize=350%2C200&ssl=1","width":350,"height":200,"srcset":"https:\/\/i0.wp.com\/correiodasemana.com\/site\/wp-content\/uploads\/2019\/11\/1-1.jpg?resize=350%2C200&ssl=1 1x, https:\/\/i0.wp.com\/correiodasemana.com\/site\/wp-content\/uploads\/2019\/11\/1-1.jpg?resize=525%2C300&ssl=1 1.5x, https:\/\/i0.wp.com\/correiodasemana.com\/site\/wp-content\/uploads\/2019\/11\/1-1.jpg?resize=700%2C400&ssl=1 2x, https:\/\/i0.wp.com\/correiodasemana.com\/site\/wp-content\/uploads\/2019\/11\/1-1.jpg?resize=1050%2C600&ssl=1 3x, https:\/\/i0.wp.com\/correiodasemana.com\/site\/wp-content\/uploads\/2019\/11\/1-1.jpg?resize=1400%2C800&ssl=1 4x"},"classes":[]},{"id":14356,"url":"https:\/\/correiodasemana.com\/site\/sobral-sobral-14\/","url_meta":{"origin":12134,"position":5},"title":"Sobral, Sobral","author":"","date":"Novembro 2, 2020","format":false,"excerpt":"UM CRETINO RICO VALE MAIS QUE UM FIL\u00d3SOFO POBRE (MATHURIN R\u00c9GNIER, poeta franc\u00eas) MINHAS HIST\u00d3RIAS\u2026 NELSON (S\u00d3 DE MAU) N\u00c3O CANTOU BOEMIA Esta quem me contou foi o ZEZINHO PONTE, presidente da C\u00c2MARA DOS DIRIGENTES LOJISTAS (CDL) e filho do empres\u00e1rio e pol\u00edtico sobralense AUR\u00c9LIO PONTE, ao me presentear com\u2026","rel":"","context":"In &quot;Artigos&quot;","block_context":{"text":"Artigos","link":"https:\/\/correiodasemana.com\/site\/category\/artigos\/"},"img":{"alt_text":"","src":"https:\/\/i0.wp.com\/correiodasemana.com\/site\/wp-content\/uploads\/2020\/11\/sobral-sobral-150x150.png?resize=350%2C200&ssl=1","width":350,"height":200},"classes":[]}],"jetpack_sharing_enabled":true,"_links":{"self":[{"href":"https:\/\/correiodasemana.com\/site\/wp-json\/wp\/v2\/posts\/12134","targetHints":{"allow":["GET"]}}],"collection":[{"href":"https:\/\/correiodasemana.com\/site\/wp-json\/wp\/v2\/posts"}],"about":[{"href":"https:\/\/correiodasemana.com\/site\/wp-json\/wp\/v2\/types\/post"}],"author":[{"embeddable":true,"href":"https:\/\/correiodasemana.com\/site\/wp-json\/wp\/v2\/users\/1"}],"replies":[{"embeddable":true,"href":"https:\/\/correiodasemana.com\/site\/wp-json\/wp\/v2\/comments?post=12134"}],"version-history":[{"count":2,"href":"https:\/\/correiodasemana.com\/site\/wp-json\/wp\/v2\/posts\/12134\/revisions"}],"predecessor-version":[{"id":12137,"href":"https:\/\/correiodasemana.com\/site\/wp-json\/wp\/v2\/posts\/12134\/revisions\/12137"}],"wp:featuredmedia":[{"embeddable":true,"href":"https:\/\/correiodasemana.com\/site\/wp-json\/wp\/v2\/media\/12135"}],"wp:attachment":[{"href":"https:\/\/correiodasemana.com\/site\/wp-json\/wp\/v2\/media?parent=12134"}],"wp:term":[{"taxonomy":"category","embeddable":true,"href":"https:\/\/correiodasemana.com\/site\/wp-json\/wp\/v2\/categories?post=12134"},{"taxonomy":"post_tag","embeddable":true,"href":"https:\/\/correiodasemana.com\/site\/wp-json\/wp\/v2\/tags?post=12134"}],"curies":[{"name":"wp","href":"https:\/\/api.w.org\/{rel}","templated":true}]}}