{"id":12145,"date":"2020-07-22T17:37:58","date_gmt":"2020-07-22T17:37:58","guid":{"rendered":"https:\/\/correiodasemana.com\/site\/?p=12145"},"modified":"2020-07-22T17:37:58","modified_gmt":"2020-07-22T17:37:58","slug":"hospital-dom-walfrido-inicia-atendimento-ambulatorial-em-traumato-ortopedia-para-sobral-e-regiao","status":"publish","type":"post","link":"https:\/\/correiodasemana.com\/site\/hospital-dom-walfrido-inicia-atendimento-ambulatorial-em-traumato-ortopedia-para-sobral-e-regiao\/","title":{"rendered":"Hospital Dom Walfrido inicia atendimento ambulatorial em traumato-ortopedia para Sobral e regi\u00e3o"},"content":{"rendered":"<p>Visando ampliar e garantir servi\u00e7os de sa\u00fade com qualidade a todos que necessitem em Sobral e regi\u00e3o, o Hospital Dom Walfrido, unidade do Complexo Santa Casa de Miseric\u00f3rdia de Sobral, para atendimentos de conv\u00eanios e particulares, iniciou na segunda-feira (20\/07) o atendimento ambulatorial especializado em traumato-ortopedia.<\/p>\n<p>Com instala\u00e7\u00f5es novas, confort\u00e1veis e modernas, o novo ambulat\u00f3rio da institui\u00e7\u00e3o \u00e9 climatizado e conta com uma ampla recep\u00e7\u00e3o, consult\u00f3rios m\u00e9dicos, sala de gesso e banheiros, comuns e adaptados. O servi\u00e7o agora se une a uma estrutura hospitalar diferenciada, que j\u00e1 \u00e9 considerada uma das melhores unidades particulares da regi\u00e3o norte do estado do Cear\u00e1.<\/p>\n<p><img fetchpriority=\"high\" decoding=\"async\" class=\"aligncenter size-full wp-image-12147\" src=\"https:\/\/correiodasemana.com\/site\/wp-content\/uploads\/2020\/07\/Atendimento-ortopedia-2.jpg\" alt=\"\" width=\"2048\" height=\"1365\" srcset=\"https:\/\/correiodasemana.com\/site\/wp-content\/uploads\/2020\/07\/Atendimento-ortopedia-2.jpg 2048w, https:\/\/correiodasemana.com\/site\/wp-content\/uploads\/2020\/07\/Atendimento-ortopedia-2-300x200.jpg 300w, https:\/\/correiodasemana.com\/site\/wp-content\/uploads\/2020\/07\/Atendimento-ortopedia-2-1024x683.jpg 1024w, https:\/\/correiodasemana.com\/site\/wp-content\/uploads\/2020\/07\/Atendimento-ortopedia-2-768x512.jpg 768w, https:\/\/correiodasemana.com\/site\/wp-content\/uploads\/2020\/07\/Atendimento-ortopedia-2-1536x1024.jpg 1536w, https:\/\/correiodasemana.com\/site\/wp-content\/uploads\/2020\/07\/Atendimento-ortopedia-2-675x450.jpg 675w\" sizes=\"(max-width: 2048px) 100vw, 2048px\" \/><\/p>\n<p><strong>Estrutura<\/strong><\/p>\n<p>Inaugurado em novembro de 2012, o Hospital Dom Walfrido \u00e9 destinado ao atendimento de pacientes particulares ou, que possuem um dos 16 principais planos de sa\u00fade do pa\u00eds. Sua estrutura disp\u00f5e de 35 leitos de interna\u00e7\u00e3o, sendo 19 apartamentos e sete enfermarias, as quais possuem de dois a tr\u00eas leitos, cada.<\/p>\n<p><img decoding=\"async\" class=\"aligncenter size-full wp-image-12148\" src=\"https:\/\/correiodasemana.com\/site\/wp-content\/uploads\/2020\/07\/Atendimento-ortopedia-3.jpg\" alt=\"\" width=\"2048\" height=\"1365\" srcset=\"https:\/\/correiodasemana.com\/site\/wp-content\/uploads\/2020\/07\/Atendimento-ortopedia-3.jpg 2048w, https:\/\/correiodasemana.com\/site\/wp-content\/uploads\/2020\/07\/Atendimento-ortopedia-3-300x200.jpg 300w, https:\/\/correiodasemana.com\/site\/wp-content\/uploads\/2020\/07\/Atendimento-ortopedia-3-1024x683.jpg 1024w, https:\/\/correiodasemana.com\/site\/wp-content\/uploads\/2020\/07\/Atendimento-ortopedia-3-768x512.jpg 768w, https:\/\/correiodasemana.com\/site\/wp-content\/uploads\/2020\/07\/Atendimento-ortopedia-3-1536x1024.jpg 1536w, https:\/\/correiodasemana.com\/site\/wp-content\/uploads\/2020\/07\/Atendimento-ortopedia-3-675x450.jpg 675w\" sizes=\"(max-width: 2048px) 100vw, 2048px\" \/><\/p>\n<p>Desde o ano passado, passou a disponibilizar Pronto Atendimento Cl\u00ednico 24 horas \u00e0 pacientes com idade a partir de 14 anos, onde conta com oito leitos de observa\u00e7\u00e3o e dois consult\u00f3rios m\u00e9dicos. Com o ambulat\u00f3rio de ortopedia, o Hospital eleva sua capacidade de prestar uma assist\u00eancia de qualidade e humanizada a todos que buscam seus servi\u00e7os.<\/p>\n<p><strong>Planos aceitos:<\/strong>\u00a0Assefaz, Amil, Bradesco Sa\u00fade, Cafaz, Camed, Cassi, Geap, Portal Sa\u00fade, S\u00e3o Camilo, Sa\u00fade Caixa, Unimed, Hapvida, Casembrapa, Fachesf, Conab e Medplan.<\/p>\n<p><strong>Servi\u00e7os:<\/strong><\/p>\n<p>Para mais informa\u00e7\u00f5es, ou marca\u00e7\u00e3o de consultas, ligue:\u00a0<strong>(88) 3112-0517<\/strong><\/p>\n<p><strong>Endere\u00e7o:<\/strong>\u00a0Rua Major Franco, 74 \u2013 Bairro Tamarindo, Sobral-CE<\/p>\n<p>Santa Casa de Miseric\u00f3rdia de Sobral<\/p>\n<p>Assessoria de Comunica\u00e7\u00e3o<\/p>\n<p><strong>Por Thais Menezes\/ Henrique Brito\/ Domingos Jr.<\/strong><\/p>\n<p>&nbsp;<\/p>\n","protected":false},"excerpt":{"rendered":"<p>Visando ampliar e garantir servi\u00e7os de sa\u00fade com qualidade a todos que necessitem em Sobral&#8230;<\/p>\n","protected":false},"author":1,"featured_media":12146,"comment_status":"open","ping_status":"open","sticky":false,"template":"","format":"standard","meta":{"_jetpack_memberships_contains_paid_content":false,"footnotes":"","jetpack_publicize_message":"","jetpack_publicize_feature_enabled":true,"jetpack_social_post_already_shared":true,"jetpack_social_options":{"image_generator_settings":{"template":"highway","default_image_id":0,"font":"","enabled":false},"version":2}},"categories":[1],"tags":[],"class_list":["post-12145","post","type-post","status-publish","format-standard","has-post-thumbnail","hentry","category-atualidade"],"jetpack_publicize_connections":[],"jetpack_featured_media_url":"https:\/\/correiodasemana.com\/site\/wp-content\/uploads\/2020\/07\/Atendimento-ortopedia-1.jpg","jetpack-related-posts":[{"id":12211,"url":"https:\/\/correiodasemana.com\/site\/hospital-dom-walfrido-inicia-atendimento-ambulatorial-em-traumato-ortopedia-para-sobral-e-regiao-2\/","url_meta":{"origin":12145,"position":0},"title":"Hospital Dom Walfrido inicia atendimento ambulatorial em traumato-ortopedia para Sobral e regi\u00e3o","author":"","date":"Julho 25, 2020","format":false,"excerpt":"Com instala\u00e7\u00f5es novas e confort\u00e1veis, o novo ambulat\u00f3rio da institui\u00e7\u00e3o \u00e9 climatizado e conta, al\u00e9m de profissionais renomados, com uma ampla recep\u00e7\u00e3o, consult\u00f3rios m\u00e9dicos, sala de gesso e banheiros. Assessoria de Comunica\u00e7\u00e3o Complexo SCMS Visando ampliar e garantir servi\u00e7os de sa\u00fade com qualidade a todos que necessitem em Sobral e\u2026","rel":"","context":"In &quot;Sa\u00fade&quot;","block_context":{"text":"Sa\u00fade","link":"https:\/\/correiodasemana.com\/site\/category\/saude\/"},"img":{"alt_text":"","src":"https:\/\/i0.wp.com\/correiodasemana.com\/site\/wp-content\/uploads\/2020\/07\/Foto-1.jpg?resize=350%2C200&ssl=1","width":350,"height":200,"srcset":"https:\/\/i0.wp.com\/correiodasemana.com\/site\/wp-content\/uploads\/2020\/07\/Foto-1.jpg?resize=350%2C200&ssl=1 1x, https:\/\/i0.wp.com\/correiodasemana.com\/site\/wp-content\/uploads\/2020\/07\/Foto-1.jpg?resize=525%2C300&ssl=1 1.5x, https:\/\/i0.wp.com\/correiodasemana.com\/site\/wp-content\/uploads\/2020\/07\/Foto-1.jpg?resize=700%2C400&ssl=1 2x"},"classes":[]},{"id":12408,"url":"https:\/\/correiodasemana.com\/site\/hospital-dom-walfrido-implanta-servicos-de-oncologia-e-fonoaudiologia\/","url_meta":{"origin":12145,"position":1},"title":"Hospital Dom Walfrido implanta Servi\u00e7os de Oncologia e Fonoaudiologia","author":"","date":"Agosto 2, 2020","format":false,"excerpt":"Asscom Complexo SCMS Com o objetivo de disponibilizar mais servi\u00e7os de sa\u00fade com qualidade a pacientes de Sobral e outros 54 munic\u00edpios da regi\u00e3o norte do estado do Cear\u00e1, o Hospital Dom Walfrido, unidade do Complexo Santa Casa de Miseric\u00f3rdia de Sobral, para atendimentos de conv\u00eanios e particulares, implantou na\u2026","rel":"","context":"In &quot;Atualidade&quot;","block_context":{"text":"Atualidade","link":"https:\/\/correiodasemana.com\/site\/category\/atualidade\/"},"img":{"alt_text":"","src":"https:\/\/i0.wp.com\/correiodasemana.com\/site\/wp-content\/uploads\/2020\/08\/Foto-2-scaled.jpg?resize=350%2C200&ssl=1","width":350,"height":200,"srcset":"https:\/\/i0.wp.com\/correiodasemana.com\/site\/wp-content\/uploads\/2020\/08\/Foto-2-scaled.jpg?resize=350%2C200&ssl=1 1x, https:\/\/i0.wp.com\/correiodasemana.com\/site\/wp-content\/uploads\/2020\/08\/Foto-2-scaled.jpg?resize=525%2C300&ssl=1 1.5x, https:\/\/i0.wp.com\/correiodasemana.com\/site\/wp-content\/uploads\/2020\/08\/Foto-2-scaled.jpg?resize=700%2C400&ssl=1 2x, https:\/\/i0.wp.com\/correiodasemana.com\/site\/wp-content\/uploads\/2020\/08\/Foto-2-scaled.jpg?resize=1050%2C600&ssl=1 3x, https:\/\/i0.wp.com\/correiodasemana.com\/site\/wp-content\/uploads\/2020\/08\/Foto-2-scaled.jpg?resize=1400%2C800&ssl=1 4x"},"classes":[]},{"id":14096,"url":"https:\/\/correiodasemana.com\/site\/hospital-dom-walfrido-de-sobral-inicia-realizacao-de-exames-de-ultrassonografia\/","url_meta":{"origin":12145,"position":2},"title":"Hospital Dom Walfrido de Sobral inicia realiza\u00e7\u00e3o de exames de ultrassonografia","author":"","date":"Outubro 15, 2020","format":false,"excerpt":"Para proporcionar mais qualidade e seguran\u00e7a na assist\u00eancia prestada \u00e0 popula\u00e7\u00e3o de Sobral e regi\u00e3o, o Hospital Dom Walfrido, unidade de sa\u00fade particular do Complexo Santa Casa de Miseric\u00f3rdia de Sobral, iniciou a realiza\u00e7\u00e3o de exames de ultrassonografia na segunda-feira (05\/10). De forma agendada, os exames s\u00e3o realizados diariamente nos\u2026","rel":"","context":"In &quot;Atualidade&quot;","block_context":{"text":"Atualidade","link":"https:\/\/correiodasemana.com\/site\/category\/atualidade\/"},"img":{"alt_text":"","src":"https:\/\/i0.wp.com\/correiodasemana.com\/site\/wp-content\/uploads\/2020\/10\/IMG_8794-1-scaled.jpg?resize=350%2C200&ssl=1","width":350,"height":200,"srcset":"https:\/\/i0.wp.com\/correiodasemana.com\/site\/wp-content\/uploads\/2020\/10\/IMG_8794-1-scaled.jpg?resize=350%2C200&ssl=1 1x, https:\/\/i0.wp.com\/correiodasemana.com\/site\/wp-content\/uploads\/2020\/10\/IMG_8794-1-scaled.jpg?resize=525%2C300&ssl=1 1.5x, https:\/\/i0.wp.com\/correiodasemana.com\/site\/wp-content\/uploads\/2020\/10\/IMG_8794-1-scaled.jpg?resize=700%2C400&ssl=1 2x, https:\/\/i0.wp.com\/correiodasemana.com\/site\/wp-content\/uploads\/2020\/10\/IMG_8794-1-scaled.jpg?resize=1050%2C600&ssl=1 3x, https:\/\/i0.wp.com\/correiodasemana.com\/site\/wp-content\/uploads\/2020\/10\/IMG_8794-1-scaled.jpg?resize=1400%2C800&ssl=1 4x"},"classes":[]},{"id":14174,"url":"https:\/\/correiodasemana.com\/site\/hospital-dom-walfrido-de-sobral-inicia-realizacao-de-exames-de-ultrassonografia-2\/","url_meta":{"origin":12145,"position":3},"title":"Hospital Dom Walfrido de Sobral inicia realiza\u00e7\u00e3o de exames de ultrassonografia","author":"","date":"Outubro 20, 2020","format":false,"excerpt":"Agendamentos ocorrem atrav\u00e9s da recep\u00e7\u00e3o do Hospital Dom Walfrido, ou da Central de atendimentos da Chromos Imagem. Ascom Complexo SCMS Para proporcionar mais qualidade e seguran\u00e7a na assist\u00eancia prestada \u00e0 popula\u00e7\u00e3o de Sobral e regi\u00e3o, o Hospital Dom Walfrido, unidade de sa\u00fade particular do Complexo Santa Casa de Miseric\u00f3rdia de\u2026","rel":"","context":"In &quot;Atualidade&quot;","block_context":{"text":"Atualidade","link":"https:\/\/correiodasemana.com\/site\/category\/atualidade\/"},"img":{"alt_text":"","src":"https:\/\/i0.wp.com\/correiodasemana.com\/site\/wp-content\/uploads\/2020\/10\/IMG_8794-1-1.jpg?resize=350%2C200&ssl=1","width":350,"height":200,"srcset":"https:\/\/i0.wp.com\/correiodasemana.com\/site\/wp-content\/uploads\/2020\/10\/IMG_8794-1-1.jpg?resize=350%2C200&ssl=1 1x, https:\/\/i0.wp.com\/correiodasemana.com\/site\/wp-content\/uploads\/2020\/10\/IMG_8794-1-1.jpg?resize=525%2C300&ssl=1 1.5x"},"classes":[]},{"id":14629,"url":"https:\/\/correiodasemana.com\/site\/hospital-dom-walfrido-de-sobral-realiza-treinamento-sobre-time-de-resposta-rapida-para-enfermeiros\/","url_meta":{"origin":12145,"position":4},"title":"Hospital Dom Walfrido de Sobral realiza treinamento sobre Time de Resposta R\u00e1pida para enfermeiros","author":"","date":"Novembro 19, 2020","format":false,"excerpt":"Com o objetivo de garantir mais qualidade e seguran\u00e7a no atendimento a pacientes de Sobral e regi\u00e3o, o Hospital Dom Walfrido, unidade particular do Complexo Santa Casa de Miseric\u00f3rdia de Sobral, realizou na quarta-feira (28\/10) um treinamento para enfermeiros sobre o Time de Resposta R\u00e1pida (TRR) \u2013 equipe formada por\u2026","rel":"","context":"In &quot;Atualidade&quot;","block_context":{"text":"Atualidade","link":"https:\/\/correiodasemana.com\/site\/category\/atualidade\/"},"img":{"alt_text":"","src":"https:\/\/i0.wp.com\/correiodasemana.com\/site\/wp-content\/uploads\/2020\/11\/IMG_0166-scaled.jpg?resize=350%2C200&ssl=1","width":350,"height":200,"srcset":"https:\/\/i0.wp.com\/correiodasemana.com\/site\/wp-content\/uploads\/2020\/11\/IMG_0166-scaled.jpg?resize=350%2C200&ssl=1 1x, https:\/\/i0.wp.com\/correiodasemana.com\/site\/wp-content\/uploads\/2020\/11\/IMG_0166-scaled.jpg?resize=525%2C300&ssl=1 1.5x, https:\/\/i0.wp.com\/correiodasemana.com\/site\/wp-content\/uploads\/2020\/11\/IMG_0166-scaled.jpg?resize=700%2C400&ssl=1 2x, https:\/\/i0.wp.com\/correiodasemana.com\/site\/wp-content\/uploads\/2020\/11\/IMG_0166-scaled.jpg?resize=1050%2C600&ssl=1 3x, https:\/\/i0.wp.com\/correiodasemana.com\/site\/wp-content\/uploads\/2020\/11\/IMG_0166-scaled.jpg?resize=1400%2C800&ssl=1 4x"},"classes":[]},{"id":11144,"url":"https:\/\/correiodasemana.com\/site\/servico-de-emergencia-da-santa-casa-de-misericordia-de-sobral-e-beneficiado-com-novos-equipamentos\/","url_meta":{"origin":12145,"position":5},"title":"Servi\u00e7o de Emerg\u00eancia da Santa Casa de Miseric\u00f3rdia de Sobral \u00e9 beneficiado com novos equipamentos","author":"","date":"Mar\u00e7o 9, 2020","format":false,"excerpt":"O Hospital \u00e9 refer\u00eancia em traumato-ortopedia na Regi\u00e3o Norte. Para ofertar melhores condi\u00e7\u00f5es de atendimento aos pacientes, o servi\u00e7o de Emerg\u00eancia da Santa Casa de Miseric\u00f3rdia de Sobral foi beneficiado com novos equipamentos adquiridos com recursos pr\u00f3prios e com apoio financeiro de projetos de pesquisas do Departamento de Ensino, Pesquisa\u2026","rel":"","context":"In &quot;Santa Casa&quot;","block_context":{"text":"Santa Casa","link":"https:\/\/correiodasemana.com\/site\/category\/santa-casa\/"},"img":{"alt_text":"","src":"https:\/\/i0.wp.com\/correiodasemana.com\/site\/wp-content\/uploads\/2020\/03\/batch_Novos-equipamentos-scaled.jpg?resize=350%2C200&ssl=1","width":350,"height":200,"srcset":"https:\/\/i0.wp.com\/correiodasemana.com\/site\/wp-content\/uploads\/2020\/03\/batch_Novos-equipamentos-scaled.jpg?resize=350%2C200&ssl=1 1x, https:\/\/i0.wp.com\/correiodasemana.com\/site\/wp-content\/uploads\/2020\/03\/batch_Novos-equipamentos-scaled.jpg?resize=525%2C300&ssl=1 1.5x, https:\/\/i0.wp.com\/correiodasemana.com\/site\/wp-content\/uploads\/2020\/03\/batch_Novos-equipamentos-scaled.jpg?resize=700%2C400&ssl=1 2x, https:\/\/i0.wp.com\/correiodasemana.com\/site\/wp-content\/uploads\/2020\/03\/batch_Novos-equipamentos-scaled.jpg?resize=1050%2C600&ssl=1 3x, https:\/\/i0.wp.com\/correiodasemana.com\/site\/wp-content\/uploads\/2020\/03\/batch_Novos-equipamentos-scaled.jpg?resize=1400%2C800&ssl=1 4x"},"classes":[]}],"jetpack_sharing_enabled":true,"_links":{"self":[{"href":"https:\/\/correiodasemana.com\/site\/wp-json\/wp\/v2\/posts\/12145","targetHints":{"allow":["GET"]}}],"collection":[{"href":"https:\/\/correiodasemana.com\/site\/wp-json\/wp\/v2\/posts"}],"about":[{"href":"https:\/\/correiodasemana.com\/site\/wp-json\/wp\/v2\/types\/post"}],"author":[{"embeddable":true,"href":"https:\/\/correiodasemana.com\/site\/wp-json\/wp\/v2\/users\/1"}],"replies":[{"embeddable":true,"href":"https:\/\/correiodasemana.com\/site\/wp-json\/wp\/v2\/comments?post=12145"}],"version-history":[{"count":2,"href":"https:\/\/correiodasemana.com\/site\/wp-json\/wp\/v2\/posts\/12145\/revisions"}],"predecessor-version":[{"id":12150,"href":"https:\/\/correiodasemana.com\/site\/wp-json\/wp\/v2\/posts\/12145\/revisions\/12150"}],"wp:featuredmedia":[{"embeddable":true,"href":"https:\/\/correiodasemana.com\/site\/wp-json\/wp\/v2\/media\/12146"}],"wp:attachment":[{"href":"https:\/\/correiodasemana.com\/site\/wp-json\/wp\/v2\/media?parent=12145"}],"wp:term":[{"taxonomy":"category","embeddable":true,"href":"https:\/\/correiodasemana.com\/site\/wp-json\/wp\/v2\/categories?post=12145"},{"taxonomy":"post_tag","embeddable":true,"href":"https:\/\/correiodasemana.com\/site\/wp-json\/wp\/v2\/tags?post=12145"}],"curies":[{"name":"wp","href":"https:\/\/api.w.org\/{rel}","templated":true}]}}