{"id":12151,"date":"2020-07-22T18:06:27","date_gmt":"2020-07-22T18:06:27","guid":{"rendered":"https:\/\/correiodasemana.com\/site\/?p=12151"},"modified":"2020-07-22T18:06:27","modified_gmt":"2020-07-22T18:06:27","slug":"margem-esquerda-do-rio-acarau-recebera-nova-iluminacao-em-led","status":"publish","type":"post","link":"https:\/\/correiodasemana.com\/site\/margem-esquerda-do-rio-acarau-recebera-nova-iluminacao-em-led\/","title":{"rendered":"Margem Esquerda do Rio Acara\u00fa receber\u00e1 nova ilumina\u00e7\u00e3o em LED"},"content":{"rendered":"<p>Nesta semana, a Prefeitura de Sobral, por meio da Secretaria dos Servi\u00e7os P\u00fablicos (Sesep), iniciou a instala\u00e7\u00e3o da nova ilumina\u00e7\u00e3o da Margem Esquerda do Rio Acara\u00fa. Ao todo, 103 postes met\u00e1licos e 166 novos refletores de LED ser\u00e3o instalados em substitui\u00e7\u00e3o \u00e0 ilumina\u00e7\u00e3o atual. O investimento \u00e9 superior a R$ 550 mil, do tesouro municipal.<\/p>\n<figure id=\"attachment_12153\" aria-describedby=\"caption-attachment-12153\" style=\"width: 960px\" class=\"wp-caption aligncenter\"><img fetchpriority=\"high\" decoding=\"async\" class=\"size-full wp-image-12153\" src=\"https:\/\/correiodasemana.com\/site\/wp-content\/uploads\/2020\/07\/109457480_1160510540974139_8816623150279276249_o.jpg\" alt=\"\" width=\"960\" height=\"638\" srcset=\"https:\/\/correiodasemana.com\/site\/wp-content\/uploads\/2020\/07\/109457480_1160510540974139_8816623150279276249_o.jpg 960w, https:\/\/correiodasemana.com\/site\/wp-content\/uploads\/2020\/07\/109457480_1160510540974139_8816623150279276249_o-300x199.jpg 300w, https:\/\/correiodasemana.com\/site\/wp-content\/uploads\/2020\/07\/109457480_1160510540974139_8816623150279276249_o-768x510.jpg 768w, https:\/\/correiodasemana.com\/site\/wp-content\/uploads\/2020\/07\/109457480_1160510540974139_8816623150279276249_o-675x450.jpg 675w\" sizes=\"(max-width: 960px) 100vw, 960px\" \/><figcaption id=\"caption-attachment-12153\" class=\"wp-caption-text\">A obra beneficiar\u00e1 todo o trecho da Margem Esquerda<\/figcaption><\/figure>\n<p>O projeto de substitui\u00e7\u00e3o de l\u00e2mpadas amarelas por l\u00e2mpadas LEDs j\u00e1 beneficiou os bairros Cidade Jos\u00e9 Euclides, Vila Uni\u00e3o, Dom Jos\u00e9 I e\u00a0II, Padre Palhano, Sumar\u00e9, Santa Casa, Tamarindo, Dom Expedito, Cidade Gerardo Cristino de Menezes, Parque Silvana, Para\u00edso das Flores, Alto da Bras\u00edlia, Pedrinhas, Alto da Expectativa, Bet\u00e2nia, Novo Recanto e Alto do Cristo.<\/p>\n<p>O objetivo da a\u00e7\u00e3o \u00e9 garantir ilumina\u00e7\u00e3o de qualidade para todos os sobralenses. Al\u00e9m de mais potente, a ilumina\u00e7\u00e3o em LED aumenta a sensa\u00e7\u00e3o de seguran\u00e7a.<\/p>\n","protected":false},"excerpt":{"rendered":"<p>Nesta semana, a Prefeitura de Sobral, por meio da Secretaria dos Servi\u00e7os P\u00fablicos (Sesep), iniciou&#8230;<\/p>\n","protected":false},"author":1,"featured_media":12152,"comment_status":"open","ping_status":"open","sticky":false,"template":"","format":"standard","meta":{"_jetpack_memberships_contains_paid_content":false,"footnotes":"","jetpack_publicize_message":"","jetpack_publicize_feature_enabled":true,"jetpack_social_post_already_shared":true,"jetpack_social_options":{"image_generator_settings":{"template":"highway","default_image_id":0,"font":"","enabled":false},"version":2}},"categories":[1],"tags":[],"class_list":["post-12151","post","type-post","status-publish","format-standard","has-post-thumbnail","hentry","category-atualidade"],"jetpack_publicize_connections":[],"jetpack_featured_media_url":"https:\/\/correiodasemana.com\/site\/wp-content\/uploads\/2020\/07\/115821208_1160510454307481_3456688447939573629_o.jpg","jetpack-related-posts":[{"id":12227,"url":"https:\/\/correiodasemana.com\/site\/margem-esquerda-do-rio-acarau-recebera-nova-iluminacao-em-led-2\/","url_meta":{"origin":12151,"position":0},"title":"Margem Esquerda do Rio Acara\u00fa receber\u00e1 nova ilumina\u00e7\u00e3o em LED","author":"","date":"Julho 25, 2020","format":false,"excerpt":"A obra beneficiar\u00e1 todo o trecho da Margem Esquerda Nesta semana, a Prefeitura de Sobral, por meio da Secretaria dos Servi\u00e7os P\u00fablicos (Sesep), iniciou a instala\u00e7\u00e3o da nova ilumina\u00e7\u00e3o da Margem Esquerda do Rio Acara\u00fa. Ao todo, 103 postes met\u00e1licos e 166 novos refletores de LED ser\u00e3o instalados em substitui\u00e7\u00e3o\u2026","rel":"","context":"In &quot;Atualidade&quot;","block_context":{"text":"Atualidade","link":"https:\/\/correiodasemana.com\/site\/category\/atualidade\/"},"img":{"alt_text":"","src":"https:\/\/i0.wp.com\/correiodasemana.com\/site\/wp-content\/uploads\/2020\/07\/109457480_1160510540974139_8816623150279276249_o-1.jpg?resize=350%2C200&ssl=1","width":350,"height":200,"srcset":"https:\/\/i0.wp.com\/correiodasemana.com\/site\/wp-content\/uploads\/2020\/07\/109457480_1160510540974139_8816623150279276249_o-1.jpg?resize=350%2C200&ssl=1 1x, https:\/\/i0.wp.com\/correiodasemana.com\/site\/wp-content\/uploads\/2020\/07\/109457480_1160510540974139_8816623150279276249_o-1.jpg?resize=525%2C300&ssl=1 1.5x, https:\/\/i0.wp.com\/correiodasemana.com\/site\/wp-content\/uploads\/2020\/07\/109457480_1160510540974139_8816623150279276249_o-1.jpg?resize=700%2C400&ssl=1 2x"},"classes":[]},{"id":9150,"url":"https:\/\/correiodasemana.com\/site\/prefeitura-de-sobral-inicia-mais-uma-etapa-da-substituicao-de-lampadas-vapor-por-lampadas-de-led\/","url_meta":{"origin":12151,"position":1},"title":"Prefeitura de Sobral inicia mais uma etapa da substitui\u00e7\u00e3o de l\u00e2mpadas vapor por l\u00e2mpadas de LED","author":"","date":"Setembro 15, 2019","format":false,"excerpt":"Assessoria de Imprensa da Prefeitura Municipal de Sobral Na tarde desta segunda-feira (09\/09), a Prefeitura de Sobral, por meio da Secretaria de Servi\u00e7os P\u00fablicos (Sesep), iniciou a 3\u00b0 etapa da substitui\u00e7\u00e3o de l\u00e2mpadas de vapor por l\u00e2mpadas de LED. A a\u00e7\u00e3o contemplar\u00e1 os bairros Cidade Gerardo Cristino de Menezes, Alto\u2026","rel":"","context":"In &quot;Atualidade&quot;","block_context":{"text":"Atualidade","link":"https:\/\/correiodasemana.com\/site\/category\/atualidade\/"},"img":{"alt_text":"","src":"https:\/\/i0.wp.com\/correiodasemana.com\/site\/wp-content\/uploads\/2019\/09\/DSC07601.jpg?resize=350%2C200&ssl=1","width":350,"height":200,"srcset":"https:\/\/i0.wp.com\/correiodasemana.com\/site\/wp-content\/uploads\/2019\/09\/DSC07601.jpg?resize=350%2C200&ssl=1 1x, https:\/\/i0.wp.com\/correiodasemana.com\/site\/wp-content\/uploads\/2019\/09\/DSC07601.jpg?resize=525%2C300&ssl=1 1.5x"},"classes":[]},{"id":16701,"url":"https:\/\/correiodasemana.com\/site\/assinada-ordem-de-servico-para-inicio-da-5a-etapa-de-substituicao-de-lampadas-de-vapor-por-led\/","url_meta":{"origin":12151,"position":2},"title":"Assinada ordem de servi\u00e7o para in\u00edcio da 5\u00aa etapa de substitui\u00e7\u00e3o de l\u00e2mpadas de vapor por LED","author":"","date":"Junho 14, 2021","format":false,"excerpt":"A Prefeitura de Sobral, por meio da Secretaria da Conserva\u00e7\u00e3o e Servi\u00e7os P\u00fablicos (SCSP), iniciar\u00e1, a partir da pr\u00f3xima semana, a 5\u00aa etapa de substitui\u00e7\u00e3o de l\u00e2mpadas de vapor met\u00e1lico por LED. A ordem de servi\u00e7o para o in\u00edcio da opera\u00e7\u00e3o foi assinada nesta ter\u00e7a-feira (01\/06) pelo secret\u00e1rio da SCSP,\u2026","rel":"","context":"In &quot;Atualidade&quot;","block_context":{"text":"Atualidade","link":"https:\/\/correiodasemana.com\/site\/category\/atualidade\/"},"img":{"alt_text":"","src":"https:\/\/i0.wp.com\/correiodasemana.com\/site\/wp-content\/uploads\/2021\/06\/ILUMINACAO-FOTO.jpeg?resize=350%2C200&ssl=1","width":350,"height":200,"srcset":"https:\/\/i0.wp.com\/correiodasemana.com\/site\/wp-content\/uploads\/2021\/06\/ILUMINACAO-FOTO.jpeg?resize=350%2C200&ssl=1 1x, https:\/\/i0.wp.com\/correiodasemana.com\/site\/wp-content\/uploads\/2021\/06\/ILUMINACAO-FOTO.jpeg?resize=525%2C300&ssl=1 1.5x"},"classes":[]},{"id":36438,"url":"https:\/\/correiodasemana.com\/site\/prefeitura-de-sobral-realiza-manutencao-completa-da-iluminacao-da-areninha-da-margem-esquerda\/","url_meta":{"origin":12151,"position":3},"title":"Prefeitura de Sobral realiza manuten\u00e7\u00e3o completa da ilumina\u00e7\u00e3o da Areninha da Margem Esquerda","author":"adminredacao","date":"Novembro 18, 2025","format":false,"excerpt":"A Prefeitura de Sobral, por meio da Secretaria da Conserva\u00e7\u00e3o e Servi\u00e7os P\u00fablicos (SESEP), iniciou nesta ter\u00e7a-feira (11\/11) os trabalhos de manuten\u00e7\u00e3o completa da ilumina\u00e7\u00e3o da Areninha da Margem Esquerda. A a\u00e7\u00e3o, que segue at\u00e9 sexta-feira (14\/11), tem como objetivo garantir mais seguran\u00e7a, conforto e qualidade para os frequentadores do\u2026","rel":"","context":"In &quot;Atualidade&quot;","block_context":{"text":"Atualidade","link":"https:\/\/correiodasemana.com\/site\/category\/atualidade\/"},"img":{"alt_text":"","src":"https:\/\/i0.wp.com\/correiodasemana.com\/site\/wp-content\/uploads\/2025\/11\/Areninha-manutencao.jpeg?resize=350%2C200&ssl=1","width":350,"height":200,"srcset":"https:\/\/i0.wp.com\/correiodasemana.com\/site\/wp-content\/uploads\/2025\/11\/Areninha-manutencao.jpeg?resize=350%2C200&ssl=1 1x, https:\/\/i0.wp.com\/correiodasemana.com\/site\/wp-content\/uploads\/2025\/11\/Areninha-manutencao.jpeg?resize=525%2C300&ssl=1 1.5x, https:\/\/i0.wp.com\/correiodasemana.com\/site\/wp-content\/uploads\/2025\/11\/Areninha-manutencao.jpeg?resize=700%2C400&ssl=1 2x"},"classes":[]},{"id":12215,"url":"https:\/\/correiodasemana.com\/site\/politica-em-evidencia-30\/","url_meta":{"origin":12151,"position":4},"title":"Pol\u00edtica em Evid\u00eancia","author":"","date":"Julho 25, 2020","format":false,"excerpt":"A Prefeitura de Sobral, atrav\u00e9s da Secretaria dos Servi\u00e7os P\u00fablicos (Sesep), comandada pelo vereador e secret\u00e1rio, Paulo Vasconcelos, instalou nova ilumina\u00e7\u00e3o na Margem Esquerda do Rio Acara\u00fa. Ao todo, 103 postes met\u00e1licos e 166 novos refletores de LED foram instalados em substitui\u00e7\u00e3o \u00e0 ilumina\u00e7\u00e3o que se encontrava. O investimento \u00e9\u2026","rel":"","context":"In &quot;Artigos&quot;","block_context":{"text":"Artigos","link":"https:\/\/correiodasemana.com\/site\/category\/artigos\/"},"img":{"alt_text":"","src":"","width":0,"height":0},"classes":[]},{"id":10259,"url":"https:\/\/correiodasemana.com\/site\/decoracao-natalina-prepara-sobral-a-espera-do-natal\/","url_meta":{"origin":12151,"position":5},"title":"Decora\u00e7\u00e3o natalina prepara Sobral \u00e0 espera do Natal","author":"","date":"Dezembro 23, 2019","format":false,"excerpt":"A principal novidade desse ano fica por conta das tr\u00eas \u00e1rvores de sete metros de altura, montadas em balsas flutuantes. Correio da Semana A Prefeitura Municipal de Sobral por meio da Secretaria de Servi\u00e7os P\u00fablicos (SESEP) finalizou no domingo (15) os servi\u00e7os de decora\u00e7\u00e3o natalina do munic\u00edpio. Pra\u00e7a da Coluna\u2026","rel":"","context":"In &quot;Atualidade&quot;","block_context":{"text":"Atualidade","link":"https:\/\/correiodasemana.com\/site\/category\/atualidade\/"},"img":{"alt_text":"","src":"https:\/\/i0.wp.com\/correiodasemana.com\/site\/wp-content\/uploads\/2019\/12\/46988682_1893904634038850_3951543295854772224_n.jpg?resize=350%2C200&ssl=1","width":350,"height":200,"srcset":"https:\/\/i0.wp.com\/correiodasemana.com\/site\/wp-content\/uploads\/2019\/12\/46988682_1893904634038850_3951543295854772224_n.jpg?resize=350%2C200&ssl=1 1x, https:\/\/i0.wp.com\/correiodasemana.com\/site\/wp-content\/uploads\/2019\/12\/46988682_1893904634038850_3951543295854772224_n.jpg?resize=525%2C300&ssl=1 1.5x, https:\/\/i0.wp.com\/correiodasemana.com\/site\/wp-content\/uploads\/2019\/12\/46988682_1893904634038850_3951543295854772224_n.jpg?resize=700%2C400&ssl=1 2x"},"classes":[]}],"jetpack_sharing_enabled":true,"_links":{"self":[{"href":"https:\/\/correiodasemana.com\/site\/wp-json\/wp\/v2\/posts\/12151","targetHints":{"allow":["GET"]}}],"collection":[{"href":"https:\/\/correiodasemana.com\/site\/wp-json\/wp\/v2\/posts"}],"about":[{"href":"https:\/\/correiodasemana.com\/site\/wp-json\/wp\/v2\/types\/post"}],"author":[{"embeddable":true,"href":"https:\/\/correiodasemana.com\/site\/wp-json\/wp\/v2\/users\/1"}],"replies":[{"embeddable":true,"href":"https:\/\/correiodasemana.com\/site\/wp-json\/wp\/v2\/comments?post=12151"}],"version-history":[{"count":1,"href":"https:\/\/correiodasemana.com\/site\/wp-json\/wp\/v2\/posts\/12151\/revisions"}],"predecessor-version":[{"id":12154,"href":"https:\/\/correiodasemana.com\/site\/wp-json\/wp\/v2\/posts\/12151\/revisions\/12154"}],"wp:featuredmedia":[{"embeddable":true,"href":"https:\/\/correiodasemana.com\/site\/wp-json\/wp\/v2\/media\/12152"}],"wp:attachment":[{"href":"https:\/\/correiodasemana.com\/site\/wp-json\/wp\/v2\/media?parent=12151"}],"wp:term":[{"taxonomy":"category","embeddable":true,"href":"https:\/\/correiodasemana.com\/site\/wp-json\/wp\/v2\/categories?post=12151"},{"taxonomy":"post_tag","embeddable":true,"href":"https:\/\/correiodasemana.com\/site\/wp-json\/wp\/v2\/tags?post=12151"}],"curies":[{"name":"wp","href":"https:\/\/api.w.org\/{rel}","templated":true}]}}