{"id":12158,"date":"2020-07-23T11:48:57","date_gmt":"2020-07-23T11:48:57","guid":{"rendered":"https:\/\/correiodasemana.com\/site\/?p=12158"},"modified":"2020-07-23T11:48:57","modified_gmt":"2020-07-23T11:48:57","slug":"pesquisadores-desenvolvem-tecido-que-neutraliza-novo-coronavirus","status":"publish","type":"post","link":"https:\/\/correiodasemana.com\/site\/pesquisadores-desenvolvem-tecido-que-neutraliza-novo-coronavirus\/","title":{"rendered":"Pesquisadores desenvolvem tecido que neutraliza novo coronav\u00edrus"},"content":{"rendered":"<h3>Tecido \u00e9 capaz de eliminar 99,9% do novo coronav\u00edrus em dois minutos<\/h3>\n<p>Pesquisadores do\u00a0Instituto de Ci\u00eancias Biom\u00e9dicas (ICB) da Universidade de S\u00e3o Paulo (USP), da Universitat Jaume I, da Espanha, e do Centro de Desenvolvimento de Materiais Funcionais (CDMF) desenvolveram um tecido capaz de inativar o coronav\u00edrus SarS-CoV-2, agente causador da covid-19. O projeto teve ainda a participa\u00e7\u00e3o de equipe da empresa Nanox, de nanotecnologia.<\/p>\n<p>O tecido, que deve servir principalmente para a fabrica\u00e7\u00e3o de pe\u00e7as de roupas hospitalares e j\u00e1 est\u00e1 chegando ao mercado, \u00e9 capaz de eliminar 99,9% do novo coronav\u00edrus em cerca de dois minutos. A composi\u00e7\u00e3o deriva de uma mistura de poli\u00e9ster com algod\u00e3o, que se soma, por meio de um processo chamado pad-dry-cure, \u00e0 camada de micropart\u00edculas de prata, fixada. A aplica\u00e7\u00e3o de pequenas part\u00edculas de prata consiste em\u00a0uma t\u00e9cnica difundida h\u00e1 algum tempo entre os industriais, estando presente nos ramos t\u00eaxtil, de cosm\u00e9ticos e de tintas.<\/p>\n<p>Conforme explicou \u00e0 Ag\u00eancia Brasil o pesquisador Lucio\u00a0Freitas Junior, que trabalha no laborat\u00f3rio de biosseguran\u00e7a de n\u00edvel 3 (NB3) do ICB, o projeto aproveitou a amostra de novo coronav\u00edrus que havia sido isolada e cultivada a partir da carga contra\u00edda por um dos primeiros pacientes diagnosticados com a doen\u00e7a, tratado no Hospital Israelita Albert Einstein.<\/p>\n<p>&#8220;T\u00ednhamos o v\u00edrus isolado e armazenado no nosso laborat\u00f3rio, em grande quantidade. Nosso laborat\u00f3rio fornece v\u00edrus ao Brasil todo e ao exterior, para a realiza\u00e7\u00e3o de estudos&#8221;, comentou.<\/p>\n<p>Para se certificar da efic\u00e1cia do material, os pesquisadores cumpriram uma\u00a0segunda\u00a0etapa, de an\u00e1lise molecular. Al\u00e9m de testes para avalia\u00e7\u00e3o da atividade antiviral, antimicrobiana e fungicida, avaliaram outros aspectos importantes para que o produto pudesse ser liberado para comercializa\u00e7\u00e3o, como assegurar que n\u00e3o desencadeia alergias ou outras rea\u00e7\u00f5es adversas no organismo.<\/p>\n<h4>Por Letycia Bond &#8211; Rep\u00f3rter da Ag\u00eancia Brasil &#8211; S\u00e3o Paulo<\/h4>\n<p>&nbsp;<\/p>\n","protected":false},"excerpt":{"rendered":"<p>Tecido \u00e9 capaz de eliminar 99,9% do novo coronav\u00edrus em dois minutos Pesquisadores do\u00a0Instituto de&#8230;<\/p>\n","protected":false},"author":1,"featured_media":12159,"comment_status":"open","ping_status":"open","sticky":false,"template":"","format":"standard","meta":{"_jetpack_memberships_contains_paid_content":false,"footnotes":"","jetpack_publicize_message":"","jetpack_publicize_feature_enabled":true,"jetpack_social_post_already_shared":true,"jetpack_social_options":{"image_generator_settings":{"template":"highway","default_image_id":0,"font":"","enabled":false},"version":2}},"categories":[1],"tags":[],"class_list":["post-12158","post","type-post","status-publish","format-standard","has-post-thumbnail","hentry","category-atualidade"],"jetpack_publicize_connections":[],"jetpack_featured_media_url":"https:\/\/correiodasemana.com\/site\/wp-content\/uploads\/2020\/07\/hospital_de_campanha_covid-19_complexo_esportivo_do_ibirapuera2904200179.jpg","jetpack-related-posts":[{"id":11286,"url":"https:\/\/correiodasemana.com\/site\/complexo-santa-casa-de-misericordia-de-sobral-adota-medidas-para-evitar-novo-coronavirus\/","url_meta":{"origin":12158,"position":0},"title":"Complexo Santa Casa de Miseric\u00f3rdia de Sobral adota medidas para evitar Novo Coronav\u00edrus","author":"","date":"Mar\u00e7o 24, 2020","format":false,"excerpt":"Al\u00e9m das medidas necess\u00e1rias diante do cen\u00e1rio de pandemia, o Complexo SCMS tamb\u00e9m desenvolveu seu fluxo de atendimento e condu\u00e7\u00e3o caso haja casos suspeitos ou confirmados da COVID-19. Assessoria de Comunica\u00e7\u00e3o do Complexo SCMS Sendo refer\u00eancia de sa\u00fade para Sobral e regi\u00e3o, a Santa Casa de Miseric\u00f3rdia de Sobral (SCMS),\u2026","rel":"","context":"In &quot;Atualidade&quot;","block_context":{"text":"Atualidade","link":"https:\/\/correiodasemana.com\/site\/category\/atualidade\/"},"img":{"alt_text":"","src":"https:\/\/i0.wp.com\/correiodasemana.com\/site\/wp-content\/uploads\/2020\/03\/Foto-1-2-scaled.jpg?resize=350%2C200&ssl=1","width":350,"height":200,"srcset":"https:\/\/i0.wp.com\/correiodasemana.com\/site\/wp-content\/uploads\/2020\/03\/Foto-1-2-scaled.jpg?resize=350%2C200&ssl=1 1x, https:\/\/i0.wp.com\/correiodasemana.com\/site\/wp-content\/uploads\/2020\/03\/Foto-1-2-scaled.jpg?resize=525%2C300&ssl=1 1.5x, https:\/\/i0.wp.com\/correiodasemana.com\/site\/wp-content\/uploads\/2020\/03\/Foto-1-2-scaled.jpg?resize=700%2C400&ssl=1 2x, https:\/\/i0.wp.com\/correiodasemana.com\/site\/wp-content\/uploads\/2020\/03\/Foto-1-2-scaled.jpg?resize=1050%2C600&ssl=1 3x, https:\/\/i0.wp.com\/correiodasemana.com\/site\/wp-content\/uploads\/2020\/03\/Foto-1-2-scaled.jpg?resize=1400%2C800&ssl=1 4x"},"classes":[]},{"id":17436,"url":"https:\/\/correiodasemana.com\/site\/em-tempo-98\/","url_meta":{"origin":12158,"position":1},"title":"Em Tempo","author":"","date":"Setembro 6, 2021","format":false,"excerpt":"Lan\u00e7ada campanha Doe de Cora\u00e7\u00e3o O Cear\u00e1 \u00e9 refer\u00eancia nacional em transplantes de \u00f3rg\u00e3os e tecidos, tanto pela capacidade da rede de sa\u00fade como pela voca\u00e7\u00e3o do cearense em doar \u2013 ato incentivado anualmente pelo Movimento Doe de Cora\u00e7\u00e3o, que lan\u00e7ou a 19\u00aa edi\u00e7\u00e3o, de modo online, no dia 1\u00ba\u2026","rel":"","context":"In &quot;Artigos&quot;","block_context":{"text":"Artigos","link":"https:\/\/correiodasemana.com\/site\/category\/artigos\/"},"img":{"alt_text":"","src":"https:\/\/i0.wp.com\/correiodasemana.com\/site\/wp-content\/uploads\/2019\/12\/FOTO-EDILSON-SILVA-2.jpg?resize=350%2C200&ssl=1","width":350,"height":200,"srcset":"https:\/\/i0.wp.com\/correiodasemana.com\/site\/wp-content\/uploads\/2019\/12\/FOTO-EDILSON-SILVA-2.jpg?resize=350%2C200&ssl=1 1x, https:\/\/i0.wp.com\/correiodasemana.com\/site\/wp-content\/uploads\/2019\/12\/FOTO-EDILSON-SILVA-2.jpg?resize=525%2C300&ssl=1 1.5x, https:\/\/i0.wp.com\/correiodasemana.com\/site\/wp-content\/uploads\/2019\/12\/FOTO-EDILSON-SILVA-2.jpg?resize=700%2C400&ssl=1 2x"},"classes":[]},{"id":10620,"url":"https:\/\/correiodasemana.com\/site\/coronavirus-tudo-o-que-voce-precisa-saber-sobre-a-nova-infeccao\/","url_meta":{"origin":12158,"position":2},"title":"Coronav\u00edrus: tudo o que voc\u00ea precisa saber sobre a nova infec\u00e7\u00e3o","author":"","date":"Janeiro 27, 2020","format":false,"excerpt":"Um\u00a0v\u00edrus\u00a0desconhecido pela ci\u00eancia at\u00e9 pouco tempo vem causando uma doen\u00e7a pulmonar grave em centenas de pessoas. Na\u00a0China, onde surgiu o novo\u00a0coronav\u00edrus,\u00a017 pessoas morreram\u00a0e 444 est\u00e3o infectadas, de acordo com o balan\u00e7o local mais recente. Casos da infec\u00e7\u00e3o j\u00e1 foram confirmados na Coreia do Sul, Tail\u00e2ndia, Jap\u00e3o, Estados Unidos e Taiwan.\u2026","rel":"","context":"In &quot;Atualidade&quot;","block_context":{"text":"Atualidade","link":"https:\/\/correiodasemana.com\/site\/category\/atualidade\/"},"img":{"alt_text":"","src":"https:\/\/i0.wp.com\/correiodasemana.com\/site\/wp-content\/uploads\/2020\/01\/coronavirus.jpg?resize=350%2C200&ssl=1","width":350,"height":200,"srcset":"https:\/\/i0.wp.com\/correiodasemana.com\/site\/wp-content\/uploads\/2020\/01\/coronavirus.jpg?resize=350%2C200&ssl=1 1x, https:\/\/i0.wp.com\/correiodasemana.com\/site\/wp-content\/uploads\/2020\/01\/coronavirus.jpg?resize=525%2C300&ssl=1 1.5x"},"classes":[]},{"id":11823,"url":"https:\/\/correiodasemana.com\/site\/sobral-e-iguatu-tem-256-mil-pessoas-com-anticorpos-para-a-covid-19-estima-pesquisa\/","url_meta":{"origin":12158,"position":3},"title":"Sobral e Iguatu t\u00eam 25,6 mil pessoas com anticorpos para a Covid-19, estima pesquisa","author":"","date":"Julho 14, 2020","format":false,"excerpt":"Somadas, as duas cidades concentram 57,3 mil pessoas em contato com o v\u00edrus, considerando-se as que t\u00eam a doen\u00e7a ativa e as que desenvolveram anticorpos, segundo estudo do Governo do Cear\u00e1 e do Instituto Opnus Um total de 25,6 mil pessoas nas cidades de Sobral e Iguatu j\u00e1 podem ter\u2026","rel":"","context":"In &quot;Atualidade&quot;","block_context":{"text":"Atualidade","link":"https:\/\/correiodasemana.com\/site\/category\/atualidade\/"},"img":{"alt_text":"","src":"https:\/\/i0.wp.com\/correiodasemana.com\/site\/wp-content\/uploads\/2020\/07\/coronavirus.jpg?resize=350%2C200&ssl=1","width":350,"height":200,"srcset":"https:\/\/i0.wp.com\/correiodasemana.com\/site\/wp-content\/uploads\/2020\/07\/coronavirus.jpg?resize=350%2C200&ssl=1 1x, https:\/\/i0.wp.com\/correiodasemana.com\/site\/wp-content\/uploads\/2020\/07\/coronavirus.jpg?resize=525%2C300&ssl=1 1.5x, https:\/\/i0.wp.com\/correiodasemana.com\/site\/wp-content\/uploads\/2020\/07\/coronavirus.jpg?resize=700%2C400&ssl=1 2x, https:\/\/i0.wp.com\/correiodasemana.com\/site\/wp-content\/uploads\/2020\/07\/coronavirus.jpg?resize=1050%2C600&ssl=1 3x, https:\/\/i0.wp.com\/correiodasemana.com\/site\/wp-content\/uploads\/2020\/07\/coronavirus.jpg?resize=1400%2C800&ssl=1 4x"},"classes":[]},{"id":20135,"url":"https:\/\/correiodasemana.com\/site\/educar-humanistas\/","url_meta":{"origin":12158,"position":4},"title":"Educar humanistas","author":"","date":"Junho 13, 2022","format":false,"excerpt":"Educar, no sentido de formar, humanistas \u00e9 desafio urgente das escolas, mas tamb\u00e9m do ambiente familiar, dos contextos cultural e religioso, envolvendo ainda todas as institui\u00e7\u00f5es. E muitos s\u00e3o os indicativos que alertam para a necessidade emergencial de investimentos em processos educativos para a forma\u00e7\u00e3o de humanistas. A considera\u00e7\u00e3o da\u2026","rel":"","context":"In &quot;A voz do Pastor&quot;","block_context":{"text":"A voz do Pastor","link":"https:\/\/correiodasemana.com\/site\/category\/a-voz-do-pastor\/"},"img":{"alt_text":"","src":"https:\/\/i0.wp.com\/correiodasemana.com\/site\/wp-content\/uploads\/2018\/02\/Dom-Vasconcelos-posses.jpg?resize=350%2C200&ssl=1","width":350,"height":200,"srcset":"https:\/\/i0.wp.com\/correiodasemana.com\/site\/wp-content\/uploads\/2018\/02\/Dom-Vasconcelos-posses.jpg?resize=350%2C200&ssl=1 1x, https:\/\/i0.wp.com\/correiodasemana.com\/site\/wp-content\/uploads\/2018\/02\/Dom-Vasconcelos-posses.jpg?resize=525%2C300&ssl=1 1.5x, https:\/\/i0.wp.com\/correiodasemana.com\/site\/wp-content\/uploads\/2018\/02\/Dom-Vasconcelos-posses.jpg?resize=700%2C400&ssl=1 2x"},"classes":[]},{"id":11891,"url":"https:\/\/correiodasemana.com\/site\/vacina-para-a-covid-russia-conclui-testes-e-quer-iniciar-distribuicao-em-agosto\/","url_meta":{"origin":12158,"position":5},"title":"Vacina para a Covid: R\u00fassia conclui testes e quer iniciar distribui\u00e7\u00e3o em agosto","author":"","date":"Julho 15, 2020","format":false,"excerpt":"Pesquisadores preveem in\u00edcio da distribui\u00e7\u00e3o em massa entre os dias 12 e 24 do m\u00eas que vem Por\u00a0DA REDA\u00c7\u00c3O A vacina em testes utiliza a forma atenuada de um v\u00edrus causador de resfriado como meio de levar para dentro das c\u00e9lulas o material gen\u00e9tico que codifica uma prote\u00edna do coronav\u00edrus\u2026","rel":"","context":"In &quot;Atualidade&quot;","block_context":{"text":"Atualidade","link":"https:\/\/correiodasemana.com\/site\/category\/atualidade\/"},"img":{"alt_text":"","src":"https:\/\/i0.wp.com\/correiodasemana.com\/site\/wp-content\/uploads\/2020\/07\/vacina.jpg?resize=350%2C200&ssl=1","width":350,"height":200,"srcset":"https:\/\/i0.wp.com\/correiodasemana.com\/site\/wp-content\/uploads\/2020\/07\/vacina.jpg?resize=350%2C200&ssl=1 1x, https:\/\/i0.wp.com\/correiodasemana.com\/site\/wp-content\/uploads\/2020\/07\/vacina.jpg?resize=525%2C300&ssl=1 1.5x, https:\/\/i0.wp.com\/correiodasemana.com\/site\/wp-content\/uploads\/2020\/07\/vacina.jpg?resize=700%2C400&ssl=1 2x"},"classes":[]}],"jetpack_sharing_enabled":true,"_links":{"self":[{"href":"https:\/\/correiodasemana.com\/site\/wp-json\/wp\/v2\/posts\/12158","targetHints":{"allow":["GET"]}}],"collection":[{"href":"https:\/\/correiodasemana.com\/site\/wp-json\/wp\/v2\/posts"}],"about":[{"href":"https:\/\/correiodasemana.com\/site\/wp-json\/wp\/v2\/types\/post"}],"author":[{"embeddable":true,"href":"https:\/\/correiodasemana.com\/site\/wp-json\/wp\/v2\/users\/1"}],"replies":[{"embeddable":true,"href":"https:\/\/correiodasemana.com\/site\/wp-json\/wp\/v2\/comments?post=12158"}],"version-history":[{"count":2,"href":"https:\/\/correiodasemana.com\/site\/wp-json\/wp\/v2\/posts\/12158\/revisions"}],"predecessor-version":[{"id":12161,"href":"https:\/\/correiodasemana.com\/site\/wp-json\/wp\/v2\/posts\/12158\/revisions\/12161"}],"wp:featuredmedia":[{"embeddable":true,"href":"https:\/\/correiodasemana.com\/site\/wp-json\/wp\/v2\/media\/12159"}],"wp:attachment":[{"href":"https:\/\/correiodasemana.com\/site\/wp-json\/wp\/v2\/media?parent=12158"}],"wp:term":[{"taxonomy":"category","embeddable":true,"href":"https:\/\/correiodasemana.com\/site\/wp-json\/wp\/v2\/categories?post=12158"},{"taxonomy":"post_tag","embeddable":true,"href":"https:\/\/correiodasemana.com\/site\/wp-json\/wp\/v2\/tags?post=12158"}],"curies":[{"name":"wp","href":"https:\/\/api.w.org\/{rel}","templated":true}]}}