{"id":12162,"date":"2020-07-23T13:01:43","date_gmt":"2020-07-23T13:01:43","guid":{"rendered":"https:\/\/correiodasemana.com\/site\/?p=12162"},"modified":"2020-07-23T13:01:43","modified_gmt":"2020-07-23T13:01:43","slug":"caixa-amplia-pausa-no-financiamento-imobiliario-para-180-dias-veja-como-solicitar","status":"publish","type":"post","link":"https:\/\/correiodasemana.com\/site\/caixa-amplia-pausa-no-financiamento-imobiliario-para-180-dias-veja-como-solicitar\/","title":{"rendered":"CAIXA amplia pausa no financiamento imobili\u00e1rio para 180 dias; veja como solicitar"},"content":{"rendered":"<p>Est\u00e1 confirmado! A\u00a0<strong><a href=\"https:\/\/noticiasconcursos.com.br\/direitos-trabalhador\/caixa-vai-usar-whatsapp-para-regularizar-caixa-tem-bloqueado\/\">Caixa Econ\u00f4mica Federal<\/a><\/strong>\u00a0aumentou o per\u00edodo total de pausa emergencial no\u00a0<strong>pagamento do financiamento<\/strong>\u00a0da casa pr\u00f3pria. Agora, o prazo ser\u00e1 de 180 meses.<\/p>\n<p>A pausa nos pagamentos foi anunciada desde mar\u00e7o. A\u00a0<strong>Caixa<\/strong>\u00a0havia prorrogado por duas vezes e valia por quatro presta\u00e7\u00f5es mensais (120 dias). Agora, a nova paralisa\u00e7\u00e3o, de mais duas presta\u00e7\u00f5es (60 dias), totalizando 180 dias (6 meses) come\u00e7a a valer a partir de 27 de julho e n\u00e3o \u00e9 autom\u00e1tica, ou seja, o cliente dever\u00e1 pedir.<\/p>\n<p>Na \u00faltima prorroga\u00e7\u00e3o, o prazo de pagamento aumentou a todos que j\u00e1 haviam solicitado, sem necessitar de solicita\u00e7\u00e3o. Mas a partir de agora, de acordo com informa\u00e7\u00f5es do presidente da\u00a0<strong>Caixa<\/strong>, Pedro Guimar\u00e3es, quem quiser a nova prorroga\u00e7\u00e3o precisa informar o banco.<\/p>\n<p>A\u00a0<strong><a href=\"https:\/\/noticiasconcursos.com.br\/economia\/caixa-faz-nova-ampliacao-na-pausa-do-financiamento-imobiliario-veja-o-que-fazer\/\">pausa no financiamento imobili\u00e1rio<\/a><\/strong>\u00a0ocorre para amenizar os efeitos econ\u00f4micos causados pela pandemia do novo coronav\u00edrus.<\/p>\n<p>O presidente da Caixa disse que o banco nunca esteve \u201ct\u00e3o forte\u201d e nunca teve uma demanda t\u00e3o alta em sua hist\u00f3ria. Segundo ele, em janeiro e fevereiro a demanda por cr\u00e9dito foi 20% maior que em janeiro e fevereiro de 20219. J\u00e1 mar\u00e7o foi um m\u00eas \u201cruim\u201d, abril \u201cterr\u00edvel\u201d, maio \u201cmuito ruim\u201d.<\/p>\n<p>De acordo com Guimar\u00e3es, partir de junho a demanda pro cr\u00e9dito foi muito forte e em julho, mais forte que julho.<\/p>\n<h2>A pausa<\/h2>\n<p>De acordo com informa\u00e7\u00f5es da Caixa, nada menos que 2,46 milh\u00f5es de contratos foram pausados at\u00e9 o dia 22 de julho.<\/p>\n<p>Esse n\u00famero inclui financiamentos habitacionais nos modelos CIP (Cr\u00e9dito Im\u00f3vel Pr\u00f3prio), SBPE (Sistema Brasileiro de Poupan\u00e7a e Empr\u00e9stimo), FGTS (Fundo de Garantia do Tempo de Servi\u00e7o), e FGTS MCMV (Minha Casa, Minha Vida) das faixas 1,5, 2 e 3.<\/p>\n<h2>Como solicitar<\/h2>\n<p>A nova solicita\u00e7\u00e3o dever\u00e1 ser feita por meio do aplicativo Habita\u00e7\u00e3o Caixa ou pelos telefones 3004-1105; 0800-726-0505 ou 0800-726-8068.<\/p>\n<p>A previs\u00e3o da Caixa \u00e9 que a prorroga\u00e7\u00e3o da pausa envolva mais R$ 4,46 bilh\u00f5es em financiamentos.<\/p>\n<p><strong>Como pedir pausa de pessoa jur\u00eddica?<\/strong>\u00a0Para solicitar a pausa no financiamento habitacional de pessoa jur\u00eddica \u00e9 necess\u00e1rio entrar em contato com o gerente de relacionamento.<\/p>\n<h2>Quem n\u00e3o pode<\/h2>\n<ul>\n<li>Quem usa o FGTS para pagamento de parte da presta\u00e7\u00e3o.<\/li>\n<li>Quem est\u00e1 com mais de duas presta\u00e7\u00f5es em atraso. Nesse caso, \u00e9 poss\u00edvel fazer uma renegocia\u00e7\u00e3o de d\u00edvida pelo telefone 0800 726 8068, na op\u00e7\u00e3o 8.<\/li>\n<\/ul>\n","protected":false},"excerpt":{"rendered":"<p>Est\u00e1 confirmado! A\u00a0Caixa Econ\u00f4mica Federal\u00a0aumentou o per\u00edodo total de pausa emergencial no\u00a0pagamento do financiamento\u00a0da casa&#8230;<\/p>\n","protected":false},"author":1,"featured_media":12163,"comment_status":"open","ping_status":"open","sticky":false,"template":"","format":"standard","meta":{"_jetpack_memberships_contains_paid_content":false,"footnotes":"","jetpack_publicize_message":"","jetpack_publicize_feature_enabled":true,"jetpack_social_post_already_shared":true,"jetpack_social_options":{"image_generator_settings":{"template":"highway","default_image_id":0,"font":"","enabled":false},"version":2}},"categories":[1],"tags":[],"class_list":["post-12162","post","type-post","status-publish","format-standard","has-post-thumbnail","hentry","category-atualidade"],"jetpack_publicize_connections":[],"jetpack_featured_media_url":"https:\/\/correiodasemana.com\/site\/wp-content\/uploads\/2020\/07\/caixa-economica.jpg","jetpack-related-posts":[{"id":22463,"url":"https:\/\/correiodasemana.com\/site\/fgts-podera-ser-usado-para-quitar-ate-6-prestacoes-da-casa-propria\/","url_meta":{"origin":12162,"position":0},"title":"FGTS poder\u00e1 ser usado para quitar at\u00e9 (6) presta\u00e7\u00f5es da casa pr\u00f3pria","author":"","date":"Janeiro 2, 2023","format":false,"excerpt":"A partir desta segunda, 2, o mutu\u00e1rio inadimplente com a casa pr\u00f3pria poder\u00e1 usar o Fundo de Garantia do Tempo de Servi\u00e7o (FGTS) para negociar o pagamento de at\u00e9 seis presta\u00e7\u00f5es em atraso, em vez das 12 em vigor at\u00e9 agora. A medida foi autorizada pelo Conselho Curador do FGTS\u2026","rel":"","context":"In &quot;Atualidade&quot;","block_context":{"text":"Atualidade","link":"https:\/\/correiodasemana.com\/site\/category\/atualidade\/"},"img":{"alt_text":"","src":"https:\/\/i0.wp.com\/correiodasemana.com\/site\/wp-content\/uploads\/2023\/01\/GettyImages-1144776052.webp?resize=350%2C200&ssl=1","width":350,"height":200,"srcset":"https:\/\/i0.wp.com\/correiodasemana.com\/site\/wp-content\/uploads\/2023\/01\/GettyImages-1144776052.webp?resize=350%2C200&ssl=1 1x, https:\/\/i0.wp.com\/correiodasemana.com\/site\/wp-content\/uploads\/2023\/01\/GettyImages-1144776052.webp?resize=525%2C300&ssl=1 1.5x, https:\/\/i0.wp.com\/correiodasemana.com\/site\/wp-content\/uploads\/2023\/01\/GettyImages-1144776052.webp?resize=700%2C400&ssl=1 2x"},"classes":[]},{"id":19455,"url":"https:\/\/correiodasemana.com\/site\/trabalhadores-poderao-sacar-ate-r-1-mil-de-contas-do-fgts\/","url_meta":{"origin":12162,"position":1},"title":"Trabalhadores poder\u00e3o sacar at\u00e9 R$ 1 mil de contas do FGTS","author":"","date":"Abril 10, 2022","format":false,"excerpt":"Por Ag\u00eancia Brasil - Bras\u00edlia At\u00e9 15 de dezembro, cada trabalhador poder\u00e1 sacar at\u00e9 R$ 1 mil de suas contas do Fundo de Garantia do Tempo de Servi\u00e7o (FGTS). A medida beneficiar\u00e1 42 milh\u00f5es de pessoas e dever\u00e1 injetar R$ 30 bilh\u00f5es na economia caso todos os trabalhadores retirem o\u2026","rel":"","context":"In &quot;Atualidade&quot;","block_context":{"text":"Atualidade","link":"https:\/\/correiodasemana.com\/site\/category\/atualidade\/"},"img":{"alt_text":"","src":"https:\/\/i0.wp.com\/correiodasemana.com\/site\/wp-content\/uploads\/2022\/04\/carteira-de-trabalho.jpg?resize=350%2C200&ssl=1","width":350,"height":200,"srcset":"https:\/\/i0.wp.com\/correiodasemana.com\/site\/wp-content\/uploads\/2022\/04\/carteira-de-trabalho.jpg?resize=350%2C200&ssl=1 1x, https:\/\/i0.wp.com\/correiodasemana.com\/site\/wp-content\/uploads\/2022\/04\/carteira-de-trabalho.jpg?resize=525%2C300&ssl=1 1.5x"},"classes":[]},{"id":16121,"url":"https:\/\/correiodasemana.com\/site\/santa-casa-de-misericordia-de-sobral-participa-de-cerimonia-sobre-anuncio-de-medidas-em-apoio-a-santas-casas-e-hospitais-filantropicos\/","url_meta":{"origin":12162,"position":2},"title":"Santa Casa de Miseric\u00f3rdia de Sobral participa de cerim\u00f4nia sobre an\u00fancio de medidas em apoio a Santas Casas e Hospitais Filantr\u00f3picos","author":"","date":"Abril 5, 2021","format":false,"excerpt":"Uma das medidas anunciadas foi a pausa de at\u00e9 seis meses no pagamento das parcelas de contratos de cr\u00e9dito existentes\u00a0 O diretor-geral da Santa Casa de Miseric\u00f3rdia de Sobral, Klebson Carvalho, participou nesta quinta-feira (25\/03), de cerim\u00f4nia promovida pela Caixa Econ\u00f4mica Federal no Pal\u00e1cio do Planalto, em Bras\u00edlia. Na ocasi\u00e3o,\u2026","rel":"","context":"In &quot;Atualidade&quot;","block_context":{"text":"Atualidade","link":"https:\/\/correiodasemana.com\/site\/category\/atualidade\/"},"img":{"alt_text":"","src":"https:\/\/i0.wp.com\/correiodasemana.com\/site\/wp-content\/uploads\/2021\/04\/Novas-medidas-SCMS.jpeg?resize=350%2C200&ssl=1","width":350,"height":200,"srcset":"https:\/\/i0.wp.com\/correiodasemana.com\/site\/wp-content\/uploads\/2021\/04\/Novas-medidas-SCMS.jpeg?resize=350%2C200&ssl=1 1x, https:\/\/i0.wp.com\/correiodasemana.com\/site\/wp-content\/uploads\/2021\/04\/Novas-medidas-SCMS.jpeg?resize=525%2C300&ssl=1 1.5x, https:\/\/i0.wp.com\/correiodasemana.com\/site\/wp-content\/uploads\/2021\/04\/Novas-medidas-SCMS.jpeg?resize=700%2C400&ssl=1 2x, https:\/\/i0.wp.com\/correiodasemana.com\/site\/wp-content\/uploads\/2021\/04\/Novas-medidas-SCMS.jpeg?resize=1050%2C600&ssl=1 3x"},"classes":[]},{"id":16490,"url":"https:\/\/correiodasemana.com\/site\/regras-para-fgts-na-aquisicao-da-casa-propria-sao-alteradas-pelo-governo\/","url_meta":{"origin":12162,"position":3},"title":"Regras para FGTS na aquisi\u00e7\u00e3o da casa pr\u00f3pria s\u00e3o alteradas pelo Governo","author":"","date":"Maio 17, 2021","format":false,"excerpt":"Por Samuel Carvalho - Reda\u00e7\u00e3o Correio da Semana Foram publicadas no Di\u00e1rio Oficial da Uni\u00e3o desta quinta-feira (13) novas regras para utiliza\u00e7\u00e3o dos recursos do Fundo de Garantia do Tempo de Servi\u00e7o (FGTS) na aquisi\u00e7\u00e3o de casa pr\u00f3pria. Entra as novas medidas aprovadas pelo Conselho Curador do FGTS est\u00e1 a\u2026","rel":"","context":"In &quot;Atualidade&quot;","block_context":{"text":"Atualidade","link":"https:\/\/correiodasemana.com\/site\/category\/atualidade\/"},"img":{"alt_text":"","src":"https:\/\/i0.wp.com\/correiodasemana.com\/site\/wp-content\/uploads\/2019\/07\/FGTS.jpg?resize=350%2C200&ssl=1","width":350,"height":200,"srcset":"https:\/\/i0.wp.com\/correiodasemana.com\/site\/wp-content\/uploads\/2019\/07\/FGTS.jpg?resize=350%2C200&ssl=1 1x, https:\/\/i0.wp.com\/correiodasemana.com\/site\/wp-content\/uploads\/2019\/07\/FGTS.jpg?resize=525%2C300&ssl=1 1.5x, https:\/\/i0.wp.com\/correiodasemana.com\/site\/wp-content\/uploads\/2019\/07\/FGTS.jpg?resize=700%2C400&ssl=1 2x, https:\/\/i0.wp.com\/correiodasemana.com\/site\/wp-content\/uploads\/2019\/07\/FGTS.jpg?resize=1050%2C600&ssl=1 3x, https:\/\/i0.wp.com\/correiodasemana.com\/site\/wp-content\/uploads\/2019\/07\/FGTS.jpg?resize=1400%2C800&ssl=1 4x"},"classes":[]},{"id":27210,"url":"https:\/\/correiodasemana.com\/site\/mais-de-12-milhao-de-estudantes-serao-beneficiados-com-a-renegociacao-de-dividas-do-fies-na-caixa\/","url_meta":{"origin":12162,"position":4},"title":"MAIS DE 1,2 MILH\u00c3O DE ESTUDANTES SER\u00c3O BENEFICIADOS COM A RENEGOCIA\u00c7\u00c3O DE D\u00cdVIDAS DO FIES NA CAIXA","author":"adminredacao","date":"Novembro 13, 2023","format":false,"excerpt":"P\u00fablico-alvo s\u00e3o alunos que tenham contratos assinados at\u00e9 2017 e a ades\u00e3o pode ser feita de maneira 100% digital pelo SifesWeb O Governo Federal abriu prazo para renegocia\u00e7\u00e3o de d\u00edvidas do FIES com in\u00edcio da ter\u00e7a-feira (7). O p\u00fablico-alvo s\u00e3o os estudantes com contrato assinado at\u00e9 2017. Com descontos de\u2026","rel":"","context":"In &quot;Atualidade&quot;","block_context":{"text":"Atualidade","link":"https:\/\/correiodasemana.com\/site\/category\/atualidade\/"},"img":{"alt_text":"","src":"https:\/\/i0.wp.com\/correiodasemana.com\/site\/wp-content\/uploads\/2023\/11\/capa_7_22-1-1-1-38-38-76-38.jpeg?resize=350%2C200&ssl=1","width":350,"height":200,"srcset":"https:\/\/i0.wp.com\/correiodasemana.com\/site\/wp-content\/uploads\/2023\/11\/capa_7_22-1-1-1-38-38-76-38.jpeg?resize=350%2C200&ssl=1 1x, https:\/\/i0.wp.com\/correiodasemana.com\/site\/wp-content\/uploads\/2023\/11\/capa_7_22-1-1-1-38-38-76-38.jpeg?resize=525%2C300&ssl=1 1.5x, https:\/\/i0.wp.com\/correiodasemana.com\/site\/wp-content\/uploads\/2023\/11\/capa_7_22-1-1-1-38-38-76-38.jpeg?resize=700%2C400&ssl=1 2x"},"classes":[]},{"id":14328,"url":"https:\/\/correiodasemana.com\/site\/retirar-dinheiro-de-bancos-publicos-nao-resolve-divida-do-pais-diz-fenae\/","url_meta":{"origin":12162,"position":5},"title":"Retirar dinheiro de bancos p\u00fablicos n\u00e3o resolve d\u00edvida do pa\u00eds, diz Fenae","author":"","date":"Outubro 28, 2020","format":false,"excerpt":"Para resolver a quest\u00e3o da d\u00edvida p\u00fablica, o governo pretende retirar recursos da\u00a0Caixa Econ\u00f4mica Federal\u00a0e das outras estatais financeiras (Banco do Brasil e BNDES) respons\u00e1veis, principalmente durante a pandemia, pelo socorro ao setor produtivo e aos mais de 100 milh\u00f5es de brasileiros que est\u00e3o sobrevivendo gra\u00e7as ao aux\u00edlio emergencial e\u2026","rel":"","context":"In &quot;Atualidade&quot;","block_context":{"text":"Atualidade","link":"https:\/\/correiodasemana.com\/site\/category\/atualidade\/"},"img":{"alt_text":"","src":"https:\/\/i0.wp.com\/correiodasemana.com\/site\/wp-content\/uploads\/2020\/10\/WhatsApp-Image-2020-09-03-at-18.41.57-750x430-1.jpeg?resize=350%2C200&ssl=1","width":350,"height":200,"srcset":"https:\/\/i0.wp.com\/correiodasemana.com\/site\/wp-content\/uploads\/2020\/10\/WhatsApp-Image-2020-09-03-at-18.41.57-750x430-1.jpeg?resize=350%2C200&ssl=1 1x, https:\/\/i0.wp.com\/correiodasemana.com\/site\/wp-content\/uploads\/2020\/10\/WhatsApp-Image-2020-09-03-at-18.41.57-750x430-1.jpeg?resize=525%2C300&ssl=1 1.5x, https:\/\/i0.wp.com\/correiodasemana.com\/site\/wp-content\/uploads\/2020\/10\/WhatsApp-Image-2020-09-03-at-18.41.57-750x430-1.jpeg?resize=700%2C400&ssl=1 2x"},"classes":[]}],"jetpack_sharing_enabled":true,"_links":{"self":[{"href":"https:\/\/correiodasemana.com\/site\/wp-json\/wp\/v2\/posts\/12162","targetHints":{"allow":["GET"]}}],"collection":[{"href":"https:\/\/correiodasemana.com\/site\/wp-json\/wp\/v2\/posts"}],"about":[{"href":"https:\/\/correiodasemana.com\/site\/wp-json\/wp\/v2\/types\/post"}],"author":[{"embeddable":true,"href":"https:\/\/correiodasemana.com\/site\/wp-json\/wp\/v2\/users\/1"}],"replies":[{"embeddable":true,"href":"https:\/\/correiodasemana.com\/site\/wp-json\/wp\/v2\/comments?post=12162"}],"version-history":[{"count":2,"href":"https:\/\/correiodasemana.com\/site\/wp-json\/wp\/v2\/posts\/12162\/revisions"}],"predecessor-version":[{"id":12165,"href":"https:\/\/correiodasemana.com\/site\/wp-json\/wp\/v2\/posts\/12162\/revisions\/12165"}],"wp:featuredmedia":[{"embeddable":true,"href":"https:\/\/correiodasemana.com\/site\/wp-json\/wp\/v2\/media\/12163"}],"wp:attachment":[{"href":"https:\/\/correiodasemana.com\/site\/wp-json\/wp\/v2\/media?parent=12162"}],"wp:term":[{"taxonomy":"category","embeddable":true,"href":"https:\/\/correiodasemana.com\/site\/wp-json\/wp\/v2\/categories?post=12162"},{"taxonomy":"post_tag","embeddable":true,"href":"https:\/\/correiodasemana.com\/site\/wp-json\/wp\/v2\/tags?post=12162"}],"curies":[{"name":"wp","href":"https:\/\/api.w.org\/{rel}","templated":true}]}}