{"id":12166,"date":"2020-07-23T13:13:45","date_gmt":"2020-07-23T13:13:45","guid":{"rendered":"https:\/\/correiodasemana.com\/site\/?p=12166"},"modified":"2020-07-23T13:13:45","modified_gmt":"2020-07-23T13:13:45","slug":"pacientes-com-covid-19-se-comunicam-com-familiares-por-meio-de-ligacoes-na-santa-casa-de-misericordia-de-sobral","status":"publish","type":"post","link":"https:\/\/correiodasemana.com\/site\/pacientes-com-covid-19-se-comunicam-com-familiares-por-meio-de-ligacoes-na-santa-casa-de-misericordia-de-sobral\/","title":{"rendered":"Pacientes com Covid-19 se comunicam com familiares por meio de liga\u00e7\u00f5es na Santa Casa de Miseric\u00f3rdia de Sobral"},"content":{"rendered":"<p><em>\u201cEu senti a felicidade dela em poder falar comigo por telefone\u201d<\/em>, relata Jos\u00e9 Reginaldo Gaspar, 44, internado na Enfermaria Covid da Santa Casa de Miseric\u00f3rdia de Sobral (SCMS) h\u00e1 mais de uma semana.<\/p>\n<p>O Ipuense \u00e9 um dos pacientes que diariamente realizam liga\u00e7\u00f5es para seus familiares. Al\u00e9m de ser uma maneira que a institui\u00e7\u00e3o encontrou para repassar informa\u00e7\u00f5es sobre o estado de sa\u00fade \u00e0 fam\u00edlia, a aproxima\u00e7\u00e3o, mesmo \u00e0 dist\u00e2ncia, fortalece o tratamento.<\/p>\n<p><img fetchpriority=\"high\" decoding=\"async\" class=\"aligncenter size-full wp-image-12168\" src=\"https:\/\/correiodasemana.com\/site\/wp-content\/uploads\/2020\/07\/Liga\u00e7\u00f5es-3.jpg\" alt=\"\" width=\"2048\" height=\"1847\" srcset=\"https:\/\/correiodasemana.com\/site\/wp-content\/uploads\/2020\/07\/Liga\u00e7\u00f5es-3.jpg 2048w, https:\/\/correiodasemana.com\/site\/wp-content\/uploads\/2020\/07\/Liga\u00e7\u00f5es-3-300x271.jpg 300w, https:\/\/correiodasemana.com\/site\/wp-content\/uploads\/2020\/07\/Liga\u00e7\u00f5es-3-1024x924.jpg 1024w, https:\/\/correiodasemana.com\/site\/wp-content\/uploads\/2020\/07\/Liga\u00e7\u00f5es-3-768x693.jpg 768w, https:\/\/correiodasemana.com\/site\/wp-content\/uploads\/2020\/07\/Liga\u00e7\u00f5es-3-1536x1385.jpg 1536w\" sizes=\"(max-width: 2048px) 100vw, 2048px\" \/><\/p>\n<p>Com a suspens\u00e3o da presen\u00e7a de acompanhantes no hospital devido \u00e0 pandemia de Covid-19, o Servi\u00e7o Social da institui\u00e7\u00e3o logo sentiu a necessidade de encontrar meios eficientes de comunica\u00e7\u00e3o para o repasse dos boletins m\u00e9dicos \u00e0 fam\u00edlia. Foi devido \u00e0s liga\u00e7\u00f5es que Francieldo Trajano, 20, cheio de alegria, p\u00f4de avisar o irm\u00e3o Fernando, que acabara de receber alta:\u00a0<em>\u201cS\u00f3 alegria\u201d<\/em>, enfatizou o rapaz.<\/p>\n<p><em>\u201c\u00c9 uma iniciativa simples, mas que faz a diferen\u00e7a. Os pacientes acometidos com essa doen\u00e7a passam por um tratamento dif\u00edcil, e sabemos que n\u00e3o poder estar ao lado de pelo menos um familiar traz um sentimento de tristeza. Assim, os assistentes sociais, em parceria com toda a equipe multiprofissional da enfermaria Covid, fazem o poss\u00edvel para que momentos de comunica\u00e7\u00e3o com a fam\u00edlia sejam os mais animadores poss\u00edveis, e assim possam amenizar a saudade e ajudar na recupera\u00e7\u00e3o\u201d<\/em>, explica Meyrianne Nogueira, coordenadora do Servi\u00e7o Social da Santa Casa.<\/p>\n<p>Santa Casa de Miseric\u00f3rdia de Sobral<\/p>\n<p>Assessoria de Comunica\u00e7\u00e3o<\/p>\n<p><strong>Thais Menezes\/ Henrique Brito\/ Domingos Jr<\/strong><\/p>\n","protected":false},"excerpt":{"rendered":"<p>\u201cEu senti a felicidade dela em poder falar comigo por telefone\u201d, relata Jos\u00e9 Reginaldo Gaspar,&#8230;<\/p>\n","protected":false},"author":1,"featured_media":12167,"comment_status":"open","ping_status":"open","sticky":false,"template":"","format":"standard","meta":{"_jetpack_memberships_contains_paid_content":false,"footnotes":"","jetpack_publicize_message":"","jetpack_publicize_feature_enabled":true,"jetpack_social_post_already_shared":true,"jetpack_social_options":{"image_generator_settings":{"template":"highway","default_image_id":0,"font":"","enabled":false},"version":2}},"categories":[1],"tags":[],"class_list":["post-12166","post","type-post","status-publish","format-standard","has-post-thumbnail","hentry","category-atualidade"],"jetpack_publicize_connections":[],"jetpack_featured_media_url":"https:\/\/correiodasemana.com\/site\/wp-content\/uploads\/2020\/07\/Liga\u00e7\u00f5es-2.jpg","jetpack-related-posts":[{"id":11406,"url":"https:\/\/correiodasemana.com\/site\/videochamada-aproxima-familiares-e-pacientes-no-hospital-dr-estevam\/","url_meta":{"origin":12166,"position":0},"title":"Videochamada aproxima familiares e pacientes no Hospital Dr Estevam","author":"","date":"Maio 19, 2020","format":"image","excerpt":"Com visitas suspensas para proteger familiares de pacientes com Covid-19, o Hospital Doutor Estevam est\u00e1 realizando diariamente liga\u00e7\u00f5es de v\u00eddeo entre internados e parentes, com a chamada visita virtual. O sistema \u00e9 gerenciado pela diretoria do hospital, em parceria com o N\u00facleo Ampliado de Cuidado Interprofissional (Naci). A iniciativa da\u2026","rel":"","context":"In &quot;Atualidade&quot;","block_context":{"text":"Atualidade","link":"https:\/\/correiodasemana.com\/site\/category\/atualidade\/"},"img":{"alt_text":"","src":"https:\/\/i0.wp.com\/correiodasemana.com\/site\/wp-content\/uploads\/2020\/05\/E3B8C7FE-26E9-4952-9D0F-E4A4D21189B3.jpeg?resize=350%2C200&ssl=1","width":350,"height":200,"srcset":"https:\/\/i0.wp.com\/correiodasemana.com\/site\/wp-content\/uploads\/2020\/05\/E3B8C7FE-26E9-4952-9D0F-E4A4D21189B3.jpeg?resize=350%2C200&ssl=1 1x, https:\/\/i0.wp.com\/correiodasemana.com\/site\/wp-content\/uploads\/2020\/05\/E3B8C7FE-26E9-4952-9D0F-E4A4D21189B3.jpeg?resize=525%2C300&ssl=1 1.5x, https:\/\/i0.wp.com\/correiodasemana.com\/site\/wp-content\/uploads\/2020\/05\/E3B8C7FE-26E9-4952-9D0F-E4A4D21189B3.jpeg?resize=700%2C400&ssl=1 2x"},"classes":[]},{"id":16009,"url":"https:\/\/correiodasemana.com\/site\/santa-casa-de-misericordia-de-sobral-abre-novos-leitos-de-uti-e-enfermaria-para-tratamento-de-pacientes-com-covid-19\/","url_meta":{"origin":12166,"position":1},"title":"Santa Casa de Miseric\u00f3rdia de Sobral abre novos leitos de UTI e enfermaria para tratamento de pacientes com Covid-19","author":"","date":"Mar\u00e7o 22, 2021","format":false,"excerpt":"A\u00a0abertura dos novos leitos reitera o compromisso que a Santa Casa tem com a sociedade.\u00a0\u00a0 Com o avan\u00e7o da Covid-19 na Regi\u00e3o Norte do estado do Cear\u00e1, a Santa Casa de Miseric\u00f3rdia de Sobral abriu, nesta ter\u00e7a-feira (16\/03), dez leitos de Unidade de Terapia Intensiva (UTI) e dezesseis de enfermaria\u2026","rel":"","context":"In &quot;Atualidade&quot;","block_context":{"text":"Atualidade","link":"https:\/\/correiodasemana.com\/site\/category\/atualidade\/"},"img":{"alt_text":"","src":"https:\/\/i0.wp.com\/correiodasemana.com\/site\/wp-content\/uploads\/2021\/03\/IMG_5716.jpg?resize=350%2C200&ssl=1","width":350,"height":200,"srcset":"https:\/\/i0.wp.com\/correiodasemana.com\/site\/wp-content\/uploads\/2021\/03\/IMG_5716.jpg?resize=350%2C200&ssl=1 1x, https:\/\/i0.wp.com\/correiodasemana.com\/site\/wp-content\/uploads\/2021\/03\/IMG_5716.jpg?resize=525%2C300&ssl=1 1.5x, https:\/\/i0.wp.com\/correiodasemana.com\/site\/wp-content\/uploads\/2021\/03\/IMG_5716.jpg?resize=700%2C400&ssl=1 2x"},"classes":[]},{"id":13973,"url":"https:\/\/correiodasemana.com\/site\/profissionais-da-linha-de-frente-no-combate-a-covid-19-sao-homenageados-na-santa-casa-de-misericordia-de-sobral\/","url_meta":{"origin":12166,"position":2},"title":"Profissionais da linha de frente no combate \u00e0 Covid-19 s\u00e3o homenageados na Santa Casa de Miseric\u00f3rdia de Sobral","author":"","date":"Outubro 7, 2020","format":false,"excerpt":"Profissionais que atuaram nos servi\u00e7os assistenciais no combate \u00e0 Covid-19 foram homenageados na Santa Casa de Miseric\u00f3rdia de Sobral. Sob fortes emo\u00e7\u00f5es, a homenagem foi realizada nos dias 01 e 02 de outubro e contou com a presen\u00e7a de m\u00e9dicos, fisioterapeutas, enfermeiros, t\u00e9cnicos de enfermagem e agentes de limpeza que\u2026","rel":"","context":"In &quot;Atualidade&quot;","block_context":{"text":"Atualidade","link":"https:\/\/correiodasemana.com\/site\/category\/atualidade\/"},"img":{"alt_text":"","src":"https:\/\/i0.wp.com\/correiodasemana.com\/site\/wp-content\/uploads\/2020\/10\/25-768x585-1.jpg?resize=350%2C200&ssl=1","width":350,"height":200,"srcset":"https:\/\/i0.wp.com\/correiodasemana.com\/site\/wp-content\/uploads\/2020\/10\/25-768x585-1.jpg?resize=350%2C200&ssl=1 1x, https:\/\/i0.wp.com\/correiodasemana.com\/site\/wp-content\/uploads\/2020\/10\/25-768x585-1.jpg?resize=525%2C300&ssl=1 1.5x, https:\/\/i0.wp.com\/correiodasemana.com\/site\/wp-content\/uploads\/2020\/10\/25-768x585-1.jpg?resize=700%2C400&ssl=1 2x"},"classes":[]},{"id":11775,"url":"https:\/\/correiodasemana.com\/site\/santa-casa-de-misericordia-de-sobral-recebe-doacao-de-protetores-faciais-da-empresa-baterias-moura\/","url_meta":{"origin":12166,"position":3},"title":"Santa Casa de Miseric\u00f3rdia de Sobral recebe doa\u00e7\u00e3o de protetores faciais da empresa Baterias Moura","author":"","date":"Julho 13, 2020","format":false,"excerpt":"SA\u00daDE Proporcionando maior seguran\u00e7a aos profissionais que atuam na linha de frente no combate \u00e0 Covid-19 na Santa Casa de Miseric\u00f3rdia de Sobral (SCMS), a institui\u00e7\u00e3o recebeu nesta quinta-feira (09\/07) a doa\u00e7\u00e3o de protetores faciais realizada pela empresa Baterias Moura. De acordo com a gerente comercial da Baterias Moura Distribuidora\u2026","rel":"","context":"In &quot;Atualidade&quot;","block_context":{"text":"Atualidade","link":"https:\/\/correiodasemana.com\/site\/category\/atualidade\/"},"img":{"alt_text":"","src":"https:\/\/i0.wp.com\/correiodasemana.com\/site\/wp-content\/uploads\/2020\/07\/Doa%C3%A7%C3%B5es.jpg?resize=350%2C200&ssl=1","width":350,"height":200,"srcset":"https:\/\/i0.wp.com\/correiodasemana.com\/site\/wp-content\/uploads\/2020\/07\/Doa%C3%A7%C3%B5es.jpg?resize=350%2C200&ssl=1 1x, https:\/\/i0.wp.com\/correiodasemana.com\/site\/wp-content\/uploads\/2020\/07\/Doa%C3%A7%C3%B5es.jpg?resize=525%2C300&ssl=1 1.5x, https:\/\/i0.wp.com\/correiodasemana.com\/site\/wp-content\/uploads\/2020\/07\/Doa%C3%A7%C3%B5es.jpg?resize=700%2C400&ssl=1 2x"},"classes":[]},{"id":16041,"url":"https:\/\/correiodasemana.com\/site\/santa-casa-de-misericordia-de-sobral-adapta-servicos-e-abre-novos-leitos-de-uti-e-enfermaria\/","url_meta":{"origin":12166,"position":4},"title":"Santa Casa de Miseric\u00f3rdia de Sobral adapta servi\u00e7os e abre novos leitos de UTI e Enfermaria","author":"","date":"Mar\u00e7o 29, 2021","format":false,"excerpt":"A Santa Casa de Miseric\u00f3rdia de Sobral vai aumentar, a partir desta quinta-feira (25\/03), o n\u00famero de leitos de Unidade de Terapia Intensiva (UTI) para tratamento de pacientes com Covid-19. Ser\u00e3o dez novos leitos de UTI. Com a transfer\u00eancia provis\u00f3ria de alguns servi\u00e7os da Santa Casa, a Institui\u00e7\u00e3o conta agora\u2026","rel":"","context":"In &quot;Atualidade&quot;","block_context":{"text":"Atualidade","link":"https:\/\/correiodasemana.com\/site\/category\/atualidade\/"},"img":{"alt_text":"","src":"https:\/\/i0.wp.com\/correiodasemana.com\/site\/wp-content\/uploads\/2021\/03\/UTI-COVID-3.jpeg?resize=350%2C200&ssl=1","width":350,"height":200,"srcset":"https:\/\/i0.wp.com\/correiodasemana.com\/site\/wp-content\/uploads\/2021\/03\/UTI-COVID-3.jpeg?resize=350%2C200&ssl=1 1x, https:\/\/i0.wp.com\/correiodasemana.com\/site\/wp-content\/uploads\/2021\/03\/UTI-COVID-3.jpeg?resize=525%2C300&ssl=1 1.5x, https:\/\/i0.wp.com\/correiodasemana.com\/site\/wp-content\/uploads\/2021\/03\/UTI-COVID-3.jpeg?resize=700%2C400&ssl=1 2x"},"classes":[]},{"id":16348,"url":"https:\/\/correiodasemana.com\/site\/santa-casa-de-sobral-recebe-doacao-de-capacetes-elmo-do-sistema-sicredi\/","url_meta":{"origin":12166,"position":5},"title":"Santa Casa de Sobral recebe doa\u00e7\u00e3o de Capacetes Elmo do Sistema Sicredi","author":"","date":"Maio 3, 2021","format":false,"excerpt":"O equipamento reduz em at\u00e9 60% a necessidade de interna\u00e7\u00e3o em leitos de UTI. Ascom Complexo SCMS A Santa Casa de Miseric\u00f3rdia de Sobral (SCMS) recebeu na segunda-feira (26\/04) a doa\u00e7\u00e3o de quatro kits de capacetes elmo da Sicredi Cear\u00e1 Centro Norte. O capacete reduz em at\u00e9 60% a necessidade\u2026","rel":"","context":"In &quot;Atualidade&quot;","block_context":{"text":"Atualidade","link":"https:\/\/correiodasemana.com\/site\/category\/atualidade\/"},"img":{"alt_text":"","src":"https:\/\/i0.wp.com\/correiodasemana.com\/site\/wp-content\/uploads\/2021\/05\/Doacao-Sicredi.jpg?resize=350%2C200&ssl=1","width":350,"height":200,"srcset":"https:\/\/i0.wp.com\/correiodasemana.com\/site\/wp-content\/uploads\/2021\/05\/Doacao-Sicredi.jpg?resize=350%2C200&ssl=1 1x, https:\/\/i0.wp.com\/correiodasemana.com\/site\/wp-content\/uploads\/2021\/05\/Doacao-Sicredi.jpg?resize=525%2C300&ssl=1 1.5x"},"classes":[]}],"jetpack_sharing_enabled":true,"_links":{"self":[{"href":"https:\/\/correiodasemana.com\/site\/wp-json\/wp\/v2\/posts\/12166","targetHints":{"allow":["GET"]}}],"collection":[{"href":"https:\/\/correiodasemana.com\/site\/wp-json\/wp\/v2\/posts"}],"about":[{"href":"https:\/\/correiodasemana.com\/site\/wp-json\/wp\/v2\/types\/post"}],"author":[{"embeddable":true,"href":"https:\/\/correiodasemana.com\/site\/wp-json\/wp\/v2\/users\/1"}],"replies":[{"embeddable":true,"href":"https:\/\/correiodasemana.com\/site\/wp-json\/wp\/v2\/comments?post=12166"}],"version-history":[{"count":2,"href":"https:\/\/correiodasemana.com\/site\/wp-json\/wp\/v2\/posts\/12166\/revisions"}],"predecessor-version":[{"id":12170,"href":"https:\/\/correiodasemana.com\/site\/wp-json\/wp\/v2\/posts\/12166\/revisions\/12170"}],"wp:featuredmedia":[{"embeddable":true,"href":"https:\/\/correiodasemana.com\/site\/wp-json\/wp\/v2\/media\/12167"}],"wp:attachment":[{"href":"https:\/\/correiodasemana.com\/site\/wp-json\/wp\/v2\/media?parent=12166"}],"wp:term":[{"taxonomy":"category","embeddable":true,"href":"https:\/\/correiodasemana.com\/site\/wp-json\/wp\/v2\/categories?post=12166"},{"taxonomy":"post_tag","embeddable":true,"href":"https:\/\/correiodasemana.com\/site\/wp-json\/wp\/v2\/tags?post=12166"}],"curies":[{"name":"wp","href":"https:\/\/api.w.org\/{rel}","templated":true}]}}