{"id":12171,"date":"2020-07-23T13:50:22","date_gmt":"2020-07-23T13:50:22","guid":{"rendered":"https:\/\/correiodasemana.com\/site\/?p=12171"},"modified":"2020-07-23T13:50:22","modified_gmt":"2020-07-23T13:50:22","slug":"fgts-justica-autoriza-saque-de-valores-acima-do-previsto-pela-mp-946-2020","status":"publish","type":"post","link":"https:\/\/correiodasemana.com\/site\/fgts-justica-autoriza-saque-de-valores-acima-do-previsto-pela-mp-946-2020\/","title":{"rendered":"FGTS: Justi\u00e7a autoriza saque de valores acima do previsto pela MP 946\/2020"},"content":{"rendered":"<p>O desembargador federal Cotrim Guimar\u00e3es, da 2\u00aa Turma do Tribunal Regional Federal da 3\u00aa Regi\u00e3o (TRF-3), autorizou um trabalhador do setor a\u00e9reo, em licen\u00e7a sem vencimentos, a sacar o valor de R$ 6.220,00 do Fundo de Garantia por Tempo de Servi\u00e7o (FGTS), em virtude da pandemia causada pela Covid-19.<\/p>\n<p>De acordo com o magistrado, a solicita\u00e7\u00e3o est\u00e1 enquadrada em hip\u00f3tese prevista na\u00a0<a href=\"http:\/\/www.planalto.gov.br\/ccivil_03\/leis\/l8036consol.htm\">Lei n\u00ba 8.036\/1990<\/a>\u00a0que autoriza o saque do FGTS. Portanto, cumpre os requisitos legais para a concess\u00e3o da tutela de urg\u00eancia.<\/p>\n<h2>Licen\u00e7a n\u00e3o remunerada<\/h2>\n<p>\u201cQuanto \u00e0 urg\u00eancia, trata-se de requisito que n\u00e3o comporta maiores debates. Isto porque, a pandemia ocasionou impacto econ\u00f4mico nas mais diversas \u00e1reas da economia; sobretudo nas empresas do setor a\u00e9reo, na qual o agravante trabalha, todavia, atualmente, se encontra em licen\u00e7a n\u00e3o remunerada\u201d, frisou.<\/p>\n<h2>Pedido administrativo<\/h2>\n<p>Assim, administrativamente, o trabalhador havia solicitado o resgate do saldo existente na conta do FGTS, no valor R$ 8.192,15, justificando a calamidade p\u00fablica. Entretanto, a Caixa Econ\u00f4mica Federal (Caixa) negou o pedido sob o argumento de que a solicita\u00e7\u00e3o n\u00e3o era prevista na lei. Igualmente, alegou que a Medida Provis\u00f3ria n\u00ba 946\/2020, que disp\u00f5e sobre o saque autom\u00e1tico do FGTS, limitou o montante a R$ 1.045,00.<\/p>\n<h2>Pedido judicial<\/h2>\n<p>Assim, diante da negativa da Caixa, o trabalhador solicitou \u00e0 Justi\u00e7a Federal a libera\u00e7\u00e3o dos valores, contudo o pedido foi negado na primeira inst\u00e2ncia. Consequentemente, o trabalhador ingressou com recurso perante o TRF-3.<\/p>\n<p>O relator do recurso no TRF-3, ao analisar o pedido, destacou que existe consenso na possibilidade do levantamento do fundo em raz\u00e3o da pandemia. Entretanto, para o magistrado, o valor autorizado para saque na medida provis\u00f3ria \u00e9 insuficiente para as necessidades do trabalhador.<\/p>\n<h2>Analogia<\/h2>\n<p>\u201cEntendo cab\u00edvel a aplica\u00e7\u00e3o anal\u00f3gica do disposto na al\u00ednea \u201ca\u201d do\u00a0<a href=\"http:\/\/www.planalto.gov.br\/ccivil_03\/leis\/l8036consol.htm#Art20XVI\">inciso XVI<\/a>\u00a0do artigo 20 da\u00a0<a href=\"http:\/\/www.planalto.gov.br\/ccivil_03\/leis\/l8036consol.htm\">Lei n\u00ba 8.036\/1990<\/a>; uma vez que a atual pandemia \u00e9 t\u00e3o grave quanto os estados de\u00a0<strong>calamidade p\u00fablica<\/strong>\u00a0decorrentes de desastres naturais at\u00e9 ent\u00e3o ocorridos no Brasil. Posto que tem afetado, mundialmente, a sa\u00fade e a economia, cujas consequ\u00eancias s\u00e3o imprevis\u00edveis; portanto, justifica-se a aplica\u00e7\u00e3o do limite previsto no\u00a0<a href=\"http:\/\/www.planalto.gov.br\/ccivil_03\/_ato2004-2006\/2004\/decreto\/d5113.htm\">Decreto n\u00ba 5.113\/2004<\/a>\u00a0<a href=\"http:\/\/www.planalto.gov.br\/ccivil_03\/_ato2004-2006\/2004\/decreto\/d5113.htm#Art4\">(artigo 4\u00ba<\/a>), no montante de R$ 6.220,00\u201d, asseverou o magistrado.<\/p>\n<p>Igualmente, o magistrado declarou n\u00e3o gera risco de colapso ao sistema do FGTS, porque a decis\u00e3o apenas autoriza o saque do montante pertencente ao trabalhador.<\/p>\n<p>Fonte: Ag\u00eancia Brasil<\/p>\n<p>&nbsp;<\/p>\n","protected":false},"excerpt":{"rendered":"<p>O desembargador federal Cotrim Guimar\u00e3es, da 2\u00aa Turma do Tribunal Regional Federal da 3\u00aa Regi\u00e3o&#8230;<\/p>\n","protected":false},"author":1,"featured_media":12173,"comment_status":"open","ping_status":"open","sticky":false,"template":"","format":"standard","meta":{"_jetpack_memberships_contains_paid_content":false,"footnotes":"","jetpack_publicize_message":"","jetpack_publicize_feature_enabled":true,"jetpack_social_post_already_shared":true,"jetpack_social_options":{"image_generator_settings":{"template":"highway","default_image_id":0,"font":"","enabled":false},"version":2}},"categories":[1],"tags":[],"class_list":["post-12171","post","type-post","status-publish","format-standard","has-post-thumbnail","hentry","category-atualidade"],"jetpack_publicize_connections":[],"jetpack_featured_media_url":"https:\/\/correiodasemana.com\/site\/wp-content\/uploads\/2020\/07\/noticiasconcursos.com_.br-fgts-2020-2021.jpg","jetpack-related-posts":[{"id":19455,"url":"https:\/\/correiodasemana.com\/site\/trabalhadores-poderao-sacar-ate-r-1-mil-de-contas-do-fgts\/","url_meta":{"origin":12171,"position":0},"title":"Trabalhadores poder\u00e3o sacar at\u00e9 R$ 1 mil de contas do FGTS","author":"","date":"Abril 10, 2022","format":false,"excerpt":"Por Ag\u00eancia Brasil - Bras\u00edlia At\u00e9 15 de dezembro, cada trabalhador poder\u00e1 sacar at\u00e9 R$ 1 mil de suas contas do Fundo de Garantia do Tempo de Servi\u00e7o (FGTS). A medida beneficiar\u00e1 42 milh\u00f5es de pessoas e dever\u00e1 injetar R$ 30 bilh\u00f5es na economia caso todos os trabalhadores retirem o\u2026","rel":"","context":"In &quot;Atualidade&quot;","block_context":{"text":"Atualidade","link":"https:\/\/correiodasemana.com\/site\/category\/atualidade\/"},"img":{"alt_text":"","src":"https:\/\/i0.wp.com\/correiodasemana.com\/site\/wp-content\/uploads\/2022\/04\/carteira-de-trabalho.jpg?resize=350%2C200&ssl=1","width":350,"height":200,"srcset":"https:\/\/i0.wp.com\/correiodasemana.com\/site\/wp-content\/uploads\/2022\/04\/carteira-de-trabalho.jpg?resize=350%2C200&ssl=1 1x, https:\/\/i0.wp.com\/correiodasemana.com\/site\/wp-content\/uploads\/2022\/04\/carteira-de-trabalho.jpg?resize=525%2C300&ssl=1 1.5x"},"classes":[]},{"id":8481,"url":"https:\/\/correiodasemana.com\/site\/liberacao-do-fgts-devera-criar-29-milhoes-de-empregos-em-dez-anos\/","url_meta":{"origin":12171,"position":1},"title":"Libera\u00e7\u00e3o do FGTS dever\u00e1 criar 2,9 milh\u00f5es de empregos em dez anos","author":"","date":"Julho 30, 2019","format":false,"excerpt":"Por\u00a0Wellton M\u00e1ximo e Pedro Rafael Vilela \u2013 Rep\u00f3rteres da Ag\u00eancia Brasil A libera\u00e7\u00e3o de parte dos recursos do Fundo de Garantia do Tempo de Servi\u00e7o (FGTS), do Programa de Integra\u00e7\u00e3o Social (PIS) e do Programa de Forma\u00e7\u00e3o do Patrim\u00f4nio do Servidor P\u00fablico (Pasep) permitir\u00e3o \u00e0 economia crescer 0,35 ponto percentual\u2026","rel":"","context":"In &quot;Atualidade&quot;","block_context":{"text":"Atualidade","link":"https:\/\/correiodasemana.com\/site\/category\/atualidade\/"},"img":{"alt_text":"","src":"https:\/\/i0.wp.com\/correiodasemana.com\/site\/wp-content\/uploads\/2019\/07\/FGTS.jpg?resize=350%2C200&ssl=1","width":350,"height":200,"srcset":"https:\/\/i0.wp.com\/correiodasemana.com\/site\/wp-content\/uploads\/2019\/07\/FGTS.jpg?resize=350%2C200&ssl=1 1x, https:\/\/i0.wp.com\/correiodasemana.com\/site\/wp-content\/uploads\/2019\/07\/FGTS.jpg?resize=525%2C300&ssl=1 1.5x, https:\/\/i0.wp.com\/correiodasemana.com\/site\/wp-content\/uploads\/2019\/07\/FGTS.jpg?resize=700%2C400&ssl=1 2x, https:\/\/i0.wp.com\/correiodasemana.com\/site\/wp-content\/uploads\/2019\/07\/FGTS.jpg?resize=1050%2C600&ssl=1 3x, https:\/\/i0.wp.com\/correiodasemana.com\/site\/wp-content\/uploads\/2019\/07\/FGTS.jpg?resize=1400%2C800&ssl=1 4x"},"classes":[]},{"id":22467,"url":"https:\/\/correiodasemana.com\/site\/saque-aniversario-do-fgts-2023-disponivel\/","url_meta":{"origin":12171,"position":2},"title":"Saque-anivers\u00e1rio do FGTS &#8211; 2023 dispon\u00edvel","author":"","date":"Janeiro 2, 2023","format":false,"excerpt":"Os trabalhadores que optarem pelo saque-anivers\u00e1rio do Fundo de Garantia do Tempo de Servi\u00e7o (FGTS) aos poucos come\u00e7am a ter acesso \u00e0 cota de 2023. As retiradas ocorrem conforme o m\u00eas de anivers\u00e1rio do trabalhador. Cerca de 1,3 milh\u00e3o de cotistas nascidos em janeiro podem fazer o saque a partir\u2026","rel":"","context":"In &quot;Atualidade&quot;","block_context":{"text":"Atualidade","link":"https:\/\/correiodasemana.com\/site\/category\/atualidade\/"},"img":{"alt_text":"","src":"https:\/\/i0.wp.com\/correiodasemana.com\/site\/wp-content\/uploads\/2023\/01\/saque-do-fgts-2-100.jpg?resize=350%2C200&ssl=1","width":350,"height":200,"srcset":"https:\/\/i0.wp.com\/correiodasemana.com\/site\/wp-content\/uploads\/2023\/01\/saque-do-fgts-2-100.jpg?resize=350%2C200&ssl=1 1x, https:\/\/i0.wp.com\/correiodasemana.com\/site\/wp-content\/uploads\/2023\/01\/saque-do-fgts-2-100.jpg?resize=525%2C300&ssl=1 1.5x, https:\/\/i0.wp.com\/correiodasemana.com\/site\/wp-content\/uploads\/2023\/01\/saque-do-fgts-2-100.jpg?resize=700%2C400&ssl=1 2x, https:\/\/i0.wp.com\/correiodasemana.com\/site\/wp-content\/uploads\/2023\/01\/saque-do-fgts-2-100.jpg?resize=1050%2C600&ssl=1 3x"},"classes":[]},{"id":11912,"url":"https:\/\/correiodasemana.com\/site\/banco-do-brasil-e-caixa-oferecerao-credito-com-garantia-do-saque-aniversario\/","url_meta":{"origin":12171,"position":3},"title":"Banco do Brasil e Caixa oferecer\u00e3o cr\u00e9dito com garantia do saque-anivers\u00e1rio","author":"","date":"Julho 15, 2020","format":false,"excerpt":"Mais de 5,3 milh\u00f5es de trabalhadores j\u00e1 se cadastraram O Banco do Brasil e a Caixa Econ\u00f4mica Federal v\u00e3o oferecer o cr\u00e9dito com garantia do saque-anivers\u00e1rio do Fundo de Garantia do Tempo de Servi\u00e7o (FGTS). Desde o \u00faltimo dia 26, todos os bancos est\u00e3o autorizados a operar essa nova linha\u2026","rel":"","context":"In &quot;Atualidade&quot;","block_context":{"text":"Atualidade","link":"https:\/\/correiodasemana.com\/site\/category\/atualidade\/"},"img":{"alt_text":"","src":"https:\/\/i0.wp.com\/correiodasemana.com\/site\/wp-content\/uploads\/2020\/07\/mcmgo_abr_18071919264df.jpg?resize=350%2C200&ssl=1","width":350,"height":200,"srcset":"https:\/\/i0.wp.com\/correiodasemana.com\/site\/wp-content\/uploads\/2020\/07\/mcmgo_abr_18071919264df.jpg?resize=350%2C200&ssl=1 1x, https:\/\/i0.wp.com\/correiodasemana.com\/site\/wp-content\/uploads\/2020\/07\/mcmgo_abr_18071919264df.jpg?resize=525%2C300&ssl=1 1.5x, https:\/\/i0.wp.com\/correiodasemana.com\/site\/wp-content\/uploads\/2020\/07\/mcmgo_abr_18071919264df.jpg?resize=700%2C400&ssl=1 2x, https:\/\/i0.wp.com\/correiodasemana.com\/site\/wp-content\/uploads\/2020\/07\/mcmgo_abr_18071919264df.jpg?resize=1050%2C600&ssl=1 3x"},"classes":[]},{"id":12434,"url":"https:\/\/correiodasemana.com\/site\/caixa-credita-hoje-saque-emergencial-do-fgts-para-nascidos-em-junho\/","url_meta":{"origin":12171,"position":4},"title":"Caixa credita hoje saque emergencial do FGTS para nascidos em junho","author":"","date":"Agosto 3, 2020","format":false,"excerpt":"Cerca de 5 milh\u00f5es de trabalhadores receber\u00e3o R$ 3,2 bilh\u00f5es Cerca de 5 milh\u00f5es de trabalhadores nascidos em junho come\u00e7am a receber\u00a0hoje\u00a0(3) o cr\u00e9dito do saque emergencial do Fundo de Garantia do Tempo de Servi\u00e7o (FGTS) de at\u00e9 R$ 1.045. Ser\u00e3o liberados R$ 3,2 bilh\u00f5es nas contas poupan\u00e7a digitais abertas\u2026","rel":"","context":"In &quot;Atualidade&quot;","block_context":{"text":"Atualidade","link":"https:\/\/correiodasemana.com\/site\/category\/atualidade\/"},"img":{"alt_text":"","src":"https:\/\/i0.wp.com\/correiodasemana.com\/site\/wp-content\/uploads\/2020\/08\/280520_aplicativo_caixa_tem3274.jpg?resize=350%2C200&ssl=1","width":350,"height":200,"srcset":"https:\/\/i0.wp.com\/correiodasemana.com\/site\/wp-content\/uploads\/2020\/08\/280520_aplicativo_caixa_tem3274.jpg?resize=350%2C200&ssl=1 1x, https:\/\/i0.wp.com\/correiodasemana.com\/site\/wp-content\/uploads\/2020\/08\/280520_aplicativo_caixa_tem3274.jpg?resize=525%2C300&ssl=1 1.5x, https:\/\/i0.wp.com\/correiodasemana.com\/site\/wp-content\/uploads\/2020\/08\/280520_aplicativo_caixa_tem3274.jpg?resize=700%2C400&ssl=1 2x, https:\/\/i0.wp.com\/correiodasemana.com\/site\/wp-content\/uploads\/2020\/08\/280520_aplicativo_caixa_tem3274.jpg?resize=1050%2C600&ssl=1 3x"},"classes":[]},{"id":12239,"url":"https:\/\/correiodasemana.com\/site\/liberada-recuperacao-do-saque-de-r-1-045-do-fgts\/","url_meta":{"origin":12171,"position":5},"title":"Liberada recupera\u00e7\u00e3o do saque de R$ 1.045 do FGTS","author":"","date":"Julho 27, 2020","format":false,"excerpt":"A Caixa Econ\u00f4mica Federal, que tem a responsabilidade pelos pagamentos do FGTS, n\u00e3o revelou o n\u00famero de pessoas que ainda n\u00e3o receberam t\u00e9 o momento, receberam os\u00a0R$ 1.045 do FGTS\u00a0trabalhadores aniversariantes de janeiro, fevereiro e mar\u00e7o. O banco informou ainda que existe tr\u00eas formas de consultar o cadastro: 1 \u2013\u2026","rel":"","context":"In &quot;Atualidade&quot;","block_context":{"text":"Atualidade","link":"https:\/\/correiodasemana.com\/site\/category\/atualidade\/"},"img":{"alt_text":"","src":"https:\/\/i0.wp.com\/correiodasemana.com\/site\/wp-content\/uploads\/2020\/07\/FGTS-LIBERADA.jpg?resize=350%2C200&ssl=1","width":350,"height":200,"srcset":"https:\/\/i0.wp.com\/correiodasemana.com\/site\/wp-content\/uploads\/2020\/07\/FGTS-LIBERADA.jpg?resize=350%2C200&ssl=1 1x, https:\/\/i0.wp.com\/correiodasemana.com\/site\/wp-content\/uploads\/2020\/07\/FGTS-LIBERADA.jpg?resize=525%2C300&ssl=1 1.5x"},"classes":[]}],"jetpack_sharing_enabled":true,"_links":{"self":[{"href":"https:\/\/correiodasemana.com\/site\/wp-json\/wp\/v2\/posts\/12171","targetHints":{"allow":["GET"]}}],"collection":[{"href":"https:\/\/correiodasemana.com\/site\/wp-json\/wp\/v2\/posts"}],"about":[{"href":"https:\/\/correiodasemana.com\/site\/wp-json\/wp\/v2\/types\/post"}],"author":[{"embeddable":true,"href":"https:\/\/correiodasemana.com\/site\/wp-json\/wp\/v2\/users\/1"}],"replies":[{"embeddable":true,"href":"https:\/\/correiodasemana.com\/site\/wp-json\/wp\/v2\/comments?post=12171"}],"version-history":[{"count":2,"href":"https:\/\/correiodasemana.com\/site\/wp-json\/wp\/v2\/posts\/12171\/revisions"}],"predecessor-version":[{"id":12175,"href":"https:\/\/correiodasemana.com\/site\/wp-json\/wp\/v2\/posts\/12171\/revisions\/12175"}],"wp:featuredmedia":[{"embeddable":true,"href":"https:\/\/correiodasemana.com\/site\/wp-json\/wp\/v2\/media\/12173"}],"wp:attachment":[{"href":"https:\/\/correiodasemana.com\/site\/wp-json\/wp\/v2\/media?parent=12171"}],"wp:term":[{"taxonomy":"category","embeddable":true,"href":"https:\/\/correiodasemana.com\/site\/wp-json\/wp\/v2\/categories?post=12171"},{"taxonomy":"post_tag","embeddable":true,"href":"https:\/\/correiodasemana.com\/site\/wp-json\/wp\/v2\/tags?post=12171"}],"curies":[{"name":"wp","href":"https:\/\/api.w.org\/{rel}","templated":true}]}}