{"id":12191,"date":"2020-07-25T04:27:17","date_gmt":"2020-07-25T04:27:17","guid":{"rendered":"https:\/\/correiodasemana.com\/site\/?p=12191"},"modified":"2020-07-25T04:27:17","modified_gmt":"2020-07-25T04:27:17","slug":"projeto-de-socorro-a-agricultores-familiares-e-aprovado-pela-camara-dos-deputados","status":"publish","type":"post","link":"https:\/\/correiodasemana.com\/site\/projeto-de-socorro-a-agricultores-familiares-e-aprovado-pela-camara-dos-deputados\/","title":{"rendered":"Projeto de socorro a agricultores familiares \u00e9 aprovado pela C\u00e2mara dos Deputados"},"content":{"rendered":"<p>Texto ainda ser\u00e1 avaliado pelos senadores; PL inclui grupo entre os benefici\u00e1rios do aux\u00edlio emergencial e suspende d\u00edvidas, entre outras medidas<\/p>\n<p>A C\u00e2mara dos Deputados aprovou na \u00faltima segunda-feira (20) uma s\u00e9rie de medidas emergenciais que visam ajudar agricultores familiares impactados pela crise econ\u00f4mica em decorr\u00eancia da pandemia da Covid-19. O Projeto de Lei 735\/20 \u2014 de autoria do deputado Enio Verri (PT-PR) e de outros parlamentares \u2014 amplia o acesso ao aux\u00edlio emergencial e prorroga o prazo para pagamento de d\u00edvidas, por exemplo. O texto aprovado segue para an\u00e1lise do Senado.<br \/>\nAutor do substitutivo, o deputado Z\u00e9 Silva (Solidariedade-MG) incluiu os empreendedores familiares, pescadores, extrativistas, silvicultores e aquicultores entre os benefici\u00e1rios das medidas. De acordo com o deputado Enio Verri, a expectativa \u00e9 de que cinco milh\u00f5es de fam\u00edlias sejam beneficiadas com o PL. Ele afirma que os produtores eram \u201cinvis\u00edveis\u201d e o grupo que faltava ser alcan\u00e7ado com as medidas de socorro durante a pandemia.<br \/>\n\u201cS\u00f3 eles n\u00e3o foram atingidos. Sobraram essas fam\u00edlias que n\u00e3o estavam protegidas. O substituto \u00e9 fundamental para garantir a sobreviv\u00eancia, para cadastrar esses profissionais e criar condi\u00e7\u00f5es para que possam produzir mais e melhor. Al\u00e9m de dar um f\u00f4lego com o dinheiro de fomento, suspender d\u00edvidas e dar capacidade de olhar o futuro com mais firmeza.\u201d<br \/>\nO Brasil 61 explica os principais pontos do texto que passou pelo crivo dos deputados abaixo.<\/p>\n<p>Aux\u00edlio<br \/>\nDe acordo com o PL, o agricultor familiar que n\u00e3o recebeu o aux\u00edlio emergencial do Governo Federal vai poder receber R$ 3 mil em cinco parcelas de R$ 600. No caso da mulher ser a \u00fanica provedora da fam\u00edlia, o valor sobe para R$ 6 mil. Originalmente, o benef\u00edcio financeiro pago pela Caixa Econ\u00f4mica Federal era destinado aos trabalhadores informais, microempreendedores individuais (MEI), aut\u00f4nomos e desempregados, tamb\u00e9m como forma de minimizar os impactos econ\u00f4micos por causa da pandemia do novo coronav\u00edrus.<br \/>\nPara ter acesso ao benef\u00edcio, o agricultor familiar n\u00e3o pode ter emprego formal, nem receber benef\u00edcio previdenci\u00e1rio, exceto o Bolsa Fam\u00edlia ou seguro-desemprego de defeso. Al\u00e9m disso, a renda da fam\u00edlia mensal por pessoa n\u00e3o pode ultrapassar R$ 522,50 ou R$ 3.135 no caso da soma dos rendimentos de todos os indiv\u00edduos da casa.<br \/>\nO pagamento desse aux\u00edlio, caso a lei seja aprovada, seria feito pelos bancos federais por meio de uma poupan\u00e7a digital em moldes semelhantes ao que j\u00e1 ocorre com o aux\u00edlio emergencial. No caso de pessoas que n\u00e3o tenham acesso \u00e0 tecnologia, o saque vai poder ocorrer nas ag\u00eancias banc\u00e1rias por meio de CPF e RG.<br \/>\nO acesso ao benef\u00edcio ainda depende da pessoa estar cadastrada no Cad\u00danico do governo. Nos casos em que o potencial benefici\u00e1rio n\u00e3o fizer parte do registro, dever\u00e1 se cadastrar por meio de uma plataforma digital a ser disponibilizada por entidade credenciada na Ag\u00eancia Nacional de Assist\u00eancia T\u00e9cnica e Extens\u00e3o Rural (Anater).<\/p>\n<p>Suspens\u00e3o de d\u00edvidas<br \/>\nO Projeto de Lei tamb\u00e9m promete socorro aos agricultores familiares e demais benefici\u00e1rios inclu\u00eddos pelo deputado Z\u00e9 Silva em uma outra frente: a prorroga\u00e7\u00e3o de d\u00edvidas. O texto adia em um ano o pagamento das parcelas vencidas ou a vencer em 2020 que t\u00eam origem em financiamento contratados por agricultores e suas cooperativas de produ\u00e7\u00e3o. A norma se aplica para d\u00edvidas contra\u00eddas no Programa Nacional de Cr\u00e9dito Fundi\u00e1rio (PNCF).<br \/>\nAl\u00e9m disso, quem est\u00e1 com alguma d\u00edvida rural daquelas previstas na Lei 13.340\/16 vai ter um novo prazo para renegociar os d\u00e9bitos: 30 de dezembro de 2021. O prazo anterior acabou no fim do ano passado. A flexibiliza\u00e7\u00e3o vale para empr\u00e9stimos obtidos junto aos fundos constitucionais de financiamento do Nordeste (FNE) ou do Norte (FNO). Autor do projeto, o deputado Enio Verri cita o aux\u00edlio e a suspens\u00e3o das d\u00edvidas como medidas cruciais de socorro aos agricultores familiares.<br \/>\n\u201cEssa popula\u00e7\u00e3o foi atingida de forma imediata por conta da pandemia. N\u00e3o tinha para quem vender o que produz. N\u00f3s resolvemos o problema imediato ao garantir para ele esses R$ 600 ou R$ 1.200. De extrema import\u00e2ncia tamb\u00e9m \u00e9 a suspens\u00e3o da d\u00edvida. Normalmente, os pequenos produtores sobrevivem de financiamentos, que n\u00e3o estavam conseguindo pagar porque n\u00e3o estavam obtendo receita nenhuma\u201d, explica.<\/p>\n<p>Linha de Cr\u00e9dito<br \/>\nO texto tamb\u00e9m autoriza o Conselho Monet\u00e1rio Nacional (CMN) a criar linhas de cr\u00e9dito rural no \u00e2mbito do Programa Nacional de Fortalecimento da Agricultura Familiar (Pronaf). Pelo PL, poderiam acessar o financiamento de at\u00e9 R$ 10 mil os agricultores familiares com renda familiar de at\u00e9 tr\u00eas sal\u00e1rios m\u00ednimos, o equivalente a R$ 3.135,00.<br \/>\nDepois de obter o empr\u00e9stimo, o benefici\u00e1rio ter\u00e1 cinco anos para come\u00e7ar a pagar a uma taxa de 1% ao ano. De acordo com o projeto, a linha de cr\u00e9dito ficaria dispon\u00edvel at\u00e9 30 de dezembro de 2021 e 20% do valor poderia ser usado para \u201cmanuten\u00e7\u00e3o familiar\u201d.<br \/>\nA taxa de juros cai para 0,5% ao ano e a parcela do vencimento tem 20% de desconto para pagamento em dia quando quem obtiver a linha de cr\u00e9dito for uma agricultora familiar e \u00fanica provedora da casa, detalha o texto.<\/p>\n<p>Programa de Aquisi\u00e7\u00e3o de Alimentos<br \/>\nO PL tamb\u00e9m prev\u00ea a cria\u00e7\u00e3o de uma vers\u00e3o emergencial do Programa de Aquisi\u00e7\u00e3o de Alimentos (PAA). Este programa compra alimentos produzidos pela agricultura familiar e distribui a pessoas em situa\u00e7\u00e3o de inseguran\u00e7a alimentar e nutricional. Segundo o texto, o agricultor que n\u00e3o vendeu \u00e0 Companhia Nacional de Alimentos (Conab) nos \u00faltimos dois anos vai ter a oportunidade de se cadastrar junto \u00e0 entidade para poder comercializar sua produ\u00e7\u00e3o durante a pandemia.<br \/>\nO deputado Enio Verri explica que a ideia \u00e9 garantir a continuidade da produ\u00e7\u00e3o de alimentos da agricultura familiar, que sofreu com a interrup\u00e7\u00e3o das aulas em todo o pa\u00eds, j\u00e1 que as escolas da rede p\u00fablica s\u00e3o respons\u00e1veis pelo consumo de boa parte dessa produ\u00e7\u00e3o. Assim, o objetivo \u00e9 garantir que a oferta permane\u00e7a direcionada para os estudantes mais vulner\u00e1veis, para consumo em casa.<br \/>\n\u201cAs escolas continuam comprando e entregam para as crian\u00e7as que, se estivessem em aula, consumiriam, mas como n\u00e3o tem aula v\u00e3o poder levar para casa. O PAA garante a qualidade da merenda escolar\u201d, afirma. O programa emergencial estabelece uma compra no valor m\u00e1ximo de R$ 4 mil por unidade familiar produtora e de R$ 5 mil no caso da mulher agricultora.<br \/>\nO PL aprovado pelos deputados tamb\u00e9m cria outras medidas. Entre elas, um Fomento Emergencial de Inclus\u00e3o Produtiva Rural para agricultores familiares em situa\u00e7\u00e3o de pobreza e extrema pobreza no valor de R$ 2,5 mil, que poder\u00e1 ser usado para a elabora\u00e7\u00e3o de um projeto, que contemple, entre outras coisas, a constru\u00e7\u00e3o de cisternas ou o uso de tecnologias para acesso \u00e0 \u00e1gua.<br \/>\nEstudos preliminares da assessoria t\u00e9cnica dos autores da proposta estimam que as medidas previstas no PL 735\/20 devem custar mais de R$ 6 bilh\u00f5es aos cofres p\u00fablicos<\/p>\n<p>Fonte: Brasil 61<\/p>\n","protected":false},"excerpt":{"rendered":"<p>Texto ainda ser\u00e1 avaliado pelos senadores; PL inclui grupo entre os benefici\u00e1rios do aux\u00edlio emergencial&#8230;<\/p>\n","protected":false},"author":1,"featured_media":12192,"comment_status":"open","ping_status":"open","sticky":false,"template":"","format":"standard","meta":{"_jetpack_memberships_contains_paid_content":false,"footnotes":"","jetpack_publicize_message":"","jetpack_publicize_feature_enabled":true,"jetpack_social_post_already_shared":true,"jetpack_social_options":{"image_generator_settings":{"template":"highway","default_image_id":0,"font":"","enabled":false},"version":2}},"categories":[1],"tags":[],"class_list":["post-12191","post","type-post","status-publish","format-standard","has-post-thumbnail","hentry","category-atualidade"],"jetpack_publicize_connections":[],"jetpack_featured_media_url":"https:\/\/correiodasemana.com\/site\/wp-content\/uploads\/2020\/07\/agricultores-familiar.jpg","jetpack-related-posts":[{"id":15886,"url":"https:\/\/correiodasemana.com\/site\/nova-parcela-do-auxilio-emergencial-deve-comecar-a-ser-pago-dia-18-de-marco\/","url_meta":{"origin":12191,"position":0},"title":"Nova parcela do aux\u00edlio emergencial deve come\u00e7ar a ser pago dia 18 de Mar\u00e7o","author":"","date":"Mar\u00e7o 7, 2021","format":false,"excerpt":"Por Samuel Carvalho - Reda\u00e7\u00e3o Correio da Semana O Governo Federal deve iniciar o pagamento da nova parcela do aux\u00edlio emergencial no dia 18 de Mar\u00e7o, frente ao avan\u00e7o da pandemia no pa\u00eds. A data inicial \u00e9 destinada aos benefici\u00e1rios do Bolsa Fam\u00edlia, j\u00e1 o restante dos trabalhadores deve receber\u2026","rel":"","context":"In &quot;Atualidade&quot;","block_context":{"text":"Atualidade","link":"https:\/\/correiodasemana.com\/site\/category\/atualidade\/"},"img":{"alt_text":"","src":"https:\/\/i0.wp.com\/correiodasemana.com\/site\/wp-content\/uploads\/2021\/03\/unnamed-8.jpg?resize=350%2C200&ssl=1","width":350,"height":200},"classes":[]},{"id":25578,"url":"https:\/\/correiodasemana.com\/site\/camara-aprova-recriacao-de-programa-de-aquisicao-de-alimentos\/","url_meta":{"origin":12191,"position":1},"title":"C\u00e2mara aprova recria\u00e7\u00e3o de Programa de Aquisi\u00e7\u00e3o de Alimentos","author":"adminredacao","date":"Julho 11, 2023","format":false,"excerpt":"Projeto Cozinha Solid\u00e1ria alimentar\u00e1 pessoas em situa\u00e7\u00e3o de rua Por Wellton M\u00e1ximo \u2013 Rep\u00f3rter da Ag\u00eancia Brasil - Bras\u00edlia Em vota\u00e7\u00e3o simb\u00f3lica, a C\u00e2mara dos Deputados aprovou, no fim da tarde desta sexta-feira (7), a recria\u00e7\u00e3o do Programa de Aquisi\u00e7\u00e3o de Alimentos (PAA), que permite a compra de produtos da\u2026","rel":"","context":"In &quot;Atualidade&quot;","block_context":{"text":"Atualidade","link":"https:\/\/correiodasemana.com\/site\/category\/atualidade\/"},"img":{"alt_text":"","src":"https:\/\/i0.wp.com\/correiodasemana.com\/site\/wp-content\/uploads\/2023\/07\/138200040o.jpg?resize=350%2C200&ssl=1","width":350,"height":200,"srcset":"https:\/\/i0.wp.com\/correiodasemana.com\/site\/wp-content\/uploads\/2023\/07\/138200040o.jpg?resize=350%2C200&ssl=1 1x, https:\/\/i0.wp.com\/correiodasemana.com\/site\/wp-content\/uploads\/2023\/07\/138200040o.jpg?resize=525%2C300&ssl=1 1.5x, https:\/\/i0.wp.com\/correiodasemana.com\/site\/wp-content\/uploads\/2023\/07\/138200040o.jpg?resize=700%2C400&ssl=1 2x, https:\/\/i0.wp.com\/correiodasemana.com\/site\/wp-content\/uploads\/2023\/07\/138200040o.jpg?resize=1050%2C600&ssl=1 3x"},"classes":[]},{"id":12377,"url":"https:\/\/correiodasemana.com\/site\/senado-aprova-mp-que-facilita-credito-a-pequenas-e-medias-empresas\/","url_meta":{"origin":12191,"position":2},"title":"Senado aprova MP que facilita cr\u00e9dito a pequenas e m\u00e9dias empresas","author":"","date":"Julho 30, 2020","format":false,"excerpt":"Os senadores chancelaram as mudan\u00e7as feitas pela C\u00e2mara na\u00a0MP 975\/2020, que cria o Programa Emergencial de Acesso a Cr\u00e9dito (Peac),\u00a0aux\u00edlio destinado a pequenas e m\u00e9dias empresas a fim de complementar o rec\u00e9m-criado Programa Nacional de Apoio \u00e0s Microempresas e Empresas de Pequeno Porte (Pronampe).\u00a0J\u00e1 analisado pela C\u00e2mara, o texto foi\u2026","rel":"","context":"In &quot;Atualidade&quot;","block_context":{"text":"Atualidade","link":"https:\/\/correiodasemana.com\/site\/category\/atualidade\/"},"img":{"alt_text":"","src":"https:\/\/i0.wp.com\/correiodasemana.com\/site\/wp-content\/uploads\/2020\/07\/industrias_wd2219_1-750x430-1.jpg?resize=350%2C200&ssl=1","width":350,"height":200,"srcset":"https:\/\/i0.wp.com\/correiodasemana.com\/site\/wp-content\/uploads\/2020\/07\/industrias_wd2219_1-750x430-1.jpg?resize=350%2C200&ssl=1 1x, https:\/\/i0.wp.com\/correiodasemana.com\/site\/wp-content\/uploads\/2020\/07\/industrias_wd2219_1-750x430-1.jpg?resize=525%2C300&ssl=1 1.5x, https:\/\/i0.wp.com\/correiodasemana.com\/site\/wp-content\/uploads\/2020\/07\/industrias_wd2219_1-750x430-1.jpg?resize=700%2C400&ssl=1 2x"},"classes":[]},{"id":13167,"url":"https:\/\/correiodasemana.com\/site\/camara-deve-votar-punicao-em-dobro-para-quem-desviar-recursos-direcionados-a-covid-19\/","url_meta":{"origin":12191,"position":3},"title":"C\u00e2mara deve votar puni\u00e7\u00e3o em dobro para quem desviar recursos direcionados \u00e0 Covid-19","author":"","date":"Agosto 26, 2020","format":false,"excerpt":"O texto altera o C\u00f3digo Penal e est\u00e1 em an\u00e1lise na C\u00e2mara dos Deputados Nesta semana pode ser votado projeto que prev\u00ea puni\u00e7\u00e3o em dobro para os crimes praticados contra a administra\u00e7\u00e3o p\u00fablica, durante estado de calamidade. O texto altera o C\u00f3digo Penal e est\u00e1 em an\u00e1lise na C\u00e2mara dos\u2026","rel":"","context":"In &quot;Atualidade&quot;","block_context":{"text":"Atualidade","link":"https:\/\/correiodasemana.com\/site\/category\/atualidade\/"},"img":{"alt_text":"","src":"https:\/\/i0.wp.com\/correiodasemana.com\/site\/wp-content\/uploads\/2020\/08\/camara-dos-deputados.jpg?resize=350%2C200&ssl=1","width":350,"height":200},"classes":[]},{"id":15782,"url":"https:\/\/correiodasemana.com\/site\/sobral-e-outros-municipios-cearenses-buscam-alternativas-para-suprir-a-suspensao-temporaria-do-auxilio-emergencial\/","url_meta":{"origin":12191,"position":4},"title":"Sobral e outros munic\u00edpios cearenses buscam alternativas para suprir a suspens\u00e3o tempor\u00e1ria do Aux\u00edlio Emergencial","author":"","date":"Fevereiro 24, 2021","format":false,"excerpt":"Por Samuel Carvalho - Reda\u00e7\u00e3o Correio da Semana O novo aux\u00edlio emergencial ainda segue em discuss\u00e3o no Congresso Nacional, enquanto isso, munic\u00edpios do estado do Cear\u00e1 tentam criar alternativas para garantir assist\u00eancia econ\u00f4mica para a popula\u00e7\u00e3o diante das incertezas de como ir\u00e1 acontecer as novas parcelas do programa. Em Sobral,\u2026","rel":"","context":"In &quot;Atualidade&quot;","block_context":{"text":"Atualidade","link":"https:\/\/correiodasemana.com\/site\/category\/atualidade\/"},"img":{"alt_text":"","src":"https:\/\/i0.wp.com\/correiodasemana.com\/site\/wp-content\/uploads\/2021\/02\/unnamed.jpg?resize=350%2C200&ssl=1","width":350,"height":200},"classes":[]},{"id":28943,"url":"https:\/\/correiodasemana.com\/site\/camara-aprova-novas-regras-para-seguro-obrigatorio-de-veiculos\/","url_meta":{"origin":12191,"position":5},"title":"C\u00e2mara aprova novas regras para seguro obrigat\u00f3rio de ve\u00edculos","author":"adminredacao","date":"Abril 15, 2024","format":false,"excerpt":"Texto agora segue para aprecia\u00e7\u00e3o do Senado Por Ag\u00eancia Brasil* - Bras\u00edlia A C\u00e2mara dos Deputados aprovou projeto que reformata o seguro obrigat\u00f3rio de ve\u00edculos terrestres, mantendo com a Caixa a gest\u00e3o do fundo para pagar as indeniza\u00e7\u00f5es. O Projeto de Lei Complementar (PLP) 233\/23, do Poder Executivo, ser\u00e1 enviado\u2026","rel":"","context":"In &quot;Atualidade&quot;","block_context":{"text":"Atualidade","link":"https:\/\/correiodasemana.com\/site\/category\/atualidade\/"},"img":{"alt_text":"","src":"https:\/\/i0.wp.com\/correiodasemana.com\/site\/wp-content\/uploads\/2024\/04\/Camara-federal-do-Brasil.webp?resize=350%2C200&ssl=1","width":350,"height":200,"srcset":"https:\/\/i0.wp.com\/correiodasemana.com\/site\/wp-content\/uploads\/2024\/04\/Camara-federal-do-Brasil.webp?resize=350%2C200&ssl=1 1x, https:\/\/i0.wp.com\/correiodasemana.com\/site\/wp-content\/uploads\/2024\/04\/Camara-federal-do-Brasil.webp?resize=525%2C300&ssl=1 1.5x, https:\/\/i0.wp.com\/correiodasemana.com\/site\/wp-content\/uploads\/2024\/04\/Camara-federal-do-Brasil.webp?resize=700%2C400&ssl=1 2x, https:\/\/i0.wp.com\/correiodasemana.com\/site\/wp-content\/uploads\/2024\/04\/Camara-federal-do-Brasil.webp?resize=1050%2C600&ssl=1 3x"},"classes":[]}],"jetpack_sharing_enabled":true,"_links":{"self":[{"href":"https:\/\/correiodasemana.com\/site\/wp-json\/wp\/v2\/posts\/12191","targetHints":{"allow":["GET"]}}],"collection":[{"href":"https:\/\/correiodasemana.com\/site\/wp-json\/wp\/v2\/posts"}],"about":[{"href":"https:\/\/correiodasemana.com\/site\/wp-json\/wp\/v2\/types\/post"}],"author":[{"embeddable":true,"href":"https:\/\/correiodasemana.com\/site\/wp-json\/wp\/v2\/users\/1"}],"replies":[{"embeddable":true,"href":"https:\/\/correiodasemana.com\/site\/wp-json\/wp\/v2\/comments?post=12191"}],"version-history":[{"count":1,"href":"https:\/\/correiodasemana.com\/site\/wp-json\/wp\/v2\/posts\/12191\/revisions"}],"predecessor-version":[{"id":12193,"href":"https:\/\/correiodasemana.com\/site\/wp-json\/wp\/v2\/posts\/12191\/revisions\/12193"}],"wp:featuredmedia":[{"embeddable":true,"href":"https:\/\/correiodasemana.com\/site\/wp-json\/wp\/v2\/media\/12192"}],"wp:attachment":[{"href":"https:\/\/correiodasemana.com\/site\/wp-json\/wp\/v2\/media?parent=12191"}],"wp:term":[{"taxonomy":"category","embeddable":true,"href":"https:\/\/correiodasemana.com\/site\/wp-json\/wp\/v2\/categories?post=12191"},{"taxonomy":"post_tag","embeddable":true,"href":"https:\/\/correiodasemana.com\/site\/wp-json\/wp\/v2\/tags?post=12191"}],"curies":[{"name":"wp","href":"https:\/\/api.w.org\/{rel}","templated":true}]}}