{"id":12231,"date":"2020-07-25T04:46:35","date_gmt":"2020-07-25T04:46:35","guid":{"rendered":"https:\/\/correiodasemana.com\/site\/?p=12231"},"modified":"2020-07-25T04:46:35","modified_gmt":"2020-07-25T04:46:35","slug":"dia-do-escritor","status":"publish","type":"post","link":"https:\/\/correiodasemana.com\/site\/dia-do-escritor\/","title":{"rendered":"DIA DO ESCRITOR"},"content":{"rendered":"<p>Esta coluna, n\u00e3o diria cr\u00f4nica, \u00e9 para Matusahila Santiago,\u00a0in memoriam. Nos dias que passaram, 20, tivemos o dia do amigo, da amizade; de Santa Maria Madalena, amiga de Jesus, tantas vezes erroneamente interpretada, 22; a reconstru\u00e7\u00e3o da face de Santa Maria Madalena, equipe que coordenei, em 2015, tendo \u00e0 frente o designer 3D C\u00edcero Moraes, promoveu, tamb\u00e9m, a possibilidade de uma revis\u00e3o hist\u00f3rica da santa a partir dos evangelhos. Hoje, temos o dia nacional do escritor, institu\u00eddo, na d\u00e9cada de 1960, por portaria do extinto Minist\u00e9rio da Cultura, em alus\u00e3o ao primeiro Festival do Escritor Brasileiro, promovido pela Uni\u00e3o Brasileira de Escritores. O objetivo deste dia \u00e9 despertar o interesse pela literatura nacional e apresentar obras de autores e autoras j\u00e1 consagrados junto a novos talentos.<br \/>\nE quantos escritores e escritoras poder\u00edamos destacar neste dia? Muitos&#8230; Alencar, Machado, Rachel, Capistrano, Olinto, N\u00e9lida, Sadoc de Ara\u00fajo, Guimar\u00e3es, Nat\u00e9rcia, Moreira e grande elenco. Tamb\u00e9m os jovens escritores L\u00e9o Prud\u00eancio, Mailson Furtado e tantos outros talentos, alguns guardados em gavetas, mas, com talento imensur\u00e1vel. E n\u00e3o posso deixar de citar os consagrados poetas Gerardo Mello Mour\u00e3o, Ad\u00e9lia Prado, Carlos Drummond de Andrade, Manuel Bandeira, J\u00e1der de Carvalho, Osvaldo Chaves, Ximenes e o trem e tantos e tantos art\u00edfices da poesia que cantaram dores, alegrias, amores e desilus\u00f5es, pois que, embora n\u00e3o-brasileiro, Fernando Pessoa dizia que \u201co poeta \u00e9 um fingidor. Finge t\u00e3o completamente, que chega a fingir que \u00e9 dor, a dor que deveras sente\u201d.<br \/>\nE o que dir\u00edamos de quem nasceu no dia nacional do escritor? Falo do Poeta Maior do Cear\u00e1, Artur Eduardo Benevides, o Pr\u00edncipe dos Poetas Cearenses, nascido em 25 de julho de 1923, em Pacatuba (CE). Artur disse, em verso, \u201cAi, deixa-me, pois ser apenas um poeta!\/ O que fui, at\u00e9 hoje, de alma repleta\u201d.\u00a0E foi poeta de alma repleta at\u00e9 seu \u00faltimo suspiro, dado em 21 de setembro, nas v\u00e9speras da primavera de 2014. Tive a honra de biografar o Pr\u00edncipe Artur no livro \u201cO Poeta do Cear\u00e1: Artur Eduardo Benevides\u201d. Eu era quase um menino. Aproximei-me do poeta, tornei-me seu bi\u00f3grafo e seu amigo. Era homem cl\u00e1ssico, culto, s\u00e9rio e poeta terno, apaixonado por sua musa e pelo sagrado, buscava entender os mist\u00e9rios e escreveu contos de mist\u00e9rio.<br \/>\nPoucos dias ap\u00f3s seus 90 anos, fui fazer-lhe uma visita e perguntei se ele estava escrevendo algo e sua resposta deu origem a um pequeno poema, de minha autoria, em sua homenagem: Escrever \u00e9 um v\u00edcio\/ Assim responde o Poeta ao Estudante\/ Que indaga:\/ O Senhor est\u00e1 escrevendo?\/\/ Artur, Artur Eduardo Benevides\/ Poeta dos poetas e do Cear\u00e1\/ Tua poesia, teu v\u00edcio, \u00e9 sublime.\/\/ Que a vida nos oportunize\/ Versos teus, para tua musa,\/ Para amenizar aquela \u201ccoisinha\u201d pequena\/ Que sentias em Ros\u00e1rio (AR)\/ E te fez retornar ao teu Cear\u00e1;\/ A\u00a0saudade, pois, em poesia\/\/ Conforme afirmas,\/ O que n\u00e3o for saudade \u00e9 liturgia!\/ Liturgia dos teus 90 anos!<br \/>\nTentei concluir com versos de Madre Maria Jos\u00e9 de Jesus, a futura santa, filha de Capistrano de Abreu, cuja poesia era apreciada por Manuel Bandeira, mas, n\u00e3o encontrei. Biblioteca dividida em tr\u00eas lugares, d\u00e1 nisso. Aplausos ao escritor brasileiro, em seus livros, seus versos, suas paix\u00f5es!<\/p>\n","protected":false},"excerpt":{"rendered":"<p>Esta coluna, n\u00e3o diria cr\u00f4nica, \u00e9 para Matusahila Santiago,\u00a0in memoriam. Nos dias que passaram, 20,&#8230;<\/p>\n","protected":false},"author":1,"featured_media":8256,"comment_status":"open","ping_status":"open","sticky":false,"template":"","format":"standard","meta":{"_jetpack_memberships_contains_paid_content":false,"footnotes":"","jetpack_publicize_message":"","jetpack_publicize_feature_enabled":true,"jetpack_social_post_already_shared":true,"jetpack_social_options":{"image_generator_settings":{"template":"highway","default_image_id":0,"font":"","enabled":false},"version":2}},"categories":[11,41],"tags":[],"class_list":["post-12231","post","type-post","status-publish","format-standard","has-post-thumbnail","hentry","category-artigos","category-jose-luis-lira"],"jetpack_publicize_connections":[],"jetpack_featured_media_url":"https:\/\/correiodasemana.com\/site\/wp-content\/uploads\/2019\/07\/Jose\u0301-1.jpg","jetpack-related-posts":[{"id":19579,"url":"https:\/\/correiodasemana.com\/site\/fundaj-promove-a-iii-festa-literaria-do-livro-digital-com-discussoes-sobre-cultura-na-internet\/","url_meta":{"origin":12231,"position":0},"title":"Fundaj promove a III Festa Liter\u00e1ria do Livro Digital com discuss\u00f5es sobre cultura na internet","author":"","date":"Abril 24, 2022","format":false,"excerpt":"Evento promovido pela Funda\u00e7\u00e3o Joaquim Nabuco ter\u00e1 tr\u00eas pain\u00e9is, que ser\u00e3o exibidos no site criado para o evento, no YouTube e nas redes sociais da Institui\u00e7\u00e3o Conforme o mundo se transforma, novos h\u00e1bitos e formas de lazer surgem, moldando e refazendo as rela\u00e7\u00f5es do cotidiano. Basta ver, por exemplo, o\u2026","rel":"","context":"In &quot;Atualidade&quot;","block_context":{"text":"Atualidade","link":"https:\/\/correiodasemana.com\/site\/category\/atualidade\/"},"img":{"alt_text":"","src":"https:\/\/i0.wp.com\/correiodasemana.com\/site\/wp-content\/uploads\/2022\/04\/RSHS-student-art-collection.jpg?resize=350%2C200&ssl=1","width":350,"height":200,"srcset":"https:\/\/i0.wp.com\/correiodasemana.com\/site\/wp-content\/uploads\/2022\/04\/RSHS-student-art-collection.jpg?resize=350%2C200&ssl=1 1x, https:\/\/i0.wp.com\/correiodasemana.com\/site\/wp-content\/uploads\/2022\/04\/RSHS-student-art-collection.jpg?resize=525%2C300&ssl=1 1.5x, https:\/\/i0.wp.com\/correiodasemana.com\/site\/wp-content\/uploads\/2022\/04\/RSHS-student-art-collection.jpg?resize=700%2C400&ssl=1 2x, https:\/\/i0.wp.com\/correiodasemana.com\/site\/wp-content\/uploads\/2022\/04\/RSHS-student-art-collection.jpg?resize=1050%2C600&ssl=1 3x"},"classes":[]},{"id":15324,"url":"https:\/\/correiodasemana.com\/site\/tres-autores-e-curiosidades-aos-vestibulandos-da-uva\/","url_meta":{"origin":12231,"position":1},"title":"TR\u00caS AUTORES E CURIOSIDADES AOS VESTIBULANDOS DA UVA!","author":"","date":"Janeiro 10, 2021","format":false,"excerpt":"Feliz 2021. As primeiras chuvas banham nosso Cear\u00e1, de forma discreta, mas, acendem em n\u00f3s a esperan\u00e7a de bom inverno. Com data de aplica\u00e7\u00e3o prevista para 14\/03\/2021 visando selecionar alunos para o segundo semestre de 2021, em 09\/12\/20, foi anunciado o Vestibular da Universidade Estadual Vale do Acara\u00fa \u2013 UVA,\u2026","rel":"","context":"In &quot;Artigos&quot;","block_context":{"text":"Artigos","link":"https:\/\/correiodasemana.com\/site\/category\/artigos\/"},"img":{"alt_text":"","src":"https:\/\/i0.wp.com\/correiodasemana.com\/site\/wp-content\/uploads\/2019\/07\/Jose%CC%81-1.jpg?resize=350%2C200&ssl=1","width":350,"height":200,"srcset":"https:\/\/i0.wp.com\/correiodasemana.com\/site\/wp-content\/uploads\/2019\/07\/Jose%CC%81-1.jpg?resize=350%2C200&ssl=1 1x, https:\/\/i0.wp.com\/correiodasemana.com\/site\/wp-content\/uploads\/2019\/07\/Jose%CC%81-1.jpg?resize=525%2C300&ssl=1 1.5x, https:\/\/i0.wp.com\/correiodasemana.com\/site\/wp-content\/uploads\/2019\/07\/Jose%CC%81-1.jpg?resize=700%2C400&ssl=1 2x"},"classes":[]},{"id":27473,"url":"https:\/\/correiodasemana.com\/site\/em-tempo-204\/","url_meta":{"origin":12231,"position":2},"title":"EM TEMPO \u2022","author":"adminredacao","date":"Dezembro 4, 2023","format":false,"excerpt":"4\u00aa Confer\u00eancia Estadual de Cultura A programa\u00e7\u00e3o da 4\u00aa Confer\u00eancia Estadual de Cultura do Cear\u00e1 teve in\u00edcio no dia 30 de novembro e prossegue at\u00e9 s\u00e1bado, 2 de dezembro, com debate sobre democracia e o exerc\u00edcio dos direitos culturais. O evento acontece no SESC Iparana, Regi\u00e3o Metropolitana de Fortaleza. Fruto\u2026","rel":"","context":"In &quot;Artigos&quot;","block_context":{"text":"Artigos","link":"https:\/\/correiodasemana.com\/site\/category\/artigos\/"},"img":{"alt_text":"","src":"https:\/\/i0.wp.com\/correiodasemana.com\/site\/wp-content\/uploads\/2023\/12\/WhatsApp-Image-2023-12-01-at-17.41.40-300x200.jpeg?resize=350%2C200&ssl=1","width":350,"height":200},"classes":[]},{"id":25929,"url":"https:\/\/correiodasemana.com\/site\/escritoras-negras-brasileiras\/","url_meta":{"origin":12231,"position":3},"title":"Escritoras Negras Brasileiras","author":"adminredacao","date":"Agosto 8, 2023","format":false,"excerpt":"Ana Maria Gon\u00e7alves, nascida em 1970 no munic\u00edpio de Ibi\u00e1, Minas Gerais, foi morar em S\u00e3o Paulo, onde trabalhou como publicit\u00e1ria durante 13 anos. Depois fixou resid\u00eancia na Ilha de Itaparica, onde se transformou em escritora. Escreveu seu primeiro livro, \u201cAo Lado e \u00e0 Margem do que Sentes Por Mim\u201d.\u2026","rel":"","context":"In &quot;Artigos&quot;","block_context":{"text":"Artigos","link":"https:\/\/correiodasemana.com\/site\/category\/artigos\/"},"img":{"alt_text":"","src":"https:\/\/i0.wp.com\/correiodasemana.com\/site\/wp-content\/uploads\/2022\/02\/Salmito-Campos-1-scaled.jpg?resize=350%2C200&ssl=1","width":350,"height":200,"srcset":"https:\/\/i0.wp.com\/correiodasemana.com\/site\/wp-content\/uploads\/2022\/02\/Salmito-Campos-1-scaled.jpg?resize=350%2C200&ssl=1 1x, https:\/\/i0.wp.com\/correiodasemana.com\/site\/wp-content\/uploads\/2022\/02\/Salmito-Campos-1-scaled.jpg?resize=525%2C300&ssl=1 1.5x, https:\/\/i0.wp.com\/correiodasemana.com\/site\/wp-content\/uploads\/2022\/02\/Salmito-Campos-1-scaled.jpg?resize=700%2C400&ssl=1 2x, https:\/\/i0.wp.com\/correiodasemana.com\/site\/wp-content\/uploads\/2022\/02\/Salmito-Campos-1-scaled.jpg?resize=1050%2C600&ssl=1 3x, https:\/\/i0.wp.com\/correiodasemana.com\/site\/wp-content\/uploads\/2022\/02\/Salmito-Campos-1-scaled.jpg?resize=1400%2C800&ssl=1 4x"},"classes":[]},{"id":28981,"url":"https:\/\/correiodasemana.com\/site\/padre-zezinho-aos-bispos-ouvir-as-autoridades-eclesiais-foi-o-modo-que-encontrei-de-ser-catequista\/","url_meta":{"origin":12231,"position":4},"title":"Padre Zezinho aos bispos: \u201cOuvir as autoridades eclesiais foi o modo que encontrei de ser catequista\u201d","author":"adminredacao","date":"Abril 22, 2024","format":false,"excerpt":"Fonte: CNBB Em passagem por Aparecida (SP), durante uma das sess\u00f5es de hoje, dia 17, na 61\u00aa edi\u00e7\u00e3o da Assembleia Geral (AG) da Confer\u00eancia Nacional dos Bispos do Brasil (CNBB), o padre Jos\u00e9 Fernandes de Oliveira, SCJ, popularmente conhecido como Padre Zezinho, contou sua trajet\u00f3ria na evangeliza\u00e7\u00e3o por meio da\u2026","rel":"","context":"In &quot;Atualidade&quot;","block_context":{"text":"Atualidade","link":"https:\/\/correiodasemana.com\/site\/category\/atualidade\/"},"img":{"alt_text":"","src":"https:\/\/i0.wp.com\/correiodasemana.com\/site\/wp-content\/uploads\/2024\/04\/Padre-Zezinho.jpeg?resize=350%2C200&ssl=1","width":350,"height":200,"srcset":"https:\/\/i0.wp.com\/correiodasemana.com\/site\/wp-content\/uploads\/2024\/04\/Padre-Zezinho.jpeg?resize=350%2C200&ssl=1 1x, https:\/\/i0.wp.com\/correiodasemana.com\/site\/wp-content\/uploads\/2024\/04\/Padre-Zezinho.jpeg?resize=525%2C300&ssl=1 1.5x, https:\/\/i0.wp.com\/correiodasemana.com\/site\/wp-content\/uploads\/2024\/04\/Padre-Zezinho.jpeg?resize=700%2C400&ssl=1 2x, https:\/\/i0.wp.com\/correiodasemana.com\/site\/wp-content\/uploads\/2024\/04\/Padre-Zezinho.jpeg?resize=1050%2C600&ssl=1 3x"},"classes":[]},{"id":37641,"url":"https:\/\/correiodasemana.com\/site\/a-academia-sobralense-de-estudos-e-letras-asel-abre-suas-portas-para-mais-uma-noite-de-autografos\/","url_meta":{"origin":12231,"position":5},"title":"A Academia Sobralense de Estudos e Letras-ASEL abre suas portas para mais uma noite de aut\u00f3grafos","author":"adminredacao","date":"Mar\u00e7o 10, 2026","format":false,"excerpt":"Por Liduino S\u00e1 No dia 6 de mar\u00e7o de 2026, a Academia Sobralense de Estudos e Letras-ASEL abriu suas portas para receber o professor e escritor Salmito de Almeida Campos, que na ocasi\u00e3o lan\u00e7ou seu livro: \u201cEDUCA\u00c7\u00c3O, CIDADANIA E MEM\u00d3RIAS e outras hist\u00f3rias\u201d. A Sess\u00e3o Cultural promovida pela ASEL foi\u2026","rel":"","context":"In &quot;Atualidade&quot;","block_context":{"text":"Atualidade","link":"https:\/\/correiodasemana.com\/site\/category\/atualidade\/"},"img":{"alt_text":"","src":"https:\/\/i0.wp.com\/correiodasemana.com\/site\/wp-content\/uploads\/2026\/03\/lancamento-de-livro-19-scaled.jpg?resize=350%2C200&ssl=1","width":350,"height":200,"srcset":"https:\/\/i0.wp.com\/correiodasemana.com\/site\/wp-content\/uploads\/2026\/03\/lancamento-de-livro-19-scaled.jpg?resize=350%2C200&ssl=1 1x, https:\/\/i0.wp.com\/correiodasemana.com\/site\/wp-content\/uploads\/2026\/03\/lancamento-de-livro-19-scaled.jpg?resize=525%2C300&ssl=1 1.5x, https:\/\/i0.wp.com\/correiodasemana.com\/site\/wp-content\/uploads\/2026\/03\/lancamento-de-livro-19-scaled.jpg?resize=700%2C400&ssl=1 2x, https:\/\/i0.wp.com\/correiodasemana.com\/site\/wp-content\/uploads\/2026\/03\/lancamento-de-livro-19-scaled.jpg?resize=1050%2C600&ssl=1 3x, https:\/\/i0.wp.com\/correiodasemana.com\/site\/wp-content\/uploads\/2026\/03\/lancamento-de-livro-19-scaled.jpg?resize=1400%2C800&ssl=1 4x"},"classes":[]}],"jetpack_sharing_enabled":true,"_links":{"self":[{"href":"https:\/\/correiodasemana.com\/site\/wp-json\/wp\/v2\/posts\/12231","targetHints":{"allow":["GET"]}}],"collection":[{"href":"https:\/\/correiodasemana.com\/site\/wp-json\/wp\/v2\/posts"}],"about":[{"href":"https:\/\/correiodasemana.com\/site\/wp-json\/wp\/v2\/types\/post"}],"author":[{"embeddable":true,"href":"https:\/\/correiodasemana.com\/site\/wp-json\/wp\/v2\/users\/1"}],"replies":[{"embeddable":true,"href":"https:\/\/correiodasemana.com\/site\/wp-json\/wp\/v2\/comments?post=12231"}],"version-history":[{"count":1,"href":"https:\/\/correiodasemana.com\/site\/wp-json\/wp\/v2\/posts\/12231\/revisions"}],"predecessor-version":[{"id":12232,"href":"https:\/\/correiodasemana.com\/site\/wp-json\/wp\/v2\/posts\/12231\/revisions\/12232"}],"wp:featuredmedia":[{"embeddable":true,"href":"https:\/\/correiodasemana.com\/site\/wp-json\/wp\/v2\/media\/8256"}],"wp:attachment":[{"href":"https:\/\/correiodasemana.com\/site\/wp-json\/wp\/v2\/media?parent=12231"}],"wp:term":[{"taxonomy":"category","embeddable":true,"href":"https:\/\/correiodasemana.com\/site\/wp-json\/wp\/v2\/categories?post=12231"},{"taxonomy":"post_tag","embeddable":true,"href":"https:\/\/correiodasemana.com\/site\/wp-json\/wp\/v2\/tags?post=12231"}],"curies":[{"name":"wp","href":"https:\/\/api.w.org\/{rel}","templated":true}]}}