{"id":12322,"date":"2020-07-28T19:18:01","date_gmt":"2020-07-28T19:18:01","guid":{"rendered":"https:\/\/correiodasemana.com\/site\/?p=12322"},"modified":"2020-07-28T19:20:42","modified_gmt":"2020-07-28T19:20:42","slug":"atividades-do-mercado-publico-de-sobral-sao-retomadas-com-controle-mais-rigido","status":"publish","type":"post","link":"https:\/\/correiodasemana.com\/site\/atividades-do-mercado-publico-de-sobral-sao-retomadas-com-controle-mais-rigido\/","title":{"rendered":"Atividades do Mercado P\u00fablico de Sobral s\u00e3o retomadas com controle mais r\u00edgido"},"content":{"rendered":"<p>Dentro das medidas estabelecidas na Fase I da retomada das atividades econ\u00f4micas em Sobral, o Mercado P\u00fablico &#8211; Centro Comercial Chagas Barreto &#8211; voltou a funcionar desde segunda-feira (dia 27\/07\/2020), por\u00e9m, com restri\u00e7\u00f5es. Uma delas \u00e9 o controle r\u00edgido de acesso: apenas uma porta para entrada e outra para a sa\u00edda.<\/p>\n<p>Das 6h \u00e0s 13h, est\u00e3o liberados para funcionar os setores internos do pavimento t\u00e9rreo. \u00c0 tarde, das 14h \u00e0s 18h, \u00e9 a vez dos demais setores (confec\u00e7\u00f5es, por exemplo), assim como os pontos comerciais da parte externa do mercado, respeitando o estabelecido para o restante do centro comercial. N\u00e3o h\u00e1 restri\u00e7\u00f5es de funcionamento, em rela\u00e7\u00e3o ao hor\u00e1rio, aos s\u00e1bados e domingos.<\/p>\n<figure id=\"attachment_12323\" aria-describedby=\"caption-attachment-12323\" style=\"width: 1280px\" class=\"wp-caption alignleft\"><img fetchpriority=\"high\" decoding=\"async\" class=\"size-full wp-image-12323\" src=\"https:\/\/correiodasemana.com\/site\/wp-content\/uploads\/2020\/07\/Volta_do_Mercado.jpeg\" alt=\"\" width=\"1280\" height=\"853\" srcset=\"https:\/\/correiodasemana.com\/site\/wp-content\/uploads\/2020\/07\/Volta_do_Mercado.jpeg 1280w, https:\/\/correiodasemana.com\/site\/wp-content\/uploads\/2020\/07\/Volta_do_Mercado-300x200.jpeg 300w, https:\/\/correiodasemana.com\/site\/wp-content\/uploads\/2020\/07\/Volta_do_Mercado-1024x682.jpeg 1024w, https:\/\/correiodasemana.com\/site\/wp-content\/uploads\/2020\/07\/Volta_do_Mercado-768x512.jpeg 768w, https:\/\/correiodasemana.com\/site\/wp-content\/uploads\/2020\/07\/Volta_do_Mercado-675x450.jpeg 675w\" sizes=\"(max-width: 1280px) 100vw, 1280px\" \/><figcaption id=\"caption-attachment-12323\" class=\"wp-caption-text\">Parte interna do Mercado P\u00fablico de Sobral.<\/figcaption><\/figure>\n<p><em>&#8220;O mercado passou por uma reforma. Quem for l\u00e1 vai ver novos banheiros, os espa\u00e7os mais higienizados, tudo isso para garantir que a popula\u00e7\u00e3o possa fazer suas compras com seguran\u00e7a\u201d<\/em>, disse o prefeito Ivo Gomes.\u00a0<em>&#8220;Todas essas medidas s\u00e3o baseadas em estudos cient\u00edficos, em recomenda\u00e7\u00f5es de autoridades sanit\u00e1rias para proteger a todos&#8221;<\/em>, concluiu.<\/p>\n<p>In\u00e1cio Ribeiro, titular da Secretaria do Trabalho e Desenvolvimento Econ\u00f4mico (STDE), explica que\u00a0<em>\u201cantes de ter seu acesso liberado, o usu\u00e1rio ter\u00e1 a temperatura aferida. Se a temperatura for igual ou superior a 37.5 a entrada n\u00e3o ser\u00e1 permitida. As m\u00e3os das pessoas tamb\u00e9m ser\u00e3o higienizadas com \u00e1lcool. Haver\u00e1 um controle rigoroso no n\u00famero de pessoas que poder\u00e3o ficar dentro do mercado ao mesmo tempo\u201d<\/em>. O secret\u00e1rio refor\u00e7a ainda que no caso das lanchonetes o consumo no local n\u00e3o ser\u00e1 permitido.<\/p>\n<p>Segundo Suiany Teixeira, coordenadora de Turismo e Atra\u00e7\u00f5es de Investimentos da STDE, antes da abertura do mercado os permission\u00e1rios foram orientados sobre o novo funcionamento do espa\u00e7o.\u00a0<em>&#8220;N\u00f3s fizemos quatro reuni\u00f5es virtuais, dividindo todo o p\u00fablico por setores, e passamos todas as orienta\u00e7\u00f5es sanit\u00e1rias, inclusive, foram distribu\u00eddas 1.000 m\u00e1scaras l\u00e1 hoje&#8221;<\/em>.<\/p>\n<p>Fonte: Assessoria de Imprensa da Prefeitura de Sobral<\/p>\n","protected":false},"excerpt":{"rendered":"<p>Dentro das medidas estabelecidas na Fase I da retomada das atividades econ\u00f4micas em Sobral, o&#8230;<\/p>\n","protected":false},"author":1,"featured_media":12324,"comment_status":"open","ping_status":"open","sticky":false,"template":"","format":"standard","meta":{"_jetpack_memberships_contains_paid_content":false,"footnotes":"","jetpack_publicize_message":"","jetpack_publicize_feature_enabled":true,"jetpack_social_post_already_shared":true,"jetpack_social_options":{"image_generator_settings":{"template":"highway","default_image_id":0,"font":"","enabled":false},"version":2}},"categories":[1],"tags":[],"class_list":["post-12322","post","type-post","status-publish","format-standard","has-post-thumbnail","hentry","category-atualidade"],"jetpack_publicize_connections":[],"jetpack_featured_media_url":"https:\/\/correiodasemana.com\/site\/wp-content\/uploads\/2020\/07\/mercado-central-de-sobral.jpg","jetpack-related-posts":[{"id":12417,"url":"https:\/\/correiodasemana.com\/site\/atividades-do-mercado-publico-de-sobral-sao-retomadas-com-controle-mais-rigido-2\/","url_meta":{"origin":12322,"position":0},"title":"Atividades do Mercado P\u00fablico de Sobral s\u00e3o retomadas com controle mais r\u00edgido","author":"","date":"Agosto 2, 2020","format":false,"excerpt":"Das 6h \u00e0s 13h, est\u00e3o liberados para funcionar os setores internos do pavimento t\u00e9rreo. \u00c0 tarde, das 14h \u00e0s 18h, \u00e9 a vez dos demais setores Dentro das medidas estabelecidas na Fase I da retomada das atividades econ\u00f4micas em Sobral, o Mercado P\u00fablico - Centro Comercial Chagas Barreto - voltou\u2026","rel":"","context":"In &quot;Atualidade&quot;","block_context":{"text":"Atualidade","link":"https:\/\/correiodasemana.com\/site\/category\/atualidade\/"},"img":{"alt_text":"","src":"https:\/\/i0.wp.com\/correiodasemana.com\/site\/wp-content\/uploads\/2020\/08\/mercado-central-de-sobral.jpg?resize=350%2C200&ssl=1","width":350,"height":200},"classes":[]},{"id":16257,"url":"https:\/\/correiodasemana.com\/site\/isolamento-social-rigido-em-sobral-permanece-ate-dia-28-de-abril-e-ja-inicia-primeiras-fases-de-flexibilizacao\/","url_meta":{"origin":12322,"position":1},"title":"Isolamento Social R\u00edgido em Sobral permanece at\u00e9 dia 28 de Abril e j\u00e1 inicia primeiras fases de flexibiliza\u00e7\u00e3o","author":"","date":"Abril 25, 2021","format":false,"excerpt":"Por Samuel Carvalho - Reda\u00e7\u00e3o Correio da Semana Em processo de flexibiliza\u00e7\u00e3o, o isolamento social r\u00edgido de Sobral vai at\u00e9 dia 28 de Abril e j\u00e1 apresenta algumas novidades que entraram em vigor nessa semana de acordo com o decreto 2.635 publicado no Di\u00e1rio Oficial do Munic\u00edpio no \u00faltimo s\u00e1bado\u2026","rel":"","context":"In &quot;Atualidade&quot;","block_context":{"text":"Atualidade","link":"https:\/\/correiodasemana.com\/site\/category\/atualidade\/"},"img":{"alt_text":"","src":"https:\/\/i0.wp.com\/correiodasemana.com\/site\/wp-content\/uploads\/2021\/04\/PMSOBRAL9015-scaled-1.jpg?resize=350%2C200&ssl=1","width":350,"height":200,"srcset":"https:\/\/i0.wp.com\/correiodasemana.com\/site\/wp-content\/uploads\/2021\/04\/PMSOBRAL9015-scaled-1.jpg?resize=350%2C200&ssl=1 1x, https:\/\/i0.wp.com\/correiodasemana.com\/site\/wp-content\/uploads\/2021\/04\/PMSOBRAL9015-scaled-1.jpg?resize=525%2C300&ssl=1 1.5x, https:\/\/i0.wp.com\/correiodasemana.com\/site\/wp-content\/uploads\/2021\/04\/PMSOBRAL9015-scaled-1.jpg?resize=700%2C400&ssl=1 2x, https:\/\/i0.wp.com\/correiodasemana.com\/site\/wp-content\/uploads\/2021\/04\/PMSOBRAL9015-scaled-1.jpg?resize=1050%2C600&ssl=1 3x, https:\/\/i0.wp.com\/correiodasemana.com\/site\/wp-content\/uploads\/2021\/04\/PMSOBRAL9015-scaled-1.jpg?resize=1400%2C800&ssl=1 4x"},"classes":[]},{"id":16313,"url":"https:\/\/correiodasemana.com\/site\/sobral-iniciou-reabertura-gradual-do-comercio-e-dos-transportes-essa-semana-saiba-o-que-voltou-a-funcionar\/","url_meta":{"origin":12322,"position":2},"title":"Sobral iniciou reabertura gradual do com\u00e9rcio e dos transportes essa semana; Saiba o que voltou a funcionar","author":"","date":"Maio 2, 2021","format":false,"excerpt":"Por Samuel Carvalho - Reda\u00e7\u00e3o Correio da Semana Sobral seguiu em isolamento r\u00edgido mesmo ap\u00f3s o in\u00edcio do decreto de flexibiliza\u00e7\u00e3o estadual que come\u00e7ou no dia 12 de Abril. Para os sobralenses o lockdown continuou at\u00e9 dia 21 de abril com a libera\u00e7\u00e3o das atividades econ\u00f4micas de menor impacto de\u2026","rel":"","context":"In &quot;Atualidade&quot;","block_context":{"text":"Atualidade","link":"https:\/\/correiodasemana.com\/site\/category\/atualidade\/"},"img":{"alt_text":"","src":"https:\/\/i0.wp.com\/correiodasemana.com\/site\/wp-content\/uploads\/2021\/05\/DSC0586.jpg?resize=350%2C200&ssl=1","width":350,"height":200,"srcset":"https:\/\/i0.wp.com\/correiodasemana.com\/site\/wp-content\/uploads\/2021\/05\/DSC0586.jpg?resize=350%2C200&ssl=1 1x, https:\/\/i0.wp.com\/correiodasemana.com\/site\/wp-content\/uploads\/2021\/05\/DSC0586.jpg?resize=525%2C300&ssl=1 1.5x"},"classes":[]},{"id":12636,"url":"https:\/\/correiodasemana.com\/site\/vlt-e-terminal-rodoviario-estao-na-ii-fase-de-retomada-das-atividades\/","url_meta":{"origin":12322,"position":3},"title":"VLT e Terminal Rodovi\u00e1rio est\u00e3o na II fase de retomada das atividades","author":"","date":"Agosto 10, 2020","format":false,"excerpt":"(O VLT volta a circular na mesma data em que ser\u00e1 permitida a opera\u00e7\u00e3o do servi\u00e7o de transporte rodovi\u00e1rio intermunicipal e interestadual de passageiros, atrav\u00e9s da rodovi\u00e1ria) Na noite desta segunda-feira (03) o prefeito Ivo Gomes anunciou a prorroga\u00e7\u00e3o do isolamento social em Sobral at\u00e9 17 de agosto. Durante a\u2026","rel":"","context":"In &quot;Atualidade&quot;","block_context":{"text":"Atualidade","link":"https:\/\/correiodasemana.com\/site\/category\/atualidade\/"},"img":{"alt_text":"","src":"https:\/\/i0.wp.com\/correiodasemana.com\/site\/wp-content\/uploads\/2020\/08\/IMG-20200804-WA0025-600x800-2.jpg?resize=350%2C200&ssl=1","width":350,"height":200,"srcset":"https:\/\/i0.wp.com\/correiodasemana.com\/site\/wp-content\/uploads\/2020\/08\/IMG-20200804-WA0025-600x800-2.jpg?resize=350%2C200&ssl=1 1x, https:\/\/i0.wp.com\/correiodasemana.com\/site\/wp-content\/uploads\/2020\/08\/IMG-20200804-WA0025-600x800-2.jpg?resize=525%2C300&ssl=1 1.5x"},"classes":[]},{"id":11850,"url":"https:\/\/correiodasemana.com\/site\/prefeitura-de-sobral-estabelece-as-diretrizes-para-o-inicio-da-fase-de-transicao-a-partir-desta-quarta-feira-15-07\/","url_meta":{"origin":12322,"position":4},"title":"Prefeitura de Sobral estabelece as diretrizes para o in\u00edcio da fase de transi\u00e7\u00e3o a partir desta quarta-feira (15\/07)","author":"","date":"Julho 14, 2020","format":false,"excerpt":"Sobral entra em fase de transi\u00e7\u00e3o. O decreto da Prefeitura de Sobral, que prorrogou o isolamento social at\u00e9 o dia 19 de julho, estabelece as diretrizes para o in\u00edcio da fase de transi\u00e7\u00e3o a partir desta quarta-feira (15\/07). O decreto inclui o processo de abertura gradual e respons\u00e1vel das atividades\u2026","rel":"","context":"In &quot;Atualidade&quot;","block_context":{"text":"Atualidade","link":"https:\/\/correiodasemana.com\/site\/category\/atualidade\/"},"img":{"alt_text":"","src":"https:\/\/i0.wp.com\/correiodasemana.com\/site\/wp-content\/uploads\/2020\/07\/107812220_3025501320879957_4865876553158904184_n.jpg?resize=350%2C200&ssl=1","width":350,"height":200,"srcset":"https:\/\/i0.wp.com\/correiodasemana.com\/site\/wp-content\/uploads\/2020\/07\/107812220_3025501320879957_4865876553158904184_n.jpg?resize=350%2C200&ssl=1 1x, https:\/\/i0.wp.com\/correiodasemana.com\/site\/wp-content\/uploads\/2020\/07\/107812220_3025501320879957_4865876553158904184_n.jpg?resize=525%2C300&ssl=1 1.5x, https:\/\/i0.wp.com\/correiodasemana.com\/site\/wp-content\/uploads\/2020\/07\/107812220_3025501320879957_4865876553158904184_n.jpg?resize=700%2C400&ssl=1 2x"},"classes":[]},{"id":11986,"url":"https:\/\/correiodasemana.com\/site\/maioria-dos-estados-avanca-nos-planos-de-retomada-economica\/","url_meta":{"origin":12322,"position":5},"title":"Maioria dos estados avan\u00e7a nos planos de retomada econ\u00f4mica","author":"","date":"Julho 20, 2020","format":false,"excerpt":"Restri\u00e7\u00e3o varia conforme casos da doen\u00e7a e leitos de UTI dispon\u00edveis H\u00e1 cerca de quatro meses, desde que a pandemia do novo coronav\u00edrus imp\u00f4s o isolamento social, para tentar conter o avan\u00e7o do n\u00famero de\u00a0casos e mortes por covid-19, os governos dos 26 estados brasileiros e do Distrito Federal criaram\u2026","rel":"","context":"In &quot;Atualidade&quot;","block_context":{"text":"Atualidade","link":"https:\/\/correiodasemana.com\/site\/category\/atualidade\/"},"img":{"alt_text":"","src":"https:\/\/i0.wp.com\/correiodasemana.com\/site\/wp-content\/uploads\/2020\/07\/16_07_2020_movimentacao_sp-3.jpg?resize=350%2C200&ssl=1","width":350,"height":200,"srcset":"https:\/\/i0.wp.com\/correiodasemana.com\/site\/wp-content\/uploads\/2020\/07\/16_07_2020_movimentacao_sp-3.jpg?resize=350%2C200&ssl=1 1x, https:\/\/i0.wp.com\/correiodasemana.com\/site\/wp-content\/uploads\/2020\/07\/16_07_2020_movimentacao_sp-3.jpg?resize=525%2C300&ssl=1 1.5x, https:\/\/i0.wp.com\/correiodasemana.com\/site\/wp-content\/uploads\/2020\/07\/16_07_2020_movimentacao_sp-3.jpg?resize=700%2C400&ssl=1 2x, https:\/\/i0.wp.com\/correiodasemana.com\/site\/wp-content\/uploads\/2020\/07\/16_07_2020_movimentacao_sp-3.jpg?resize=1050%2C600&ssl=1 3x"},"classes":[]}],"jetpack_sharing_enabled":true,"_links":{"self":[{"href":"https:\/\/correiodasemana.com\/site\/wp-json\/wp\/v2\/posts\/12322","targetHints":{"allow":["GET"]}}],"collection":[{"href":"https:\/\/correiodasemana.com\/site\/wp-json\/wp\/v2\/posts"}],"about":[{"href":"https:\/\/correiodasemana.com\/site\/wp-json\/wp\/v2\/types\/post"}],"author":[{"embeddable":true,"href":"https:\/\/correiodasemana.com\/site\/wp-json\/wp\/v2\/users\/1"}],"replies":[{"embeddable":true,"href":"https:\/\/correiodasemana.com\/site\/wp-json\/wp\/v2\/comments?post=12322"}],"version-history":[{"count":4,"href":"https:\/\/correiodasemana.com\/site\/wp-json\/wp\/v2\/posts\/12322\/revisions"}],"predecessor-version":[{"id":12326,"href":"https:\/\/correiodasemana.com\/site\/wp-json\/wp\/v2\/posts\/12322\/revisions\/12326"}],"wp:featuredmedia":[{"embeddable":true,"href":"https:\/\/correiodasemana.com\/site\/wp-json\/wp\/v2\/media\/12324"}],"wp:attachment":[{"href":"https:\/\/correiodasemana.com\/site\/wp-json\/wp\/v2\/media?parent=12322"}],"wp:term":[{"taxonomy":"category","embeddable":true,"href":"https:\/\/correiodasemana.com\/site\/wp-json\/wp\/v2\/categories?post=12322"},{"taxonomy":"post_tag","embeddable":true,"href":"https:\/\/correiodasemana.com\/site\/wp-json\/wp\/v2\/tags?post=12322"}],"curies":[{"name":"wp","href":"https:\/\/api.w.org\/{rel}","templated":true}]}}