{"id":12329,"date":"2020-07-29T11:22:42","date_gmt":"2020-07-29T11:22:42","guid":{"rendered":"https:\/\/correiodasemana.com\/site\/?p=12329"},"modified":"2020-07-29T11:22:42","modified_gmt":"2020-07-29T11:22:42","slug":"brasil-zera-fila-de-tratamento-de-hepatites-virais-e-garante-estoque-ate-2021","status":"publish","type":"post","link":"https:\/\/correiodasemana.com\/site\/brasil-zera-fila-de-tratamento-de-hepatites-virais-e-garante-estoque-ate-2021\/","title":{"rendered":"Brasil zera fila de tratamento de hepatites virais e garante estoque at\u00e9 2021"},"content":{"rendered":"<p><em>Minist\u00e9rio da Sa\u00fade divulga dados in\u00e9ditos de hepatites virais no pa\u00eds, com destaque para Hepatite C, que apresentou\u00a0queda na taxa de mortalidade e no n\u00famero de \u00f3bitos<\/em><\/p>\n<p>No Dia Mundial de Combate \u00e0s Hepatites Virais (28\/7), o Brasil comemora avan\u00e7os nas a\u00e7\u00f5es para elimina\u00e7\u00e3o das hepatites virais at\u00e9 2030. O Minist\u00e9rio da Sa\u00fade reestruturou o modelo de aquisi\u00e7\u00e3o, programa\u00e7\u00e3o e distribui\u00e7\u00e3o dos medicamentos para hepatites virais em agosto de 2019 e agora se prepara para reestruturar o modelo de dispensa\u00e7\u00e3o. O resultado \u00e9 o fim da espera dos medicamentos pelos pacientes. Foram adquiridos 50 mil tratamentos para hepatite C em mar\u00e7o deste ano para garantir o abastecimento da rede por, no m\u00ednimo, um ano, bem como h\u00e1 estoques dos medicamentos para hepatite B que devem abastecer a rede at\u00e9 o primeiro trimestre de 2021.<\/p>\n<p>O balan\u00e7o de a\u00e7\u00f5es foi apresentado nesta ter\u00e7a-feira (28\/7) pelo secret\u00e1rio de Vigil\u00e2ncia em Sa\u00fade, Arnaldo Correia de Medeiros, e pelo diretor do Departamento de Doen\u00e7as de Condi\u00e7\u00f5es Cr\u00f4nicas e Infec\u00e7\u00f5es Sexualmente Transmiss\u00edveis, Gerson Pereira.<\/p>\n<p>O Minist\u00e9rio da Sa\u00fade distribuiu 54.710 tratamentos para hepatite C entre 2019 e junho de 2020. Como isso, ultrapassou-se a marca de mais de 125 mil pessoas tratadas com os novos antivirais de a\u00e7\u00e3o direta (DAA), que curam mais de 95% dessas infec\u00e7\u00f5es. \u201cO envio dos medicamentos deixou de ser realizado trimestralmente e passou a ser feito mensalmente, permitindo maior agilidade para atendimento dos pacientes. Com maior controle tamb\u00e9m \u00e9 poss\u00edvel o envio do estoque de seguran\u00e7a, que corresponde a 20% do consumo apresentado pelos estados\u201d, destacou Arnaldo Correia.<\/p>\n<p>Segundo o diretor Gerson Pereira, apesar do cen\u00e1rio da pandemia da Covid-19, esse foi um ano importante para o combate \u00e0s hepatites virias. \u201cGarantimos o abastecimento de medicamentos para as hepatites e conseguimos desburocratizar o tratamento desses pacientes, porque quem precisa de medicamento tem pressa\u201d, ressaltou.<\/p>\n<p>As distribui\u00e7\u00f5es de medicamentos, bem como o n\u00famero de pacientes efetivamente tratados para as hepatites B e C podem ser acompanhados por meio do\u00a0<a href=\"http:\/\/www.aids.gov.br\/pt-br\/monitoramento\/painel-hepatites-virais\">Painel Informativo<\/a>\u00a0sobre tratamento das hepatites virais, lan\u00e7ado este ano e que confere maior transpar\u00eancia \u00e0s informa\u00e7\u00f5es.<\/p>\n<p><strong>Controle de surtos de hepatites e menor taxa de casos em 2019<\/strong><\/p>\n<p>Nos \u00faltimos 20 anos foram registrados 673.389 casos de hepatites, ocasionadas pelos v\u00edrus A (25%), B (36,8%), C (37,6%) e D (0,6%). Em rela\u00e7\u00e3o aos \u00f3bitos, no mesmo per\u00edodo (2000 a 2018), foram identificados no Brasil 74.864 mortes por causas b\u00e1sicas e associadas \u00e0s hepatites virais. Destas, 1,6% (1.189) foi associada \u00e0 hepatite viral A; 21,3% (15.912) \u00e0 hepatite B; 76,02% (57.023) \u00e0 hepatite C e 1,0% (740) \u00e0 hepatite D.<\/p>\n<p>No ano de 2009, no Brasil, a taxa de incid\u00eancia de hepatite A era semelhante \u00e0 taxa de hepatite C &#8211; 5,7 por 100 mil habitantes. Em 2019, a taxa de hepatite A apresentou importante queda, atingindo 0,4\/100 mil habitantes, a menor j\u00e1 registrada em toda a s\u00e9rie hist\u00f3rica, com o total de 891 casos registrados.<\/p>\n<p>J\u00e1 a hepatite C, embora represente o maior n\u00famero de \u00f3bitos, vem apresentando queda no coeficiente de mortalidade e no n\u00famero de \u00f3bitos, desde 2015. Em 2014, foram registrados 2.087 \u00f3bitos relacionados a hepatite C, j\u00e1 em 2018 foram 1.491 mortes, restando uma queda de 25% no n\u00famero de \u00f3bitos por hepatite C, neste per\u00edodo.<\/p>\n<p>Em 2019, o maior percentual de casos notificados de hepatite B ocorreu entre as pessoas de 60 anos ou mais (14,6%). O grupo et\u00e1rio acima de 60 anos ou mais foi o \u00fanico que apresentou aumento nas taxas de detec\u00e7\u00e3o nos \u00faltimos dez anos com taxa passando de 6,1 casos para 7,3 a cada 100 mil habitantes. Em 2018 e 2019, a maior taxa de detec\u00e7\u00e3o da hepatite B foi observada em homens na faixa et\u00e1ria dos 50-54 anos, sendo de 16 casos por 100 mil habitantes em 2018 e 14,6 casos por 100 mil habitantes em 2019.<\/p>\n<p><strong>ACESSO A MEDICAMENTOS<\/strong><\/p>\n<p>Pacientes em tratamento de hepatites virais ter\u00e3o acesso mais \u00e1gil aos medicamentos. Antes o processo para solicita\u00e7\u00e3o e retirada podia durar at\u00e9 11 meses, em alguns lugares. O Minist\u00e9rio da Sa\u00fade, em alinhamento com estados e munic\u00edpios, conseguiu reduzir este processo para no m\u00e1ximo um m\u00eas, a partir de uma reorganiza\u00e7\u00e3o na estrutura da assist\u00eancia farmac\u00eautica em que o paciente pode pegar o medicamento nos postos de sa\u00fade. Tamb\u00e9m abriu a possibilidade de tratar casos sem cirrose da hepatite C j\u00e1 na Aten\u00e7\u00e3o Prim\u00e1ria. Os efeitos poder\u00e3o ser observados a partir dos pr\u00f3ximos meses, com o in\u00edcio das estrutura\u00e7\u00f5es locais na rede.<\/p>\n<p>O Minist\u00e9rio da Sa\u00fade tamb\u00e9m garantiu a testagem da popula\u00e7\u00e3o com o envio de 12,9 milh\u00f5es de testes para hepatite C entre o ano passado e maio de 2020. Para o diagn\u00f3stico da hepatite B na rede p\u00fablica, a pasta enviou outros 12,9 milh\u00f5es de testes no mesmo per\u00edodo. Al\u00e9m disso, neste ano, a pasta j\u00e1 enviou aos estados mais de 6,6 milh\u00f5es de doses da vacina contra a hepatite B e para prevenir a hepatite A distribuiu mais de 1,7 milh\u00e3o de doses da vacina.<\/p>\n<p>Para o secret\u00e1rio Arnaldo Correia, a pandemia tem afastado a popula\u00e7\u00e3o dos postos de sa\u00fade e ressaltou a import\u00e2ncia de procurar uma unidade para a vacina\u00e7\u00e3o. \u201c\u00c9 fundamental manter a carteira de vacina\u00e7\u00e3o atualizada porque dessa forma conseguimos prevenir doen\u00e7as e salvar vidas. As pessoas ficaram com medo, at\u00e9 mesmo no caso de verificar sintomas. Muitas vezes elas se sentem mal, mas ficam em casa. Ao sentir algum sintoma como altera\u00e7\u00e3o na cor da pele, dist\u00farbios gastrointestinais, \u00e9 necess\u00e1rio procurar um m\u00e9dico\u201d, alertou.<\/p>\n<p>Outra a\u00e7\u00e3o de destaque \u00e9 a indica\u00e7\u00e3o de testagem universal da hepatite C para gestantes na revis\u00e3o do Protocolo Cl\u00ednico e Diretrizes Terap\u00eauticas (PCDT) de Transmiss\u00e3o Vertical da hepatite C, que est\u00e1 em an\u00e1lise na Conitec (Comiss\u00e3o Nacional de Incorpora\u00e7\u00e3o de Tecnologias no SUS). Esse tipo de transmiss\u00e3o pode ser eliminado com diagn\u00f3stico de todas as mulheres com a doen\u00e7a para o estabelecimento das medidas de preven\u00e7\u00e3o adequadas.<\/p>\n<p>Em junho deste ano, o Minist\u00e9rio da Sa\u00fade tamb\u00e9m enviou para toda a rede SUS recebeu documento contendo as orienta\u00e7\u00f5es de fluxos a serem adotados pelas cl\u00ednicas de di\u00e1lise para microelimina\u00e7\u00e3o da hepatite C: triagem, diagn\u00f3stico, tratamento e monitoramento de pacientes submetidos \u00e0 di\u00e1lise. O documento foi discutido com a Sociedade Brasileira de Nefrologia e Hepatologia, parceira para a implementa\u00e7\u00e3o da estrat\u00e9gia. O objetivo \u00e9 refor\u00e7ar as orienta\u00e7\u00f5es aos profissionais de sa\u00fade para cuidados e preven\u00e7\u00e3o da hepatite C nos servi\u00e7os de di\u00e1lise.<\/p>\n<p>Tamb\u00e9m foi realizada atualiza\u00e7\u00e3o e divulga\u00e7\u00e3o da\u00a0<a href=\"https:\/\/webmail.saude.gov.br\/owa\/redir.aspx?C=_LwMjL3A7THrhU1kUASQppy3E1dP8BTulyHZzfITgwF7E8kreirYCA..&amp;URL=http%3a%2f%2fwww.aids.gov.br%2fhepatites\">cartilha ABCDE de Hepatites<\/a>\u00a0virais por meio virtual &#8211; Distribui\u00e7\u00e3o virtual para todas as coordena\u00e7\u00f5es estaduais de Hepatites virais. Voltada aos Agentes Comunit\u00e1rios de Sa\u00fade, a cartilha faz parte das a\u00e7\u00f5es para qualifica\u00e7\u00e3o de profissionais da APS sobre as hepatites virais.<\/p>\n<p><strong><em>Por Cristiane Ventura e Nat\u00e1lia Monteiro, da Ag\u00eancia Sa\u00fade<\/em><\/strong><\/p>\n<p><strong>Atendimento \u00e0 imprensa<br \/>\n(61) 3315-3580 \/ 3853<\/strong><\/p>\n","protected":false},"excerpt":{"rendered":"<p>Minist\u00e9rio da Sa\u00fade divulga dados in\u00e9ditos de hepatites virais no pa\u00eds, com destaque para Hepatite&#8230;<\/p>\n","protected":false},"author":1,"featured_media":12330,"comment_status":"open","ping_status":"open","sticky":false,"template":"","format":"standard","meta":{"_jetpack_memberships_contains_paid_content":false,"footnotes":"","jetpack_publicize_message":"","jetpack_publicize_feature_enabled":true,"jetpack_social_post_already_shared":true,"jetpack_social_options":{"image_generator_settings":{"template":"highway","default_image_id":0,"font":"","enabled":false},"version":2}},"categories":[1],"tags":[],"class_list":["post-12329","post","type-post","status-publish","format-standard","has-post-thumbnail","hentry","category-atualidade"],"jetpack_publicize_connections":[],"jetpack_featured_media_url":"https:\/\/correiodasemana.com\/site\/wp-content\/uploads\/2020\/07\/hepatites-virais.jpg","jetpack-related-posts":[{"id":12341,"url":"https:\/\/correiodasemana.com\/site\/hepatites-virais-vacinacao-e-tratamento\/","url_meta":{"origin":12329,"position":0},"title":"Hepatites virais: vacina\u00e7\u00e3o e tratamento","author":"","date":"Julho 29, 2020","format":false,"excerpt":"Minist\u00e9rio da Sa\u00fade investe em a\u00e7\u00f5es de preven\u00e7\u00e3o e de incentivo ao diagn\u00f3stico das hepatites virais. As vacinas contra as hepatites A e B s\u00e3o oferecidas gratuitamente no SUS No Dia Mundial de Luta contra as Hepatites Virais, celebrado em 28 de julho, o Minist\u00e9rio da Sa\u00fade alerta para a\u2026","rel":"","context":"In &quot;Atualidade&quot;","block_context":{"text":"Atualidade","link":"https:\/\/correiodasemana.com\/site\/category\/atualidade\/"},"img":{"alt_text":"","src":"https:\/\/i0.wp.com\/correiodasemana.com\/site\/wp-content\/uploads\/2020\/07\/tratamento-hepatite-viral-B-e-C.jpg?resize=350%2C200&ssl=1","width":350,"height":200,"srcset":"https:\/\/i0.wp.com\/correiodasemana.com\/site\/wp-content\/uploads\/2020\/07\/tratamento-hepatite-viral-B-e-C.jpg?resize=350%2C200&ssl=1 1x, https:\/\/i0.wp.com\/correiodasemana.com\/site\/wp-content\/uploads\/2020\/07\/tratamento-hepatite-viral-B-e-C.jpg?resize=525%2C300&ssl=1 1.5x, https:\/\/i0.wp.com\/correiodasemana.com\/site\/wp-content\/uploads\/2020\/07\/tratamento-hepatite-viral-B-e-C.jpg?resize=700%2C400&ssl=1 2x"},"classes":[]},{"id":12314,"url":"https:\/\/correiodasemana.com\/site\/saude-divulga-dados-atualizados-sobre-hepatites-no-brasil\/","url_meta":{"origin":12329,"position":1},"title":"Sa\u00fade divulga dados atualizados sobre hepatites no Brasil","author":"","date":"Julho 28, 2020","format":false,"excerpt":"Boletim mostra a\u00e7\u00f5es e prioridades no combate \u00e0 doen\u00e7a Por Ag\u00eancia Brasil - Bras\u00edlia O\u00a0Departamento de Doen\u00e7as de Condi\u00e7\u00f5es Cr\u00f4nicas e Infec\u00e7\u00f5es Sexualmente Transmiss\u00edveis, da secretaria de Vigil\u00e2ncia em Sa\u00fade, do Minist\u00e9rio da Sa\u00fade publica\u00a0hoje (28), Dia Mundial de Luta Contra Hepatites Virais, o boletim epidemiol\u00f3gico de 2020. O caderno\u2026","rel":"","context":"In &quot;Atualidade&quot;","block_context":{"text":"Atualidade","link":"https:\/\/correiodasemana.com\/site\/category\/atualidade\/"},"img":{"alt_text":"","src":"https:\/\/i0.wp.com\/correiodasemana.com\/site\/wp-content\/uploads\/2020\/07\/hepatite.jpg?resize=350%2C200&ssl=1","width":350,"height":200,"srcset":"https:\/\/i0.wp.com\/correiodasemana.com\/site\/wp-content\/uploads\/2020\/07\/hepatite.jpg?resize=350%2C200&ssl=1 1x, https:\/\/i0.wp.com\/correiodasemana.com\/site\/wp-content\/uploads\/2020\/07\/hepatite.jpg?resize=525%2C300&ssl=1 1.5x, https:\/\/i0.wp.com\/correiodasemana.com\/site\/wp-content\/uploads\/2020\/07\/hepatite.jpg?resize=700%2C400&ssl=1 2x, https:\/\/i0.wp.com\/correiodasemana.com\/site\/wp-content\/uploads\/2020\/07\/hepatite.jpg?resize=1050%2C600&ssl=1 3x"},"classes":[]},{"id":12333,"url":"https:\/\/correiodasemana.com\/site\/voce-sabe-como-se-prevenir-das-hepatites-virais\/","url_meta":{"origin":12329,"position":2},"title":"Voc\u00ea sabe como se prevenir das hepatites virais?","author":"","date":"Julho 29, 2020","format":false,"excerpt":"As hepatites B e C s\u00e3o as mais frequentes e letais no Brasil. Por ser uma doen\u00e7a que n\u00e3o apresenta muitos sintomas, o paciente com hepatite acaba descobrindo a doen\u00e7a j\u00e1 em est\u00e1gio avan\u00e7ado Por aparecerem, na maioria das vezes, de forma silenciosa, as hepatites virais, em especial os tipos\u2026","rel":"","context":"In &quot;Atualidade&quot;","block_context":{"text":"Atualidade","link":"https:\/\/correiodasemana.com\/site\/category\/atualidade\/"},"img":{"alt_text":"","src":"https:\/\/i0.wp.com\/correiodasemana.com\/site\/wp-content\/uploads\/2020\/07\/hepatites-virais-cuidados.png?resize=350%2C200&ssl=1","width":350,"height":200},"classes":[]},{"id":8396,"url":"https:\/\/correiodasemana.com\/site\/diagnostico-e-tratamento-precoce-das-hepatites-podem-evitar-cirrose-e-cancer-de-figado\/","url_meta":{"origin":12329,"position":3},"title":"Diagn\u00f3stico e tratamento precoce das Hepatites podem evitar cirrose e c\u00e2ncer de f\u00edgado","author":"","date":"Julho 22, 2019","format":false,"excerpt":"Em Sobral, o Centro de Refer\u00eancia em Infectologia, disponibiliza o apoio e direcionamento necess\u00e1rio para pacientes que descobrem a doen\u00e7a dos tipos B e C Sendo uma doen\u00e7a silenciosa, que nem sempre apresenta sintomas, a hepatite \u00e9 uma inflama\u00e7\u00e3o no f\u00edgado\u00a0causada por v\u00edrus ou pelo\u00a0uso de alguns rem\u00e9dios, \u00e1lcool e\u2026","rel":"","context":"In &quot;Sa\u00fade&quot;","block_context":{"text":"Sa\u00fade","link":"https:\/\/correiodasemana.com\/site\/category\/saude\/"},"img":{"alt_text":"","src":"https:\/\/i0.wp.com\/correiodasemana.com\/site\/wp-content\/uploads\/2019\/07\/40385992681_6267a2cbc7_k.png?resize=350%2C200&ssl=1","width":350,"height":200,"srcset":"https:\/\/i0.wp.com\/correiodasemana.com\/site\/wp-content\/uploads\/2019\/07\/40385992681_6267a2cbc7_k.png?resize=350%2C200&ssl=1 1x, https:\/\/i0.wp.com\/correiodasemana.com\/site\/wp-content\/uploads\/2019\/07\/40385992681_6267a2cbc7_k.png?resize=525%2C300&ssl=1 1.5x, https:\/\/i0.wp.com\/correiodasemana.com\/site\/wp-content\/uploads\/2019\/07\/40385992681_6267a2cbc7_k.png?resize=700%2C400&ssl=1 2x"},"classes":[]},{"id":36784,"url":"https:\/\/correiodasemana.com\/site\/sobral-recebe-certificacoes-nacionais-na-eliminacao-da-transmissao-vertical-da-sifilis-hiv-e-hepatite-b\/","url_meta":{"origin":12329,"position":4},"title":"Sobral recebe certifica\u00e7\u00f5es nacionais na elimina\u00e7\u00e3o da transmiss\u00e3o vertical da S\u00edfilis, HIV e Hepatite B","author":"adminredacao","date":"Dezembro 15, 2025","format":false,"excerpt":"Fonte: Comunica\u00e7\u00e3o da prefeitura de Sobral A Prefeitura de Sobral, por meio da Secretaria da Sa\u00fade, recebeu na quarta-feira (03\/12\/25), em Bras\u00edlia, importantes certifica\u00e7\u00f5es do Minist\u00e9rio da Sa\u00fade pelos avan\u00e7os na elimina\u00e7\u00e3o da transmiss\u00e3o vertical de infec\u00e7\u00f5es. O munic\u00edpio conquistou o Selo Bronze rumo \u00e0 elimina\u00e7\u00e3o da s\u00edfilis, al\u00e9m de\u2026","rel":"","context":"In &quot;Atualidade&quot;","block_context":{"text":"Atualidade","link":"https:\/\/correiodasemana.com\/site\/category\/atualidade\/"},"img":{"alt_text":"","src":"https:\/\/i0.wp.com\/correiodasemana.com\/site\/wp-content\/uploads\/2025\/12\/SAUDE.jpeg?resize=350%2C200&ssl=1","width":350,"height":200,"srcset":"https:\/\/i0.wp.com\/correiodasemana.com\/site\/wp-content\/uploads\/2025\/12\/SAUDE.jpeg?resize=350%2C200&ssl=1 1x, https:\/\/i0.wp.com\/correiodasemana.com\/site\/wp-content\/uploads\/2025\/12\/SAUDE.jpeg?resize=525%2C300&ssl=1 1.5x, https:\/\/i0.wp.com\/correiodasemana.com\/site\/wp-content\/uploads\/2025\/12\/SAUDE.jpeg?resize=700%2C400&ssl=1 2x, https:\/\/i0.wp.com\/correiodasemana.com\/site\/wp-content\/uploads\/2025\/12\/SAUDE.jpeg?resize=1050%2C600&ssl=1 3x"},"classes":[]},{"id":20733,"url":"https:\/\/correiodasemana.com\/site\/a-importancia-do-sistema-unico-de-saude-e-as-vacinas\/","url_meta":{"origin":12329,"position":5},"title":"A Import\u00e2ncia do Sistema \u00danico de Sa\u00fade e as Vacinas","author":"","date":"Agosto 21, 2022","format":false,"excerpt":"O Sistema \u00danico de Sa\u00fade (SUS) do Brasil \u00e9 o \u00fanico sistema de sa\u00fade do mundo gratuito para todos. Somos um pa\u00eds continental e mesmo assim o SUS funciona nos cantos mais long\u00ednquos brasileiros. O Brasil conta com cerca de 44 mil Unidades B\u00e1sicas de Sa\u00fade (postos) que s\u00e3o a\u2026","rel":"","context":"In &quot;Artigos&quot;","block_context":{"text":"Artigos","link":"https:\/\/correiodasemana.com\/site\/category\/artigos\/"},"img":{"alt_text":"","src":"https:\/\/i0.wp.com\/correiodasemana.com\/site\/wp-content\/uploads\/2021\/08\/Salmito-Campos.jpg?resize=350%2C200&ssl=1","width":350,"height":200,"srcset":"https:\/\/i0.wp.com\/correiodasemana.com\/site\/wp-content\/uploads\/2021\/08\/Salmito-Campos.jpg?resize=350%2C200&ssl=1 1x, https:\/\/i0.wp.com\/correiodasemana.com\/site\/wp-content\/uploads\/2021\/08\/Salmito-Campos.jpg?resize=525%2C300&ssl=1 1.5x, https:\/\/i0.wp.com\/correiodasemana.com\/site\/wp-content\/uploads\/2021\/08\/Salmito-Campos.jpg?resize=700%2C400&ssl=1 2x, https:\/\/i0.wp.com\/correiodasemana.com\/site\/wp-content\/uploads\/2021\/08\/Salmito-Campos.jpg?resize=1050%2C600&ssl=1 3x, https:\/\/i0.wp.com\/correiodasemana.com\/site\/wp-content\/uploads\/2021\/08\/Salmito-Campos.jpg?resize=1400%2C800&ssl=1 4x"},"classes":[]}],"jetpack_sharing_enabled":true,"_links":{"self":[{"href":"https:\/\/correiodasemana.com\/site\/wp-json\/wp\/v2\/posts\/12329","targetHints":{"allow":["GET"]}}],"collection":[{"href":"https:\/\/correiodasemana.com\/site\/wp-json\/wp\/v2\/posts"}],"about":[{"href":"https:\/\/correiodasemana.com\/site\/wp-json\/wp\/v2\/types\/post"}],"author":[{"embeddable":true,"href":"https:\/\/correiodasemana.com\/site\/wp-json\/wp\/v2\/users\/1"}],"replies":[{"embeddable":true,"href":"https:\/\/correiodasemana.com\/site\/wp-json\/wp\/v2\/comments?post=12329"}],"version-history":[{"count":2,"href":"https:\/\/correiodasemana.com\/site\/wp-json\/wp\/v2\/posts\/12329\/revisions"}],"predecessor-version":[{"id":12332,"href":"https:\/\/correiodasemana.com\/site\/wp-json\/wp\/v2\/posts\/12329\/revisions\/12332"}],"wp:featuredmedia":[{"embeddable":true,"href":"https:\/\/correiodasemana.com\/site\/wp-json\/wp\/v2\/media\/12330"}],"wp:attachment":[{"href":"https:\/\/correiodasemana.com\/site\/wp-json\/wp\/v2\/media?parent=12329"}],"wp:term":[{"taxonomy":"category","embeddable":true,"href":"https:\/\/correiodasemana.com\/site\/wp-json\/wp\/v2\/categories?post=12329"},{"taxonomy":"post_tag","embeddable":true,"href":"https:\/\/correiodasemana.com\/site\/wp-json\/wp\/v2\/tags?post=12329"}],"curies":[{"name":"wp","href":"https:\/\/api.w.org\/{rel}","templated":true}]}}