{"id":12333,"date":"2020-07-29T11:39:35","date_gmt":"2020-07-29T11:39:35","guid":{"rendered":"https:\/\/correiodasemana.com\/site\/?p=12333"},"modified":"2020-07-29T11:39:35","modified_gmt":"2020-07-29T11:39:35","slug":"voce-sabe-como-se-prevenir-das-hepatites-virais","status":"publish","type":"post","link":"https:\/\/correiodasemana.com\/site\/voce-sabe-como-se-prevenir-das-hepatites-virais\/","title":{"rendered":"Voc\u00ea sabe como se prevenir das hepatites virais?"},"content":{"rendered":"<p><em>As hepatites B e C s\u00e3o as mais frequentes e letais no Brasil. Por ser uma doen\u00e7a que n\u00e3o apresenta muitos sintomas, o paciente com hepatite acaba descobrindo a doen\u00e7a j\u00e1 em est\u00e1gio avan\u00e7ado<\/em><\/p>\n<p>Por aparecerem, na maioria das vezes, de forma silenciosa, as hepatites virais, em especial os tipos B e C, s\u00e3o um grave problema de sa\u00fade p\u00fablica no Brasil e no mundo. S\u00e3o infec\u00e7\u00f5es que atingem o f\u00edgado e que, quando apresentam sinais, causam cansa\u00e7o, febre, enjoo, dor abdominal, entre outros. O impacto dessas infec\u00e7\u00f5es acarreta, aproximadamente, 1,4 milh\u00e3o de mortes por ano no mundo, seja por infec\u00e7\u00e3o aguda, c\u00e2ncer hep\u00e1tico ou cirrose associada \u00e0s hepatites. A taxa de mortalidade anual das hepatites virais pode ser comparada ao HIV e \u00e0 tuberculose.<\/p>\n<p>A hepatite A \u00e9 considerada uma infec\u00e7\u00e3o cuja contamina\u00e7\u00e3o ocorre, predominantemente, pela ingest\u00e3o de alimentos mal lavados ou por m\u00e1s condi\u00e7\u00f5es de saneamento. Esse tipo da doen\u00e7a tem potencial de causar surtos em espa\u00e7os como escolas e creches, assim como em situa\u00e7\u00f5es de emerg\u00eancia, como enchentes. Na maioria dos casos, a hepatite A \u00e9 uma doen\u00e7a benigna, contudo, o curso sintom\u00e1tico e a letalidade aumentam com a idade do paciente.<\/p>\n<p>J\u00e1 as infec\u00e7\u00f5es causadas pelos v\u00edrus do tipo B ou C frequentemente se tornam cr\u00f4nicas. Por muitas vezes n\u00e3o apresentar sintomas, o paciente acaba descobrindo a doen\u00e7a j\u00e1 em est\u00e1gio avan\u00e7ado. Apesar de serem consideradas doen\u00e7as sexualmente transmiss\u00edveis, as hepatites B e C tamb\u00e9m podem ser transmitidas pelo contato com sangue contaminado, que pode ocorrer durante procedimentos est\u00e9ticos ou de sa\u00fade sem os devidos cuidados. As formas de transmiss\u00e3o v\u00e3o desde o compartilhamento de objetos perfurocortantes, como alicates de unha e agulhas, at\u00e9 procedimentos de hemodi\u00e1lise e transfus\u00e3o sangu\u00ednea. Por isso, a import\u00e2ncia da ado\u00e7\u00e3o dos fluxos de triagem, par\u00e2metros cl\u00ednicos e laboratoriais para cuidados e preven\u00e7\u00e3o da doen\u00e7a nestes servi\u00e7os.<\/p>\n<p>Por exemplo, homens ou mulheres de 40 anos ou mais, pessoas que compartilham objetos de manicure, l\u00e2minas de barbear e ainda aqueles que n\u00e3o usaram preservativos nas rela\u00e7\u00f5es sexuais podem ter hepatite B ou C e n\u00e3o saber. Por isso, na d\u00favida, \u00e9 fundamental realizar o teste r\u00e1pido, que \u00e9 disponibilizado gratuitamente no Sistema \u00danico de Sa\u00fade (SUS). O resultado sai na hora.<\/p>\n<p>A hepatite B tamb\u00e9m pode ser transmitida durante a gesta\u00e7\u00e3o ou o parto. Por\u00e9m, h\u00e1 formas de evitar essa transmiss\u00e3o. O SUS disponibiliza medicamentos que diminuem em mais 95% as possibilidades de transmiss\u00e3o do v\u00edrus para o beb\u00ea.<\/p>\n<p><strong>JULHO AMARELO<\/strong><\/p>\n<p>Como parte das a\u00e7\u00f5es do Julho Amarelo, m\u00eas de combate \u00e0s infec\u00e7\u00f5es por hepatites virais, o Minist\u00e9rio da Sa\u00fade tem realizado confer\u00eancias virtuais webinares sobre o assunto. O primeiro semin\u00e1rio online da programa\u00e7\u00e3o do Julho Amarelo foi moderado pelo representante do Programa Nacional de Hepatites Virais do Minist\u00e9rio da Sa\u00fade, Glaucio Mosimann Junior, e contou com a participa\u00e7\u00e3o de duas profissionais de sa\u00fade, a m\u00e9dica gastroenterologista e professora da Universidade Federal de S\u00e3o Paulo (UNIFESP), Maria L\u00facia Ferraz, e a enfermeira Sirlene Caminada, que coordena o Programa Estadual de Hepatites Virais em S\u00e3o Paulo. O webinar contou com mais de 900 acessos, inclusive de outros pa\u00edses como Estados Unidos, Austr\u00e1lia e Portugal.<\/p>\n<p>Outros temas relacionados \u00e0s hepatites virais est\u00e3o na pauta do Julho Amarelo com a realiza\u00e7\u00e3o de encontros virtuais, realizados pelo Departamento de Doen\u00e7as de Condi\u00e7\u00f5es Cr\u00f4nicas e Infec\u00e7\u00f5es Sexualmente Transmiss\u00edveis (DCCI), do Minist\u00e9rio da Sa\u00fade. Nos dias 23 e 30 de julho foram realizados outros webinares sobre temas vinculados \u00e0s estrat\u00e9gias de enfrentamento das hepatites virais.<\/p>\n<p>Avan\u00e7os e desafios do combate \u00e0s Hepatites Virais e a parceria com a sociedade civil foi o tema do encontro do dia 23 para orientar sobre a import\u00e2ncia da atua\u00e7\u00e3o da sociedade civil nos avan\u00e7os das pol\u00edticas de sa\u00fade voltadas as Hepatites Virais e os desafios para o futuro, al\u00e9m disso foi tratado sobre a mudan\u00e7a dos medicamentos para hepatites virais do Componente Especializado para o Componente Estrat\u00e9gico da Assist\u00eancia Farmac\u00eautica.<\/p>\n<p>J\u00e1 no dia 30 de julho, \u00e0s 10h, o tema do webinar ser\u00e1 a \u201cAtua\u00e7\u00e3o da enfermagem no contexto da elimina\u00e7\u00e3o das hepatites virais\u201d, em que ser\u00e1 destacado o protagonismo da enfermagem para a descentraliza\u00e7\u00e3o do cuidado e alcance das metas necess\u00e1rias a elimina\u00e7\u00e3o das HV, como problema de sa\u00fade p\u00fablica, at\u00e9 2030.<\/p>\n<p><strong><em>Por Nat\u00e1lia Monteiro, da Ag\u00eancia Sa\u00fade<br \/>\n<\/em><\/strong><strong>Atendimento \u00e0 imprensa<br \/>\n(61) 3315-3580 \/ 3853<\/strong><\/p>\n","protected":false},"excerpt":{"rendered":"<p>As hepatites B e C s\u00e3o as mais frequentes e letais no Brasil. Por ser&#8230;<\/p>\n","protected":false},"author":1,"featured_media":12334,"comment_status":"open","ping_status":"open","sticky":false,"template":"","format":"standard","meta":{"_jetpack_memberships_contains_paid_content":false,"footnotes":"","jetpack_publicize_message":"","jetpack_publicize_feature_enabled":true,"jetpack_social_post_already_shared":true,"jetpack_social_options":{"image_generator_settings":{"template":"highway","default_image_id":0,"font":"","enabled":false},"version":2}},"categories":[1],"tags":[],"class_list":["post-12333","post","type-post","status-publish","format-standard","has-post-thumbnail","hentry","category-atualidade"],"jetpack_publicize_connections":[],"jetpack_featured_media_url":"https:\/\/correiodasemana.com\/site\/wp-content\/uploads\/2020\/07\/hepatites-virais-cuidados.png","jetpack-related-posts":[{"id":12314,"url":"https:\/\/correiodasemana.com\/site\/saude-divulga-dados-atualizados-sobre-hepatites-no-brasil\/","url_meta":{"origin":12333,"position":0},"title":"Sa\u00fade divulga dados atualizados sobre hepatites no Brasil","author":"","date":"Julho 28, 2020","format":false,"excerpt":"Boletim mostra a\u00e7\u00f5es e prioridades no combate \u00e0 doen\u00e7a Por Ag\u00eancia Brasil - Bras\u00edlia O\u00a0Departamento de Doen\u00e7as de Condi\u00e7\u00f5es Cr\u00f4nicas e Infec\u00e7\u00f5es Sexualmente Transmiss\u00edveis, da secretaria de Vigil\u00e2ncia em Sa\u00fade, do Minist\u00e9rio da Sa\u00fade publica\u00a0hoje (28), Dia Mundial de Luta Contra Hepatites Virais, o boletim epidemiol\u00f3gico de 2020. O caderno\u2026","rel":"","context":"In &quot;Atualidade&quot;","block_context":{"text":"Atualidade","link":"https:\/\/correiodasemana.com\/site\/category\/atualidade\/"},"img":{"alt_text":"","src":"https:\/\/i0.wp.com\/correiodasemana.com\/site\/wp-content\/uploads\/2020\/07\/hepatite.jpg?resize=350%2C200&ssl=1","width":350,"height":200,"srcset":"https:\/\/i0.wp.com\/correiodasemana.com\/site\/wp-content\/uploads\/2020\/07\/hepatite.jpg?resize=350%2C200&ssl=1 1x, https:\/\/i0.wp.com\/correiodasemana.com\/site\/wp-content\/uploads\/2020\/07\/hepatite.jpg?resize=525%2C300&ssl=1 1.5x, https:\/\/i0.wp.com\/correiodasemana.com\/site\/wp-content\/uploads\/2020\/07\/hepatite.jpg?resize=700%2C400&ssl=1 2x, https:\/\/i0.wp.com\/correiodasemana.com\/site\/wp-content\/uploads\/2020\/07\/hepatite.jpg?resize=1050%2C600&ssl=1 3x"},"classes":[]},{"id":12341,"url":"https:\/\/correiodasemana.com\/site\/hepatites-virais-vacinacao-e-tratamento\/","url_meta":{"origin":12333,"position":1},"title":"Hepatites virais: vacina\u00e7\u00e3o e tratamento","author":"","date":"Julho 29, 2020","format":false,"excerpt":"Minist\u00e9rio da Sa\u00fade investe em a\u00e7\u00f5es de preven\u00e7\u00e3o e de incentivo ao diagn\u00f3stico das hepatites virais. As vacinas contra as hepatites A e B s\u00e3o oferecidas gratuitamente no SUS No Dia Mundial de Luta contra as Hepatites Virais, celebrado em 28 de julho, o Minist\u00e9rio da Sa\u00fade alerta para a\u2026","rel":"","context":"In &quot;Atualidade&quot;","block_context":{"text":"Atualidade","link":"https:\/\/correiodasemana.com\/site\/category\/atualidade\/"},"img":{"alt_text":"","src":"https:\/\/i0.wp.com\/correiodasemana.com\/site\/wp-content\/uploads\/2020\/07\/tratamento-hepatite-viral-B-e-C.jpg?resize=350%2C200&ssl=1","width":350,"height":200,"srcset":"https:\/\/i0.wp.com\/correiodasemana.com\/site\/wp-content\/uploads\/2020\/07\/tratamento-hepatite-viral-B-e-C.jpg?resize=350%2C200&ssl=1 1x, https:\/\/i0.wp.com\/correiodasemana.com\/site\/wp-content\/uploads\/2020\/07\/tratamento-hepatite-viral-B-e-C.jpg?resize=525%2C300&ssl=1 1.5x, https:\/\/i0.wp.com\/correiodasemana.com\/site\/wp-content\/uploads\/2020\/07\/tratamento-hepatite-viral-B-e-C.jpg?resize=700%2C400&ssl=1 2x"},"classes":[]},{"id":12329,"url":"https:\/\/correiodasemana.com\/site\/brasil-zera-fila-de-tratamento-de-hepatites-virais-e-garante-estoque-ate-2021\/","url_meta":{"origin":12333,"position":2},"title":"Brasil zera fila de tratamento de hepatites virais e garante estoque at\u00e9 2021","author":"","date":"Julho 29, 2020","format":false,"excerpt":"Minist\u00e9rio da Sa\u00fade divulga dados in\u00e9ditos de hepatites virais no pa\u00eds, com destaque para Hepatite C, que apresentou\u00a0queda na taxa de mortalidade e no n\u00famero de \u00f3bitos No Dia Mundial de Combate \u00e0s Hepatites Virais (28\/7), o Brasil comemora avan\u00e7os nas a\u00e7\u00f5es para elimina\u00e7\u00e3o das hepatites virais at\u00e9 2030. O\u2026","rel":"","context":"In &quot;Atualidade&quot;","block_context":{"text":"Atualidade","link":"https:\/\/correiodasemana.com\/site\/category\/atualidade\/"},"img":{"alt_text":"","src":"https:\/\/i0.wp.com\/correiodasemana.com\/site\/wp-content\/uploads\/2020\/07\/hepatites-virais.jpg?resize=350%2C200&ssl=1","width":350,"height":200},"classes":[]},{"id":8396,"url":"https:\/\/correiodasemana.com\/site\/diagnostico-e-tratamento-precoce-das-hepatites-podem-evitar-cirrose-e-cancer-de-figado\/","url_meta":{"origin":12333,"position":3},"title":"Diagn\u00f3stico e tratamento precoce das Hepatites podem evitar cirrose e c\u00e2ncer de f\u00edgado","author":"","date":"Julho 22, 2019","format":false,"excerpt":"Em Sobral, o Centro de Refer\u00eancia em Infectologia, disponibiliza o apoio e direcionamento necess\u00e1rio para pacientes que descobrem a doen\u00e7a dos tipos B e C Sendo uma doen\u00e7a silenciosa, que nem sempre apresenta sintomas, a hepatite \u00e9 uma inflama\u00e7\u00e3o no f\u00edgado\u00a0causada por v\u00edrus ou pelo\u00a0uso de alguns rem\u00e9dios, \u00e1lcool e\u2026","rel":"","context":"In &quot;Sa\u00fade&quot;","block_context":{"text":"Sa\u00fade","link":"https:\/\/correiodasemana.com\/site\/category\/saude\/"},"img":{"alt_text":"","src":"https:\/\/i0.wp.com\/correiodasemana.com\/site\/wp-content\/uploads\/2019\/07\/40385992681_6267a2cbc7_k.png?resize=350%2C200&ssl=1","width":350,"height":200,"srcset":"https:\/\/i0.wp.com\/correiodasemana.com\/site\/wp-content\/uploads\/2019\/07\/40385992681_6267a2cbc7_k.png?resize=350%2C200&ssl=1 1x, https:\/\/i0.wp.com\/correiodasemana.com\/site\/wp-content\/uploads\/2019\/07\/40385992681_6267a2cbc7_k.png?resize=525%2C300&ssl=1 1.5x, https:\/\/i0.wp.com\/correiodasemana.com\/site\/wp-content\/uploads\/2019\/07\/40385992681_6267a2cbc7_k.png?resize=700%2C400&ssl=1 2x"},"classes":[]},{"id":36784,"url":"https:\/\/correiodasemana.com\/site\/sobral-recebe-certificacoes-nacionais-na-eliminacao-da-transmissao-vertical-da-sifilis-hiv-e-hepatite-b\/","url_meta":{"origin":12333,"position":4},"title":"Sobral recebe certifica\u00e7\u00f5es nacionais na elimina\u00e7\u00e3o da transmiss\u00e3o vertical da S\u00edfilis, HIV e Hepatite B","author":"adminredacao","date":"Dezembro 15, 2025","format":false,"excerpt":"Fonte: Comunica\u00e7\u00e3o da prefeitura de Sobral A Prefeitura de Sobral, por meio da Secretaria da Sa\u00fade, recebeu na quarta-feira (03\/12\/25), em Bras\u00edlia, importantes certifica\u00e7\u00f5es do Minist\u00e9rio da Sa\u00fade pelos avan\u00e7os na elimina\u00e7\u00e3o da transmiss\u00e3o vertical de infec\u00e7\u00f5es. O munic\u00edpio conquistou o Selo Bronze rumo \u00e0 elimina\u00e7\u00e3o da s\u00edfilis, al\u00e9m de\u2026","rel":"","context":"In &quot;Atualidade&quot;","block_context":{"text":"Atualidade","link":"https:\/\/correiodasemana.com\/site\/category\/atualidade\/"},"img":{"alt_text":"","src":"https:\/\/i0.wp.com\/correiodasemana.com\/site\/wp-content\/uploads\/2025\/12\/SAUDE.jpeg?resize=350%2C200&ssl=1","width":350,"height":200,"srcset":"https:\/\/i0.wp.com\/correiodasemana.com\/site\/wp-content\/uploads\/2025\/12\/SAUDE.jpeg?resize=350%2C200&ssl=1 1x, https:\/\/i0.wp.com\/correiodasemana.com\/site\/wp-content\/uploads\/2025\/12\/SAUDE.jpeg?resize=525%2C300&ssl=1 1.5x, https:\/\/i0.wp.com\/correiodasemana.com\/site\/wp-content\/uploads\/2025\/12\/SAUDE.jpeg?resize=700%2C400&ssl=1 2x, https:\/\/i0.wp.com\/correiodasemana.com\/site\/wp-content\/uploads\/2025\/12\/SAUDE.jpeg?resize=1050%2C600&ssl=1 3x"},"classes":[]},{"id":20733,"url":"https:\/\/correiodasemana.com\/site\/a-importancia-do-sistema-unico-de-saude-e-as-vacinas\/","url_meta":{"origin":12333,"position":5},"title":"A Import\u00e2ncia do Sistema \u00danico de Sa\u00fade e as Vacinas","author":"","date":"Agosto 21, 2022","format":false,"excerpt":"O Sistema \u00danico de Sa\u00fade (SUS) do Brasil \u00e9 o \u00fanico sistema de sa\u00fade do mundo gratuito para todos. Somos um pa\u00eds continental e mesmo assim o SUS funciona nos cantos mais long\u00ednquos brasileiros. O Brasil conta com cerca de 44 mil Unidades B\u00e1sicas de Sa\u00fade (postos) que s\u00e3o a\u2026","rel":"","context":"In &quot;Artigos&quot;","block_context":{"text":"Artigos","link":"https:\/\/correiodasemana.com\/site\/category\/artigos\/"},"img":{"alt_text":"","src":"https:\/\/i0.wp.com\/correiodasemana.com\/site\/wp-content\/uploads\/2021\/08\/Salmito-Campos.jpg?resize=350%2C200&ssl=1","width":350,"height":200,"srcset":"https:\/\/i0.wp.com\/correiodasemana.com\/site\/wp-content\/uploads\/2021\/08\/Salmito-Campos.jpg?resize=350%2C200&ssl=1 1x, https:\/\/i0.wp.com\/correiodasemana.com\/site\/wp-content\/uploads\/2021\/08\/Salmito-Campos.jpg?resize=525%2C300&ssl=1 1.5x, https:\/\/i0.wp.com\/correiodasemana.com\/site\/wp-content\/uploads\/2021\/08\/Salmito-Campos.jpg?resize=700%2C400&ssl=1 2x, https:\/\/i0.wp.com\/correiodasemana.com\/site\/wp-content\/uploads\/2021\/08\/Salmito-Campos.jpg?resize=1050%2C600&ssl=1 3x, https:\/\/i0.wp.com\/correiodasemana.com\/site\/wp-content\/uploads\/2021\/08\/Salmito-Campos.jpg?resize=1400%2C800&ssl=1 4x"},"classes":[]}],"jetpack_sharing_enabled":true,"_links":{"self":[{"href":"https:\/\/correiodasemana.com\/site\/wp-json\/wp\/v2\/posts\/12333","targetHints":{"allow":["GET"]}}],"collection":[{"href":"https:\/\/correiodasemana.com\/site\/wp-json\/wp\/v2\/posts"}],"about":[{"href":"https:\/\/correiodasemana.com\/site\/wp-json\/wp\/v2\/types\/post"}],"author":[{"embeddable":true,"href":"https:\/\/correiodasemana.com\/site\/wp-json\/wp\/v2\/users\/1"}],"replies":[{"embeddable":true,"href":"https:\/\/correiodasemana.com\/site\/wp-json\/wp\/v2\/comments?post=12333"}],"version-history":[{"count":2,"href":"https:\/\/correiodasemana.com\/site\/wp-json\/wp\/v2\/posts\/12333\/revisions"}],"predecessor-version":[{"id":12336,"href":"https:\/\/correiodasemana.com\/site\/wp-json\/wp\/v2\/posts\/12333\/revisions\/12336"}],"wp:featuredmedia":[{"embeddable":true,"href":"https:\/\/correiodasemana.com\/site\/wp-json\/wp\/v2\/media\/12334"}],"wp:attachment":[{"href":"https:\/\/correiodasemana.com\/site\/wp-json\/wp\/v2\/media?parent=12333"}],"wp:term":[{"taxonomy":"category","embeddable":true,"href":"https:\/\/correiodasemana.com\/site\/wp-json\/wp\/v2\/categories?post=12333"},{"taxonomy":"post_tag","embeddable":true,"href":"https:\/\/correiodasemana.com\/site\/wp-json\/wp\/v2\/tags?post=12333"}],"curies":[{"name":"wp","href":"https:\/\/api.w.org\/{rel}","templated":true}]}}