{"id":12337,"date":"2020-07-29T11:58:16","date_gmt":"2020-07-29T11:58:16","guid":{"rendered":"https:\/\/correiodasemana.com\/site\/?p=12337"},"modified":"2020-07-29T11:58:16","modified_gmt":"2020-07-29T11:58:16","slug":"bolsonaro-sanciona-projeto-de-lei-que-transfere-saldos-de-assistencia-social","status":"publish","type":"post","link":"https:\/\/correiodasemana.com\/site\/bolsonaro-sanciona-projeto-de-lei-que-transfere-saldos-de-assistencia-social\/","title":{"rendered":"Bolsonaro sanciona Projeto de Lei que transfere saldos de assist\u00eancia social"},"content":{"rendered":"<p>Popula\u00e7\u00e3o de rua ser\u00e1 um dos grupos beneficiados<\/p>\n<p>O presidente Jair Bolsonaro sancionou o projeto de lei que permite a utiliza\u00e7\u00e3o de verbas remanescentes de exerc\u00edcios anteriores dos fundos de assist\u00eancia social at\u00e9 2019 para implementar \u00a0a\u00e7\u00f5es de assist\u00eancia social durante \u00a0a vig\u00eancia do estado de calamidade p\u00fablica decretada em fun\u00e7\u00e3o da pandemia do novo coronav\u00edrus.<\/p>\n<p>Os recursos ser\u00e3o aplicados no atendimento de crian\u00e7as, adolescentes, idosos, mulheres v\u00edtimas de viol\u00eancia dom\u00e9stica, popula\u00e7\u00e3o ind\u00edgena e quilombola, pessoas com defici\u00eancia e popula\u00e7\u00e3o em situa\u00e7\u00e3o de rua ou em qualquer circunst\u00e2ncia de extrema vulnerabilidade.<\/p>\n<p>Segundo informa\u00e7\u00f5es dos minist\u00e9rios da Cidadania e da Sa\u00fade, a san\u00e7\u00e3o do projeto \u00e9 importante para instituir um marco legal sobre a utiliza\u00e7\u00e3o dos recursos financeiros destinados \u00e0 assist\u00eancia social, para que as medidas sejam aplicadas com rapidez para minimizar os problemas sociais resultantes situa\u00e7\u00f5es de calamidade p\u00fablica.<\/p>\n<p>Dentre as a\u00e7\u00f5es implementadas, o projeto de lei define que sejam tomadas iniciativas para a popula\u00e7\u00e3o de rua, como fornecimento de alimenta\u00e7\u00e3o adequada, amplia\u00e7\u00e3o de espa\u00e7os de acolhimento tempor\u00e1rio, disponibiliza\u00e7\u00e3o de \u00e1gua pot\u00e1vel em pra\u00e7as e logradouros p\u00fablicos, acesso a banheiros p\u00fablicos e atendimento psicossocial.<\/p>\n<p>Vetos<\/p>\n<p>Segundo a Secretaria Geral da Presid\u00eancia, houve tr\u00eas vetos ao projeto, por\u00e9m, dois vetos ser\u00e3o divulgados quando a san\u00e7\u00e3o for publicada no\u00a0<em>Di\u00e1rio Oficial da Uni\u00e3o.\u00a0<\/em><\/p>\n<p>O terceiro veto trata do dispositivo que estabelece, em situa\u00e7\u00f5es de emerg\u00eancia de sa\u00fade p\u00fablica, a obriga\u00e7\u00e3o de medi\u00e7\u00e3o da temperatura dos indiv\u00edduos ao adentrarem em locais destinados ao acolhimento tempor\u00e1rio e refei\u00e7\u00f5es. Na avalia\u00e7\u00e3o da Presid\u00eancia, a express\u00e3o \u201csitua\u00e7\u00f5es de emerg\u00eancia de sa\u00fade p\u00fablica\u201d traz um conceito impreciso, que pode comportar interpreta\u00e7\u00e3o abrangente, tendo em vista que nem toda situa\u00e7\u00e3o de emerg\u00eancia demanda medi\u00e7\u00e3o de temperatura corporal, por isso o trecho foi vetado.<\/p>\n<p>Por Ag\u00eancia Brasil &#8211; Bras\u00edlia<\/p>\n","protected":false},"excerpt":{"rendered":"<p>Popula\u00e7\u00e3o de rua ser\u00e1 um dos grupos beneficiados O presidente Jair Bolsonaro sancionou o projeto&#8230;<\/p>\n","protected":false},"author":1,"featured_media":12338,"comment_status":"open","ping_status":"open","sticky":false,"template":"","format":"standard","meta":{"_jetpack_memberships_contains_paid_content":false,"footnotes":"","jetpack_publicize_message":"","jetpack_publicize_feature_enabled":true,"jetpack_social_post_already_shared":true,"jetpack_social_options":{"image_generator_settings":{"template":"highway","default_image_id":0,"font":"","enabled":false},"version":2}},"categories":[1],"tags":[],"class_list":["post-12337","post","type-post","status-publish","format-standard","has-post-thumbnail","hentry","category-atualidade"],"jetpack_publicize_connections":[],"jetpack_featured_media_url":"https:\/\/correiodasemana.com\/site\/wp-content\/uploads\/2020\/07\/Jair-Bolsonaro-presidente-do-Brasil.jpg","jetpack-related-posts":[{"id":22862,"url":"https:\/\/correiodasemana.com\/site\/sancionado-com-um-veto-o-projeto-de-lei-orcamentaria-de-2023\/","url_meta":{"origin":12337,"position":0},"title":"Sancionado com um veto o projeto de lei or\u00e7ament\u00e1ria de 2023","author":"","date":"Janeiro 18, 2023","format":false,"excerpt":"O presidente da Rep\u00fablica, Luiz In\u00e1cio Lula da Silva, sancionou o projeto de lei or\u00e7ament\u00e1ria anual (LOA) de 2023, que estima a receita e fixa a despesa da Uni\u00e3o para o exerc\u00edcio financeiro deste ano. Aprovado pelo Congresso em 22 de dezembro, o projeto tinha at\u00e9 o dia 20 de\u2026","rel":"","context":"In &quot;Atualidade&quot;","block_context":{"text":"Atualidade","link":"https:\/\/correiodasemana.com\/site\/category\/atualidade\/"},"img":{"alt_text":"","src":"https:\/\/i0.wp.com\/correiodasemana.com\/site\/wp-content\/uploads\/2023\/01\/dinheiro-esquecido.webp?resize=350%2C200&ssl=1","width":350,"height":200,"srcset":"https:\/\/i0.wp.com\/correiodasemana.com\/site\/wp-content\/uploads\/2023\/01\/dinheiro-esquecido.webp?resize=350%2C200&ssl=1 1x, https:\/\/i0.wp.com\/correiodasemana.com\/site\/wp-content\/uploads\/2023\/01\/dinheiro-esquecido.webp?resize=525%2C300&ssl=1 1.5x, https:\/\/i0.wp.com\/correiodasemana.com\/site\/wp-content\/uploads\/2023\/01\/dinheiro-esquecido.webp?resize=700%2C400&ssl=1 2x, https:\/\/i0.wp.com\/correiodasemana.com\/site\/wp-content\/uploads\/2023\/01\/dinheiro-esquecido.webp?resize=1050%2C600&ssl=1 3x"},"classes":[]},{"id":11928,"url":"https:\/\/correiodasemana.com\/site\/bolsonaro-sanciona-lei-do-novo-marco-legal-do-saneamento-basico\/","url_meta":{"origin":12337,"position":1},"title":"Bolsonaro sanciona lei do novo Marco Legal do Saneamento B\u00e1sico","author":"","date":"Julho 16, 2020","format":false,"excerpt":"Texto prev\u00ea universaliza\u00e7\u00e3o dos servi\u00e7os de \u00e1gua e esgoto at\u00e9 2033 O presidente Jair Bolsonaro sancionou hoje (15) a lei do novo Marco Legal do Saneamento B\u00e1sico no pa\u00eds, que prev\u00ea a universaliza\u00e7\u00e3o dos servi\u00e7os de \u00e1gua e esgoto at\u00e9 2033. O texto,\u00a0aprovado no Congresso\u00a0no m\u00eas passado ap\u00f3s muita discuss\u00e3o,\u2026","rel":"","context":"In &quot;Atualidade&quot;","block_context":{"text":"Atualidade","link":"https:\/\/correiodasemana.com\/site\/category\/atualidade\/"},"img":{"alt_text":"","src":"https:\/\/i0.wp.com\/correiodasemana.com\/site\/wp-content\/uploads\/2020\/07\/15_07_2020_cerimonia_saneamento-2.jpg?resize=350%2C200&ssl=1","width":350,"height":200,"srcset":"https:\/\/i0.wp.com\/correiodasemana.com\/site\/wp-content\/uploads\/2020\/07\/15_07_2020_cerimonia_saneamento-2.jpg?resize=350%2C200&ssl=1 1x, https:\/\/i0.wp.com\/correiodasemana.com\/site\/wp-content\/uploads\/2020\/07\/15_07_2020_cerimonia_saneamento-2.jpg?resize=525%2C300&ssl=1 1.5x, https:\/\/i0.wp.com\/correiodasemana.com\/site\/wp-content\/uploads\/2020\/07\/15_07_2020_cerimonia_saneamento-2.jpg?resize=700%2C400&ssl=1 2x, https:\/\/i0.wp.com\/correiodasemana.com\/site\/wp-content\/uploads\/2020\/07\/15_07_2020_cerimonia_saneamento-2.jpg?resize=1050%2C600&ssl=1 3x"},"classes":[]},{"id":22879,"url":"https:\/\/correiodasemana.com\/site\/caixa-comeca-a-pagar-bolsa-familia-nesta-quarta-feira-18\/","url_meta":{"origin":12337,"position":2},"title":"Caixa come\u00e7a a pagar Bolsa Fam\u00edlia nesta quarta-feira (18)","author":"","date":"Janeiro 18, 2023","format":false,"excerpt":"A primeira parcela de R$ 600 do Bolsa Fam\u00edlia, que volta a ter esse nome ap\u00f3s o governo Bolsonaro (PL) ter alterado para Aux\u00edlio Brasil durante gest\u00e3o, come\u00e7a a ser paga nesta quarta-feira, 18 de janeiro. O pagamento ser\u00e1 feito at\u00e9 o dia 31 de janeiro, seguindo progress\u00e3o do N\u00famero\u2026","rel":"","context":"In &quot;Atualidade&quot;","block_context":{"text":"Atualidade","link":"https:\/\/correiodasemana.com\/site\/category\/atualidade\/"},"img":{"alt_text":"","src":"https:\/\/i0.wp.com\/correiodasemana.com\/site\/wp-content\/uploads\/2023\/01\/WhatsApp-Image-2023-01-18-at-08.52.28-1024x682-1.jpg?resize=350%2C200&ssl=1","width":350,"height":200,"srcset":"https:\/\/i0.wp.com\/correiodasemana.com\/site\/wp-content\/uploads\/2023\/01\/WhatsApp-Image-2023-01-18-at-08.52.28-1024x682-1.jpg?resize=350%2C200&ssl=1 1x, https:\/\/i0.wp.com\/correiodasemana.com\/site\/wp-content\/uploads\/2023\/01\/WhatsApp-Image-2023-01-18-at-08.52.28-1024x682-1.jpg?resize=525%2C300&ssl=1 1.5x, https:\/\/i0.wp.com\/correiodasemana.com\/site\/wp-content\/uploads\/2023\/01\/WhatsApp-Image-2023-01-18-at-08.52.28-1024x682-1.jpg?resize=700%2C400&ssl=1 2x"},"classes":[]},{"id":11708,"url":"https:\/\/correiodasemana.com\/site\/sancionada-lei-que-prioriza-testes-para-profissionais-essenciais\/","url_meta":{"origin":12337,"position":3},"title":"Sancionada lei que prioriza testes para profissionais essenciais","author":"","date":"Julho 9, 2020","format":false,"excerpt":"Esses trabalhadores dever\u00e3o ser tratados e orientados O presidente Jair Bolsonaro sancionou a lei que garante a prioridade na realiza\u00e7\u00e3o de testes da covid-19 para profissionais essenciais ao controle de doen\u00e7as e \u00e0 manuten\u00e7\u00e3o da ordem p\u00fablica, que estiverem em contato direto com portadores ou poss\u00edveis portadores do novo coronav\u00edrus.\u2026","rel":"","context":"In &quot;Atualidade&quot;","block_context":{"text":"Atualidade","link":"https:\/\/correiodasemana.com\/site\/category\/atualidade\/"},"img":{"alt_text":"","src":"https:\/\/i0.wp.com\/correiodasemana.com\/site\/wp-content\/uploads\/2020\/07\/gettyimages-1215609255.jpg?resize=350%2C200&ssl=1","width":350,"height":200,"srcset":"https:\/\/i0.wp.com\/correiodasemana.com\/site\/wp-content\/uploads\/2020\/07\/gettyimages-1215609255.jpg?resize=350%2C200&ssl=1 1x, https:\/\/i0.wp.com\/correiodasemana.com\/site\/wp-content\/uploads\/2020\/07\/gettyimages-1215609255.jpg?resize=525%2C300&ssl=1 1.5x"},"classes":[]},{"id":12989,"url":"https:\/\/correiodasemana.com\/site\/lei-que-flexibiliza-ano-letivo-e-publicada-com-vetos\/","url_meta":{"origin":12337,"position":4},"title":"Lei que flexibiliza ano letivo \u00e9 publicada com vetos","author":"","date":"Agosto 19, 2020","format":false,"excerpt":"Os vetos ser\u00e3o analisados pelos parlamentares A Lei n\u00ba 14.040\/2020 foi publicada hoje (19) no\u00a0Di\u00e1rio Oficial da Uni\u00e3o\u00a0(DOU) com seis vetos. A medida desobriga as escolas de educa\u00e7\u00e3o b\u00e1sica e as universidades de cumprirem a quantidade m\u00ednima de dias letivos neste ano, em raz\u00e3o da pandemia da covid-19. O texto,\u2026","rel":"","context":"In &quot;Atualidade&quot;","block_context":{"text":"Atualidade","link":"https:\/\/correiodasemana.com\/site\/category\/atualidade\/"},"img":{"alt_text":"","src":"https:\/\/i0.wp.com\/correiodasemana.com\/site\/wp-content\/uploads\/2020\/08\/ensino_medio.jpg?resize=350%2C200&ssl=1","width":350,"height":200,"srcset":"https:\/\/i0.wp.com\/correiodasemana.com\/site\/wp-content\/uploads\/2020\/08\/ensino_medio.jpg?resize=350%2C200&ssl=1 1x, https:\/\/i0.wp.com\/correiodasemana.com\/site\/wp-content\/uploads\/2020\/08\/ensino_medio.jpg?resize=525%2C300&ssl=1 1.5x, https:\/\/i0.wp.com\/correiodasemana.com\/site\/wp-content\/uploads\/2020\/08\/ensino_medio.jpg?resize=700%2C400&ssl=1 2x, https:\/\/i0.wp.com\/correiodasemana.com\/site\/wp-content\/uploads\/2020\/08\/ensino_medio.jpg?resize=1050%2C600&ssl=1 3x"},"classes":[]},{"id":36915,"url":"https:\/\/correiodasemana.com\/site\/governo-sanciona-ldo-de-2026-com-meta-de-superavit-de-r-343-bilhoes\/","url_meta":{"origin":12337,"position":5},"title":"Governo sanciona LDO de 2026 com meta de super\u00e1vit de R$ 34,3 bilh\u00f5es","author":"adminredacao","date":"Janeiro 6, 2026","format":false,"excerpt":"LDO sofreu 27 vetos do governo federal, que ser\u00e3o apreciados pelo Congresso Nacional Corre\u00e7\u00e3o do fundo partid\u00e1rio sofreu veto presidencial O Executivo sancionou a Lei de Diretrizes Or\u00e7ament\u00e1rias de 2026 com a meta de super\u00e1vit prim\u00e1rio de R$ 34,3 bilh\u00f5es para as contas p\u00fablicas. As metas dos \u00faltimos dois anos\u2026","rel":"","context":"In &quot;Atualidade&quot;","block_context":{"text":"Atualidade","link":"https:\/\/correiodasemana.com\/site\/category\/atualidade\/"},"img":{"alt_text":"","src":"https:\/\/i0.wp.com\/correiodasemana.com\/site\/wp-content\/uploads\/2026\/01\/Jornal-Correio-da-Semana-No-1105.jpg?resize=350%2C200&ssl=1","width":350,"height":200,"srcset":"https:\/\/i0.wp.com\/correiodasemana.com\/site\/wp-content\/uploads\/2026\/01\/Jornal-Correio-da-Semana-No-1105.jpg?resize=350%2C200&ssl=1 1x, https:\/\/i0.wp.com\/correiodasemana.com\/site\/wp-content\/uploads\/2026\/01\/Jornal-Correio-da-Semana-No-1105.jpg?resize=525%2C300&ssl=1 1.5x"},"classes":[]}],"jetpack_sharing_enabled":true,"_links":{"self":[{"href":"https:\/\/correiodasemana.com\/site\/wp-json\/wp\/v2\/posts\/12337","targetHints":{"allow":["GET"]}}],"collection":[{"href":"https:\/\/correiodasemana.com\/site\/wp-json\/wp\/v2\/posts"}],"about":[{"href":"https:\/\/correiodasemana.com\/site\/wp-json\/wp\/v2\/types\/post"}],"author":[{"embeddable":true,"href":"https:\/\/correiodasemana.com\/site\/wp-json\/wp\/v2\/users\/1"}],"replies":[{"embeddable":true,"href":"https:\/\/correiodasemana.com\/site\/wp-json\/wp\/v2\/comments?post=12337"}],"version-history":[{"count":2,"href":"https:\/\/correiodasemana.com\/site\/wp-json\/wp\/v2\/posts\/12337\/revisions"}],"predecessor-version":[{"id":12340,"href":"https:\/\/correiodasemana.com\/site\/wp-json\/wp\/v2\/posts\/12337\/revisions\/12340"}],"wp:featuredmedia":[{"embeddable":true,"href":"https:\/\/correiodasemana.com\/site\/wp-json\/wp\/v2\/media\/12338"}],"wp:attachment":[{"href":"https:\/\/correiodasemana.com\/site\/wp-json\/wp\/v2\/media?parent=12337"}],"wp:term":[{"taxonomy":"category","embeddable":true,"href":"https:\/\/correiodasemana.com\/site\/wp-json\/wp\/v2\/categories?post=12337"},{"taxonomy":"post_tag","embeddable":true,"href":"https:\/\/correiodasemana.com\/site\/wp-json\/wp\/v2\/tags?post=12337"}],"curies":[{"name":"wp","href":"https:\/\/api.w.org\/{rel}","templated":true}]}}