{"id":12341,"date":"2020-07-29T12:11:47","date_gmt":"2020-07-29T12:11:47","guid":{"rendered":"https:\/\/correiodasemana.com\/site\/?p=12341"},"modified":"2020-07-29T12:11:47","modified_gmt":"2020-07-29T12:11:47","slug":"hepatites-virais-vacinacao-e-tratamento","status":"publish","type":"post","link":"https:\/\/correiodasemana.com\/site\/hepatites-virais-vacinacao-e-tratamento\/","title":{"rendered":"Hepatites virais: vacina\u00e7\u00e3o e tratamento"},"content":{"rendered":"<p><em>Minist\u00e9rio da Sa\u00fade investe em a\u00e7\u00f5es de preven\u00e7\u00e3o e de incentivo ao diagn\u00f3stico das hepatites virais. As vacinas contra as hepatites A e B s\u00e3o oferecidas gratuitamente no SUS<\/em><\/p>\n<p>No Dia Mundial de Luta contra as Hepatites Virais, celebrado em 28 de julho, o Minist\u00e9rio da Sa\u00fade alerta para a import\u00e2ncia da preven\u00e7\u00e3o no combate \u00e0s hepatites no SUS com diagn\u00f3stico oportuno por meio de testes r\u00e1pidos e tratamento. Os tipos mais comuns no Brasil s\u00e3o as hepatites A, B e C, sendo que as duas \u00faltimas costumam se manifestar sem sinais e sintomas, at\u00e9 atingir maior gravidade. Atualmente, o Brasil \u00e9 signat\u00e1rio da Estrat\u00e9gia Global para elimina\u00e7\u00e3o das hepatites virais como problema de sa\u00fade p\u00fablica at\u00e9 o ano de 2030.<\/p>\n<p>Refor\u00e7ando a estrat\u00e9gia de preven\u00e7\u00e3o da hepatite A, neste ano o Minist\u00e9rio da Sa\u00fade distribuiu aos estados mais de 1,9 milh\u00e3o de doses da vacina. Essa doen\u00e7a costuma ocorrer pela ingest\u00e3o de alimentos mal lavados ou por m\u00e1s condi\u00e7\u00f5es de saneamento. Portanto, as recomenda\u00e7\u00f5es s\u00e3o: lavar bem os alimentos antes de consumi-los e evitar ingerir \u00e1gua sem filtrar ou ferver antes. Na maioria dos casos, a hepatite A \u00e9 uma doen\u00e7a benigna, contudo, o curso sintom\u00e1tico e a letalidade aumentam com a idade do paciente. A vacina\u00e7\u00e3o para hepatite A \u00e9 garantida no SUS e o esquema vacinal preconizado pelo Programa Nacional de Imuniza\u00e7\u00f5es (PNI), do Minist\u00e9rio da Sa\u00fade, prev\u00ea dose \u00fanica da\u00a0vacina, recomendada a aplica\u00e7\u00e3o em crian\u00e7as entre os 15 meses de idade at\u00e9 cinco anos incompletos.<\/p>\n<p>A hepatite B, na maioria dos casos, n\u00e3o tem cura. A doen\u00e7a costuma se manifestar sem sinais e sintomas, at\u00e9 atingir maior gravidade. A principal medida de preven\u00e7\u00e3o \u00e9 a vacina, altamente eficaz e dispon\u00edvel para todas as pessoas no SUS desde 2015. No acumulado de cobertura da vacina hepatite B, entre 1994 e 2019, cerca de 68% das pessoas acima dos 30 anos de idade n\u00e3o est\u00e3o vacinadas contra a hepatite B no Brasil. Em 2020, o Minist\u00e9rio da Sa\u00fade j\u00e1 enviou aos estados mais de 7,2 milh\u00f5es de doses da vacina contra a hepatite B.<\/p>\n<p>O Minist\u00e9rio da Sa\u00fade estima que mais de 400 mil pessoas convivem com a hepatite C e ainda n\u00e3o sabem. Para a hepatite C ainda n\u00e3o existe vacina, mas tanto essa quanto a hepatite B podem ser prevenidas com cuidados simples e quando h\u00e1 o diagn\u00f3stico o paciente pode ser tratado no SUS. As duas doen\u00e7as podem ser transmitidas por meio de rela\u00e7\u00e3o sexual desprotegida. Portanto, usar camisinha \u00e9 uma medida de preven\u00e7\u00e3o. Al\u00e9m disso, podem ser transmitidas pelo contato com sangue contaminado durante procedimentos est\u00e9ticos ou de sa\u00fade sem os devidos cuidados. Recomenda-se o n\u00e3o compartilhamento de objetos de uso pessoal, como l\u00e2minas de barbear e de depilar, al\u00e9m de materiais de manicure e pedicure.<\/p>\n<p>O Brasil est\u00e1 entre os pa\u00edses que trataram o maior n\u00famero de pessoas para hepatite C nos \u00faltimos anos, dispondo de medicamentos modernos, seguros e eficazes que levam \u00e0 cura da infec\u00e7\u00e3o em poucas semanas.<\/p>\n<p><strong>\u00a0<em>Por Nat\u00e1lia Monteiro, da Ag\u00eancia Sa\u00fade<br \/>\n<\/em>Atendimento \u00e0 imprensa<br \/>\n(61) 3315-3580 \/ 3853<\/strong><\/p>\n<p>&nbsp;<\/p>\n","protected":false},"excerpt":{"rendered":"<p>Minist\u00e9rio da Sa\u00fade investe em a\u00e7\u00f5es de preven\u00e7\u00e3o e de incentivo ao diagn\u00f3stico das hepatites&#8230;<\/p>\n","protected":false},"author":1,"featured_media":12342,"comment_status":"open","ping_status":"open","sticky":false,"template":"","format":"standard","meta":{"_jetpack_memberships_contains_paid_content":false,"footnotes":"","jetpack_publicize_message":"","jetpack_publicize_feature_enabled":true,"jetpack_social_post_already_shared":true,"jetpack_social_options":{"image_generator_settings":{"template":"highway","default_image_id":0,"font":"","enabled":false},"version":2}},"categories":[1],"tags":[],"class_list":["post-12341","post","type-post","status-publish","format-standard","has-post-thumbnail","hentry","category-atualidade"],"jetpack_publicize_connections":[],"jetpack_featured_media_url":"https:\/\/correiodasemana.com\/site\/wp-content\/uploads\/2020\/07\/tratamento-hepatite-viral-B-e-C.jpg","jetpack-related-posts":[{"id":12329,"url":"https:\/\/correiodasemana.com\/site\/brasil-zera-fila-de-tratamento-de-hepatites-virais-e-garante-estoque-ate-2021\/","url_meta":{"origin":12341,"position":0},"title":"Brasil zera fila de tratamento de hepatites virais e garante estoque at\u00e9 2021","author":"","date":"Julho 29, 2020","format":false,"excerpt":"Minist\u00e9rio da Sa\u00fade divulga dados in\u00e9ditos de hepatites virais no pa\u00eds, com destaque para Hepatite C, que apresentou\u00a0queda na taxa de mortalidade e no n\u00famero de \u00f3bitos No Dia Mundial de Combate \u00e0s Hepatites Virais (28\/7), o Brasil comemora avan\u00e7os nas a\u00e7\u00f5es para elimina\u00e7\u00e3o das hepatites virais at\u00e9 2030. O\u2026","rel":"","context":"In &quot;Atualidade&quot;","block_context":{"text":"Atualidade","link":"https:\/\/correiodasemana.com\/site\/category\/atualidade\/"},"img":{"alt_text":"","src":"https:\/\/i0.wp.com\/correiodasemana.com\/site\/wp-content\/uploads\/2020\/07\/hepatites-virais.jpg?resize=350%2C200&ssl=1","width":350,"height":200},"classes":[]},{"id":12333,"url":"https:\/\/correiodasemana.com\/site\/voce-sabe-como-se-prevenir-das-hepatites-virais\/","url_meta":{"origin":12341,"position":1},"title":"Voc\u00ea sabe como se prevenir das hepatites virais?","author":"","date":"Julho 29, 2020","format":false,"excerpt":"As hepatites B e C s\u00e3o as mais frequentes e letais no Brasil. Por ser uma doen\u00e7a que n\u00e3o apresenta muitos sintomas, o paciente com hepatite acaba descobrindo a doen\u00e7a j\u00e1 em est\u00e1gio avan\u00e7ado Por aparecerem, na maioria das vezes, de forma silenciosa, as hepatites virais, em especial os tipos\u2026","rel":"","context":"In &quot;Atualidade&quot;","block_context":{"text":"Atualidade","link":"https:\/\/correiodasemana.com\/site\/category\/atualidade\/"},"img":{"alt_text":"","src":"https:\/\/i0.wp.com\/correiodasemana.com\/site\/wp-content\/uploads\/2020\/07\/hepatites-virais-cuidados.png?resize=350%2C200&ssl=1","width":350,"height":200},"classes":[]},{"id":12314,"url":"https:\/\/correiodasemana.com\/site\/saude-divulga-dados-atualizados-sobre-hepatites-no-brasil\/","url_meta":{"origin":12341,"position":2},"title":"Sa\u00fade divulga dados atualizados sobre hepatites no Brasil","author":"","date":"Julho 28, 2020","format":false,"excerpt":"Boletim mostra a\u00e7\u00f5es e prioridades no combate \u00e0 doen\u00e7a Por Ag\u00eancia Brasil - Bras\u00edlia O\u00a0Departamento de Doen\u00e7as de Condi\u00e7\u00f5es Cr\u00f4nicas e Infec\u00e7\u00f5es Sexualmente Transmiss\u00edveis, da secretaria de Vigil\u00e2ncia em Sa\u00fade, do Minist\u00e9rio da Sa\u00fade publica\u00a0hoje (28), Dia Mundial de Luta Contra Hepatites Virais, o boletim epidemiol\u00f3gico de 2020. O caderno\u2026","rel":"","context":"In &quot;Atualidade&quot;","block_context":{"text":"Atualidade","link":"https:\/\/correiodasemana.com\/site\/category\/atualidade\/"},"img":{"alt_text":"","src":"https:\/\/i0.wp.com\/correiodasemana.com\/site\/wp-content\/uploads\/2020\/07\/hepatite.jpg?resize=350%2C200&ssl=1","width":350,"height":200,"srcset":"https:\/\/i0.wp.com\/correiodasemana.com\/site\/wp-content\/uploads\/2020\/07\/hepatite.jpg?resize=350%2C200&ssl=1 1x, https:\/\/i0.wp.com\/correiodasemana.com\/site\/wp-content\/uploads\/2020\/07\/hepatite.jpg?resize=525%2C300&ssl=1 1.5x, https:\/\/i0.wp.com\/correiodasemana.com\/site\/wp-content\/uploads\/2020\/07\/hepatite.jpg?resize=700%2C400&ssl=1 2x, https:\/\/i0.wp.com\/correiodasemana.com\/site\/wp-content\/uploads\/2020\/07\/hepatite.jpg?resize=1050%2C600&ssl=1 3x"},"classes":[]},{"id":8396,"url":"https:\/\/correiodasemana.com\/site\/diagnostico-e-tratamento-precoce-das-hepatites-podem-evitar-cirrose-e-cancer-de-figado\/","url_meta":{"origin":12341,"position":3},"title":"Diagn\u00f3stico e tratamento precoce das Hepatites podem evitar cirrose e c\u00e2ncer de f\u00edgado","author":"","date":"Julho 22, 2019","format":false,"excerpt":"Em Sobral, o Centro de Refer\u00eancia em Infectologia, disponibiliza o apoio e direcionamento necess\u00e1rio para pacientes que descobrem a doen\u00e7a dos tipos B e C Sendo uma doen\u00e7a silenciosa, que nem sempre apresenta sintomas, a hepatite \u00e9 uma inflama\u00e7\u00e3o no f\u00edgado\u00a0causada por v\u00edrus ou pelo\u00a0uso de alguns rem\u00e9dios, \u00e1lcool e\u2026","rel":"","context":"In &quot;Sa\u00fade&quot;","block_context":{"text":"Sa\u00fade","link":"https:\/\/correiodasemana.com\/site\/category\/saude\/"},"img":{"alt_text":"","src":"https:\/\/i0.wp.com\/correiodasemana.com\/site\/wp-content\/uploads\/2019\/07\/40385992681_6267a2cbc7_k.png?resize=350%2C200&ssl=1","width":350,"height":200,"srcset":"https:\/\/i0.wp.com\/correiodasemana.com\/site\/wp-content\/uploads\/2019\/07\/40385992681_6267a2cbc7_k.png?resize=350%2C200&ssl=1 1x, https:\/\/i0.wp.com\/correiodasemana.com\/site\/wp-content\/uploads\/2019\/07\/40385992681_6267a2cbc7_k.png?resize=525%2C300&ssl=1 1.5x, https:\/\/i0.wp.com\/correiodasemana.com\/site\/wp-content\/uploads\/2019\/07\/40385992681_6267a2cbc7_k.png?resize=700%2C400&ssl=1 2x"},"classes":[]},{"id":36784,"url":"https:\/\/correiodasemana.com\/site\/sobral-recebe-certificacoes-nacionais-na-eliminacao-da-transmissao-vertical-da-sifilis-hiv-e-hepatite-b\/","url_meta":{"origin":12341,"position":4},"title":"Sobral recebe certifica\u00e7\u00f5es nacionais na elimina\u00e7\u00e3o da transmiss\u00e3o vertical da S\u00edfilis, HIV e Hepatite B","author":"adminredacao","date":"Dezembro 15, 2025","format":false,"excerpt":"Fonte: Comunica\u00e7\u00e3o da prefeitura de Sobral A Prefeitura de Sobral, por meio da Secretaria da Sa\u00fade, recebeu na quarta-feira (03\/12\/25), em Bras\u00edlia, importantes certifica\u00e7\u00f5es do Minist\u00e9rio da Sa\u00fade pelos avan\u00e7os na elimina\u00e7\u00e3o da transmiss\u00e3o vertical de infec\u00e7\u00f5es. O munic\u00edpio conquistou o Selo Bronze rumo \u00e0 elimina\u00e7\u00e3o da s\u00edfilis, al\u00e9m de\u2026","rel":"","context":"In &quot;Atualidade&quot;","block_context":{"text":"Atualidade","link":"https:\/\/correiodasemana.com\/site\/category\/atualidade\/"},"img":{"alt_text":"","src":"https:\/\/i0.wp.com\/correiodasemana.com\/site\/wp-content\/uploads\/2025\/12\/SAUDE.jpeg?resize=350%2C200&ssl=1","width":350,"height":200,"srcset":"https:\/\/i0.wp.com\/correiodasemana.com\/site\/wp-content\/uploads\/2025\/12\/SAUDE.jpeg?resize=350%2C200&ssl=1 1x, https:\/\/i0.wp.com\/correiodasemana.com\/site\/wp-content\/uploads\/2025\/12\/SAUDE.jpeg?resize=525%2C300&ssl=1 1.5x, https:\/\/i0.wp.com\/correiodasemana.com\/site\/wp-content\/uploads\/2025\/12\/SAUDE.jpeg?resize=700%2C400&ssl=1 2x, https:\/\/i0.wp.com\/correiodasemana.com\/site\/wp-content\/uploads\/2025\/12\/SAUDE.jpeg?resize=1050%2C600&ssl=1 3x"},"classes":[]},{"id":20733,"url":"https:\/\/correiodasemana.com\/site\/a-importancia-do-sistema-unico-de-saude-e-as-vacinas\/","url_meta":{"origin":12341,"position":5},"title":"A Import\u00e2ncia do Sistema \u00danico de Sa\u00fade e as Vacinas","author":"","date":"Agosto 21, 2022","format":false,"excerpt":"O Sistema \u00danico de Sa\u00fade (SUS) do Brasil \u00e9 o \u00fanico sistema de sa\u00fade do mundo gratuito para todos. Somos um pa\u00eds continental e mesmo assim o SUS funciona nos cantos mais long\u00ednquos brasileiros. O Brasil conta com cerca de 44 mil Unidades B\u00e1sicas de Sa\u00fade (postos) que s\u00e3o a\u2026","rel":"","context":"In &quot;Artigos&quot;","block_context":{"text":"Artigos","link":"https:\/\/correiodasemana.com\/site\/category\/artigos\/"},"img":{"alt_text":"","src":"https:\/\/i0.wp.com\/correiodasemana.com\/site\/wp-content\/uploads\/2021\/08\/Salmito-Campos.jpg?resize=350%2C200&ssl=1","width":350,"height":200,"srcset":"https:\/\/i0.wp.com\/correiodasemana.com\/site\/wp-content\/uploads\/2021\/08\/Salmito-Campos.jpg?resize=350%2C200&ssl=1 1x, https:\/\/i0.wp.com\/correiodasemana.com\/site\/wp-content\/uploads\/2021\/08\/Salmito-Campos.jpg?resize=525%2C300&ssl=1 1.5x, https:\/\/i0.wp.com\/correiodasemana.com\/site\/wp-content\/uploads\/2021\/08\/Salmito-Campos.jpg?resize=700%2C400&ssl=1 2x, https:\/\/i0.wp.com\/correiodasemana.com\/site\/wp-content\/uploads\/2021\/08\/Salmito-Campos.jpg?resize=1050%2C600&ssl=1 3x, https:\/\/i0.wp.com\/correiodasemana.com\/site\/wp-content\/uploads\/2021\/08\/Salmito-Campos.jpg?resize=1400%2C800&ssl=1 4x"},"classes":[]}],"jetpack_sharing_enabled":true,"_links":{"self":[{"href":"https:\/\/correiodasemana.com\/site\/wp-json\/wp\/v2\/posts\/12341","targetHints":{"allow":["GET"]}}],"collection":[{"href":"https:\/\/correiodasemana.com\/site\/wp-json\/wp\/v2\/posts"}],"about":[{"href":"https:\/\/correiodasemana.com\/site\/wp-json\/wp\/v2\/types\/post"}],"author":[{"embeddable":true,"href":"https:\/\/correiodasemana.com\/site\/wp-json\/wp\/v2\/users\/1"}],"replies":[{"embeddable":true,"href":"https:\/\/correiodasemana.com\/site\/wp-json\/wp\/v2\/comments?post=12341"}],"version-history":[{"count":2,"href":"https:\/\/correiodasemana.com\/site\/wp-json\/wp\/v2\/posts\/12341\/revisions"}],"predecessor-version":[{"id":12344,"href":"https:\/\/correiodasemana.com\/site\/wp-json\/wp\/v2\/posts\/12341\/revisions\/12344"}],"wp:featuredmedia":[{"embeddable":true,"href":"https:\/\/correiodasemana.com\/site\/wp-json\/wp\/v2\/media\/12342"}],"wp:attachment":[{"href":"https:\/\/correiodasemana.com\/site\/wp-json\/wp\/v2\/media?parent=12341"}],"wp:term":[{"taxonomy":"category","embeddable":true,"href":"https:\/\/correiodasemana.com\/site\/wp-json\/wp\/v2\/categories?post=12341"},{"taxonomy":"post_tag","embeddable":true,"href":"https:\/\/correiodasemana.com\/site\/wp-json\/wp\/v2\/tags?post=12341"}],"curies":[{"name":"wp","href":"https:\/\/api.w.org\/{rel}","templated":true}]}}