{"id":12345,"date":"2020-07-29T12:28:03","date_gmt":"2020-07-29T12:28:03","guid":{"rendered":"https:\/\/correiodasemana.com\/site\/?p=12345"},"modified":"2020-07-29T12:28:03","modified_gmt":"2020-07-29T12:28:03","slug":"bolsonaro-veta-projeto-que-previa-prioridade-a-mulher-chefe-de-familia-no-pagamento-do-auxilio-emergencial","status":"publish","type":"post","link":"https:\/\/correiodasemana.com\/site\/bolsonaro-veta-projeto-que-previa-prioridade-a-mulher-chefe-de-familia-no-pagamento-do-auxilio-emergencial\/","title":{"rendered":"Bolsonaro veta projeto que previa prioridade a mulher chefe de fam\u00edlia no pagamento do aux\u00edlio emergencial"},"content":{"rendered":"<p><strong>Presidente argumentou que projeto n\u00e3o apresenta impacto or\u00e7ament\u00e1rio e financeiro, o que, segundo ele, viola a Constitui\u00e7\u00e3o<\/strong><\/p>\n<p>O presidente\u00a0<a style=\"font-style: inherit;\" href=\"https:\/\/g1.globo.com\/politica\/politico\/jair-bolsonaro\/\"><strong>Jair Bolsonaro<\/strong><\/a>\u00a0vetou integralmente o projeto de lei que\u00a0<a style=\"font-style: inherit;\" href=\"https:\/\/g1.globo.com\/politica\/noticia\/2020\/07\/08\/senado-aprova-prioridade-a-mulher-chefe-de-familia-no-pagamento-do-auxilio-emergencial.ghtml\"><strong>previa a prioridade a mulher chefe de fam\u00edlia no pagamento do aux\u00edlio emergencial<\/strong><\/a>. O projeto tamb\u00e9m estendia a pais solteiros a possibilidade de receberem duas cotas do aux\u00edlio em tr\u00eas presta\u00e7\u00f5es.<\/p>\n<p data-track-category=\"Link no Texto\" data-track-links=\"\">O veto foi publicado na edi\u00e7\u00e3o do &#8220;Di\u00e1rio Oficial da Uni\u00e3o&#8221; (DOU), que saiu na madrugada desta quarta-feira (29).<\/p>\n<p data-track-category=\"Link no Texto\" data-track-links=\"\">Para justificar o veto, o presidente argumentou que o projeto n\u00e3o apresenta impacto or\u00e7ament\u00e1rio e financeiro, o que, segundo ele, viola a Constitui\u00e7\u00e3o. \u201cAdemais, o projeto se torna invi\u00e1vel ante a inexist\u00eancia nas ferramentas e instrumentos de processamento de dados, que geram a folha de pagamento do aux\u00edlio emergencial, de dados relacionados a quem possui efetivamente a guarda da crian\u00e7a\u201d.<\/p>\n<p data-track-category=\"Link no Texto\" data-track-links=\"\">O\u00a0<a style=\"font-style: inherit;\" href=\"https:\/\/g1.globo.com\/politica\/noticia\/2020\/07\/08\/senado-aprova-prioridade-a-mulher-chefe-de-familia-no-pagamento-do-auxilio-emergencial.ghtml\"><strong>Senado aprovou o projeto no dia 8 de julho<\/strong><\/a>. O projeto dava prioridade \u00e0 mulher chefe de fam\u00edlia no pagamento do aux\u00edlio emergencial quando houver informa\u00e7\u00f5es conflitantes nos dados cadastrais.<\/p>\n<p data-track-category=\"Link no Texto\" data-track-links=\"\">O projeto tamb\u00e9m estendia a pais solteiros a possibilidade de receberem duas cotas do aux\u00edlio em tr\u00eas presta\u00e7\u00f5es .<\/p>\n<p data-track-category=\"Link no Texto\" data-track-links=\"\">A lei do aux\u00edlio emergencial prev\u00ea que o benef\u00edcio de R$ 600 deve ser pago em dobro \u2013 isto \u00e9, R$ 1,2 mil \u2013 a m\u00e3es que criam sozinhas os filhos. No entanto, mulheres relataram que o CPF de seus filhos t\u00eam sido utilizado por outras pessoas, muitas vezes o pai das crian\u00e7as, para acesso ao benef\u00edcio.<\/p>\n<p data-track-category=\"Link no Texto\" data-track-links=\"\">Para barrar as irregularidades, o texto previa, entre outros pontos, que a informa\u00e7\u00e3o dada pela mulher deve ser priorizada, ainda que tenha sido feita posteriormente ao cadastro de outra pessoa, como o pai dos filhos.<\/p>\n<p data-track-category=\"Link no Texto\" data-track-links=\"\">Pela proposta, o pai que se sentir prejudicado poderia relatar o problema na plataforma digital para o requerimento do benef\u00edcio. Enquanto a situa\u00e7\u00e3o \u00e9 apurada, ele poderia receber o aux\u00edlio de R$ 600, mesmo que em duplicidade com a m\u00e3e.<\/p>\n<p data-track-category=\"Link no Texto\" data-track-links=\"\">Ainda segundo o texto, os pagamentos feitos indevidamente ou em duplicidade devido a informa\u00e7\u00f5es falsas dever\u00e3o ser devolvidos pelo fraudador.<\/p>\n<p>Fonte: G1<\/p>\n<p>&nbsp;<\/p>\n","protected":false},"excerpt":{"rendered":"<p>Presidente argumentou que projeto n\u00e3o apresenta impacto or\u00e7ament\u00e1rio e financeiro, o que, segundo ele, viola&#8230;<\/p>\n","protected":false},"author":1,"featured_media":12346,"comment_status":"open","ping_status":"open","sticky":false,"template":"","format":"standard","meta":{"_jetpack_memberships_contains_paid_content":false,"footnotes":"","jetpack_publicize_message":"","jetpack_publicize_feature_enabled":true,"jetpack_social_post_already_shared":true,"jetpack_social_options":{"image_generator_settings":{"template":"highway","default_image_id":0,"font":"","enabled":false},"version":2}},"categories":[1],"tags":[],"class_list":["post-12345","post","type-post","status-publish","format-standard","has-post-thumbnail","hentry","category-atualidade"],"jetpack_publicize_connections":[],"jetpack_featured_media_url":"https:\/\/correiodasemana.com\/site\/wp-content\/uploads\/2020\/07\/auxilio-emergencial-caixa-1592266093900_v2_900x506-750x370-1.jpg","jetpack-related-posts":[{"id":13005,"url":"https:\/\/correiodasemana.com\/site\/bolsonaro-fala-em-estender-auxilio-emergencial-ate-o-final-do-ano\/","url_meta":{"origin":12345,"position":0},"title":"Bolsonaro fala em estender aux\u00edlio emergencial at\u00e9 o final do ano","author":"","date":"Agosto 20, 2020","format":false,"excerpt":"Programa atende 66,4 milh\u00f5es de pessoas no pa\u00eds O presidente Jair Bolsonaro afirmou nesta\u00a0quarta-feira (19) que o aux\u00edlio emergencial deve ser prorrogado por mais alguns meses, podendo ser estendido at\u00e9 o final do ano. A declara\u00e7\u00e3o foi dada durante cerim\u00f4nia, no Pal\u00e1cio do Planalto, em que o presidente sancionou duas\u2026","rel":"","context":"In &quot;Atualidade&quot;","block_context":{"text":"Atualidade","link":"https:\/\/correiodasemana.com\/site\/category\/atualidade\/"},"img":{"alt_text":"","src":"https:\/\/i0.wp.com\/correiodasemana.com\/site\/wp-content\/uploads\/2020\/08\/19082020-solenidade-de-sano-de-medidas-provisrias-de-facilitao-de-acesso-ao-crdito_50245945996_o.jpg?resize=350%2C200&ssl=1","width":350,"height":200,"srcset":"https:\/\/i0.wp.com\/correiodasemana.com\/site\/wp-content\/uploads\/2020\/08\/19082020-solenidade-de-sano-de-medidas-provisrias-de-facilitao-de-acesso-ao-crdito_50245945996_o.jpg?resize=350%2C200&ssl=1 1x, https:\/\/i0.wp.com\/correiodasemana.com\/site\/wp-content\/uploads\/2020\/08\/19082020-solenidade-de-sano-de-medidas-provisrias-de-facilitao-de-acesso-ao-crdito_50245945996_o.jpg?resize=525%2C300&ssl=1 1.5x, https:\/\/i0.wp.com\/correiodasemana.com\/site\/wp-content\/uploads\/2020\/08\/19082020-solenidade-de-sano-de-medidas-provisrias-de-facilitao-de-acesso-ao-crdito_50245945996_o.jpg?resize=700%2C400&ssl=1 2x, https:\/\/i0.wp.com\/correiodasemana.com\/site\/wp-content\/uploads\/2020\/08\/19082020-solenidade-de-sano-de-medidas-provisrias-de-facilitao-de-acesso-ao-crdito_50245945996_o.jpg?resize=1050%2C600&ssl=1 3x"},"classes":[]},{"id":13479,"url":"https:\/\/correiodasemana.com\/site\/bolsonaro-veta-parte-do-perdao-a-dividas-tributarias-de-igrejas\/","url_meta":{"origin":12345,"position":1},"title":"Bolsonaro veta parte do perd\u00e3o a d\u00edvidas tribut\u00e1rias de igrejas","author":"","date":"Setembro 14, 2020","format":false,"excerpt":"Minist\u00e9rio da Economia pediu veto e indicou que templos t\u00eam, por exemplo, R$ 868 milh\u00f5es em d\u00edvidas com a previd\u00eancia. Em rede social, Bolsonaro defendeu que Congresso derrube o veto. O presidente\u00a0Jair Bolsonaro\u00a0decidiu vetar, parcialmente, uma proposta aprovada no Congresso que perdoava d\u00edvidas tribut\u00e1rias de igrejas. A lei foi\u00a0publicada na\u2026","rel":"","context":"In &quot;Atualidade&quot;","block_context":{"text":"Atualidade","link":"https:\/\/correiodasemana.com\/site\/category\/atualidade\/"},"img":{"alt_text":"","src":"https:\/\/i0.wp.com\/correiodasemana.com\/site\/wp-content\/uploads\/2020\/09\/750_jair-bolsonaro-veto-dividas-igrejas_20209147712602.jpg?resize=350%2C200&ssl=1","width":350,"height":200,"srcset":"https:\/\/i0.wp.com\/correiodasemana.com\/site\/wp-content\/uploads\/2020\/09\/750_jair-bolsonaro-veto-dividas-igrejas_20209147712602.jpg?resize=350%2C200&ssl=1 1x, https:\/\/i0.wp.com\/correiodasemana.com\/site\/wp-content\/uploads\/2020\/09\/750_jair-bolsonaro-veto-dividas-igrejas_20209147712602.jpg?resize=525%2C300&ssl=1 1.5x, https:\/\/i0.wp.com\/correiodasemana.com\/site\/wp-content\/uploads\/2020\/09\/750_jair-bolsonaro-veto-dividas-igrejas_20209147712602.jpg?resize=700%2C400&ssl=1 2x"},"classes":[]},{"id":15360,"url":"https:\/\/correiodasemana.com\/site\/bolsonaro-sanciona-texto-da-casa-verde-e-amarela\/","url_meta":{"origin":12345,"position":2},"title":"Bolsonaro sanciona texto da Casa Verde e Amarela","author":"","date":"Janeiro 13, 2021","format":false,"excerpt":"O presidente Jair Bolsonaro\u00a0sancionou nesta quarta-feira (13) a Lei 14.118, que institui a Casa Verde e Amarela, programa substituto do \"Minha Casa, Minha Vida\". O texto foi publicado na edi\u00e7\u00e3o do\u00a0Di\u00e1rio Oficial da Uni\u00e3o\u00a0de hoje. A lei passa a prever subven\u00e7\u00f5es econ\u00f4micas para quem buscar moradias em \u00e1reas urbanas e\u2026","rel":"","context":"In &quot;Atualidade&quot;","block_context":{"text":"Atualidade","link":"https:\/\/correiodasemana.com\/site\/category\/atualidade\/"},"img":{"alt_text":"","src":"https:\/\/i0.wp.com\/correiodasemana.com\/site\/wp-content\/uploads\/2021\/01\/WhatsApp-Image-2020-10-16-at-12.47.41-1.jpeg?resize=350%2C200&ssl=1","width":350,"height":200,"srcset":"https:\/\/i0.wp.com\/correiodasemana.com\/site\/wp-content\/uploads\/2021\/01\/WhatsApp-Image-2020-10-16-at-12.47.41-1.jpeg?resize=350%2C200&ssl=1 1x, https:\/\/i0.wp.com\/correiodasemana.com\/site\/wp-content\/uploads\/2021\/01\/WhatsApp-Image-2020-10-16-at-12.47.41-1.jpeg?resize=525%2C300&ssl=1 1.5x"},"classes":[]},{"id":11923,"url":"https:\/\/correiodasemana.com\/site\/davi-acusa-bolsonaro-de-descumprir-acordo-e-ameaca-derrubar-veto-em-lei-do-saneamento\/","url_meta":{"origin":12345,"position":3},"title":"Davi acusa Bolsonaro de descumprir acordo e amea\u00e7a derrubar veto em lei do saneamento","author":"","date":"Julho 16, 2020","format":false,"excerpt":"O presidente do Senado, Davi Alcolumbre (DEM-AP), se manifestou na sess\u00e3o desta quarta-feira (15) contra o\u00a0veto\u00a0do presidente Jair Bolsonaro a um trecho da lei que instaura o novo marco do saneamento b\u00e1sico. A nova lei\u00a0 facilita a entrada de empresas privadas no mercado de saneamento b\u00e1sico. O chefe do Poder\u2026","rel":"","context":"In &quot;Atualidade&quot;","block_context":{"text":"Atualidade","link":"https:\/\/correiodasemana.com\/site\/category\/atualidade\/"},"img":{"alt_text":"","src":"https:\/\/i0.wp.com\/correiodasemana.com\/site\/wp-content\/uploads\/2020\/07\/49919825801_7cbcab5941_c-e1590694286502-517x430-1.jpg?resize=350%2C200&ssl=1","width":350,"height":200},"classes":[]},{"id":17708,"url":"https:\/\/correiodasemana.com\/site\/governo-do-ceara-ira-distribuir-gratuitamente-absorventes-ainda-em-2021-mesmo-apos-veto-de-bolsonaro\/","url_meta":{"origin":12345,"position":4},"title":"Governo do Cear\u00e1 ir\u00e1 distribuir gratuitamente absorventes ainda em 2021, mesmo ap\u00f3s veto de Bolsonaro","author":"","date":"Outubro 10, 2021","format":false,"excerpt":"Por Samuel Carvalho Reda\u00e7\u00e3o Correio da Semana o Governo do Cear\u00e1 refor\u00e7ou o compromisso com lei sancionada em julho em raz\u00e3o do combate \u00e0 pobreza menstrual ao garantir a distribui\u00e7\u00e3o gratuita de absorventes para estudantes matriculadas nas escolas da rede estadual de ensino no mesmo dia em que o presidente\u2026","rel":"","context":"In &quot;Atualidade&quot;","block_context":{"text":"Atualidade","link":"https:\/\/correiodasemana.com\/site\/category\/atualidade\/"},"img":{"alt_text":"","src":"https:\/\/i0.wp.com\/correiodasemana.com\/site\/wp-content\/uploads\/2021\/10\/whatsapp-image-2021-06-22-at-20.50.49-1-.jpeg?resize=350%2C200&ssl=1","width":350,"height":200,"srcset":"https:\/\/i0.wp.com\/correiodasemana.com\/site\/wp-content\/uploads\/2021\/10\/whatsapp-image-2021-06-22-at-20.50.49-1-.jpeg?resize=350%2C200&ssl=1 1x, https:\/\/i0.wp.com\/correiodasemana.com\/site\/wp-content\/uploads\/2021\/10\/whatsapp-image-2021-06-22-at-20.50.49-1-.jpeg?resize=525%2C300&ssl=1 1.5x, https:\/\/i0.wp.com\/correiodasemana.com\/site\/wp-content\/uploads\/2021\/10\/whatsapp-image-2021-06-22-at-20.50.49-1-.jpeg?resize=700%2C400&ssl=1 2x"},"classes":[]},{"id":24344,"url":"https:\/\/correiodasemana.com\/site\/congresso-aprova-projeto-que-viabiliza-pagamento-do-piso-de-enfermagem\/","url_meta":{"origin":12345,"position":5},"title":"Congresso aprova projeto que viabiliza pagamento do piso de enfermagem","author":"","date":"Abril 27, 2023","format":false,"excerpt":"O Congresso Nacional aprovou nesta quarta-feira, 26 de abril, na primeira sess\u00e3o conjunta entre deputados e senadores, o projeto que abre cr\u00e9dito de R$ 7,3 bilh\u00f5es para viabilizar o pagamento do piso salarial de enfermeiros, t\u00e9cnicos de enfermagem, auxiliares de enfermagem e parteiras - a proposta foi aprovada na Comiss\u00e3o\u2026","rel":"","context":"In &quot;Atualidade&quot;","block_context":{"text":"Atualidade","link":"https:\/\/correiodasemana.com\/site\/category\/atualidade\/"},"img":{"alt_text":"","src":"https:\/\/i0.wp.com\/correiodasemana.com\/site\/wp-content\/uploads\/2023\/04\/enfermagem-enfermeiros-piso-nacional-da-enfermagem-planos-de-saude-saude-1664975105343_v2_900x506.jpg?resize=350%2C200&ssl=1","width":350,"height":200,"srcset":"https:\/\/i0.wp.com\/correiodasemana.com\/site\/wp-content\/uploads\/2023\/04\/enfermagem-enfermeiros-piso-nacional-da-enfermagem-planos-de-saude-saude-1664975105343_v2_900x506.jpg?resize=350%2C200&ssl=1 1x, https:\/\/i0.wp.com\/correiodasemana.com\/site\/wp-content\/uploads\/2023\/04\/enfermagem-enfermeiros-piso-nacional-da-enfermagem-planos-de-saude-saude-1664975105343_v2_900x506.jpg?resize=525%2C300&ssl=1 1.5x, https:\/\/i0.wp.com\/correiodasemana.com\/site\/wp-content\/uploads\/2023\/04\/enfermagem-enfermeiros-piso-nacional-da-enfermagem-planos-de-saude-saude-1664975105343_v2_900x506.jpg?resize=700%2C400&ssl=1 2x"},"classes":[]}],"jetpack_sharing_enabled":true,"_links":{"self":[{"href":"https:\/\/correiodasemana.com\/site\/wp-json\/wp\/v2\/posts\/12345","targetHints":{"allow":["GET"]}}],"collection":[{"href":"https:\/\/correiodasemana.com\/site\/wp-json\/wp\/v2\/posts"}],"about":[{"href":"https:\/\/correiodasemana.com\/site\/wp-json\/wp\/v2\/types\/post"}],"author":[{"embeddable":true,"href":"https:\/\/correiodasemana.com\/site\/wp-json\/wp\/v2\/users\/1"}],"replies":[{"embeddable":true,"href":"https:\/\/correiodasemana.com\/site\/wp-json\/wp\/v2\/comments?post=12345"}],"version-history":[{"count":2,"href":"https:\/\/correiodasemana.com\/site\/wp-json\/wp\/v2\/posts\/12345\/revisions"}],"predecessor-version":[{"id":12348,"href":"https:\/\/correiodasemana.com\/site\/wp-json\/wp\/v2\/posts\/12345\/revisions\/12348"}],"wp:featuredmedia":[{"embeddable":true,"href":"https:\/\/correiodasemana.com\/site\/wp-json\/wp\/v2\/media\/12346"}],"wp:attachment":[{"href":"https:\/\/correiodasemana.com\/site\/wp-json\/wp\/v2\/media?parent=12345"}],"wp:term":[{"taxonomy":"category","embeddable":true,"href":"https:\/\/correiodasemana.com\/site\/wp-json\/wp\/v2\/categories?post=12345"},{"taxonomy":"post_tag","embeddable":true,"href":"https:\/\/correiodasemana.com\/site\/wp-json\/wp\/v2\/tags?post=12345"}],"curies":[{"name":"wp","href":"https:\/\/api.w.org\/{rel}","templated":true}]}}