{"id":12354,"date":"2020-07-29T13:18:30","date_gmt":"2020-07-29T13:18:30","guid":{"rendered":"https:\/\/correiodasemana.com\/site\/?p=12354"},"modified":"2020-07-29T13:18:30","modified_gmt":"2020-07-29T13:18:30","slug":"prefeito-ivo-gomes-concede-comenda-de-honra-ao-merito-a-guardas-municipais-que-preservaram-vida-de-sobralense","status":"publish","type":"post","link":"https:\/\/correiodasemana.com\/site\/prefeito-ivo-gomes-concede-comenda-de-honra-ao-merito-a-guardas-municipais-que-preservaram-vida-de-sobralense\/","title":{"rendered":"Prefeito Ivo Gomes concede comenda de honra ao m\u00e9rito a guardas municipais que preservaram vida de sobralense"},"content":{"rendered":"<p style=\"margin-top: 0cm; text-align: justify; background: white;\"><span style=\"font-family: 'Arial','sans-serif';\">O prefeito Ivo Gomes entregou, na tarde desta ter\u00e7a-feira (28\/07), comendas de honra ao m\u00e9rito aos agentes da Guarda Civil Municipal de Sobral (GCMS) que participaram da a\u00e7\u00e3o que resultou na interven\u00e7\u00e3o em uma situa\u00e7\u00e3o na qual um cidad\u00e3o sobralense amea\u00e7ava tentar contra a pr\u00f3pria vida, no dia 11 de julho.<\/span><\/p>\n<p style=\"margin-top: 0cm; text-align: justify; background: white; box-sizing: border-box; margin-bottom: 1rem; font-variant-ligatures: normal; font-variant-caps: normal; orphans: 2; widows: 2; -webkit-text-stroke-width: 0px; text-decoration-style: initial; text-decoration-color: initial; word-spacing: 0px;\"><span style=\"font-family: 'Arial','sans-serif';\">A opera\u00e7\u00e3o contou com 15 guardas que atuaram desde o isolamento da \u00e1rea at\u00e9 a abordagem e conversa com o cidad\u00e3o, um homem de 39 anos que afirmou passar por momentos dif\u00edceis na vida pessoal e profissional.<\/span><\/p>\n<p style=\"margin-top: 0cm; text-align: justify; background: white; box-sizing: border-box; margin-bottom: 1rem; font-variant-ligatures: normal; font-variant-caps: normal; orphans: 2; widows: 2; -webkit-text-stroke-width: 0px; text-decoration-style: initial; text-decoration-color: initial; word-spacing: 0px;\"><em style=\"box-sizing: border-box;\"><span style=\"font-family: 'Arial','sans-serif';\">&#8220;Na verdade, essa solenidade deveria acontecer l\u00e1 na Pra\u00e7a S\u00e3o Jo\u00e3o, com muita festa, para celebrar as vidas que voc\u00eas est\u00e3o salvando durante a pandemia&#8221;<\/span><\/em><span style=\"font-family: 'Arial','sans-serif';\">, iniciou o prefeito Ivo Gomes, exaltando o servi\u00e7o dos profissionais que tamb\u00e9m atuam na linha de frente no combate ao coronav\u00edrus.<\/span><\/p>\n<p style=\"margin-top: 0cm; text-align: justify; background: white; box-sizing: border-box; margin-bottom: 1rem; font-variant-ligatures: normal; font-variant-caps: normal; orphans: 2; widows: 2; -webkit-text-stroke-width: 0px; text-decoration-style: initial; text-decoration-color: initial; word-spacing: 0px;\"><em style=\"box-sizing: border-box;\"><span style=\"font-family: 'Arial','sans-serif';\">&#8220;Minhas primeiras palavras s\u00e3o de agradecimento \u00e0 Guarda Municipal como um todo. Os meus mais sinceros agradecimentos pela for\u00e7a, coragem, discernimento, intelig\u00eancia e, fundamentalmente, pelo carinho ao ser humano, ao impedir que um sobralense tirasse a pr\u00f3pria vida. Eu n\u00e3o acho que esse tipo de postura deve passar despercebido&#8221;<\/span><\/em><span style=\"font-family: 'Arial','sans-serif';\">, pontuou Ivo Gomes.<\/span><\/p>\n<p style=\"margin-top: 0cm; text-align: justify; background: white; box-sizing: border-box; margin-bottom: 1rem; font-variant-ligatures: normal; font-variant-caps: normal; orphans: 2; widows: 2; -webkit-text-stroke-width: 0px; text-decoration-style: initial; text-decoration-color: initial; word-spacing: 0px;\"><span style=\"font-family: 'Arial','sans-serif';\">O guarda Paulo Cesar Teixeira, um dos respons\u00e1veis pela abordagem, afirmou que o momento foi in\u00e9dito em seu tempo de servi\u00e7o p\u00fablico.\u00a0<em style=\"box-sizing: border-box;\">&#8220;Foi muito marcante. Estava ali o agente de seguran\u00e7a, mas ao mesmo tempo estava o homem, o ser humano, pai de fam\u00edlia, assim como ele [a v\u00edtima]. Isso \u00e9 tamb\u00e9m um alerta para que possamos prestar mais aten\u00e7\u00e3o ao nosso irm\u00e3o, nosso amigo, nosso colega. As pessoas podem estar passando por uma situa\u00e7\u00e3o dif\u00edcil, um quadro de depress\u00e3o, e muitas vezes n\u00f3s n\u00e3o sabemos porque n\u00e3o temos tempo de sentar e conversar&#8221;<\/em>.<\/span><\/p>\n<figure id=\"attachment_12356\" aria-describedby=\"caption-attachment-12356\" style=\"width: 851px\" class=\"wp-caption alignleft\"><img fetchpriority=\"high\" decoding=\"async\" class=\"size-full wp-image-12356\" src=\"https:\/\/correiodasemana.com\/site\/wp-content\/uploads\/2020\/07\/guarda-sobral-capa.jpg\" alt=\"\" width=\"851\" height=\"630\" srcset=\"https:\/\/correiodasemana.com\/site\/wp-content\/uploads\/2020\/07\/guarda-sobral-capa.jpg 851w, https:\/\/correiodasemana.com\/site\/wp-content\/uploads\/2020\/07\/guarda-sobral-capa-300x222.jpg 300w, https:\/\/correiodasemana.com\/site\/wp-content\/uploads\/2020\/07\/guarda-sobral-capa-768x569.jpg 768w\" sizes=\"(max-width: 851px) 100vw, 851px\" \/><figcaption id=\"caption-attachment-12356\" class=\"wp-caption-text\">Guarda Paulo Cesar Teixeira, no momento da abordagem, \/Foto: Arquivo Guarda Municipal de Sobral.<\/figcaption><\/figure>\n<p style=\"margin-top: 0cm; text-align: justify; background: white; box-sizing: border-box; margin-bottom: 1rem; font-variant-ligatures: normal; font-variant-caps: normal; orphans: 2; widows: 2; -webkit-text-stroke-width: 0px; text-decoration-style: initial; text-decoration-color: initial; word-spacing: 0px;\"><span style=\"font-family: 'Arial','sans-serif';\">Al\u00e9m dos guardas, a cerim\u00f4nia contou com a presen\u00e7a do secret\u00e1rio da Seguran\u00e7a e Cidadania, Erl\u00e2nio Matoso; da comandante da GCMS, Simone Machado; e da subinspetora Juliana Gon\u00e7alves, gerente da c\u00e9lula administrativa da GCMS.<\/span><\/p>\n<p>Fonte: Assessoria de Imprensa da Prefeitura de Sobral<\/p>\n","protected":false},"excerpt":{"rendered":"<p>O prefeito Ivo Gomes entregou, na tarde desta ter\u00e7a-feira (28\/07), comendas de honra ao m\u00e9rito&#8230;<\/p>\n","protected":false},"author":1,"featured_media":12355,"comment_status":"open","ping_status":"open","sticky":false,"template":"","format":"standard","meta":{"_jetpack_memberships_contains_paid_content":false,"footnotes":"","jetpack_publicize_message":"","jetpack_publicize_feature_enabled":true,"jetpack_social_post_already_shared":true,"jetpack_social_options":{"image_generator_settings":{"template":"highway","default_image_id":0,"font":"","enabled":false},"version":2}},"categories":[1],"tags":[],"class_list":["post-12354","post","type-post","status-publish","format-standard","has-post-thumbnail","hentry","category-atualidade"],"jetpack_publicize_connections":[],"jetpack_featured_media_url":"https:\/\/correiodasemana.com\/site\/wp-content\/uploads\/2020\/07\/guardas-municipais.jpeg","jetpack-related-posts":[{"id":35348,"url":"https:\/\/correiodasemana.com\/site\/becco-ponto-com-228\/","url_meta":{"origin":12354,"position":0},"title":"BECCO PONTO.COM","author":"adminredacao","date":"Agosto 25, 2025","format":false,"excerpt":"LIVRAI-NOS, SENHOR! Do efeito taxa do lixo, pune contas de Ivo Gomes. Da l\u00edngua afiada de Ciro \u201cl\u00edngua ferina\u201d Gomes. Da briguinha de raque dos \u201clos manos\u201d, Cid e Ciro. Do Lula, caducando no poder. Um sucata do pt. Das ruas abarrotadas de camel\u00f4s at\u00e9 no Becco. De uma trai\u00e7\u00e3o\u2026","rel":"","context":"In &quot;Artigos&quot;","block_context":{"text":"Artigos","link":"https:\/\/correiodasemana.com\/site\/category\/artigos\/"},"img":{"alt_text":"","src":"https:\/\/i0.wp.com\/correiodasemana.com\/site\/wp-content\/uploads\/2021\/09\/Dr-Chico-Prado-Trofeu-Dom-Jose-1.jpg?resize=350%2C200&ssl=1","width":350,"height":200,"srcset":"https:\/\/i0.wp.com\/correiodasemana.com\/site\/wp-content\/uploads\/2021\/09\/Dr-Chico-Prado-Trofeu-Dom-Jose-1.jpg?resize=350%2C200&ssl=1 1x, https:\/\/i0.wp.com\/correiodasemana.com\/site\/wp-content\/uploads\/2021\/09\/Dr-Chico-Prado-Trofeu-Dom-Jose-1.jpg?resize=525%2C300&ssl=1 1.5x, https:\/\/i0.wp.com\/correiodasemana.com\/site\/wp-content\/uploads\/2021\/09\/Dr-Chico-Prado-Trofeu-Dom-Jose-1.jpg?resize=700%2C400&ssl=1 2x, https:\/\/i0.wp.com\/correiodasemana.com\/site\/wp-content\/uploads\/2021\/09\/Dr-Chico-Prado-Trofeu-Dom-Jose-1.jpg?resize=1050%2C600&ssl=1 3x, https:\/\/i0.wp.com\/correiodasemana.com\/site\/wp-content\/uploads\/2021\/09\/Dr-Chico-Prado-Trofeu-Dom-Jose-1.jpg?resize=1400%2C800&ssl=1 4x"},"classes":[]},{"id":38230,"url":"https:\/\/correiodasemana.com\/site\/becco-ponto-com-256\/","url_meta":{"origin":12354,"position":1},"title":"Becco ponto Com","author":"adminredacao","date":"Abril 19, 2026","format":false,"excerpt":"LIVRAI-NOS, SENHOR! Dos puxa-sacos de plant\u00e3o, ainda por amor, ufa! Da invas\u00e3o de ritmos pisadeiros no Nordeste, ui! Das C\u00e2maras t\u00e3o camaradas, dando seus botes. Do Caf\u00e9 Jaibaras, sair do Becco, um dia. Ai, Sobral! Das pesquisas fajutas pagas, por pol\u00edticos no Cear\u00e1. Da ida de \u201cCiro boca doce\u201d para\u2026","rel":"","context":"In &quot;Becco Ponto Com&quot;","block_context":{"text":"Becco Ponto Com","link":"https:\/\/correiodasemana.com\/site\/category\/becco-ponto-com\/"},"img":{"alt_text":"","src":"https:\/\/i0.wp.com\/correiodasemana.com\/site\/wp-content\/uploads\/2021\/09\/Dr-Chico-Prado-Trofeu-Dom-Jose-1-1.jpg?resize=350%2C200&ssl=1","width":350,"height":200,"srcset":"https:\/\/i0.wp.com\/correiodasemana.com\/site\/wp-content\/uploads\/2021\/09\/Dr-Chico-Prado-Trofeu-Dom-Jose-1-1.jpg?resize=350%2C200&ssl=1 1x, https:\/\/i0.wp.com\/correiodasemana.com\/site\/wp-content\/uploads\/2021\/09\/Dr-Chico-Prado-Trofeu-Dom-Jose-1-1.jpg?resize=525%2C300&ssl=1 1.5x, https:\/\/i0.wp.com\/correiodasemana.com\/site\/wp-content\/uploads\/2021\/09\/Dr-Chico-Prado-Trofeu-Dom-Jose-1-1.jpg?resize=700%2C400&ssl=1 2x"},"classes":[]},{"id":33962,"url":"https:\/\/correiodasemana.com\/site\/becco-ponto-com-215\/","url_meta":{"origin":12354,"position":2},"title":"Becco ponto Com","author":"adminredacao","date":"Junho 3, 2025","format":false,"excerpt":"LIVRAI-NOS, SENHOR! Da galera do r\u00e1dio se digladiando, ufa, Sobral! Do Elmano cano no povo voltar no governo, ui! Das patadas do Ciro no \u201cCamilinho\u201d do Cid, ufa! Das faculdades modernas vendendo t\u00edtulos. Do modismo crian\u00e7as os bonecos de silicone. Dos nossos dois times em brigas de torcidas Da pol\u00edtica\u2026","rel":"","context":"In &quot;Artigos&quot;","block_context":{"text":"Artigos","link":"https:\/\/correiodasemana.com\/site\/category\/artigos\/"},"img":{"alt_text":"","src":"https:\/\/i0.wp.com\/correiodasemana.com\/site\/wp-content\/uploads\/2021\/09\/Dr-Chico-Prado-Trofeu-Dom-Jose-1-1.jpg?resize=350%2C200&ssl=1","width":350,"height":200,"srcset":"https:\/\/i0.wp.com\/correiodasemana.com\/site\/wp-content\/uploads\/2021\/09\/Dr-Chico-Prado-Trofeu-Dom-Jose-1-1.jpg?resize=350%2C200&ssl=1 1x, https:\/\/i0.wp.com\/correiodasemana.com\/site\/wp-content\/uploads\/2021\/09\/Dr-Chico-Prado-Trofeu-Dom-Jose-1-1.jpg?resize=525%2C300&ssl=1 1.5x, https:\/\/i0.wp.com\/correiodasemana.com\/site\/wp-content\/uploads\/2021\/09\/Dr-Chico-Prado-Trofeu-Dom-Jose-1-1.jpg?resize=700%2C400&ssl=1 2x"},"classes":[]},{"id":8573,"url":"https:\/\/correiodasemana.com\/site\/becco-ponto-com-5\/","url_meta":{"origin":12354,"position":3},"title":"Becco ponto Com","author":"","date":"Agosto 6, 2019","format":false,"excerpt":"livrai-nos, senhor! do ataque plural ao r\u00e1dio sobralense. da a\u00e7\u00e3o nordestina da Para\u00edba ao mito. da invas\u00e3o dos guardas sem educa\u00e7\u00e3o. da globo com suas novelas indecentes. do puxa-saquismo visando o pleito 2020. da ruma de analfas sair pelas beiradas. das campanhas do conselho tutelar, ui! do guarany fazendo pol\u00edtica\u2026","rel":"","context":"In &quot;Artigos&quot;","block_context":{"text":"Artigos","link":"https:\/\/correiodasemana.com\/site\/category\/artigos\/"},"img":{"alt_text":"","src":"https:\/\/i0.wp.com\/correiodasemana.com\/site\/wp-content\/uploads\/2019\/08\/Vereador-Jos%C3%A9-Itamar-Ribeiro.jpg?resize=350%2C200&ssl=1","width":350,"height":200,"srcset":"https:\/\/i0.wp.com\/correiodasemana.com\/site\/wp-content\/uploads\/2019\/08\/Vereador-Jos%C3%A9-Itamar-Ribeiro.jpg?resize=350%2C200&ssl=1 1x, https:\/\/i0.wp.com\/correiodasemana.com\/site\/wp-content\/uploads\/2019\/08\/Vereador-Jos%C3%A9-Itamar-Ribeiro.jpg?resize=525%2C300&ssl=1 1.5x, https:\/\/i0.wp.com\/correiodasemana.com\/site\/wp-content\/uploads\/2019\/08\/Vereador-Jos%C3%A9-Itamar-Ribeiro.jpg?resize=700%2C400&ssl=1 2x, https:\/\/i0.wp.com\/correiodasemana.com\/site\/wp-content\/uploads\/2019\/08\/Vereador-Jos%C3%A9-Itamar-Ribeiro.jpg?resize=1050%2C600&ssl=1 3x, https:\/\/i0.wp.com\/correiodasemana.com\/site\/wp-content\/uploads\/2019\/08\/Vereador-Jos%C3%A9-Itamar-Ribeiro.jpg?resize=1400%2C800&ssl=1 4x"},"classes":[]},{"id":35481,"url":"https:\/\/correiodasemana.com\/site\/becco-ponto-com-230\/","url_meta":{"origin":12354,"position":4},"title":"BECCO PONTO.COM","author":"adminredacao","date":"Setembro 8, 2025","format":false,"excerpt":"LIVRAI-NOS SENHOR! Da corrup\u00e7\u00e3o correndo solta na pol\u00edtica, ufa! Da criminalidade varrendo o Estado na droga. Das faculdades pagas formando o sem futuro. Dos acordos pol\u00edticos esp\u00farios via elei\u00e7\u00f5es 2026. Do cai e n\u00e3o cai das contas de Ivo Gomes, j\u00e1, j\u00e1. Da pris\u00e3o do Bolsonaro, em um pa\u00eds amarelo.\u2026","rel":"","context":"In &quot;Artigos&quot;","block_context":{"text":"Artigos","link":"https:\/\/correiodasemana.com\/site\/category\/artigos\/"},"img":{"alt_text":"","src":"https:\/\/i0.wp.com\/correiodasemana.com\/site\/wp-content\/uploads\/2021\/09\/Dr-Chico-Prado-Trofeu-Dom-Jose-1.jpg?resize=350%2C200&ssl=1","width":350,"height":200,"srcset":"https:\/\/i0.wp.com\/correiodasemana.com\/site\/wp-content\/uploads\/2021\/09\/Dr-Chico-Prado-Trofeu-Dom-Jose-1.jpg?resize=350%2C200&ssl=1 1x, https:\/\/i0.wp.com\/correiodasemana.com\/site\/wp-content\/uploads\/2021\/09\/Dr-Chico-Prado-Trofeu-Dom-Jose-1.jpg?resize=525%2C300&ssl=1 1.5x, https:\/\/i0.wp.com\/correiodasemana.com\/site\/wp-content\/uploads\/2021\/09\/Dr-Chico-Prado-Trofeu-Dom-Jose-1.jpg?resize=700%2C400&ssl=1 2x, https:\/\/i0.wp.com\/correiodasemana.com\/site\/wp-content\/uploads\/2021\/09\/Dr-Chico-Prado-Trofeu-Dom-Jose-1.jpg?resize=1050%2C600&ssl=1 3x, https:\/\/i0.wp.com\/correiodasemana.com\/site\/wp-content\/uploads\/2021\/09\/Dr-Chico-Prado-Trofeu-Dom-Jose-1.jpg?resize=1400%2C800&ssl=1 4x"},"classes":[]},{"id":26433,"url":"https:\/\/correiodasemana.com\/site\/becco-ponto-com-136\/","url_meta":{"origin":12354,"position":5},"title":"Becco Ponto Com","author":"adminredacao","date":"Setembro 4, 2023","format":false,"excerpt":"LIVRAI-NOS, SENHOR! Dos mexericos pelo \u201cr\u00e1dio fofoca\u201d t\u00e3o nosso. Das consultas m\u00e9dicas e modernas, via internet! Da trairagem do pdt, segundo Evandro Leit\u00e3o. Das lojas quebrando na regi\u00e3o e fazendo o tal do L! Da sa\u00fade quebrada e t\u00e3o cantada pelo poder. Da ruma de candidatos bolachinhas vira-vira! Da greve\u2026","rel":"","context":"In &quot;Artigos&quot;","block_context":{"text":"Artigos","link":"https:\/\/correiodasemana.com\/site\/category\/artigos\/"},"img":{"alt_text":"","src":"https:\/\/i0.wp.com\/correiodasemana.com\/site\/wp-content\/uploads\/2021\/09\/Dr-Chico-Prado-Trofeu-Dom-Jose-1.jpg?resize=350%2C200&ssl=1","width":350,"height":200,"srcset":"https:\/\/i0.wp.com\/correiodasemana.com\/site\/wp-content\/uploads\/2021\/09\/Dr-Chico-Prado-Trofeu-Dom-Jose-1.jpg?resize=350%2C200&ssl=1 1x, https:\/\/i0.wp.com\/correiodasemana.com\/site\/wp-content\/uploads\/2021\/09\/Dr-Chico-Prado-Trofeu-Dom-Jose-1.jpg?resize=525%2C300&ssl=1 1.5x, https:\/\/i0.wp.com\/correiodasemana.com\/site\/wp-content\/uploads\/2021\/09\/Dr-Chico-Prado-Trofeu-Dom-Jose-1.jpg?resize=700%2C400&ssl=1 2x, https:\/\/i0.wp.com\/correiodasemana.com\/site\/wp-content\/uploads\/2021\/09\/Dr-Chico-Prado-Trofeu-Dom-Jose-1.jpg?resize=1050%2C600&ssl=1 3x, https:\/\/i0.wp.com\/correiodasemana.com\/site\/wp-content\/uploads\/2021\/09\/Dr-Chico-Prado-Trofeu-Dom-Jose-1.jpg?resize=1400%2C800&ssl=1 4x"},"classes":[]}],"jetpack_sharing_enabled":true,"_links":{"self":[{"href":"https:\/\/correiodasemana.com\/site\/wp-json\/wp\/v2\/posts\/12354","targetHints":{"allow":["GET"]}}],"collection":[{"href":"https:\/\/correiodasemana.com\/site\/wp-json\/wp\/v2\/posts"}],"about":[{"href":"https:\/\/correiodasemana.com\/site\/wp-json\/wp\/v2\/types\/post"}],"author":[{"embeddable":true,"href":"https:\/\/correiodasemana.com\/site\/wp-json\/wp\/v2\/users\/1"}],"replies":[{"embeddable":true,"href":"https:\/\/correiodasemana.com\/site\/wp-json\/wp\/v2\/comments?post=12354"}],"version-history":[{"count":2,"href":"https:\/\/correiodasemana.com\/site\/wp-json\/wp\/v2\/posts\/12354\/revisions"}],"predecessor-version":[{"id":12358,"href":"https:\/\/correiodasemana.com\/site\/wp-json\/wp\/v2\/posts\/12354\/revisions\/12358"}],"wp:featuredmedia":[{"embeddable":true,"href":"https:\/\/correiodasemana.com\/site\/wp-json\/wp\/v2\/media\/12355"}],"wp:attachment":[{"href":"https:\/\/correiodasemana.com\/site\/wp-json\/wp\/v2\/media?parent=12354"}],"wp:term":[{"taxonomy":"category","embeddable":true,"href":"https:\/\/correiodasemana.com\/site\/wp-json\/wp\/v2\/categories?post=12354"},{"taxonomy":"post_tag","embeddable":true,"href":"https:\/\/correiodasemana.com\/site\/wp-json\/wp\/v2\/tags?post=12354"}],"curies":[{"name":"wp","href":"https:\/\/api.w.org\/{rel}","templated":true}]}}