{"id":12373,"date":"2020-07-30T12:24:16","date_gmt":"2020-07-30T12:24:16","guid":{"rendered":"https:\/\/correiodasemana.com\/site\/?p=12373"},"modified":"2020-07-30T12:24:16","modified_gmt":"2020-07-30T12:24:16","slug":"fazenda-da-esperanca-monta-espaco-para-acolher-dependentes-quimicos-em-situacao-de-rua","status":"publish","type":"post","link":"https:\/\/correiodasemana.com\/site\/fazenda-da-esperanca-monta-espaco-para-acolher-dependentes-quimicos-em-situacao-de-rua\/","title":{"rendered":"Fazenda da Esperan\u00e7a monta espa\u00e7o para acolher dependentes qu\u00edmicos em situa\u00e7\u00e3o de rua"},"content":{"rendered":"<p>A Coordena\u00e7\u00e3o da Fazenda da Esperan\u00e7a S\u00e3o Bento em Sobral, abra\u00e7a um novo projeto de instala\u00e7\u00e3o da Casa Padre Pio na Serra da Meruoca, com a miss\u00e3o de acolher pessoas com necessidades decorrentes das depend\u00eancias qu\u00edmicas em \u00e1lcool e outras drogas com extrema vulnerabilidade social que esteja em situa\u00e7\u00e3o de rua.<\/p>\n<p>Em Sobral, vem aumentando exponencialmente a popula\u00e7\u00e3o em situa\u00e7\u00e3o de rua que buscam subsistir na \u00e1rea do centro da cidade. Muito deles est\u00e3o em extrema vulnerabilidade social, com os v\u00ednculos familiares fragilizados ou rompidos. Noutros casos, est\u00e3o em conflito com a lei, ocasionados pela incapacidade para o trabalho devido o v\u00edcio em drogadi\u00e7\u00e3o, alguns at\u00e9 j\u00e1 foram expulsos pelos grupos criminosos que controlam a regi\u00e3o de origem.<\/p>\n<p>O novo espa\u00e7o ainda n\u00e3o tem data para a inaugura\u00e7\u00e3o, mas depois das adapta\u00e7\u00f5es a Casa Padre Pio dever\u00e1 funcionar com a capacidade para acolher 15 internos do sexo masculino para tratamento especializado e recupera\u00e7\u00e3o de pessoas em condi\u00e7\u00e3o de risco.<\/p>\n<p>A Casa Padre Pio ser\u00e1 mantida pela solidariedade de empres\u00e1rios, fi\u00e9is que por meio de doa\u00e7\u00f5es poder\u00e3o ajudar o projeto. Os interessados tamb\u00e9m podem entrar em contato para contribuir voluntariamente ou adquirir produtos produzido na Fazenda da Esperan\u00e7a pelo telefone: (88) 3611 0054 e colaborar com o projeto de grande import\u00e2ncia social.<\/p>\n<p>Informa\u00e7\u00f5es: Blog do C\u00e9lio Brito<\/p>\n<p>&nbsp;<\/p>\n","protected":false},"excerpt":{"rendered":"<p>A Coordena\u00e7\u00e3o da Fazenda da Esperan\u00e7a S\u00e3o Bento em Sobral, abra\u00e7a um novo projeto de&#8230;<\/p>\n","protected":false},"author":1,"featured_media":12374,"comment_status":"open","ping_status":"open","sticky":false,"template":"","format":"standard","meta":{"_jetpack_memberships_contains_paid_content":false,"footnotes":"","jetpack_publicize_message":"","jetpack_publicize_feature_enabled":true,"jetpack_social_post_already_shared":true,"jetpack_social_options":{"image_generator_settings":{"template":"highway","default_image_id":0,"font":"","enabled":false},"version":2}},"categories":[1],"tags":[],"class_list":["post-12373","post","type-post","status-publish","format-standard","has-post-thumbnail","hentry","category-atualidade"],"jetpack_publicize_connections":[],"jetpack_featured_media_url":"https:\/\/correiodasemana.com\/site\/wp-content\/uploads\/2020\/07\/fazenda-da-esperan\u00e7a-s\u00e3o-bento2.jpg","jetpack-related-posts":[{"id":12400,"url":"https:\/\/correiodasemana.com\/site\/fazenda-da-esperanca-monta-espaco-para-acolher-dependentes-quimicos-em-situacao-de-rua-2\/","url_meta":{"origin":12373,"position":0},"title":"Fazenda da Esperan\u00e7a monta espa\u00e7o para acolher dependentes qu\u00edmicos em situa\u00e7\u00e3o de rua","author":"","date":"Agosto 2, 2020","format":false,"excerpt":"A Casa Padre Pio ser\u00e1 mantida pela solidariedade de empres\u00e1rios, fi\u00e9is que por meio de doa\u00e7\u00f5es poder\u00e3o ajudar o projeto A Coordena\u00e7\u00e3o da Fazenda da Esperan\u00e7a S\u00e3o Bento em Sobral, abra\u00e7a um novo projeto de instala\u00e7\u00e3o da Casa Padre Pio na Serra da Meruoca, com a miss\u00e3o de acolher pessoas\u2026","rel":"","context":"In &quot;Atualidade&quot;","block_context":{"text":"Atualidade","link":"https:\/\/correiodasemana.com\/site\/category\/atualidade\/"},"img":{"alt_text":"","src":"https:\/\/i0.wp.com\/correiodasemana.com\/site\/wp-content\/uploads\/2020\/08\/unnamed.jpg?resize=350%2C200&ssl=1","width":350,"height":200},"classes":[]},{"id":11483,"url":"https:\/\/correiodasemana.com\/site\/fazenda-da-esperanca-realiza-acao-para-acolher-moradores-de-rua-e-pede-doacoes\/","url_meta":{"origin":12373,"position":1},"title":"Fazenda da Esperan\u00e7a realiza a\u00e7\u00e3o para acolher moradores de rua e pede doa\u00e7\u00f5es","author":"","date":"Maio 30, 2020","format":false,"excerpt":"Com o desejo de ser uma resposta concreta a pessoas que n\u00e3o t\u00eam moradia, em meio \u00e0 pandemia causada pelo novo coronav\u00edrus, a Fazenda da Esperan\u00e7a, comunidade terap\u00eautica que atua na recupera\u00e7\u00e3o de dependentes qu\u00edmicos, iniciou uma grande campanha de acolhida a moradores de rua. Em Sobral, a Fazenda da\u2026","rel":"","context":"In &quot;Atualidade&quot;","block_context":{"text":"Atualidade","link":"https:\/\/correiodasemana.com\/site\/category\/atualidade\/"},"img":{"alt_text":"","src":"https:\/\/i0.wp.com\/correiodasemana.com\/site\/wp-content\/uploads\/2020\/05\/fazenda-da-esperan%C3%A7a-1.jpg?resize=350%2C200&ssl=1","width":350,"height":200,"srcset":"https:\/\/i0.wp.com\/correiodasemana.com\/site\/wp-content\/uploads\/2020\/05\/fazenda-da-esperan%C3%A7a-1.jpg?resize=350%2C200&ssl=1 1x, https:\/\/i0.wp.com\/correiodasemana.com\/site\/wp-content\/uploads\/2020\/05\/fazenda-da-esperan%C3%A7a-1.jpg?resize=525%2C300&ssl=1 1.5x, https:\/\/i0.wp.com\/correiodasemana.com\/site\/wp-content\/uploads\/2020\/05\/fazenda-da-esperan%C3%A7a-1.jpg?resize=700%2C400&ssl=1 2x, https:\/\/i0.wp.com\/correiodasemana.com\/site\/wp-content\/uploads\/2020\/05\/fazenda-da-esperan%C3%A7a-1.jpg?resize=1050%2C600&ssl=1 3x"},"classes":[]},{"id":11957,"url":"https:\/\/correiodasemana.com\/site\/dom-vasconcelos-celebra-missa-em-honra-a-sao-bento-na-fazenda-da-esperanca\/","url_meta":{"origin":12373,"position":2},"title":"Dom Vasconcelos celebra missa em honra a S\u00e3o Bento na Fazenda da Esperan\u00e7a","author":"","date":"Julho 19, 2020","format":false,"excerpt":"Celebra\u00e7\u00e3o eucar\u00edstica tamb\u00e9m marcou o anivers\u00e1rio de cinco anos de inaugura\u00e7\u00e3o do Santu\u00e1rio da Esperan\u00e7a O bispo da Diocese de Sobral, Dom Vasconcelos, esteve na Fazenda da Esperan\u00e7a S\u00e3o Bento no \u00faltimo dia 11 de julho, ocasi\u00e3o em que celebrou a missa em honra a S\u00e3o Bento, santo padroeiro da\u2026","rel":"","context":"In &quot;Atualidade&quot;","block_context":{"text":"Atualidade","link":"https:\/\/correiodasemana.com\/site\/category\/atualidade\/"},"img":{"alt_text":"","src":"https:\/\/i0.wp.com\/correiodasemana.com\/site\/wp-content\/uploads\/2020\/07\/dom-11-07-2020-5.jpg?resize=350%2C200&ssl=1","width":350,"height":200,"srcset":"https:\/\/i0.wp.com\/correiodasemana.com\/site\/wp-content\/uploads\/2020\/07\/dom-11-07-2020-5.jpg?resize=350%2C200&ssl=1 1x, https:\/\/i0.wp.com\/correiodasemana.com\/site\/wp-content\/uploads\/2020\/07\/dom-11-07-2020-5.jpg?resize=525%2C300&ssl=1 1.5x, https:\/\/i0.wp.com\/correiodasemana.com\/site\/wp-content\/uploads\/2020\/07\/dom-11-07-2020-5.jpg?resize=700%2C400&ssl=1 2x"},"classes":[]},{"id":13770,"url":"https:\/\/correiodasemana.com\/site\/dia-de-sao-padre-pio-e-celebrado-na-fazenda-da-esperanca-com-missa-na-nova-casa-de-acolhida\/","url_meta":{"origin":12373,"position":3},"title":"Dia de S\u00e3o Padre Pio \u00e9 celebrado na Fazenda da Esperan\u00e7a com missa na nova Casa de Acolhida","author":"","date":"Setembro 29, 2020","format":false,"excerpt":"No \u00faltimo dia 23 de setembro, data da Festa Lit\u00fargica de S\u00e3o Padre Pio de Pietrelcina, a Fazenda da Esperan\u00e7a S\u00e3o Bento celebrou os feitos de Deus pela intercess\u00e3o desse santo, que tamb\u00e9m \u00e9 patrono da Casa de Acolhida S\u00e3o Padre Pio, novo espa\u00e7o administrado pela entidade na Serra da\u2026","rel":"","context":"In &quot;Diocese&quot;","block_context":{"text":"Diocese","link":"https:\/\/correiodasemana.com\/site\/category\/diocese\/"},"img":{"alt_text":"","src":"https:\/\/i0.wp.com\/correiodasemana.com\/site\/wp-content\/uploads\/2020\/09\/Foto-1_1.jpg?resize=350%2C200&ssl=1","width":350,"height":200,"srcset":"https:\/\/i0.wp.com\/correiodasemana.com\/site\/wp-content\/uploads\/2020\/09\/Foto-1_1.jpg?resize=350%2C200&ssl=1 1x, https:\/\/i0.wp.com\/correiodasemana.com\/site\/wp-content\/uploads\/2020\/09\/Foto-1_1.jpg?resize=525%2C300&ssl=1 1.5x, https:\/\/i0.wp.com\/correiodasemana.com\/site\/wp-content\/uploads\/2020\/09\/Foto-1_1.jpg?resize=700%2C400&ssl=1 2x, https:\/\/i0.wp.com\/correiodasemana.com\/site\/wp-content\/uploads\/2020\/09\/Foto-1_1.jpg?resize=1050%2C600&ssl=1 3x"},"classes":[]},{"id":16996,"url":"https:\/\/correiodasemana.com\/site\/capela-da-fazenda-da-esperanca-e-elevada-a-santuario-diocesano-de-sao-bento\/","url_meta":{"origin":12373,"position":4},"title":"Capela da Fazenda da Esperan\u00e7a \u00e9 elevada a Santu\u00e1rio Diocesano de S\u00e3o Bento","author":"","date":"Julho 19, 2021","format":false,"excerpt":"Eleva\u00e7\u00e3o aconteceu durante a Festa de S\u00e3o Bento, 11 de julho, data que marca os 6 anos de inaugura\u00e7\u00e3o da Capela Seis anos ap\u00f3s a sua inaugura\u00e7\u00e3o, a Capela localizada na Fazenda da Esperan\u00e7a S\u00e3o Bento, no Patriarca, foi elevada \u00e0 categoria de Santu\u00e1rio Diocesano de S\u00e3o Bento pelo bispo\u2026","rel":"","context":"In &quot;Atualidade&quot;","block_context":{"text":"Atualidade","link":"https:\/\/correiodasemana.com\/site\/category\/atualidade\/"},"img":{"alt_text":"","src":"https:\/\/i0.wp.com\/correiodasemana.com\/site\/wp-content\/uploads\/2021\/07\/capela-fazenda-da-esperanca-6.jpg?resize=350%2C200&ssl=1","width":350,"height":200,"srcset":"https:\/\/i0.wp.com\/correiodasemana.com\/site\/wp-content\/uploads\/2021\/07\/capela-fazenda-da-esperanca-6.jpg?resize=350%2C200&ssl=1 1x, https:\/\/i0.wp.com\/correiodasemana.com\/site\/wp-content\/uploads\/2021\/07\/capela-fazenda-da-esperanca-6.jpg?resize=525%2C300&ssl=1 1.5x, https:\/\/i0.wp.com\/correiodasemana.com\/site\/wp-content\/uploads\/2021\/07\/capela-fazenda-da-esperanca-6.jpg?resize=700%2C400&ssl=1 2x"},"classes":[]},{"id":9120,"url":"https:\/\/correiodasemana.com\/site\/fazenda-da-esperanca-recebe-visita-da-vice-prefeita-de-sobral\/","url_meta":{"origin":12373,"position":5},"title":"Fazenda da Esperan\u00e7a recebe visita da vice-prefeita de Sobral","author":"","date":"Setembro 15, 2019","format":false,"excerpt":"Christianne Coelho conheceu as instala\u00e7\u00f5es da comunidade terap\u00eautica e reafirmou apoio aos projetos em prol da recupera\u00e7\u00e3o de dependentes qu\u00edmicos Za\u00edra Almeida - Assessoria de Imprensa da Fazenda da Esperan\u00e7a A vice-prefeita de Sobral, Christianne Coelho, visitou na \u00faltima quinta-feira (12) a Fazenda da Esperan\u00e7a S\u00e3o Bento, comunidade terap\u00eautica que\u2026","rel":"","context":"In &quot;Atualidade&quot;","block_context":{"text":"Atualidade","link":"https:\/\/correiodasemana.com\/site\/category\/atualidade\/"},"img":{"alt_text":"","src":"https:\/\/i0.wp.com\/correiodasemana.com\/site\/wp-content\/uploads\/2019\/09\/vice-prefeita-3.jpg?resize=350%2C200&ssl=1","width":350,"height":200,"srcset":"https:\/\/i0.wp.com\/correiodasemana.com\/site\/wp-content\/uploads\/2019\/09\/vice-prefeita-3.jpg?resize=350%2C200&ssl=1 1x, https:\/\/i0.wp.com\/correiodasemana.com\/site\/wp-content\/uploads\/2019\/09\/vice-prefeita-3.jpg?resize=525%2C300&ssl=1 1.5x, https:\/\/i0.wp.com\/correiodasemana.com\/site\/wp-content\/uploads\/2019\/09\/vice-prefeita-3.jpg?resize=700%2C400&ssl=1 2x"},"classes":[]}],"jetpack_sharing_enabled":true,"_links":{"self":[{"href":"https:\/\/correiodasemana.com\/site\/wp-json\/wp\/v2\/posts\/12373","targetHints":{"allow":["GET"]}}],"collection":[{"href":"https:\/\/correiodasemana.com\/site\/wp-json\/wp\/v2\/posts"}],"about":[{"href":"https:\/\/correiodasemana.com\/site\/wp-json\/wp\/v2\/types\/post"}],"author":[{"embeddable":true,"href":"https:\/\/correiodasemana.com\/site\/wp-json\/wp\/v2\/users\/1"}],"replies":[{"embeddable":true,"href":"https:\/\/correiodasemana.com\/site\/wp-json\/wp\/v2\/comments?post=12373"}],"version-history":[{"count":2,"href":"https:\/\/correiodasemana.com\/site\/wp-json\/wp\/v2\/posts\/12373\/revisions"}],"predecessor-version":[{"id":12376,"href":"https:\/\/correiodasemana.com\/site\/wp-json\/wp\/v2\/posts\/12373\/revisions\/12376"}],"wp:featuredmedia":[{"embeddable":true,"href":"https:\/\/correiodasemana.com\/site\/wp-json\/wp\/v2\/media\/12374"}],"wp:attachment":[{"href":"https:\/\/correiodasemana.com\/site\/wp-json\/wp\/v2\/media?parent=12373"}],"wp:term":[{"taxonomy":"category","embeddable":true,"href":"https:\/\/correiodasemana.com\/site\/wp-json\/wp\/v2\/categories?post=12373"},{"taxonomy":"post_tag","embeddable":true,"href":"https:\/\/correiodasemana.com\/site\/wp-json\/wp\/v2\/tags?post=12373"}],"curies":[{"name":"wp","href":"https:\/\/api.w.org\/{rel}","templated":true}]}}