{"id":12377,"date":"2020-07-30T12:43:36","date_gmt":"2020-07-30T12:43:36","guid":{"rendered":"https:\/\/correiodasemana.com\/site\/?p=12377"},"modified":"2020-07-30T12:43:36","modified_gmt":"2020-07-30T12:43:36","slug":"senado-aprova-mp-que-facilita-credito-a-pequenas-e-medias-empresas","status":"publish","type":"post","link":"https:\/\/correiodasemana.com\/site\/senado-aprova-mp-que-facilita-credito-a-pequenas-e-medias-empresas\/","title":{"rendered":"Senado aprova MP que facilita cr\u00e9dito a pequenas e m\u00e9dias empresas"},"content":{"rendered":"<p>Os senadores chancelaram as mudan\u00e7as feitas pela C\u00e2mara na\u00a0<a href=\"https:\/\/congressoemfoco.uol.com.br\/tag\/mp-975-2020\/\"><strong>MP 975\/2020<\/strong><\/a>, que cria o Programa Emergencial de Acesso a Cr\u00e9dito (Peac),\u00a0aux\u00edlio destinado a pequenas e m\u00e9dias empresas a fim de complementar o rec\u00e9m-criado Programa Nacional de Apoio \u00e0s Microempresas e Empresas de Pequeno Porte (<a href=\"https:\/\/congressoemfoco.uol.com.br\/tag\/pronampe\/\"><strong>Pronampe<\/strong><\/a>).\u00a0<a href=\"https:\/\/congressoemfoco.uol.com.br\/legislativo\/camara-aprova-financiamento-de-30-bi-para-empresas\/\"><strong>J\u00e1 analisado pela C\u00e2mara<\/strong><\/a>, o texto foi aprovado por unanimidade pelos senadores e segue \u00e0 san\u00e7\u00e3o presidencial.<\/p>\n<p>O novo programa \u00e9 supervisionado pelo Minist\u00e9rio da Economia e tem por objetivos facilitar o acesso a cr\u00e9dito e preservar empresas de pequeno e de m\u00e9dio porte diante dos impactos econ\u00f4micos decorrentes da pandemia de coronav\u00edrus.<\/p>\n<p>Sob relatoria do deputado\u00a0<a href=\"https:\/\/congressoemfoco.uol.com.br\/tag\/efraim-filho\/\"><strong>Efraim Filho<\/strong><\/a>\u00a0(DEM-PB), os deputados ampliaram o escopo do programa inicialmente tratado pela MP, de modo a permitir n\u00e3o apenas o apoio na forma de concess\u00e3o de garantia, mas tamb\u00e9m na forma de concess\u00e3o de opera\u00e7\u00f5es de cr\u00e9dito. Com isso,\u00a0o programa emergencial de acesso a cr\u00e9dito passou a ser operacionalizado sob duas modalidades distintas.<\/p>\n<p>A primeira, que j\u00e1 estava prevista no texto original, permite ades\u00e3o ao programa de empresas que tiveram faturamento entre R$ 360 mil e R$ 300 milh\u00f5es em 2019. Al\u00e9m das pequenas e m\u00e9dias empresas, poder\u00e3o acessar a garantia do programa as associa\u00e7\u00f5es, as funda\u00e7\u00f5es de direito privado e as sociedades cooperativas, exceto sociedades de cr\u00e9dito.<\/p>\n<p>Esse trecho do programa \u00e9 financiado por R$ 20 bilh\u00f5es do Fundo Garantidor de Investimentos (FGI),\u00a0administrado pelo Banco Nacional de Desenvolvimento Econ\u00f4mico e Social (BNDES).<\/p>\n<p>O valor m\u00e1ximo nessa modalidade de empr\u00e9stimo \u00e9 de R$ 10 milh\u00f5es por contratante. As institui\u00e7\u00f5es financeiras poder\u00e3o contar com garantia de 30% do valor total emprestado a empresas. A garantia poder\u00e1 ser para cada faixa de faturamento e por per\u00edodos, segundo disciplinar o estatuto do FGI, que receber\u00e1 os recursos da Uni\u00e3o em at\u00e9 quatro parcelas de R$ 5 bilh\u00f5es em 2020.<\/p>\n<p>Os cr\u00e9ditos podem ser contratados at\u00e9 o dia 31 de dezembro deste ano, prazo final para o<strong><a href=\"https:\/\/congressoemfoco.uol.com.br\/legislativo\/senado-aprova-estado-de-calamidade-publica\/\">\u00a0estado de calamidade p\u00fablica<\/a><\/strong>.\u00a0Os empr\u00e9stimos ter\u00e3o de ser pagos em at\u00e9 cinco anos, com taxa de juros definida pelo regulamento do programa.<\/p>\n<p><strong>Maquininhas<\/strong><\/p>\n<p>A segunda modalidade, inclu\u00edda pelos deputados, permite que microempreendedores e pequenas empresas (com faturamento menor que R$ 4,8 milh\u00f5es) tenham acesso ao cr\u00e9dito por meio das maquininhas. Para bancar o Peac-maquininhas, a\u00a0Uni\u00e3o dever\u00e1 transferir R$ 10 bilh\u00f5es, que vir\u00e3o\u00a0do volume j\u00e1 alocado para o Pronampe e que, at\u00e9 o momento, ainda n\u00e3o foram utilizados. A transfer\u00eancia poder\u00e1 ser feita em at\u00e9 duas parcelas de R$ 5 bilh\u00f5es. O valor m\u00e1ximo feito pelo contratante \u00e9 de R$ 50 mil nesses casos.<\/p>\n<p>A oferta diretamente pelo dispositivo \u00e9 uma forma de agilizar a libera\u00e7\u00e3o do dinheiro. A demora para que a verba chegue \u00e0 ponta \u00e9 umas das principais reclama\u00e7\u00f5es em rela\u00e7\u00e3o aos programas anteriores do governo de oferta de cr\u00e9dito para empresas.<\/p>\n<p>No caso do acesso ao cr\u00e9dito por meio das maquininhas, incidir\u00e1\u00a0taxa de juros de at\u00e9 6% ao ano. O prazo de pagamento ser\u00e1 de tr\u00eas anos, inclu\u00edda a car\u00eancia de seis meses para in\u00edcio do pagamento.<\/p>\n<p><strong>Senado referendou texto da C\u00e2mara<\/strong><\/p>\n<p>O relator no Senado,\u00a0<a href=\"https:\/\/congressoemfoco.uol.com.br\/tag\/marcos-rogerio\/page\/2\/\"><strong>Marcos Rog\u00e9rio<\/strong><\/a>\u00a0(DEM-RO), pontuou as medidas implementadas na tentativa de se mitigar essa situa\u00e7\u00e3o, tais como o aux\u00edlio emergencial e o Pronampe.\u00a0\u201cN\u00e3o obstante os esfor\u00e7os empreendidos at\u00e9 o momento, \u00e9 corriqueiro o relato\u00a0acerca da inefici\u00eancia do acesso ao cr\u00e9dito, ou seja, muitas vezes este n\u00e3o tem\u00a0chegado a quem realmente precisa\u201d, considerou o demista.<\/p>\n<p>Segundo ele, a MP 975 cria condi\u00e7\u00f5es adicionais para que o cr\u00e9dito chegue mais facilmente \u00e0 ponta, isto \u00e9, aos agentes econ\u00f4micos que\u00a0necessitam de recursos para manter seus neg\u00f3cios em funcionamento.<\/p>\n<p>Leia a\u00a0<strong><a href=\"https:\/\/static.congressoemfoco.uol.com.br\/2020\/07\/PRLP-2-_-MPV-975-2020-1.pdf\">\u00edntegra\u00a0<\/a><\/strong>do parecer aprovado pela C\u00e2mara e referendado pelo Senado.<\/p>\n<p>Medidas provis\u00f3rias t\u00eam for\u00e7a de lei e vig\u00eancia imediata a partir da publica\u00e7\u00e3o no Di\u00e1rio Oficial da Uni\u00e3o (DOU). Elas valem pelo prazo de 60 dias, prorrog\u00e1veis por igual per\u00edodo. Para serem definitivamente transformadas em lei, deputados e senadores devem vot\u00e1-las dentro do prazo, podendo fazer modifica\u00e7\u00f5es.<\/p>\n<p>Fonte: Congresso em Foco.<\/p>\n","protected":false},"excerpt":{"rendered":"<p>Os senadores chancelaram as mudan\u00e7as feitas pela C\u00e2mara na\u00a0MP 975\/2020, que cria o Programa Emergencial&#8230;<\/p>\n","protected":false},"author":1,"featured_media":12378,"comment_status":"open","ping_status":"open","sticky":false,"template":"","format":"standard","meta":{"_jetpack_memberships_contains_paid_content":false,"footnotes":"","jetpack_publicize_message":"","jetpack_publicize_feature_enabled":true,"jetpack_social_post_already_shared":true,"jetpack_social_options":{"image_generator_settings":{"template":"highway","default_image_id":0,"font":"","enabled":false},"version":2}},"categories":[1],"tags":[],"class_list":["post-12377","post","type-post","status-publish","format-standard","has-post-thumbnail","hentry","category-atualidade"],"jetpack_publicize_connections":[],"jetpack_featured_media_url":"https:\/\/correiodasemana.com\/site\/wp-content\/uploads\/2020\/07\/industrias_wd2219_1-750x430-1.jpg","jetpack-related-posts":[{"id":13005,"url":"https:\/\/correiodasemana.com\/site\/bolsonaro-fala-em-estender-auxilio-emergencial-ate-o-final-do-ano\/","url_meta":{"origin":12377,"position":0},"title":"Bolsonaro fala em estender aux\u00edlio emergencial at\u00e9 o final do ano","author":"","date":"Agosto 20, 2020","format":false,"excerpt":"Programa atende 66,4 milh\u00f5es de pessoas no pa\u00eds O presidente Jair Bolsonaro afirmou nesta\u00a0quarta-feira (19) que o aux\u00edlio emergencial deve ser prorrogado por mais alguns meses, podendo ser estendido at\u00e9 o final do ano. A declara\u00e7\u00e3o foi dada durante cerim\u00f4nia, no Pal\u00e1cio do Planalto, em que o presidente sancionou duas\u2026","rel":"","context":"In &quot;Atualidade&quot;","block_context":{"text":"Atualidade","link":"https:\/\/correiodasemana.com\/site\/category\/atualidade\/"},"img":{"alt_text":"","src":"https:\/\/i0.wp.com\/correiodasemana.com\/site\/wp-content\/uploads\/2020\/08\/19082020-solenidade-de-sano-de-medidas-provisrias-de-facilitao-de-acesso-ao-crdito_50245945996_o.jpg?resize=350%2C200&ssl=1","width":350,"height":200,"srcset":"https:\/\/i0.wp.com\/correiodasemana.com\/site\/wp-content\/uploads\/2020\/08\/19082020-solenidade-de-sano-de-medidas-provisrias-de-facilitao-de-acesso-ao-crdito_50245945996_o.jpg?resize=350%2C200&ssl=1 1x, https:\/\/i0.wp.com\/correiodasemana.com\/site\/wp-content\/uploads\/2020\/08\/19082020-solenidade-de-sano-de-medidas-provisrias-de-facilitao-de-acesso-ao-crdito_50245945996_o.jpg?resize=525%2C300&ssl=1 1.5x, https:\/\/i0.wp.com\/correiodasemana.com\/site\/wp-content\/uploads\/2020\/08\/19082020-solenidade-de-sano-de-medidas-provisrias-de-facilitao-de-acesso-ao-crdito_50245945996_o.jpg?resize=700%2C400&ssl=1 2x, https:\/\/i0.wp.com\/correiodasemana.com\/site\/wp-content\/uploads\/2020\/08\/19082020-solenidade-de-sano-de-medidas-provisrias-de-facilitao-de-acesso-ao-crdito_50245945996_o.jpg?resize=1050%2C600&ssl=1 3x"},"classes":[]},{"id":8889,"url":"https:\/\/correiodasemana.com\/site\/entenda-as-principais-mudancas-da-mp-da-liberdade-economica-2\/","url_meta":{"origin":12377,"position":1},"title":"Entenda as principais mudan\u00e7as da MP da Liberdade Econ\u00f4mica","author":"","date":"Agosto 27, 2019","format":false,"excerpt":"Trabalho aos domingos ser\u00e1 discutido em projeto de lei Por\u00a0Wellton M\u00e1ximo \u2013 Rep\u00f3rter da Ag\u00eancia Brasil\u00a0\u00a0Bras\u00edlia Aprovada quarta-feira (21) \u00e0 noite\u00a0pelo Senado, a Medida Provis\u00f3ria (MP) da Liberdade Econ\u00f4mica pretende, segundo o governo, diminuir a burocracia e facilitar a abertura de empresas, principalmente de micro e pequeno porte. Na vota\u00e7\u00e3o\u2026","rel":"","context":"In &quot;Atualidade&quot;","block_context":{"text":"Atualidade","link":"https:\/\/correiodasemana.com\/site\/category\/atualidade\/"},"img":{"alt_text":"","src":"https:\/\/i0.wp.com\/correiodasemana.com\/site\/wp-content\/uploads\/2019\/07\/desemprego2-2.jpg?resize=350%2C200&ssl=1","width":350,"height":200,"srcset":"https:\/\/i0.wp.com\/correiodasemana.com\/site\/wp-content\/uploads\/2019\/07\/desemprego2-2.jpg?resize=350%2C200&ssl=1 1x, https:\/\/i0.wp.com\/correiodasemana.com\/site\/wp-content\/uploads\/2019\/07\/desemprego2-2.jpg?resize=525%2C300&ssl=1 1.5x, https:\/\/i0.wp.com\/correiodasemana.com\/site\/wp-content\/uploads\/2019\/07\/desemprego2-2.jpg?resize=700%2C400&ssl=1 2x"},"classes":[]},{"id":8755,"url":"https:\/\/correiodasemana.com\/site\/entenda-as-principais-mudancas-da-mp-da-liberdade-economica\/","url_meta":{"origin":12377,"position":2},"title":"Entenda as principais mudan\u00e7as da MP da Liberdade Econ\u00f4mica","author":"","date":"Agosto 17, 2019","format":false,"excerpt":"Por\u00a0Wellton M\u00e1ximo \u2013 Rep\u00f3rter da Ag\u00eancia Brasil Com a vota\u00e7\u00e3o conclu\u00edda na quarta-feira (14) \u00e0 noite pela\u00a0C\u00e2mara dos Deputados, a Medida Provis\u00f3ria (MP) da Liberdade Econ\u00f4mica pretende, segundo o governo, diminuir a burocracia e facilitar a abertura de empresas, principalmente de micro e pequeno porte. Entre as principais mudan\u00e7as, a\u2026","rel":"","context":"In &quot;Atualidade&quot;","block_context":{"text":"Atualidade","link":"https:\/\/correiodasemana.com\/site\/category\/atualidade\/"},"img":{"alt_text":"","src":"","width":0,"height":0},"classes":[]},{"id":12756,"url":"https:\/\/correiodasemana.com\/site\/com-pandemia-governo-bolsonaro-edita-mais-medidas-provisorias-que-lula-dilma-e-temer\/","url_meta":{"origin":12377,"position":3},"title":"Com pandemia, governo Bolsonaro edita mais Medidas Provis\u00f3rias que Lula, Dilma e Temer","author":"","date":"Agosto 13, 2020","format":false,"excerpt":"Em meio \u00e0 pandemia do novo coronav\u00edrus, o governo do presidente\u00a0Jair Bolsonaro\u00a0se tornou recordista na edi\u00e7\u00e3o de medidas provis\u00f3rias (MPs) desde o in\u00edcio dos anos 2000, quando as atuais regras para edi\u00e7\u00e3o e tramita\u00e7\u00e3o desse tipo de norma entraram em vigor. De 1\u00ba de janeiro a 10 de agosto de\u2026","rel":"","context":"In &quot;Atualidade&quot;","block_context":{"text":"Atualidade","link":"https:\/\/correiodasemana.com\/site\/category\/atualidade\/"},"img":{"alt_text":"","src":"https:\/\/i0.wp.com\/correiodasemana.com\/site\/wp-content\/uploads\/2020\/08\/46067557494_ab483dd6d4_c-750x430-1.jpg?resize=350%2C200&ssl=1","width":350,"height":200,"srcset":"https:\/\/i0.wp.com\/correiodasemana.com\/site\/wp-content\/uploads\/2020\/08\/46067557494_ab483dd6d4_c-750x430-1.jpg?resize=350%2C200&ssl=1 1x, https:\/\/i0.wp.com\/correiodasemana.com\/site\/wp-content\/uploads\/2020\/08\/46067557494_ab483dd6d4_c-750x430-1.jpg?resize=525%2C300&ssl=1 1.5x, https:\/\/i0.wp.com\/correiodasemana.com\/site\/wp-content\/uploads\/2020\/08\/46067557494_ab483dd6d4_c-750x430-1.jpg?resize=700%2C400&ssl=1 2x"},"classes":[]},{"id":16310,"url":"https:\/\/correiodasemana.com\/site\/camara-aprova-medida-sobre-renegociacao-de-dividas-de-empresas\/","url_meta":{"origin":12377,"position":4},"title":"C\u00e2mara aprova medida sobre renegocia\u00e7\u00e3o de d\u00edvidas de empresas","author":"","date":"Maio 2, 2021","format":false,"excerpt":"MP permite descontos na quita\u00e7\u00e3o de d\u00e9bitos com fundos constitucionais Por Luciano Nascimento \u2013 Rep\u00f3rter da Ag\u00eancia Brasil - Bras\u00edlia A C\u00e2mara dos Deputados concluiu a vota\u00e7\u00e3o da Medida Provis\u00f3ria (MP) 1.016\/20, que prev\u00ea renegocia\u00e7\u00e3o extraordin\u00e1ria de d\u00edvidas junto a fundos constitucionais do Nordeste, do Norte e do Centro-Oeste (FNE,\u2026","rel":"","context":"In &quot;Atualidade&quot;","block_context":{"text":"Atualidade","link":"https:\/\/correiodasemana.com\/site\/category\/atualidade\/"},"img":{"alt_text":"","src":"https:\/\/i0.wp.com\/correiodasemana.com\/site\/wp-content\/uploads\/2021\/05\/monumentos_brasilia_cupula_plenario_da_camara_dos_deputados3103201341.jpg?resize=350%2C200&ssl=1","width":350,"height":200,"srcset":"https:\/\/i0.wp.com\/correiodasemana.com\/site\/wp-content\/uploads\/2021\/05\/monumentos_brasilia_cupula_plenario_da_camara_dos_deputados3103201341.jpg?resize=350%2C200&ssl=1 1x, https:\/\/i0.wp.com\/correiodasemana.com\/site\/wp-content\/uploads\/2021\/05\/monumentos_brasilia_cupula_plenario_da_camara_dos_deputados3103201341.jpg?resize=525%2C300&ssl=1 1.5x, https:\/\/i0.wp.com\/correiodasemana.com\/site\/wp-content\/uploads\/2021\/05\/monumentos_brasilia_cupula_plenario_da_camara_dos_deputados3103201341.jpg?resize=700%2C400&ssl=1 2x, https:\/\/i0.wp.com\/correiodasemana.com\/site\/wp-content\/uploads\/2021\/05\/monumentos_brasilia_cupula_plenario_da_camara_dos_deputados3103201341.jpg?resize=1050%2C600&ssl=1 3x"},"classes":[]},{"id":14132,"url":"https:\/\/correiodasemana.com\/site\/privatizacoes-avancam-e-bancarios-da-caixa-alertam-queima-de-patrimonio\/","url_meta":{"origin":12377,"position":5},"title":"Privatiza\u00e7\u00f5es avan\u00e7am e banc\u00e1rios da Caixa alertam: \u201cqueima de patrim\u00f4nio","author":"","date":"Outubro 20, 2020","format":false,"excerpt":"O governo deve encaminhar ao Congresso Nacional, nesta semana, o projeto de lei para a privatiza\u00e7\u00e3o dos\u00a0Correios. Com 357 anos de funda\u00e7\u00e3o, a Empresa Brasileira de Correios e Tel\u00e9grafos (ECT) \u00e9 um dos servi\u00e7os p\u00fablicos mais antigos do pa\u00eds, tendo registrado, em 2019, lucro l\u00edquido de R$ 102 milh\u00f5es. Al\u00e9m\u2026","rel":"","context":"In &quot;Atualidade&quot;","block_context":{"text":"Atualidade","link":"https:\/\/correiodasemana.com\/site\/category\/atualidade\/"},"img":{"alt_text":"","src":"https:\/\/i0.wp.com\/correiodasemana.com\/site\/wp-content\/uploads\/2020\/10\/WhatsApp-Image-2020-10-19-at-15.17.59-750x430-1.jpeg?resize=350%2C200&ssl=1","width":350,"height":200,"srcset":"https:\/\/i0.wp.com\/correiodasemana.com\/site\/wp-content\/uploads\/2020\/10\/WhatsApp-Image-2020-10-19-at-15.17.59-750x430-1.jpeg?resize=350%2C200&ssl=1 1x, https:\/\/i0.wp.com\/correiodasemana.com\/site\/wp-content\/uploads\/2020\/10\/WhatsApp-Image-2020-10-19-at-15.17.59-750x430-1.jpeg?resize=525%2C300&ssl=1 1.5x, https:\/\/i0.wp.com\/correiodasemana.com\/site\/wp-content\/uploads\/2020\/10\/WhatsApp-Image-2020-10-19-at-15.17.59-750x430-1.jpeg?resize=700%2C400&ssl=1 2x"},"classes":[]}],"jetpack_sharing_enabled":true,"_links":{"self":[{"href":"https:\/\/correiodasemana.com\/site\/wp-json\/wp\/v2\/posts\/12377","targetHints":{"allow":["GET"]}}],"collection":[{"href":"https:\/\/correiodasemana.com\/site\/wp-json\/wp\/v2\/posts"}],"about":[{"href":"https:\/\/correiodasemana.com\/site\/wp-json\/wp\/v2\/types\/post"}],"author":[{"embeddable":true,"href":"https:\/\/correiodasemana.com\/site\/wp-json\/wp\/v2\/users\/1"}],"replies":[{"embeddable":true,"href":"https:\/\/correiodasemana.com\/site\/wp-json\/wp\/v2\/comments?post=12377"}],"version-history":[{"count":2,"href":"https:\/\/correiodasemana.com\/site\/wp-json\/wp\/v2\/posts\/12377\/revisions"}],"predecessor-version":[{"id":12380,"href":"https:\/\/correiodasemana.com\/site\/wp-json\/wp\/v2\/posts\/12377\/revisions\/12380"}],"wp:featuredmedia":[{"embeddable":true,"href":"https:\/\/correiodasemana.com\/site\/wp-json\/wp\/v2\/media\/12378"}],"wp:attachment":[{"href":"https:\/\/correiodasemana.com\/site\/wp-json\/wp\/v2\/media?parent=12377"}],"wp:term":[{"taxonomy":"category","embeddable":true,"href":"https:\/\/correiodasemana.com\/site\/wp-json\/wp\/v2\/categories?post=12377"},{"taxonomy":"post_tag","embeddable":true,"href":"https:\/\/correiodasemana.com\/site\/wp-json\/wp\/v2\/tags?post=12377"}],"curies":[{"name":"wp","href":"https:\/\/api.w.org\/{rel}","templated":true}]}}