{"id":12381,"date":"2020-07-30T23:15:09","date_gmt":"2020-07-30T23:15:09","guid":{"rendered":"https:\/\/correiodasemana.com\/site\/?p=12381"},"modified":"2020-07-30T23:15:09","modified_gmt":"2020-07-30T23:15:09","slug":"camara-aprova-regime-de-urgencia-e-nova-lei-do-gas-deve-ser-votada-em-agosto","status":"publish","type":"post","link":"https:\/\/correiodasemana.com\/site\/camara-aprova-regime-de-urgencia-e-nova-lei-do-gas-deve-ser-votada-em-agosto\/","title":{"rendered":"C\u00e2mara aprova regime de urg\u00eancia e Nova Lei do G\u00e1s deve ser votada em agosto"},"content":{"rendered":"<p>A <a href=\"https:\/\/www.camara.leg.br\/\">C\u00e2mara dos Deputados<\/a> deu mais um passo para avan\u00e7ar na discuss\u00e3o da proposta que pode baratear o pre\u00e7o do g\u00e1s natural no Brasil. Os deputados aprovaram <a href=\"https:\/\/www.camara.leg.br\/proposicoesWeb\/fichadetramitacao?idProposicao=2230248\">requerimento<\/a> de urg\u00eancia para vota\u00e7\u00e3o do <a href=\"https:\/\/www.camara.leg.br\/proposicoesWeb\/fichadetramitacao?idProposicao=593065\">PL 6.407\/2013<\/a>, conhecido como Nova Lei do G\u00e1s. O pedido foi encabe\u00e7ado pelo deputado <a href=\"https:\/\/www.camara.leg.br\/deputados\/204461\">Paulo Ganime<\/a> (NOVO-RJ) e \u00e9 assinado por l\u00edderes de outros partidos como Cidadania, PSDB, PSC, Patriotas, Republicanos e PSL.<\/p>\n<p>Como agora tramita em regime de urg\u00eancia, a mat\u00e9ria, que j\u00e1 passou pela Comiss\u00e3o de Minas Energia <a href=\"https:\/\/www2.camara.leg.br\/atividade-legislativa\/comissoes\/comissoes-permanentes\/cme\">(CME)<\/a> em 2019, ser\u00e1 analisada diretamente em <a href=\"https:\/\/www.camara.leg.br\/plenario\">Plen\u00e1rio<\/a>. Paulo Ganime avalia que a mudan\u00e7a na regula\u00e7\u00e3o do setor n\u00e3o pode mais esperar e precisa ser feita o quanto antes para reaquecer a economia do pa\u00eds.<\/p>\n<p>\u201cA urg\u00eancia do PL 6.407\/2013 se faz necess\u00e1ria ainda mais por causa da pandemia. Isso sem contar que o Brasil j\u00e1 passa por uma crise econ\u00f4mica que j\u00e1 existia antes da pandemia, por isso a necessidade de investimentos \u00e9 muito importante. Juntamente com o marco do saneamento, o marco do g\u00e1s natural pode trazer investimentos de dentro e fora do Brasil. Assim, vai gerar mais emprego e renda\u201d, defende o parlamentar.<\/p>\n<p>A abertura do mercado de g\u00e1s, hoje sob o monop\u00f3lio da <a href=\"https:\/\/petrobras.com.br\/pt\/\">Petrobras<\/a>, \u00e9 apontado como um dos motores para retomar as atividades do setor industrial. O g\u00e1s natural \u00e9 usado como insumo pela ind\u00fastria qu\u00edmica, para produ\u00e7\u00e3o de fertilizantes e substitui outros combust\u00edveis como fonte de energia. O problema \u00e9 que a baixa oferta e o valor alto s\u00e3o entraves para expandir a comercializa\u00e7\u00e3o. Por isso, atualmente, mais da metade do g\u00e1s natural consumido no Brasil \u00e9 importado da Bol\u00edvia.<\/p>\n<p>&nbsp;<\/p>\n<p>\u201cA Lei do G\u00e1s \u00e9 uma das pautas mais importante para o Brasil, tanto pela quest\u00e3o dos investimentos, como tamb\u00e9m pelo impacto no pre\u00e7o do g\u00e1s, no pre\u00e7o da energia e no pre\u00e7o do fertilizante. Tamb\u00e9m \u00e9 favor\u00e1vel \u00e0 quest\u00e3o ambiental, porque o g\u00e1s natural \u00e9 muito menos poluente do que o petr\u00f3leo e a ajuda na migra\u00e7\u00e3o de uma energia muito baseada nas hidrel\u00e9tricas e no petr\u00f3leo\u201d, cita Ganime.<\/p>\n<p>Segundo o presidente da C\u00e2mara, <a href=\"https:\/\/www.camara.leg.br\/deputados\/74693\">Rodrigo Maia<\/a>, a tend\u00eancia \u00e9 que a Nova Lei do G\u00e1s seja levada \u00e0 vota\u00e7\u00e3o em agosto. A inten\u00e7\u00e3o \u00e9 que nas pr\u00f3ximas &#8220;duas ou tr\u00eas semanas&#8221;, nas palavras de Maia, os parlamentares possam acrescentar emendas e se aproximar de um acordo. Um dos autores da proposta, o deputado <a href=\"https:\/\/www.camara.leg.br\/deputados\/160758\">Domingos S\u00e1vio<\/a> (PSDB-MG) afirma que o g\u00e1s natural mais barato \u00e9 sin\u00f4nimo de produtos mais baratos para o consumidor final.<\/p>\n<p>\u201cEmbora trate do g\u00e1s natural, o PL vai impactar positivamente na ind\u00fastria brasileira. N\u00e3o s\u00f3 aqueles que j\u00e1 consomem o g\u00e1s natural como fonte de energia, mas uma s\u00e9rie de ind\u00fastrias que poder\u00e3o substituir outras fontes de energia mais caras pelo g\u00e1s natural. A ind\u00fastria brasileira vai se tornar mais competitiva, vai produzir a custos mais baratos, que acaba beneficiando o consumidor final, al\u00e9m de gerar emprego e crescimento na nossa economia\u201d, argumenta o deputado.<\/p>\n<p><strong>Pelo fim do monop\u00f3lio<\/strong><\/p>\n<p>Apontado por especialistas e parlamentares como principal entrave para expans\u00e3o do mercado de g\u00e1s natural no Brasil, o monop\u00f3lio da Petrobras deve ficar no passado com a aprova\u00e7\u00e3o da nova lei. Dados da Ag\u00eancia Nacional de Petr\u00f3leo, G\u00e1s Natural e Biocombust\u00edveis <a href=\"http:\/\/www.anp.gov.br\/\">(ANP)<\/a> mostram que a companhia \u00e9 respons\u00e1vel pela opera\u00e7\u00e3o de mais de 90% de toda a produ\u00e7\u00e3o do combust\u00edvel, al\u00e9m de administrar a maioria dos campos de g\u00e1s, gasodutos, termel\u00e9tricas, transportadoras, distribuidoras e revendedoras.<\/p>\n<p>Para Domingos S\u00e1vio, um cen\u00e1rio em que uma \u00fanica empresa controla praticamente todos os servi\u00e7os oferecidos prejudica o consumidor, que \u00e9 obrigado a pagar por um produto que poderia ser mais barato se houvesse concorr\u00eancia.<\/p>\n<p>\u201cA legisla\u00e7\u00e3o atual n\u00e3o favorece em momento algum a concorr\u00eancia e o surgimento de novos investidores. Os gasodutos, por exemplo, s\u00e3o de propriedade da Petrobras ou de determinado grupo, que permite que outros utilizem para o transporte do g\u00e1s. Existe uma verticaliza\u00e7\u00e3o em toda a cadeia produtiva\u201d, critica S\u00e1vio.<\/p>\n<p>Para corrigir esse problema e ampliar a infraestrutura, o PL 6.407\/2013 prev\u00ea a redu\u00e7\u00e3o da burocracia para constru\u00e7\u00e3o de gasodutos. O ponto principal do texto \u00e9 a mudan\u00e7a do regime de outorga, que passa de concess\u00e3o para autoriza\u00e7\u00e3o. No modelo atual, uma empresa interessada em investir no setor precisa vencer um leil\u00e3o da ANP. No regime de autoriza\u00e7\u00e3o, bastar\u00e1 apresentar o projeto e esperar o aval da ag\u00eancia. O objetivo da mudan\u00e7a \u00e9 destravar investimentos.<\/p>\n<p>Segundo o Centro Brasileiro de Infraestrutura <a href=\"https:\/\/cbie.com.br\/quem-somos\/\">(CBIE)<\/a>, a malha brasileira de gasodutos possui cerca de 45 mil quil\u00f4metros, dos quais 9,5 mil s\u00e3o destinados ao transporte, ou seja, \u00e0 movimenta\u00e7\u00e3o de g\u00e1s natural das unidades de processamento at\u00e9 as instala\u00e7\u00f5es de estocagem. J\u00e1 rede de distribui\u00e7\u00e3o \u00e9 de 35,5 mil quil\u00f4metros e recebe o g\u00e1s natural no ponto de entrega e leva aos consumidores finais &#8211; essa infraestrutura pertence aos concession\u00e1rios estaduais de distribui\u00e7\u00e3o.<\/p>\n<p>Fonte: <a href=\"https:\/\/brasil61.com\/noticias\/camara-aprova-regime-de-urgencia-e-nova-lei-do-gas-deve-ser-votada-em-agosto-pind202087\">Brasil 61<\/a><\/p>\n","protected":false},"excerpt":{"rendered":"<p>A C\u00e2mara dos Deputados deu mais um passo para avan\u00e7ar na discuss\u00e3o da proposta que&#8230;<\/p>\n","protected":false},"author":1,"featured_media":12383,"comment_status":"open","ping_status":"open","sticky":false,"template":"","format":"standard","meta":{"_jetpack_memberships_contains_paid_content":false,"footnotes":"","jetpack_publicize_message":"","jetpack_publicize_feature_enabled":true,"jetpack_social_post_already_shared":true,"jetpack_social_options":{"image_generator_settings":{"template":"highway","default_image_id":0,"font":"","enabled":false},"version":2}},"categories":[1],"tags":[],"class_list":["post-12381","post","type-post","status-publish","format-standard","has-post-thumbnail","hentry","category-atualidade"],"jetpack_publicize_connections":[],"jetpack_featured_media_url":"https:\/\/correiodasemana.com\/site\/wp-content\/uploads\/2020\/07\/gas-1.jpg","jetpack-related-posts":[{"id":13323,"url":"https:\/\/correiodasemana.com\/site\/camara-aprova-novo-marco-regulatorio-do-gas-natural-que-vai-ao-senado\/","url_meta":{"origin":12381,"position":0},"title":"C\u00e2mara aprova novo marco regulat\u00f3rio do g\u00e1s natural, que vai ao Senado","author":"","date":"Setembro 2, 2020","format":false,"excerpt":"A C\u00e2mara dos Deputados aprovou nesta ter\u00e7a-feira (1\u00ba), por 351 votos a 101, o projeto que estabelece um novo marco regulat\u00f3rio para o setor de g\u00e1s natural. O texto\u00a0muda o regime de explora\u00e7\u00e3o de gasodutos no Brasil, que passar\u00e1 de concess\u00e3o para autoriza\u00e7\u00e3o. A proposta tamb\u00e9m quebra o monop\u00f3lio dos\u2026","rel":"","context":"In &quot;Atualidade&quot;","block_context":{"text":"Atualidade","link":"https:\/\/correiodasemana.com\/site\/category\/atualidade\/"},"img":{"alt_text":"","src":"https:\/\/i0.wp.com\/correiodasemana.com\/site\/wp-content\/uploads\/2020\/09\/img20200825160802559MED-750x430-1.jpg?resize=350%2C200&ssl=1","width":350,"height":200,"srcset":"https:\/\/i0.wp.com\/correiodasemana.com\/site\/wp-content\/uploads\/2020\/09\/img20200825160802559MED-750x430-1.jpg?resize=350%2C200&ssl=1 1x, https:\/\/i0.wp.com\/correiodasemana.com\/site\/wp-content\/uploads\/2020\/09\/img20200825160802559MED-750x430-1.jpg?resize=525%2C300&ssl=1 1.5x, https:\/\/i0.wp.com\/correiodasemana.com\/site\/wp-content\/uploads\/2020\/09\/img20200825160802559MED-750x430-1.jpg?resize=700%2C400&ssl=1 2x"},"classes":[]},{"id":26852,"url":"https:\/\/correiodasemana.com\/site\/camara-aprova-urgencia-para-projetos-sobre-direitos-das-pessoas-com-deficiencia\/","url_meta":{"origin":12381,"position":1},"title":"C\u00e2mara aprova urg\u00eancia para projetos sobre direitos das pessoas com defici\u00eancia","author":"adminredacao","date":"Outubro 17, 2023","format":false,"excerpt":"Propostas poder\u00e3o ser votadas nas pr\u00f3ximas sess\u00f5es do Plen\u00e1rio Zeca Ribeiro\/C\u00e2mara dos Deputados A C\u00e2mara dos Deputados aprovou o regime de urg\u00eancia para sete projetos sobre direitos das pessoas com defici\u00eancia. Em seguida, a Ordem do Dia do Plen\u00e1rio foi encerrada. Confira os projetos com novo regime de tramita\u00e7\u00e3o: -\u2026","rel":"","context":"In &quot;Atualidade&quot;","block_context":{"text":"Atualidade","link":"https:\/\/correiodasemana.com\/site\/category\/atualidade\/"},"img":{"alt_text":"","src":"https:\/\/i0.wp.com\/correiodasemana.com\/site\/wp-content\/uploads\/2023\/06\/direitos_humanos-1024x677-1.png?resize=350%2C200&ssl=1","width":350,"height":200,"srcset":"https:\/\/i0.wp.com\/correiodasemana.com\/site\/wp-content\/uploads\/2023\/06\/direitos_humanos-1024x677-1.png?resize=350%2C200&ssl=1 1x, https:\/\/i0.wp.com\/correiodasemana.com\/site\/wp-content\/uploads\/2023\/06\/direitos_humanos-1024x677-1.png?resize=525%2C300&ssl=1 1.5x, https:\/\/i0.wp.com\/correiodasemana.com\/site\/wp-content\/uploads\/2023\/06\/direitos_humanos-1024x677-1.png?resize=700%2C400&ssl=1 2x"},"classes":[]},{"id":20371,"url":"https:\/\/correiodasemana.com\/site\/comissao-especial-da-camara-aprova-pec-que-concede-beneficios-sociais\/","url_meta":{"origin":12381,"position":2},"title":"Comiss\u00e3o especial da C\u00e2mara aprova PEC que concede benef\u00edcios sociais","author":"","date":"Julho 11, 2022","format":false,"excerpt":"Por Heloisa Cristaldo \u2013 Rep\u00f3rter da Ag\u00eancia Brasil - Bras\u00edlia A comiss\u00e3o especial da C\u00e2mara dos Deputados aprovou nesta quinta-feira (7), com 36 votos favor\u00e1veis, o parecer da proposta de emenda \u00e0 Constitui\u00e7\u00e3o (PEC 1), que prev\u00ea o pagamento de benef\u00edcios sociais at\u00e9 o fim do ano. A mat\u00e9ria segue\u2026","rel":"","context":"In &quot;Atualidade&quot;","block_context":{"text":"Atualidade","link":"https:\/\/correiodasemana.com\/site\/category\/atualidade\/"},"img":{"alt_text":"","src":"https:\/\/i0.wp.com\/correiodasemana.com\/site\/wp-content\/uploads\/2022\/03\/passagens-aereas-brasilia-capa2019-01-820x430-1.jpg?resize=350%2C200&ssl=1","width":350,"height":200,"srcset":"https:\/\/i0.wp.com\/correiodasemana.com\/site\/wp-content\/uploads\/2022\/03\/passagens-aereas-brasilia-capa2019-01-820x430-1.jpg?resize=350%2C200&ssl=1 1x, https:\/\/i0.wp.com\/correiodasemana.com\/site\/wp-content\/uploads\/2022\/03\/passagens-aereas-brasilia-capa2019-01-820x430-1.jpg?resize=525%2C300&ssl=1 1.5x, https:\/\/i0.wp.com\/correiodasemana.com\/site\/wp-content\/uploads\/2022\/03\/passagens-aereas-brasilia-capa2019-01-820x430-1.jpg?resize=700%2C400&ssl=1 2x"},"classes":[]},{"id":37309,"url":"https:\/\/correiodasemana.com\/site\/senado-aprova-mp-que-cria-programa-gas-do-povo-texto-vai-a-sancao\/","url_meta":{"origin":12381,"position":3},"title":"Senado aprova MP que cria programa G\u00e1s do Povo; texto vai \u00e0 san\u00e7\u00e3o","author":"adminredacao","date":"Fevereiro 11, 2026","format":false,"excerpt":"Recarga gratuita de botij\u00e3o deve alcan\u00e7ar 15 milh\u00f5es de fam\u00edlias \u00a0 Por Carlos Moura\/Ag\u00eancia Senado O plen\u00e1rio do Senado Federal aprovou nesta ter\u00e7a-feira (3) a medida provis\u00f3ria (MP) que instituiu o programa G\u00e1s do Povo.\u00a0O texto assegura gratuidade no botij\u00e3o de g\u00e1s de cozinha (GLP) de 13 quilos (kg) a\u2026","rel":"","context":"In &quot;Atualidade&quot;","block_context":{"text":"Atualidade","link":"https:\/\/correiodasemana.com\/site\/category\/atualidade\/"},"img":{"alt_text":"","src":"https:\/\/i0.wp.com\/correiodasemana.com\/site\/wp-content\/uploads\/2026\/02\/Gas-butano.webp?resize=350%2C200&ssl=1","width":350,"height":200,"srcset":"https:\/\/i0.wp.com\/correiodasemana.com\/site\/wp-content\/uploads\/2026\/02\/Gas-butano.webp?resize=350%2C200&ssl=1 1x, https:\/\/i0.wp.com\/correiodasemana.com\/site\/wp-content\/uploads\/2026\/02\/Gas-butano.webp?resize=525%2C300&ssl=1 1.5x, https:\/\/i0.wp.com\/correiodasemana.com\/site\/wp-content\/uploads\/2026\/02\/Gas-butano.webp?resize=700%2C400&ssl=1 2x, https:\/\/i0.wp.com\/correiodasemana.com\/site\/wp-content\/uploads\/2026\/02\/Gas-butano.webp?resize=1050%2C600&ssl=1 3x"},"classes":[]},{"id":19326,"url":"https:\/\/correiodasemana.com\/site\/projeto-de-lei-propoe-a-privatizacao-de-praias-brasileiras\/","url_meta":{"origin":12381,"position":4},"title":"Projeto de Lei prop\u00f5e a privatiza\u00e7\u00e3o de praias brasileiras","author":"","date":"Abril 3, 2022","format":false,"excerpt":"PL pretende reservar 10% da orla das praias do Brasil para fins de explora\u00e7\u00e3o tur\u00edstica. Iniciativa tramita em regime de urg\u00eancia e aguarda an\u00e1lise do Plen\u00e1rio da C\u00e2mara; ambientalistas temem consequ\u00eancias caso projeto seja aprovado Tramita em regime de urg\u00eancia na C\u00e2mara dos Deputados o Projeto de Lei (PL) 4.444\/21,\u2026","rel":"","context":"In &quot;Atualidade&quot;","block_context":{"text":"Atualidade","link":"https:\/\/correiodasemana.com\/site\/category\/atualidade\/"},"img":{"alt_text":"","src":"https:\/\/i0.wp.com\/correiodasemana.com\/site\/wp-content\/uploads\/2022\/04\/litoral-cearense.jpg?resize=350%2C200&ssl=1","width":350,"height":200,"srcset":"https:\/\/i0.wp.com\/correiodasemana.com\/site\/wp-content\/uploads\/2022\/04\/litoral-cearense.jpg?resize=350%2C200&ssl=1 1x, https:\/\/i0.wp.com\/correiodasemana.com\/site\/wp-content\/uploads\/2022\/04\/litoral-cearense.jpg?resize=525%2C300&ssl=1 1.5x, https:\/\/i0.wp.com\/correiodasemana.com\/site\/wp-content\/uploads\/2022\/04\/litoral-cearense.jpg?resize=700%2C400&ssl=1 2x, https:\/\/i0.wp.com\/correiodasemana.com\/site\/wp-content\/uploads\/2022\/04\/litoral-cearense.jpg?resize=1050%2C600&ssl=1 3x, https:\/\/i0.wp.com\/correiodasemana.com\/site\/wp-content\/uploads\/2022\/04\/litoral-cearense.jpg?resize=1400%2C800&ssl=1 4x"},"classes":[]},{"id":10122,"url":"https:\/\/correiodasemana.com\/site\/camara-aprova-pacote-anticrime-texto-vai-ao-senado\/","url_meta":{"origin":12381,"position":5},"title":"C\u00e2mara aprova pacote anticrime; texto vai ao Senado","author":"","date":"Dezembro 9, 2019","format":false,"excerpt":"Projeto de lei traz modifica\u00e7\u00f5es na legisla\u00e7\u00e3o e no processo penal Ag\u00eancia Brasil O plen\u00e1rio da C\u00e2mara aprovou quarta-feira (4) o\u00a0projeto de lei do pacote anticrime (PL 10372\/18). O texto-base foi aprovado por 408 votos a favor, 9 contra, e 2 absten\u00e7\u00f5es e, posteriormente, os parlamentares rejeitaram um destaque do\u2026","rel":"","context":"In &quot;Atualidade&quot;","block_context":{"text":"Atualidade","link":"https:\/\/correiodasemana.com\/site\/category\/atualidade\/"},"img":{"alt_text":"","src":"https:\/\/i0.wp.com\/correiodasemana.com\/site\/wp-content\/uploads\/2019\/12\/P%C3%A1g-9-imagem.jpg?resize=350%2C200&ssl=1","width":350,"height":200,"srcset":"https:\/\/i0.wp.com\/correiodasemana.com\/site\/wp-content\/uploads\/2019\/12\/P%C3%A1g-9-imagem.jpg?resize=350%2C200&ssl=1 1x, https:\/\/i0.wp.com\/correiodasemana.com\/site\/wp-content\/uploads\/2019\/12\/P%C3%A1g-9-imagem.jpg?resize=525%2C300&ssl=1 1.5x, https:\/\/i0.wp.com\/correiodasemana.com\/site\/wp-content\/uploads\/2019\/12\/P%C3%A1g-9-imagem.jpg?resize=700%2C400&ssl=1 2x, https:\/\/i0.wp.com\/correiodasemana.com\/site\/wp-content\/uploads\/2019\/12\/P%C3%A1g-9-imagem.jpg?resize=1050%2C600&ssl=1 3x"},"classes":[]}],"jetpack_sharing_enabled":true,"_links":{"self":[{"href":"https:\/\/correiodasemana.com\/site\/wp-json\/wp\/v2\/posts\/12381","targetHints":{"allow":["GET"]}}],"collection":[{"href":"https:\/\/correiodasemana.com\/site\/wp-json\/wp\/v2\/posts"}],"about":[{"href":"https:\/\/correiodasemana.com\/site\/wp-json\/wp\/v2\/types\/post"}],"author":[{"embeddable":true,"href":"https:\/\/correiodasemana.com\/site\/wp-json\/wp\/v2\/users\/1"}],"replies":[{"embeddable":true,"href":"https:\/\/correiodasemana.com\/site\/wp-json\/wp\/v2\/comments?post=12381"}],"version-history":[{"count":2,"href":"https:\/\/correiodasemana.com\/site\/wp-json\/wp\/v2\/posts\/12381\/revisions"}],"predecessor-version":[{"id":12385,"href":"https:\/\/correiodasemana.com\/site\/wp-json\/wp\/v2\/posts\/12381\/revisions\/12385"}],"wp:featuredmedia":[{"embeddable":true,"href":"https:\/\/correiodasemana.com\/site\/wp-json\/wp\/v2\/media\/12383"}],"wp:attachment":[{"href":"https:\/\/correiodasemana.com\/site\/wp-json\/wp\/v2\/media?parent=12381"}],"wp:term":[{"taxonomy":"category","embeddable":true,"href":"https:\/\/correiodasemana.com\/site\/wp-json\/wp\/v2\/categories?post=12381"},{"taxonomy":"post_tag","embeddable":true,"href":"https:\/\/correiodasemana.com\/site\/wp-json\/wp\/v2\/tags?post=12381"}],"curies":[{"name":"wp","href":"https:\/\/api.w.org\/{rel}","templated":true}]}}